{"id":9745,"date":"2023-11-23T17:06:39","date_gmt":"2023-11-23T17:06:39","guid":{"rendered":"https:\/\/equilibreazur.fr\/azur\/?p=9745"},"modified":"2026-03-24T15:46:25","modified_gmt":"2026-03-24T15:46:25","slug":"2024-04-stage-aikido-iwama-ryu","status":"publish","type":"post","link":"https:\/\/equilibreazur.fr\/azur\/news\/2024-04-stage-aikido-iwama-ryu\/","title":{"rendered":"2024-04&nbsp;: Grand stage national Aikido &#8211; Nice \/ Chateauneuf"},"content":{"rendered":"\n<p class=\"has-text-align-center\">\n\n\n\n<p class=\"has-text-align-center\"><b>Stage national Aikido<\/b><br><span><b>Dento <\/b><span style=\"font-weight: 600;\">Iwama Ryu<\/span><b> France<\/b><\/span><b>&nbsp;\u00e0 Chateauneuf de Grasse<br><\/b>dirig\u00e9 par&nbsp;Volker Hochwald<\/p>\n\n\n\n<p class=\"has-text-align-center\"><strong>Samedi, Dimanche&nbsp;06-07 AVRIL 2024<\/strong><\/p>\n\n\n\n<p class=\"has-text-align-center\">Stage&nbsp;exceptionnel&nbsp;<strong>ouvert \u00e0 tous les pratiquants d&rsquo;Aikido<br>y compris les d\u00e9butants, toute&nbsp;\u00e9cole ou f\u00e9d\u00e9ration<\/strong>.<\/p>\n\n\n\n<p class=\"has-text-align-center\">Pour la 1ere fois, <a href=\"https:\/\/aikidoazur.fr\">Aiki Dojo Azur<\/a> organise <br>un stage exceptionnel avec Volker HOCHWALD.<\/p>\n\n\n\n<!--more-->\n\n\n\n<p class=\"has-text-align-center\">\u26a0\ufe0f \u27a1\ufe0f <a href=\"https:\/\/docs.google.com\/forms\/d\/e\/1FAIpQLSfEDwbn6C7nk5vl17p-OHHcFuKxHYYvKGss-0xioRqLk00xWQ\/viewform?pli=1\">INSCRIPTION \/ REGISTRATION<\/a><br><\/p>\n\n\n\n<hr class=\"wp-block-separator has-css-opacity\"\/>\n\n\n\n<h2 class=\"wp-block-heading\">Stage dirig\u00e9 par&#8230;<\/h2>\n\n\n\n<div class=\"wp-block-columns is-layout-flex wp-container-core-columns-is-layout-9d6595d7 wp-block-columns-is-layout-flex\">\n<div class=\"wp-block-column is-layout-flow wp-block-column-is-layout-flow\">\n<figure class=\"wp-block-image size-full\"><img alt=\"\" loading=\"lazy\" decoding=\"async\" width=\"642\" height=\"642\" src=\"https:\/\/equilibreazur.fr\/azur\/wp-content\/uploads\/2023\/11\/aikido-Volker-Hochwald.jpg\" alt=\"\" class=\"wp-image-9749\" srcset=\"https:\/\/equilibreazur.fr\/azur\/wp-content\/uploads\/2023\/11\/aikido-Volker-Hochwald.jpg 642w, https:\/\/equilibreazur.fr\/azur\/wp-content\/uploads\/2023\/11\/aikido-Volker-Hochwald-370x370.jpg 370w, https:\/\/equilibreazur.fr\/azur\/wp-content\/uploads\/2023\/11\/aikido-Volker-Hochwald-200x200.jpg 200w\" sizes=\"auto, (max-width: 642px) 100vw, 642px\" \/><\/figure>\n\n\n\n<h3 class=\"wp-block-heading has-text-align-center\">Volker Hochwald<\/h3>\n\n\n\n<p class=\"has-text-align-center\">6e Dan Japon<\/p>\n\n\n\n<p class=\"has-text-align-center\">Aikido Korntal  (Korntal-M\u00fcnchingen &#8211; Germany)<br><a href=\"http:\/\/www.aikido-korntal.de\">www.aikido-korntal.de<\/a><\/p>\n<\/div>\n<\/div>\n\n\n\n<blockquote class=\"wp-block-quote has-text-align-center is-layout-flow wp-block-quote-is-layout-flow\">\n<p class=\"has-text-align-center\">L&rsquo;entra\u00eenement au Budo, ce n&rsquo;est pas<br>\u00eatre parfait mais faire de son mieux.<\/p>\n<cite>Volker HOCHWALD &#8211; Paris 11\/2023<\/cite><\/blockquote>\n\n\n\n<h2 class=\"wp-block-heading\"><strong>Programme et Horaires<\/strong><\/h2>\n\n\n\n<div class=\"wp-block-columns is-layout-flex wp-container-core-columns-is-layout-9d6595d7 wp-block-columns-is-layout-flex\">\n<div class=\"wp-block-column is-layout-flow wp-block-column-is-layout-flow\">\n<p><strong>Samedi&nbsp;matin<\/strong><\/p>\n\n\n\n<ul class=\"wp-block-list\">\n<li>09:30 \u2013 <strong>Keiko 1<\/strong><\/li>\n\n\n\n<li>10:45 \u2013 pause<\/li>\n\n\n\n<li>11:00 \u2013 <strong>Keiko 2<\/strong><\/li>\n\n\n\n<li>\ud83d\udcf8 Photo de groupe<\/li>\n<\/ul>\n\n\n\n<p><strong>Samedi apr\u00e8s-midi<\/strong><\/p>\n\n\n\n<ul class=\"wp-block-list\">\n<li>14:15 \u2013 <strong>Keiko 3<\/strong><\/li>\n\n\n\n<li>15:30 \u2013 pause<\/li>\n\n\n\n<li>15:45 \u2013 <strong>Keiko 4<\/strong> &gt; 17h45<\/li>\n<\/ul>\n\n\n\n<p>Samedi soir<\/p>\n\n\n\n<ul class=\"wp-block-list\">\n<li><strong>repas offert<\/strong> (Party) chez Marie &amp; Luca<\/li>\n<\/ul>\n<\/div>\n\n\n\n<div class=\"wp-block-column is-layout-flow wp-block-column-is-layout-flow\">\n<p><strong>Dimanche<\/strong><\/p>\n\n\n\n<ul class=\"wp-block-list\">\n<li>09:30 \u2013 <strong>Keiko 5<\/strong><\/li>\n\n\n\n<li>10:45 \u2013 pause<\/li>\n\n\n\n<li>11:00 \u2013 <strong>Keiko 6<\/strong> &gt; 12h15<\/li>\n<\/ul>\n<\/div>\n<\/div>\n\n\n\n<h2 class=\"wp-block-heading\">Participation \/ Fee<\/h2>\n\n\n\n<ul class=\"wp-block-list\">\n<li>1\/2 journ\u00e9e (1\/2 day)&nbsp;:<strong>&nbsp;<\/strong>40\u20ac<\/li>\n\n\n\n<li>Journ\u00e9e (1 day)&nbsp;: 50\u20ac<\/li>\n\n\n\n<li>Week-end&nbsp;: <strong>60\u20ac<\/strong><\/li>\n<\/ul>\n\n\n\n<h2 class=\"wp-block-heading\">\u26a0\ufe0f R\u00e9servation \/ Registration<\/h2>\n\n\n\n<p>R\u00e9servez au plus vite votre place pour ce stage&#8230;<\/p>\n\n\n\n<p>\u27a1\ufe0f <a href=\"https:\/\/forms.gle\/DdWi3CWsxABSuhZu8\">INSCRIPTION \/ REGISTRATION<\/a><\/p>\n\n\n\n<h2 class=\"wp-block-heading\">Vid\u00e9o et Photographie du stage<\/h2>\n\n\n\n<p>Enregistrements vid\u00e9os et photographiques <strong>ne sont pas autoris\u00e9s<\/strong>&nbsp;durant les cours.<br>Des photographies seront prises par l&rsquo;organisateur et distribu\u00e9es aux int\u00e9ress\u00e9\u00b7e\u00b7s et sur les r\u00e9seaux sociaux.<\/p>\n\n\n\n<p>Informez-nous \u00e0 l&rsquo;accueil une fois sur place si vous ne d\u00e9sirez pas appara\u00eetre sur les photos.<\/p>\n\n\n\n<h2 class=\"wp-block-heading\">Affiche du stage \/ Flyer<\/h2>\n\n\n\n<p>\ud83d\ude4f\ud83c\udffb cr\u00e9dit photos&nbsp;: <a href=\"https:\/\/www.ki-shin-tai.de\">Thomas Podzelney<\/a><br>\ud83d\ude4f\ud83c\udffb cr\u00e9dit dessin&nbsp;: <a href=\"http:\/\/chinoyuencreative.blogspot.com\">Chino Yuen<\/a><\/p>\n\n\n\n<div class=\"wp-block-group\"><div class=\"wp-block-group__inner-container is-layout-flow wp-block-group-is-layout-flow\">\n<div class=\"wp-block-media-text alignwide is-stacked-on-mobile is-vertically-aligned-top\" style=\"grid-template-columns:37% auto\"><figure class=\"wp-block-media-text__media\"><img alt=\"\" loading=\"lazy\" decoding=\"async\" width=\"477\" height=\"675\" src=\"https:\/\/equilibreazur.fr\/azur\/wp-content\/uploads\/2023\/11\/2024-04-stage-aikido-Volker-Hochwald-477x675.jpg\" alt=\"\" class=\"wp-image-9754 size-thumbnail\" srcset=\"https:\/\/equilibreazur.fr\/azur\/wp-content\/uploads\/2023\/11\/2024-04-stage-aikido-Volker-Hochwald-477x675.jpg 477w, https:\/\/equilibreazur.fr\/azur\/wp-content\/uploads\/2023\/11\/2024-04-stage-aikido-Volker-Hochwald-262x370.jpg 262w, https:\/\/equilibreazur.fr\/azur\/wp-content\/uploads\/2023\/11\/2024-04-stage-aikido-Volker-Hochwald-1086x1536.jpg 1086w, https:\/\/equilibreazur.fr\/azur\/wp-content\/uploads\/2023\/11\/2024-04-stage-aikido-Volker-Hochwald-1448x2048.jpg 1448w, https:\/\/equilibreazur.fr\/azur\/wp-content\/uploads\/2023\/11\/2024-04-stage-aikido-Volker-Hochwald-scaled.jpg 1811w\" sizes=\"auto, (max-width: 477px) 100vw, 477px\" \/><\/figure><div class=\"wp-block-media-text__content\">\n<p>Pour <strong>soutenir cet \u00e9v\u00e9nement<\/strong>, imprimez-la au format A4 pour l&rsquo;afficher au sein de votre dojo s&rsquo;il vous pla\u00eet, et envoyez-la \u00e0 vos \u00e9l\u00e8ves et amis de tatamis&nbsp;!<\/p>\n\n\n\n<div class=\"wp-block-file\"><a id=\"wp-block-file--media-ca60d47b-c44f-4ebc-8d6f-273f93947f52\" href=\"https:\/\/equilibreazur.fr\/azur\/wp-content\/uploads\/2023\/11\/2024-04-stage-aikido-Volker-Hochwald.pdf\">2024-04-stage-aikido<\/a><a href=\"https:\/\/equilibreazur.fr\/azur\/wp-content\/uploads\/2023\/11\/2024-04-stage-aikido-Volker-Hochwald.pdf\" class=\"wp-block-file__button wp-element-button\" download aria-describedby=\"wp-block-file--media-ca60d47b-c44f-4ebc-8d6f-273f93947f52\">T\u00e9l\u00e9charger<\/a><\/div>\n<\/div><\/div>\n<\/div><\/div>\n\n\n\n<p><strong>EVENT Facebook<\/strong> (si vous avez un compte Facebook n&nbsp;\u2018h\u00e9sitez pas \u00e0 <strong>indiquer votre pr\u00e9sence ou int\u00e9r\u00eat<\/strong>)&nbsp;:<br>\u27a1\ufe0f  <a href=\"https:\/\/fb.me\/e\/4fH0JZt12\">https:\/\/fb.me\/e\/4fH0JZt12<\/a><\/p>\n\n\n\n<h2 class=\"wp-block-heading\"><br>Lieu du stage<\/h2>\n\n\n\n<p><strong>DOJO&nbsp;\u00ab\u00a0Plantier\u00a0\u00bb \/ CHATEAUNEUF&nbsp;de GRASSE<\/strong><\/p>\n\n\n\n<p>Le stage aura lieu dans le nouveau dojo municipale au centre historique de Chateauneuf de Grasse.<br>Cette salle porte le nom&nbsp;\u00ab\u00a0Dojo du Plantier\u00a0\u00bb.<br>Les installations sont comme neuves, avec vestiaires et douches. Un parking permet de garer les voitures.<\/p>\n\n\n\n<div class=\"wp-block-columns is-layout-flex wp-container-core-columns-is-layout-9d6595d7 wp-block-columns-is-layout-flex\">\n<div class=\"wp-block-column is-layout-flow wp-block-column-is-layout-flow\">\n<p><strong>Dojo municipal<\/strong> \u2013 Salle du Plantier<br>Route du village \u2013 D203<br>(prox. terrain de tennis)<br>06740 CHATEAUNEUF de Grass<\/p>\n\n\n\n<p>Latitude&nbsp;43.6761&nbsp;Longitude &nbsp;6.97364<\/p>\n<\/div>\n\n\n\n<div class=\"wp-block-column is-layout-flow wp-block-column-is-layout-flow\">\n<p><strong>Armes en plein-air<\/strong><br>\ud83d\ude0e Pr\u00e9voyez des chaussures de sport en cas de pratique des armes en ext\u00e9rieur, sous les oliviers, si le temps le permet.<\/p>\n<\/div>\n<\/div>\n\n\n\n<iframe loading=\"lazy\" src=\"https:\/\/www.google.com\/maps\/d\/embed?mid=1muDvtng7v9n3XThESKG2x3nWeMU&amp;ehbc=2E312F\" width=\"710\" height=\"480\"><\/iframe>\n\n\n\n<p>Chateauneuf est situ\u00e9e au Sud Est de la FRANCE dans la r\u00e9gion Provence\u2013Alpes C\u00f4te d\u2019Azur (PACA) et \u00e0 40mn de l\u2019a\u00e9roport de Nice C\u00f4te d\u2019Azur (2eme a\u00e9roport de France, Navette NICE\/PARIS toutes les heures avec Air-France).<\/p>\n\n\n\n<figure class=\"wp-block-image size-large\"><img loading=\"lazy\" decoding=\"async\" width=\"738\" height=\"490\" src=\"https:\/\/equilibreazur.fr\/azur\/wp-content\/uploads\/2022\/03\/pexels-nathan-shingleton-7166574-738x490.jpg\" alt=\"French Riviera - PACA\" class=\"wp-image-9078\" srcset=\"https:\/\/equilibreazur.fr\/azur\/wp-content\/uploads\/2022\/03\/pexels-nathan-shingleton-7166574-738x490.jpg 738w, https:\/\/equilibreazur.fr\/azur\/wp-content\/uploads\/2022\/03\/pexels-nathan-shingleton-7166574-370x246.jpg 370w, https:\/\/equilibreazur.fr\/azur\/wp-content\/uploads\/2022\/03\/pexels-nathan-shingleton-7166574.jpg 1280w\" sizes=\"auto, (max-width: 738px) 100vw, 738px\" \/><figcaption class=\"wp-element-caption\">French Riviera &#8211; photo by Nathan Shingleton<\/figcaption><\/figure>\n\n\n\n<h2 class=\"wp-block-heading\">Acc\u00e8s&#8230;<\/h2>\n\n\n\n<div class=\"wp-block-columns is-layout-flex wp-container-core-columns-is-layout-9d6595d7 wp-block-columns-is-layout-flex\">\n<div class=\"wp-block-column is-layout-flow wp-block-column-is-layout-flow\">\n<p>\u2708\ufe0f <strong>Avion<\/strong> &#8211; A\u00e9roport de Nice<br><a href=\"https:\/\/www.nice.aeroport.fr\">https:\/\/www.nice.aeroport.fr<\/a><\/p>\n<\/div>\n\n\n\n<div class=\"wp-block-column is-layout-flow wp-block-column-is-layout-flow\">\n<p>\ud83d\ude82 <strong>Train<\/strong> &#8211; Gare d&rsquo;Antibes<br><a href=\"https:\/\/www.sncf-connect.com\/gares\/antibes\">https:\/\/www.sncf-connect.com\/gares\/antibes<\/a><\/p>\n<\/div>\n<\/div>\n\n\n\n<h2 class=\"wp-block-heading\">H\u00e9bergement et Restauration conseill\u00e9s<\/h2>\n\n\n\n<div class=\"wp-block-columns is-layout-flex wp-container-core-columns-is-layout-9d6595d7 wp-block-columns-is-layout-flex\">\n<div class=\"wp-block-column is-layout-flow wp-block-column-is-layout-flow\">\n<p><strong>Chez l&rsquo;habitant<br><\/strong>Il peut \u00eatre possible d&rsquo;\u00eatre h\u00e9berg\u00e9 par des membres r\u00e9gulier du dojo. Pour cela, veuillez nous envoyer un <a href=\"mailto:azur@aikidojo.fr\" target=\"_blank\" rel=\"noreferrer noopener\">courriel<\/a> au plus vite car les places sont limit\u00e9es.<\/p>\n\n\n\n<p><strong>Camping<\/strong><br>Camping L&rsquo;Or\u00e9e d&rsquo;Azur<br><a href=\"http:\/\/www.camping-loreedazur.fr\" target=\"_blank\" rel=\"noreferrer noopener\">camping-loreedazur.fr<\/a><\/p>\n\n\n\n<p><strong>Chambres d&rsquo;h\u00f4tes<\/strong><br>Maison Le Retour &#8211; Enrica &amp; Simone<br><a href=\"https:\/\/maisonleretour.com\">maisonleretour.com<\/a><br><\/p>\n<\/div>\n\n\n\n<div class=\"wp-block-column is-layout-flow wp-block-column-is-layout-flow\">\n<p><strong>Boulangerie <\/strong><b><u>Dutto<\/u><\/b><br>sandwiches, plat cuisin\u00e9s, salades<br>10 Place des Pins, <br>06740 Ch\u00e2teauneuf de Grasse<br>T\u00e9l. <strong>+33 4 93 60 32 46<\/strong><\/p>\n\n\n\n<p><strong>Boulangerie <\/strong><span style=\"text-decoration: underline;\"><strong>La Tour Des D\u00e9lices<\/strong><br><\/span>30 Route Nice &#8211; Route d\u00e9partementale 2085<br>06740 Ch\u00e2teauneuf de Grasse<br>T\u00e9l.<strong> +33 4 93 42 41 93<\/strong><\/p>\n\n\n\n<p><strong>Restaurant <\/strong><span style=\"text-decoration: underline;\"><strong>Le Petit Cabanon<\/strong><br><\/span>17 chemin du cabanon<br>06740 Ch\u00e2teauneuf de Grasse<br>T\u00e9l. <strong>+33 9 84 58 27 05<\/strong><\/p>\n\n\n\n<p><strong>Restaurant asiatique <span style=\"text-decoration: underline;\">La Marmite Enchant\u00e9e<\/span><\/strong><br>20 route de Gourdon, Ch\u00e2teauneuf de Grasse,<br>06740 Ch\u00e2teauneuf de Grasse<br>T\u00e9l. <strong>+33 7 81 52 50 74<\/strong><\/p>\n\n\n\n<p><strong>Restaurant pizzeria <span style=\"text-decoration: underline;\">Le Capriccio<\/span><\/strong><br>20 route de Gourdon, <br>06740 Ch\u00e2teauneuf de Grasse<br>T\u00e9l. <strong>+33 4 93 66 25 71<\/strong><\/p>\n\n\n\n<p><br><\/p>\n<\/div>\n<\/div>\n\n\n\n<h2 class=\"wp-block-heading\">Plus d&rsquo;informations&#8230;<\/h2>\n\n\n\n<p>Attention, <strong>ces informations peuvent \u00e9voluer<\/strong>&nbsp;!<br>Merci de revenir consulter cette page, ou mieux&nbsp;:&nbsp;<strong>\/!\\<\/strong> <a href=\"https:\/\/my.sendinblue.com\/users\/subscribe\/js_id\/354wq\/id\/1\">Abonnez-vous \u00e0 notre Newsletter<\/a>.<\/p>\n\n\n\n<p>\ud83c\udf31\u2600\ufe0f\ud83d\ude0e Pr\u00e9voir des <strong>chaussures de sport et casquette en cas de pratique \u00e0 l&rsquo;ext\u00e9rieur<\/strong>&#8230;<br>ce sera le cas <strong>si le soleil est au rendez-vous<\/strong>.<\/p>\n\n\n\n<p><a href=\"mailto:azur@aikidojo.fr\" target=\"_blank\" rel=\"noreferrer noopener\">azur@aikidojo.fr<\/a><br>Aiki Dojo Azur<br>+33 (0)6 60 42 26 32<\/p>\n\n\n\n<h2 class=\"wp-block-heading\">Photos du stage 04\/2023<\/h2>\n\n\n\n<h2 class=\"wp-block-heading\">[Mise \u00e0 jour] Les photos du stage<\/h2>\n\n\n\n<figure class=\"wp-block-image size-large\"><img decoding=\"async\" src=\"https:\/\/equilibreazur.fr\/azur\/iGallery\/public\/Stages\/2024-04-Chateauneuf-Volker-Hochwald\/2024-04-Chateauneuf-Volker-Hochwald-Caterina-2024-04-06%2011.40.02%201.jpg\" alt=\"\"\/><\/figure>\n\n\n\n\n    <div id=\"fgo-gallery-1\" \n         class=\"fgo-gallery fgo-layout-row\" \n         data-autoplay=\"0\" \n         data-interval=\"3000\"\n         data-max-per-row=\"5\"\n         data-max-per-row-mobile=\"2\"\n         data-max-height=\"150\"\n         data-gap=\"8\">\n                    <div class=\"fgo-page\" data-page=\"0\" style=\"\">\n                                    <img decoding=\"async\" loading=\"lazy\" \n                         src=\"https:\/\/equilibreazur.fr\/azur\/iGallery\/public\/Stages\/2024-04-Chateauneuf-Volker-Hochwald\/2024-04-Chateauneuf-Volker-Hochwald-Caterina-2024-04-06%2011.40.02%201.jpg\" \n                         data-index=\"0\" \n                         alt=\"Image 1\"\n                         role=\"button\"\n                         tabindex=\"0\">\n                                    <img decoding=\"async\" loading=\"lazy\" \n                         src=\"https:\/\/equilibreazur.fr\/azur\/iGallery\/public\/Stages\/2024-04-Chateauneuf-Volker-Hochwald\/2024-04-Chateauneuf-Volker-Hochwald-Caterina-2024-04-06%2012.11.22.jpg\" \n                         data-index=\"1\" \n                         alt=\"Image 2\"\n                         role=\"button\"\n                         tabindex=\"0\">\n                                    <img decoding=\"async\" loading=\"lazy\" \n                         src=\"https:\/\/equilibreazur.fr\/azur\/iGallery\/public\/Stages\/2024-04-Chateauneuf-Volker-Hochwald\/2024-04-Chateauneuf-Volker-Hochwald-aiki-2024-04-06%2013.14.01.jpg\" \n                         data-index=\"2\" \n                         alt=\"Image 3\"\n                         role=\"button\"\n                         tabindex=\"0\">\n                                    <img decoding=\"async\" loading=\"lazy\" \n                         src=\"https:\/\/equilibreazur.fr\/azur\/iGallery\/public\/Stages\/2024-04-Chateauneuf-Volker-Hochwald\/2024-04-Chateauneuf-Volker-Hochwald-aiki-2024-04-06%2014.31.13.jpg\" \n                         data-index=\"3\" \n                         alt=\"Image 4\"\n                         role=\"button\"\n                         tabindex=\"0\">\n                                    <img decoding=\"async\" loading=\"lazy\" \n                         src=\"https:\/\/equilibreazur.fr\/azur\/iGallery\/public\/Stages\/2024-04-Chateauneuf-Volker-Hochwald\/2024-04-Chateauneuf-Volker-Hochwald-aiki-2024-04-07%2013.30.51.jpg\" \n                         data-index=\"4\" \n                         alt=\"Image 5\"\n                         role=\"button\"\n                         tabindex=\"0\">\n                                    <img decoding=\"async\" loading=\"lazy\" \n                         src=\"https:\/\/equilibreazur.fr\/azur\/iGallery\/public\/Stages\/2024-04-Chateauneuf-Volker-Hochwald\/2024-04-Chateauneuf-Volker-Hochwald-aiki-2024-04-07%2015.35.16.jpg\" \n                         data-index=\"5\" \n                         alt=\"Image 6\"\n                         role=\"button\"\n                         tabindex=\"0\">\n                                    <img decoding=\"async\" loading=\"lazy\" \n                         src=\"https:\/\/equilibreazur.fr\/azur\/iGallery\/public\/Stages\/2024-04-Chateauneuf-Volker-Hochwald\/2024-04-Chateauneuf-Volker-Hochwald-aiki-2024-04-08%2005.19.26.jpg\" \n                         data-index=\"6\" \n                         alt=\"Image 7\"\n                         role=\"button\"\n                         tabindex=\"0\">\n                                    <img decoding=\"async\" loading=\"lazy\" \n                         src=\"https:\/\/equilibreazur.fr\/azur\/iGallery\/public\/Stages\/2024-04-Chateauneuf-Volker-Hochwald\/2024-04-Chateauneuf-Volker-Hochwald-aiki-2024-04-08%2006.33.29.jpg\" \n                         data-index=\"7\" \n                         alt=\"Image 8\"\n                         role=\"button\"\n                         tabindex=\"0\">\n                                    <img decoding=\"async\" loading=\"lazy\" \n                         src=\"https:\/\/equilibreazur.fr\/azur\/iGallery\/public\/Stages\/2024-04-Chateauneuf-Volker-Hochwald\/2024-04-Chateauneuf-Volker-Hochwald-walks-2024-04-05%2020.38.01.jpg\" \n                         data-index=\"8\" \n                         alt=\"Image 9\"\n                         role=\"button\"\n                         tabindex=\"0\">\n                            <\/div>\n            <\/div>\n\n    <!-- \u2705 Viewer plein \u00e9cran avec tabindex pour focus clavier -->\n    <div class=\"fgo-viewer\" id=\"viewer-fgo-gallery-1\" data-gallery=\"fgo-gallery-1\" tabindex=\"-1\">\n        <span class=\"fgo-close\" role=\"button\" aria-label=\"Fermer\">&times;<\/span>\n        <span class=\"fgo-nav fgo-nav-prev\" role=\"button\" aria-label=\"Pr\u00e9c\u00e9dent\">\u2039<\/span>\n        <img decoding=\"async\" class=\"fgo-full\" src=\"\" alt=\"\">\n        <span class=\"fgo-nav fgo-nav-next\" role=\"button\" aria-label=\"Suivant\">\u203a<\/span>\n    <\/div>\n\n    <script>\n    (function() {\n        const galleryId = 'fgo-gallery-1';\n        const gallery = document.querySelector('#' + galleryId);\n        if (!gallery) return;\n        \n        const viewer = document.querySelector('#viewer-' + galleryId);\n        const full = viewer.querySelector('.fgo-full');\n        const closeBtn = viewer.querySelector('.fgo-close');\n        const prevBtn = viewer.querySelector('.fgo-nav-prev');\n        const nextBtn = viewer.querySelector('.fgo-nav-next');\n        const imgs = [...gallery.querySelectorAll('img')];\n        \n        let index = 0;\n        let active = false;\n\n        \/\/ \u2705 Appliquer les param\u00e8tres CSS\n        const maxPerRow = gallery.dataset.maxPerRow || '5';\n        const maxPerRowMobile = gallery.dataset.maxPerRowMobile || '2';\n        const maxHeight = gallery.dataset.maxHeight || '150';\n        const gap = gallery.dataset.gap || '8';\n\n        gallery.style.setProperty('--fgo-max-per-row', maxPerRow);\n        gallery.style.setProperty('--fgo-max-per-row-mobile', maxPerRowMobile);\n        gallery.style.setProperty('--fgo-max-height', maxHeight + 'px');\n        gallery.style.setProperty('--fgo-gap', gap + 'px');\n\n        function show(i) {\n            index = (i + imgs.length) % imgs.length;\n            full.src = imgs[index].src;\n            full.alt = imgs[index].alt;\n            viewer.classList.add('active');\n            active = true;\n            setTimeout(() => viewer.focus(), 10);\n        }\n\n        function close() {\n            viewer.classList.remove('active');\n            full.src = '';\n            active = false;\n        }\n\n        \/\/ \u2705 Navigation par clic sur les vignettes\n        imgs.forEach((img, i) => {\n            img.addEventListener('click', () => show(i));\n            img.addEventListener('keydown', (e) => {\n                if (e.key === 'Enter' || e.key === ' ') {\n                    e.preventDefault();\n                    show(i);\n                }\n            });\n        });\n\n        closeBtn.addEventListener('click', close);\n        prevBtn.addEventListener('click', () => show(index - 1));\n        nextBtn.addEventListener('click', () => show(index + 1));\n\n        \/\/ \u2705 Gestion clavier locale UNIQUEMENT quand ce viewer est actif\n        viewer.addEventListener('keydown', (e) => {\n            if (!active) return;\n            if (e.key === 'Escape') {\n                e.stopPropagation();\n                close();\n            } else if (e.key === 'ArrowLeft') {\n                e.stopPropagation();\n                show(index - 1);\n            } else if (e.key === 'ArrowRight') {\n                e.stopPropagation();\n                show(index + 1);\n            }\n        });\n\n        \/\/ \u2705 Fermeture par clic sur le fond\n        viewer.addEventListener('click', (e) => {\n            if (e.target === viewer) close();\n        });\n\n        \/\/ \u2705 Autoplay pagination\n        const autoplay = gallery.dataset.autoplay === '1';\n        const interval = parseInt(gallery.dataset.interval) || 3000;\n        const pages = gallery.querySelectorAll('.fgo-page');\n        let current = 0;\n        \n        if (autoplay && pages.length > 1) {\n            setInterval(() => {\n                pages[current].style.display = 'none';\n                current = (current + 1) % pages.length;\n                pages[current].style.display = '';\n            }, interval);\n        }\n    })();\n    <\/script>\n\n    \n","protected":false},"excerpt":{"rendered":"<p>Grand stage AIKIDO annuel et national en r\u00e9gion Nice \/ PACA dirig\u00e9 par Volker HOCHWALD et organis\u00e9 par Aiki Dojo Azur &#8211; Eric Savalli (FFAB-DIRAF). Avril 2024.<\/p>\n","protected":false},"author":2,"featured_media":9755,"comment_status":"open","ping_status":"open","sticky":false,"template":"","format":"standard","meta":{"_acf_changed":false,"_seopress_robots_primary_cat":"none","_seopress_titles_title":"","_seopress_titles_desc":"Grand stage AIKIDO annuel et national en r\u00e9gion Nice \/ PACA dirig\u00e9 par Volker HOCHWALD et organis\u00e9 par Aiki Dojo Azur - Eric Savalli (FFAB-DIRAF). Avril 2024.","_seopress_robots_index":"","generate_page_header":"","footnotes":""},"categories":[142,197],"tags":[248,45,95,204,286],"class_list":["post-9745","post","type-post","status-publish","format-standard","has-post-thumbnail","hentry","category-news","category-stages-calendrier","tag-aikido","tag-e-savalli","tag-nice-grasse","tag-stage","tag-v-hochwald","infinite-scroll-item","masonry-post","generate-columns","tablet-grid-50","mobile-grid-100","grid-parent","grid-50"],"acf":[],"_links":{"self":[{"href":"https:\/\/equilibreazur.fr\/azur\/wp-json\/wp\/v2\/posts\/9745","targetHints":{"allow":["GET"]}}],"collection":[{"href":"https:\/\/equilibreazur.fr\/azur\/wp-json\/wp\/v2\/posts"}],"about":[{"href":"https:\/\/equilibreazur.fr\/azur\/wp-json\/wp\/v2\/types\/post"}],"author":[{"embeddable":true,"href":"https:\/\/equilibreazur.fr\/azur\/wp-json\/wp\/v2\/users\/2"}],"replies":[{"embeddable":true,"href":"https:\/\/equilibreazur.fr\/azur\/wp-json\/wp\/v2\/comments?post=9745"}],"version-history":[{"count":6,"href":"https:\/\/equilibreazur.fr\/azur\/wp-json\/wp\/v2\/posts\/9745\/revisions"}],"predecessor-version":[{"id":10823,"href":"https:\/\/equilibreazur.fr\/azur\/wp-json\/wp\/v2\/posts\/9745\/revisions\/10823"}],"wp:featuredmedia":[{"embeddable":true,"href":"https:\/\/equilibreazur.fr\/azur\/wp-json\/wp\/v2\/media\/9755"}],"wp:attachment":[{"href":"https:\/\/equilibreazur.fr\/azur\/wp-json\/wp\/v2\/media?parent=9745"}],"wp:term":[{"taxonomy":"category","embeddable":true,"href":"https:\/\/equilibreazur.fr\/azur\/wp-json\/wp\/v2\/categories?post=9745"},{"taxonomy":"post_tag","embeddable":true,"href":"https:\/\/equilibreazur.fr\/azur\/wp-json\/wp\/v2\/tags?post=9745"}],"curies":[{"name":"wp","href":"https:\/\/api.w.org\/{rel}","templated":true}]}}