{"id":8942,"date":"2021-08-29T15:35:06","date_gmt":"2021-08-29T15:35:06","guid":{"rendered":"https:\/\/equilibreazur.fr\/azur\/?p=8942"},"modified":"2022-08-29T07:15:25","modified_gmt":"2022-08-29T07:15:25","slug":"2021-rentree-septembre","status":"publish","type":"post","link":"https:\/\/equilibreazur.fr\/azur\/news\/2021-rentree-septembre\/","title":{"rendered":"Rentr\u00e9e septembre 2021"},"content":{"rendered":"\n<figure class=\"wp-block-image size-large\"><img loading=\"lazy\" decoding=\"async\" width=\"738\" height=\"512\" src=\"https:\/\/equilibreazur.fr\/azur\/wp-content\/uploads\/2021\/08\/2021-09-Equilibre-Yoga-Azur-738x512.jpg\" alt=\"YOGA - AIKIDO - QI-GONG\" class=\"wp-image-8992\" srcset=\"https:\/\/equilibreazur.fr\/azur\/wp-content\/uploads\/2021\/08\/2021-09-Equilibre-Yoga-Azur-738x512.jpg 738w, https:\/\/equilibreazur.fr\/azur\/wp-content\/uploads\/2021\/08\/2021-09-Equilibre-Yoga-Azur-370x257.jpg 370w, https:\/\/equilibreazur.fr\/azur\/wp-content\/uploads\/2021\/08\/2021-09-Equilibre-Yoga-Azur.jpg 1200w\" sizes=\"auto, (max-width: 738px) 100vw, 738px\" \/><\/figure>\n\n\n\n<p>Lettre annuelle des informations relatives de la rentr\u00e9e 09\/2021&nbsp;! <br>Au programme de cette lettre&#8230;<\/p>\n\n\n\n<div class=\"wp-block-group\"><div class=\"wp-block-group__inner-container is-layout-flow wp-block-group-is-layout-flow\">\n<p>\/1\/ Les <strong>dates des forums<\/strong> des associations<br><br><strong>YOGA<\/strong><br>\/2\/ Les cours de Yoga Adultes<br>\/3\/ Les cours de Yoga Enfants 8-14 ans<br>\/4\/ Les cours de Yoga Enfants 4-10 ans<br><br><strong>AIKIDO \/ AUNKAI<\/strong><br>\/5\/ Les cours d&rsquo;Aikido Adultes<br>\/6\/ Les cours d&rsquo;Aikido Enfants 8-14 ans<br><br><strong>QI-GONG<\/strong><br>\/7\/ Les cours de Qi-Gong<br><br><strong>STAGES<\/strong><br>\/8\/ Stages \u00e0 Bargemon en septembre&nbsp;: Inscriptions ouvertes<br>Le stage de Yoga<br>Le stage d&rsquo;Aikido<br><br><strong>PASS SANITAIRE<\/strong><br>\/9\/ Les consignes sanitaires<\/p>\n<\/div><\/div>\n\n\n\n<h2 class=\"wp-block-heading\">\/1\/ Date des forums et journ\u00e9e du sport <\/h2>\n\n\n\n<p>Voici les dates des forums des associations auxquels nous participons et o\u00f9 vous pourrez nous rencontrer.<\/p>\n\n\n\n<div class=\"wp-block-columns is-layout-flex wp-container-core-columns-is-layout-9d6595d7 wp-block-columns-is-layout-flex\">\n<div class=\"wp-block-column is-layout-flow wp-block-column-is-layout-flow\">\n<h3 class=\"wp-block-heading\">Yoga<\/h3>\n\n\n\n<figure class=\"wp-block-image size-large\"><img alt=\"\" loading=\"lazy\" decoding=\"async\" width=\"738\" height=\"554\" src=\"https:\/\/equilibreazur.fr\/azur\/wp-content\/uploads\/2021\/08\/2021-forum-associations-yoga-738x554.jpg\" alt=\"\" class=\"wp-image-8944\" srcset=\"https:\/\/equilibreazur.fr\/azur\/wp-content\/uploads\/2021\/08\/2021-forum-associations-yoga-738x554.jpg 738w, https:\/\/equilibreazur.fr\/azur\/wp-content\/uploads\/2021\/08\/2021-forum-associations-yoga-370x278.jpg 370w, https:\/\/equilibreazur.fr\/azur\/wp-content\/uploads\/2021\/08\/2021-forum-associations-yoga.jpg 800w\" sizes=\"auto, (max-width: 738px) 100vw, 738px\" \/><\/figure>\n<\/div>\n\n\n\n<div class=\"wp-block-column is-layout-flow wp-block-column-is-layout-flow\">\n<h3 class=\"wp-block-heading\">Aikido et Qi-Gong<\/h3>\n\n\n\n<figure class=\"wp-block-image size-large\"><img alt=\"\" loading=\"lazy\" decoding=\"async\" width=\"738\" height=\"554\" src=\"https:\/\/equilibreazur.fr\/azur\/wp-content\/uploads\/2021\/08\/2021-forum-associations-738x554.jpg\" alt=\"\" class=\"wp-image-8887\" srcset=\"https:\/\/equilibreazur.fr\/azur\/wp-content\/uploads\/2021\/08\/2021-forum-associations-738x554.jpg 738w, https:\/\/equilibreazur.fr\/azur\/wp-content\/uploads\/2021\/08\/2021-forum-associations-370x278.jpg 370w, https:\/\/equilibreazur.fr\/azur\/wp-content\/uploads\/2021\/08\/2021-forum-associations.jpg 800w\" sizes=\"auto, (max-width: 738px) 100vw, 738px\" \/><\/figure>\n<\/div>\n<\/div>\n\n\n\n<p>&#x25aa;&#xfe0f;Samedi <strong>4 sept<\/strong> de 10h \u00e0 15h au <strong>Rouret<\/strong> (place de la lib\u00e9ration)<\/p>\n\n\n\n<p>&#x25aa;&#xfe0f;Samedi <strong>4 sept<\/strong> de 10h \u00e0 13h \u00e0 <strong>Roquefort-les-pins <\/strong>(jardin des d\u00e9cades)<\/p>\n\n\n\n<p>&#x25aa;&#xfe0f;Dimanche <strong>5 sept <\/strong>de 10h \u00e0 18h \u00e0 <strong>Antibes<\/strong> (stade du Fort Carr\u00e9) &#8211; (YOGA uniquement)<\/p>\n\n\n\n<p>&#x25aa;&#xfe0f;Dimanche <strong>12 sept<\/strong> de 9h \u00e0 14h ) <strong>Bar sur Loup<\/strong> (papeterie)<\/p>\n\n\n\n<p>&#x1f637; Le pass sanitaire est requis aux journ\u00e9es des associations.<\/p>\n\n\n\n<p>&#x1f648; Cette ann\u00e9e aucune d\u00e9monstration ne sera effectu\u00e9e.<\/p>\n\n\n\n<p>Besoin d&rsquo;un compl\u00e9ment d&rsquo;information&nbsp;? Vous souhaitez remplir votre dossier d&rsquo;inscription afin d&rsquo;assurer votre adh\u00e9sion&nbsp;? Des questions concernant les <strong>conditions sanitaires<\/strong>, les pratiques en salles priv\u00e9es (sans pass) et celles en salles municipales et publiques&nbsp;? N&rsquo;h\u00e9sitez pas \u00e0 contacter les enseignants&nbsp;!<\/p>\n\n\n\n<div class=\"wp-block-group has-luminous-vivid-amber-background-color has-background\"><div class=\"wp-block-group__inner-container is-layout-flow wp-block-group-is-layout-flow\">\n<p class=\"has-text-align-center\"><br>Il est possible que le <strong>planning des cours et leur lieux \u00e9voluent<\/strong> encore en <strong>fonction de la demande<\/strong>.<\/p>\n<\/div><\/div>\n\n\n\n<h2 class=\"wp-block-heading\">\/2\/ Cours de YOGA Adultes et Date de reprise<\/h2>\n\n\n\n<p>Les cours sont assur\u00e9s par Eric Savalli.<\/p>\n\n\n\n<figure class=\"wp-block-image size-large\"><img alt=\"\" loading=\"lazy\" decoding=\"async\" width=\"738\" height=\"480\" src=\"https:\/\/equilibreazur.fr\/azur\/wp-content\/uploads\/2020\/08\/ADA-cours-YOGA-738x480.jpg\" alt=\"\" class=\"wp-image-8352\" srcset=\"https:\/\/equilibreazur.fr\/azur\/wp-content\/uploads\/2020\/08\/ADA-cours-YOGA-738x480.jpg 738w, https:\/\/equilibreazur.fr\/azur\/wp-content\/uploads\/2020\/08\/ADA-cours-YOGA-370x241.jpg 370w, https:\/\/equilibreazur.fr\/azur\/wp-content\/uploads\/2020\/08\/ADA-cours-YOGA.jpg 1280w\" sizes=\"auto, (max-width: 738px) 100vw, 738px\" \/><\/figure>\n\n\n\n<figure class=\"wp-block-image size-large\"><a href=\"https:\/\/equilibreazur.fr\/azur\/wp-content\/uploads\/2021\/08\/2020-2021-Planning-Hebdo-yoga-enfants-2021-09.jpg\"><img alt=\"\" loading=\"lazy\" decoding=\"async\" width=\"738\" height=\"488\" src=\"https:\/\/equilibreazur.fr\/azur\/wp-content\/uploads\/2021\/08\/2020-2021-Planning-Hebdo-yoga-enfants-2021-09-738x488.jpg\" alt=\"\" class=\"wp-image-8950\" srcset=\"https:\/\/equilibreazur.fr\/azur\/wp-content\/uploads\/2021\/08\/2020-2021-Planning-Hebdo-yoga-enfants-2021-09-738x488.jpg 738w, https:\/\/equilibreazur.fr\/azur\/wp-content\/uploads\/2021\/08\/2020-2021-Planning-Hebdo-yoga-enfants-2021-09-370x245.jpg 370w, https:\/\/equilibreazur.fr\/azur\/wp-content\/uploads\/2021\/08\/2020-2021-Planning-Hebdo-yoga-enfants-2021-09.jpg 1400w\" sizes=\"auto, (max-width: 738px) 100vw, 738px\" \/><\/a><\/figure>\n\n\n\n<p>Les tarifs,horaires et dates de reprise d\u00e9pendent des lieux&nbsp;:<\/p>\n\n\n\n<p>&#x25aa;&#xfe0f;Avec l&rsquo;association&nbsp;\u00ab\u00a0<a href=\"https:\/\/equilibreazur.fr\/azur\/yoga\/\">Aiki Dojo Azur \/ EquilibreAzur.fr<\/a>\u00a0\u00bb&nbsp;: <strong>Roquefort-les-pins<\/strong>, <strong>Le Rouret<\/strong>, <strong>Chateauneuf de Grasse<\/strong> (cours du jeudi maintenus en fonction de la demande) &#8211; Reprise le <strong>13 septembre<\/strong><\/p>\n\n\n\n<p>&#x25aa;&#xfe0f;Directement aupr\u00e8s d\u2019Eric&nbsp;: <strong><a href=\"https:\/\/yogaazur.fr\/yoga\/ou-et-quand-pratiquer-le-yoga\/antibes\/\" target=\"_blank\" rel=\"noreferrer noopener\">Antibes Aqueduc<\/a><\/strong> et cours en ligne, cours priv\u00e9s individuels ou petits groupes &#8211; Reprise le <strong>13 septembre<\/strong><\/p>\n\n\n\n<p>&#x25aa;&#xfe0f;Avec l&rsquo;INREA&nbsp;: <strong><a href=\"https:\/\/yogaazur.fr\/yoga\/ou-et-quand-pratiquer-le-yoga\/antibes\/\" target=\"_blank\" rel=\"noreferrer noopener\">Antibes Villa Thuret<\/a><\/strong> &#8211; Reprise le <strong>06 septembre<\/strong> (\u00e0 confirmer)<\/p>\n\n\n\n<p>&#x25aa;&#xfe0f;Avec Arkose Nice&nbsp;: <strong>Nice Valley<\/strong> &#8211; Date de d\u00e9but non fix\u00e9e.<\/p>\n\n\n\n<p>&#x1f3a5; Possibilit\u00e9 de <strong>cours en ligne<\/strong> (retransmission en direct d&rsquo;un cours en salle) ou \u00e0 la demande en fonction de la demande <strong>les mardis et vendredis \u00e0 19h<\/strong>&nbsp;: Consulter le site web de l&rsquo;enseignant&nbsp;: YogaAzur.fr.<\/p>\n\n\n\n<p>Possibilit\u00e9 de <strong>cours \u00e0 domicile ou en salle priv\u00e9e<\/strong>, individuel ou en petit groupe. Consulter le site web de l&rsquo;enseignant&nbsp;: YogaAzur.fr.<\/p>\n\n\n\n<div class=\"wp-block-columns is-layout-flex wp-container-core-columns-is-layout-9d6595d7 wp-block-columns-is-layout-flex\">\n<div class=\"wp-block-column is-layout-flow wp-block-column-is-layout-flow\"><div class=\"wp-block-image is-style-rounded\">\n<figure class=\"alignright size-full\"><img loading=\"lazy\" decoding=\"async\" width=\"300\" height=\"300\" src=\"https:\/\/equilibreazur.fr\/azur\/wp-content\/uploads\/2019\/10\/Eric-Savalli-2019.jpg\" alt=\"Eric-Savalli\" class=\"wp-image-7992\" srcset=\"https:\/\/equilibreazur.fr\/azur\/wp-content\/uploads\/2019\/10\/Eric-Savalli-2019.jpg 300w, https:\/\/equilibreazur.fr\/azur\/wp-content\/uploads\/2019\/10\/Eric-Savalli-2019-200x200.jpg 200w\" sizes=\"auto, (max-width: 300px) 100vw, 300px\" \/><figcaption>Eric Savalli<br>06 60 42 26 32<br>eric@yogaazur.fr<\/figcaption><\/figure>\n<\/div><\/div>\n\n\n\n<div class=\"wp-block-column is-layout-flow wp-block-column-is-layout-flow\">\n<div class=\"wp-block-buttons is-layout-flex wp-block-buttons-is-layout-flex\">\n<div class=\"wp-block-button\"><a class=\"wp-block-button__link has-white-color has-text-color has-background\" href=\"https:\/\/yogaazur.fr\/yoga\/ou-et-quand-pratiquer-le-yoga\/\" style=\"background-color:#2373b9\">plus d&rsquo;info&nbsp;: <strong>YogaAzur.fr<\/strong><\/a><\/div>\n<\/div>\n<\/div>\n\n\n\n<div class=\"wp-block-column is-layout-flow wp-block-column-is-layout-flow\"><\/div>\n<\/div>\n\n\n\n<h2 class=\"wp-block-heading\">\/3\/ Cours Yoga Enfants 8-14 ans<\/h2>\n\n\n\n<p>Les cours YOGA+AIKIDO sont assur\u00e9s par Eric Savalli et Simon\u00e9 Gisoni (\u00e0 partir de 8 ou 9 ans) .<\/p>\n\n\n\n<ul class=\"wp-block-list\"><li>mercredi<span style=\"font-size: inherit;\"> \u00e0 1<\/span>1h \u00e0 <strong>Le Rouret<\/strong><\/li><li>mercredi \u00e0 14h30 \u00e0 <strong>Roquefort les pins<\/strong><\/li><\/ul>\n\n\n\n<p>Date de reprise&nbsp;: Mercredi 15 septembre<\/p>\n\n\n\n<figure class=\"wp-block-image size-large\"><img alt=\"\" loading=\"lazy\" decoding=\"async\" width=\"738\" height=\"415\" src=\"https:\/\/equilibreazur.fr\/azur\/wp-content\/uploads\/2020\/08\/2019-cours-jeunes-aikido-yoga-738x415.jpg\" alt=\"\" class=\"wp-image-8410\" srcset=\"https:\/\/equilibreazur.fr\/azur\/wp-content\/uploads\/2020\/08\/2019-cours-jeunes-aikido-yoga-738x415.jpg 738w, https:\/\/equilibreazur.fr\/azur\/wp-content\/uploads\/2020\/08\/2019-cours-jeunes-aikido-yoga-370x208.jpg 370w, https:\/\/equilibreazur.fr\/azur\/wp-content\/uploads\/2020\/08\/2019-cours-jeunes-aikido-yoga.jpg 1024w\" sizes=\"auto, (max-width: 738px) 100vw, 738px\" \/><figcaption>Yoga et Aikido avec Aiki Dojo Azur &#8211; Section cours enfants et Jeunes<\/figcaption><\/figure>\n\n\n\n<div class=\"wp-block-columns is-layout-flex wp-container-core-columns-is-layout-9d6595d7 wp-block-columns-is-layout-flex\">\n<div class=\"wp-block-column is-layout-flow wp-block-column-is-layout-flow\"><div class=\"wp-block-image is-style-rounded\">\n<figure class=\"alignright size-full\"><img loading=\"lazy\" decoding=\"async\" width=\"300\" height=\"300\" src=\"https:\/\/equilibreazur.fr\/azur\/wp-content\/uploads\/2019\/10\/Eric-Savalli-2019.jpg\" alt=\"Eric-Savalli\" class=\"wp-image-7992\" srcset=\"https:\/\/equilibreazur.fr\/azur\/wp-content\/uploads\/2019\/10\/Eric-Savalli-2019.jpg 300w, https:\/\/equilibreazur.fr\/azur\/wp-content\/uploads\/2019\/10\/Eric-Savalli-2019-200x200.jpg 200w\" sizes=\"auto, (max-width: 300px) 100vw, 300px\" \/><figcaption>Eric Savalli<br>06 60 42 26 32<br>eric@yogaazur.fr<\/figcaption><\/figure>\n<\/div><\/div>\n\n\n\n<div class=\"wp-block-column is-layout-flow wp-block-column-is-layout-flow\">\n<figure class=\"wp-block-image size-full is-style-rounded\"><img loading=\"lazy\" decoding=\"async\" width=\"300\" height=\"300\" src=\"https:\/\/equilibreazur.fr\/azur\/wp-content\/uploads\/2019\/10\/Simone-Gisoni-2019.jpg\" alt=\"Simone-Gisoni\" class=\"wp-image-8001\" srcset=\"https:\/\/equilibreazur.fr\/azur\/wp-content\/uploads\/2019\/10\/Simone-Gisoni-2019.jpg 300w, https:\/\/equilibreazur.fr\/azur\/wp-content\/uploads\/2019\/10\/Simone-Gisoni-2019-200x200.jpg 200w\" sizes=\"auto, (max-width: 300px) 100vw, 300px\" \/><figcaption>Simone Gisoni<br>06 12 07 27 18<br>simone@aikidojo.fr<\/figcaption><\/figure>\n<\/div>\n\n\n\n<div class=\"wp-block-column is-layout-flow wp-block-column-is-layout-flow\">\n<div class=\"wp-block-buttons is-horizontal is-content-justification-left is-layout-flex wp-container-core-buttons-is-layout-7e5fce0a wp-block-buttons-is-layout-flex\">\n<div class=\"wp-block-button\"><a class=\"wp-block-button__link has-black-color has-luminous-vivid-amber-background-color has-text-color has-background\" href=\"https:\/\/equilibreazur.fr\/azur\/wp-content\/uploads\/2022\/09\/2022-2023-ADA-Depliant-Cours-Tarifs-0915.pdf\" target=\"_blank\" rel=\"noreferrer noopener\">plus d&rsquo;info&nbsp;: <strong>D\u00e9pliant 2021<\/strong><\/a><\/div>\n<\/div>\n<\/div>\n<\/div>\n\n\n\n<h2 class=\"wp-block-heading\">\/4\/ Cours de YOGA Enfants (4-10 ans)<\/h2>\n\n\n\n<p>Les cours sont assur\u00e9s par Caterina Suzzi (de 4 \u00e0 10 ans) les <strong>mercredis 11h<\/strong> \u00e0 <strong>Chateauneuf<\/strong> de Grasse (Le Plantier).<br>Date de reprise&nbsp;: Mercredi 15 septembre<\/p>\n\n\n\n<figure class=\"wp-block-image size-large\"><img alt=\"\" loading=\"lazy\" decoding=\"async\" width=\"738\" height=\"491\" src=\"https:\/\/equilibreazur.fr\/azur\/wp-content\/uploads\/2021\/07\/YOGA-50-738x491.jpg\" alt=\"\" class=\"wp-image-8869\" srcset=\"https:\/\/equilibreazur.fr\/azur\/wp-content\/uploads\/2021\/07\/YOGA-50-738x491.jpg 738w, https:\/\/equilibreazur.fr\/azur\/wp-content\/uploads\/2021\/07\/YOGA-50-370x246.jpg 370w, https:\/\/equilibreazur.fr\/azur\/wp-content\/uploads\/2021\/07\/YOGA-50.jpg 1200w\" sizes=\"auto, (max-width: 738px) 100vw, 738px\" \/><\/figure>\n\n\n\n<div class=\"wp-block-columns is-layout-flex wp-container-core-columns-is-layout-9d6595d7 wp-block-columns-is-layout-flex\">\n<div class=\"wp-block-column is-layout-flow wp-block-column-is-layout-flow\"><div class=\"wp-block-image is-style-rounded\">\n<figure class=\"alignright size-full\"><img alt=\"\" loading=\"lazy\" decoding=\"async\" width=\"638\" height=\"638\" src=\"https:\/\/equilibreazur.fr\/azur\/wp-content\/uploads\/2020\/08\/caterina-suzzi-enseignante-yoga-equilibre-azur-edited-1.jpg\" alt=\"\" class=\"wp-image-8463\" srcset=\"https:\/\/equilibreazur.fr\/azur\/wp-content\/uploads\/2020\/08\/caterina-suzzi-enseignante-yoga-equilibre-azur-edited-1.jpg 638w, https:\/\/equilibreazur.fr\/azur\/wp-content\/uploads\/2020\/08\/caterina-suzzi-enseignante-yoga-equilibre-azur-edited-1-370x370.jpg 370w, https:\/\/equilibreazur.fr\/azur\/wp-content\/uploads\/2020\/08\/caterina-suzzi-enseignante-yoga-equilibre-azur-edited-1-200x200.jpg 200w\" sizes=\"auto, (max-width: 638px) 100vw, 638px\" \/><figcaption>Caterina Suzzi (4-10 ans)<br>06 63 32 08 22<br>caterina@equilibreazur.fr<\/figcaption><\/figure>\n<\/div><\/div>\n\n\n\n<div class=\"wp-block-column is-layout-flow wp-block-column-is-layout-flow\">\n<div class=\"wp-block-buttons is-layout-flex wp-block-buttons-is-layout-flex\">\n<div class=\"wp-block-button\"><a class=\"wp-block-button__link has-white-color has-text-color has-background\" href=\"https:\/\/equilibreazur.fr\/azur\/yoga-enfants\/\" style=\"background-color:#2373b9\">plus d&rsquo;info&nbsp;: <strong>Yoga Enfant<\/strong> <strong>avec Caterina<\/strong><\/a><\/div>\n<\/div>\n<\/div>\n\n\n\n<div class=\"wp-block-column is-layout-flow wp-block-column-is-layout-flow\"><\/div>\n<\/div>\n\n\n\n<h2 class=\"wp-block-heading\">\/5\/ Cours Aikido et Aunkai Adultes<\/h2>\n\n\n\n<p>Les cours sont dirig\u00e9s par Eric Savalli, Luca Marchetti, et Cl\u00e9ment Schaupp.<\/p>\n\n\n\n<p><strong>Lundis et Jeudis<\/strong> \u00e0 <strong>19h30<\/strong> \u00e0 <strong>Roquefort-les-pins<\/strong> (Salle Charvet 1)<br>Date de reprise <strong>Lundi 13 septembre<\/strong>.<\/p>\n\n\n\n<p>Avec&nbsp;\u00ab\u00a0Aiki Dojo Az<span style=\"font-size: inherit;\">ur \/ EquilibreAzur.fr\u00a0\u00bb \u00e0 <\/span><strong style=\"font-size: inherit;\">Roquefort-les-pins<\/strong> (possibilit\u00e9 \u00e0 Sophia-Antipolis en plein-air)<\/p>\n\n\n\n<figure class=\"wp-block-image size-large\"><img alt=\"\" loading=\"lazy\" decoding=\"async\" width=\"738\" height=\"492\" src=\"https:\/\/equilibreazur.fr\/azur\/wp-content\/uploads\/2016\/12\/Aikido-3f-stage-2017-01-15-13.31.30-738x492.jpg\" alt=\"\" class=\"wp-image-7059\" srcset=\"https:\/\/equilibreazur.fr\/azur\/wp-content\/uploads\/2016\/12\/Aikido-3f-stage-2017-01-15-13.31.30-738x492.jpg 738w, https:\/\/equilibreazur.fr\/azur\/wp-content\/uploads\/2016\/12\/Aikido-3f-stage-2017-01-15-13.31.30-370x247.jpg 370w, https:\/\/equilibreazur.fr\/azur\/wp-content\/uploads\/2016\/12\/Aikido-3f-stage-2017-01-15-13.31.30-600x400.jpg 600w, https:\/\/equilibreazur.fr\/azur\/wp-content\/uploads\/2016\/12\/Aikido-3f-stage-2017-01-15-13.31.30.jpg 960w\" sizes=\"auto, (max-width: 738px) 100vw, 738px\" \/><\/figure>\n\n\n\n<div class=\"wp-block-columns is-layout-flex wp-container-core-columns-is-layout-9d6595d7 wp-block-columns-is-layout-flex\">\n<div class=\"wp-block-column is-layout-flow wp-block-column-is-layout-flow\"><div class=\"wp-block-image is-style-rounded\">\n<figure class=\"alignright size-thumbnail\"><img loading=\"lazy\" decoding=\"async\" width=\"200\" height=\"200\" src=\"https:\/\/equilibreazur.fr\/azur\/wp-content\/uploads\/2019\/10\/Eric-Savalli-2019-200x200.jpg\" alt=\"Eric-Savalli\" class=\"wp-image-7992\" srcset=\"https:\/\/equilibreazur.fr\/azur\/wp-content\/uploads\/2019\/10\/Eric-Savalli-2019-200x200.jpg 200w, https:\/\/equilibreazur.fr\/azur\/wp-content\/uploads\/2019\/10\/Eric-Savalli-2019.jpg 300w\" sizes=\"auto, (max-width: 200px) 100vw, 200px\" \/><figcaption>Eric Savalli<br>06 60 42 26 32<br>eric@aikidojo.fr<\/figcaption><\/figure>\n<\/div><\/div>\n\n\n\n<div class=\"wp-block-column is-layout-flow wp-block-column-is-layout-flow\">\n<figure class=\"wp-block-image size-medium is-style-rounded\"><img loading=\"lazy\" decoding=\"async\" width=\"370\" height=\"370\" src=\"https:\/\/equilibreazur.fr\/azur\/wp-content\/uploads\/2025\/08\/luca-marchetti-portrait-370x370.jpg\" alt=\"Luca Marchetti\" class=\"wp-image-8201\" srcset=\"https:\/\/equilibreazur.fr\/azur\/wp-content\/uploads\/2025\/08\/luca-marchetti-portrait-370x370.jpg 370w, https:\/\/equilibreazur.fr\/azur\/wp-content\/uploads\/2025\/08\/luca-marchetti-portrait-200x200.jpg 200w, https:\/\/equilibreazur.fr\/azur\/wp-content\/uploads\/2025\/08\/luca-marchetti-portrait.jpg 555w\" sizes=\"auto, (max-width: 370px) 100vw, 370px\" \/><figcaption>Luca Marchetti<br>luca@aikidojo.fr<\/figcaption><\/figure>\n<\/div>\n\n\n\n<div class=\"wp-block-column is-layout-flow wp-block-column-is-layout-flow\">\n<figure class=\"wp-block-image size-medium is-style-rounded\"><img loading=\"lazy\" decoding=\"async\" width=\"370\" height=\"370\" src=\"https:\/\/equilibreazur.fr\/azur\/wp-content\/uploads\/2020\/08\/clement-schaupp-370x370.jpg\" alt=\"Cl\u00e9ment Schaupp\" class=\"wp-image-8235\" srcset=\"https:\/\/equilibreazur.fr\/azur\/wp-content\/uploads\/2020\/08\/clement-schaupp-370x370.jpg 370w, https:\/\/equilibreazur.fr\/azur\/wp-content\/uploads\/2020\/08\/clement-schaupp-675x675.jpg 675w, https:\/\/equilibreazur.fr\/azur\/wp-content\/uploads\/2020\/08\/clement-schaupp-200x200.jpg 200w, https:\/\/equilibreazur.fr\/azur\/wp-content\/uploads\/2020\/08\/clement-schaupp.jpg 960w\" sizes=\"auto, (max-width: 370px) 100vw, 370px\" \/><figcaption>Cl\u00e9ment Schaupp<br>clement@equilibreazur.fr<\/figcaption><\/figure>\n<\/div>\n<\/div>\n\n\n\n<div class=\"wp-block-buttons is-layout-flex wp-block-buttons-is-layout-flex\">\n<div class=\"wp-block-button\"><a class=\"wp-block-button__link has-white-color has-text-color has-background\" href=\"https:\/\/equilibreazur.fr\/azur\/aikido\/\" style=\"background-color:#9a220d\" target=\"_blank\" rel=\"noreferrer noopener\">plus d&rsquo;info&nbsp;: <strong>Aiki Dojo<\/strong> <strong>Azur<\/strong><\/a><\/div>\n<\/div>\n\n\n\n<h2 class=\"wp-block-heading\">\/6\/ Cours Aikido Enfants 8-14 ans<\/h2>\n\n\n\n<p>Les cours AIKIDO+YOGA sont assur\u00e9s par Eric Savalli et Simon\u00e9 Gisoni (\u00e0 partir de 8 ou 9 ans) .<\/p>\n\n\n\n<ul class=\"wp-block-list\" id=\"block-fef461c3-9730-426f-ab2c-eb211a86aeff\"><li>mercredi \u00e0 11h \u00e0 <strong>Le Rouret<\/strong><\/li><li>mercredi \u00e0 14h30 \u00e0 <strong>Roquefort les pins<\/strong><\/li><\/ul>\n\n\n\n<p>Date de reprise&nbsp;: Mercredi 15 septembre<\/p>\n\n\n\n<figure class=\"wp-block-image size-full is-resized\"><img decoding=\"async\" src=\"https:\/\/equilibreazur.fr\/azur\/wp-content\/uploads\/2019\/03\/2010-aikido-enfants.jpg\" alt=\"2010-aikido-enfants\" class=\"wp-image-7809\" width=\"738\" srcset=\"https:\/\/equilibreazur.fr\/azur\/wp-content\/uploads\/2019\/03\/2010-aikido-enfants.jpg 640w, https:\/\/equilibreazur.fr\/azur\/wp-content\/uploads\/2019\/03\/2010-aikido-enfants-370x246.jpg 370w, https:\/\/equilibreazur.fr\/azur\/wp-content\/uploads\/2019\/03\/2010-aikido-enfants-600x399.jpg 600w\" sizes=\"(max-width: 640px) 100vw, 640px\" \/><\/figure>\n\n\n\n<div class=\"wp-block-columns is-layout-flex wp-container-core-columns-is-layout-9d6595d7 wp-block-columns-is-layout-flex\">\n<div class=\"wp-block-column is-layout-flow wp-block-column-is-layout-flow\"><div class=\"wp-block-image is-style-rounded\">\n<figure class=\"alignright size-full\"><img loading=\"lazy\" decoding=\"async\" width=\"300\" height=\"300\" src=\"https:\/\/equilibreazur.fr\/azur\/wp-content\/uploads\/2019\/10\/Eric-Savalli-2019.jpg\" alt=\"Eric-Savalli\" class=\"wp-image-7992\" srcset=\"https:\/\/equilibreazur.fr\/azur\/wp-content\/uploads\/2019\/10\/Eric-Savalli-2019.jpg 300w, https:\/\/equilibreazur.fr\/azur\/wp-content\/uploads\/2019\/10\/Eric-Savalli-2019-200x200.jpg 200w\" sizes=\"auto, (max-width: 300px) 100vw, 300px\" \/><figcaption>Eric Savalli<br>06 60 42 26 32<br>eric@aikidojo.fr<\/figcaption><\/figure>\n<\/div><\/div>\n\n\n\n<div class=\"wp-block-column is-layout-flow wp-block-column-is-layout-flow\">\n<figure class=\"wp-block-image size-full is-style-rounded\"><img loading=\"lazy\" decoding=\"async\" width=\"300\" height=\"300\" src=\"https:\/\/equilibreazur.fr\/azur\/wp-content\/uploads\/2019\/10\/Simone-Gisoni-2019.jpg\" alt=\"Simone-Gisoni\" class=\"wp-image-8001\" srcset=\"https:\/\/equilibreazur.fr\/azur\/wp-content\/uploads\/2019\/10\/Simone-Gisoni-2019.jpg 300w, https:\/\/equilibreazur.fr\/azur\/wp-content\/uploads\/2019\/10\/Simone-Gisoni-2019-200x200.jpg 200w\" sizes=\"auto, (max-width: 300px) 100vw, 300px\" \/><figcaption>Simone Gisoni<br>06 12 07 27 18<br>simone@aikidojo.fr<\/figcaption><\/figure>\n<\/div>\n\n\n\n<div class=\"wp-block-column is-layout-flow wp-block-column-is-layout-flow\">\n<div class=\"wp-block-buttons is-horizontal is-content-justification-left is-layout-flex wp-container-core-buttons-is-layout-7e5fce0a wp-block-buttons-is-layout-flex\">\n<div class=\"wp-block-button\"><a class=\"wp-block-button__link has-black-color has-luminous-vivid-amber-background-color has-text-color has-background\" href=\"https:\/\/equilibreazur.fr\/azur\/wp-content\/uploads\/2022\/09\/2022-2023-ADA-Depliant-Cours-Tarifs-0915.pdf\" target=\"_blank\" rel=\"noreferrer noopener\">plus d&rsquo;info&nbsp;: <strong>D\u00e9pliant 2021<\/strong><\/a><\/div>\n<\/div>\n<\/div>\n<\/div>\n\n\n\n<h2 class=\"wp-block-heading\">\/7\/ Cours de Qi-Gong Adultes<\/h2>\n\n\n\n<p>Les cours de Qi-Gong sont assur\u00e9s par Laurence Mantelet (en salle, zoom ou en ext\u00e9rieur) <strong>les jeudis soirs<\/strong><\/p>\n\n\n\n<figure class=\"wp-block-image size-large\"><img alt=\"\" loading=\"lazy\" decoding=\"async\" width=\"738\" height=\"415\" src=\"https:\/\/equilibreazur.fr\/azur\/wp-content\/uploads\/2015\/12\/2015-12-Qi-Gong-Mantelet-738x415.jpg\" alt=\"\" class=\"wp-image-6572\" srcset=\"https:\/\/equilibreazur.fr\/azur\/wp-content\/uploads\/2015\/12\/2015-12-Qi-Gong-Mantelet-738x415.jpg 738w, https:\/\/equilibreazur.fr\/azur\/wp-content\/uploads\/2015\/12\/2015-12-Qi-Gong-Mantelet-370x208.jpg 370w, https:\/\/equilibreazur.fr\/azur\/wp-content\/uploads\/2015\/12\/2015-12-Qi-Gong-Mantelet-768x432.jpg 768w, https:\/\/equilibreazur.fr\/azur\/wp-content\/uploads\/2015\/12\/2015-12-Qi-Gong-Mantelet-600x338.jpg 600w, https:\/\/equilibreazur.fr\/azur\/wp-content\/uploads\/2015\/12\/2015-12-Qi-Gong-Mantelet.jpg 960w\" sizes=\"auto, (max-width: 738px) 100vw, 738px\" \/><\/figure>\n\n\n\n<div class=\"wp-block-columns is-layout-flex wp-container-core-columns-is-layout-9d6595d7 wp-block-columns-is-layout-flex\">\n<div class=\"wp-block-column is-layout-flow wp-block-column-is-layout-flow\"><div class=\"wp-block-image is-style-rounded\">\n<figure class=\"alignright size-large\"><img alt=\"\" loading=\"lazy\" decoding=\"async\" width=\"675\" height=\"675\" src=\"https:\/\/equilibreazur.fr\/azur\/wp-content\/uploads\/2015\/12\/2015-12-Qi-Gong-Laurence-Mantelet-675x675.jpg\" alt=\"\" class=\"wp-image-6574\" srcset=\"https:\/\/equilibreazur.fr\/azur\/wp-content\/uploads\/2015\/12\/2015-12-Qi-Gong-Laurence-Mantelet-675x675.jpg 675w, https:\/\/equilibreazur.fr\/azur\/wp-content\/uploads\/2015\/12\/2015-12-Qi-Gong-Laurence-Mantelet-200x200.jpg 200w, https:\/\/equilibreazur.fr\/azur\/wp-content\/uploads\/2015\/12\/2015-12-Qi-Gong-Laurence-Mantelet-370x370.jpg 370w, https:\/\/equilibreazur.fr\/azur\/wp-content\/uploads\/2015\/12\/2015-12-Qi-Gong-Laurence-Mantelet-768x768.jpg 768w, https:\/\/equilibreazur.fr\/azur\/wp-content\/uploads\/2015\/12\/2015-12-Qi-Gong-Laurence-Mantelet-600x600.jpg 600w, https:\/\/equilibreazur.fr\/azur\/wp-content\/uploads\/2015\/12\/2015-12-Qi-Gong-Laurence-Mantelet.jpg 960w\" sizes=\"auto, (max-width: 675px) 100vw, 675px\" \/><figcaption>Laurence Mantelet<br><strong>06 62 46 12 26<\/strong><br>laurence.mantelet@hotmail.fr<\/figcaption><\/figure>\n<\/div><\/div>\n\n\n\n<div class=\"wp-block-column is-layout-flow wp-block-column-is-layout-flow\">\n<div class=\"wp-block-buttons is-layout-flex wp-block-buttons-is-layout-flex\">\n<div class=\"wp-block-button\"><a class=\"wp-block-button__link has-black-color has-luminous-vivid-amber-background-color has-text-color has-background\" href=\"https:\/\/equilibreazur.fr\/azur\/qi-gong\/\">Plus d&rsquo;infos <strong>Qi-Gong<\/strong><\/a><\/div>\n<\/div>\n<\/div>\n\n\n\n<div class=\"wp-block-column is-layout-flow wp-block-column-is-layout-flow\"><\/div>\n<\/div>\n\n\n\n<h2 class=\"wp-block-heading\">\/8\/ Stages \u00e0 Bargemon en Septembre<\/h2>\n\n\n\n<p>Un stage de Yoga et un stage d&rsquo;Aikido sont programm\u00e9s. <br>ATTENTION =&gt; Les <strong>inscriptions sont ouvertes<\/strong> et \u00e0 faire <strong>au plus vite<\/strong> avant le 12 septembre (nombre de places limit\u00e9 \u00e0 25 personnes).<\/p>\n\n\n\n<div class=\"wp-block-columns is-layout-flex wp-container-core-columns-is-layout-9d6595d7 wp-block-columns-is-layout-flex\">\n<div class=\"wp-block-column is-layout-flow wp-block-column-is-layout-flow\">\n<figure class=\"wp-block-image size-large\"><a href=\"https:\/\/equilibreazur.fr\/azur\/stages-calendrier\/2021-09-stage-bargemon\/\"><img loading=\"lazy\" decoding=\"async\" width=\"676\" height=\"675\" src=\"https:\/\/equilibreazur.fr\/azur\/wp-content\/uploads\/2021\/08\/2021-09-bargemon-stage-aikido-squre-676x675.jpg\" alt=\"Stage Aikido Uchi Deshi 09-2021\" class=\"wp-image-8936\" srcset=\"https:\/\/equilibreazur.fr\/azur\/wp-content\/uploads\/2021\/08\/2021-09-bargemon-stage-aikido-squre-676x675.jpg 676w, https:\/\/equilibreazur.fr\/azur\/wp-content\/uploads\/2021\/08\/2021-09-bargemon-stage-aikido-squre-370x370.jpg 370w, https:\/\/equilibreazur.fr\/azur\/wp-content\/uploads\/2021\/08\/2021-09-bargemon-stage-aikido-squre-200x200.jpg 200w, https:\/\/equilibreazur.fr\/azur\/wp-content\/uploads\/2021\/08\/2021-09-bargemon-stage-aikido-squre.jpg 1200w\" sizes=\"auto, (max-width: 676px) 100vw, 676px\" \/><\/a><figcaption>cliquer sur l&rsquo;image pour plus d&rsquo;infos<\/figcaption><\/figure>\n<\/div>\n\n\n\n<div class=\"wp-block-column is-layout-flow wp-block-column-is-layout-flow\">\n<figure class=\"wp-block-image size-large\"><a href=\"https:\/\/yogaazur.fr\/2021-09-stage-retraite-yoga\/\"><img alt=\"\" loading=\"lazy\" decoding=\"async\" width=\"675\" height=\"675\" src=\"https:\/\/equilibreazur.fr\/azur\/wp-content\/uploads\/2021\/08\/2021-06-bargemon-stage-yoga-square-675x675.jpg\" alt=\"\" class=\"wp-image-8962\" srcset=\"https:\/\/equilibreazur.fr\/azur\/wp-content\/uploads\/2021\/08\/2021-06-bargemon-stage-yoga-square-675x675.jpg 675w, https:\/\/equilibreazur.fr\/azur\/wp-content\/uploads\/2021\/08\/2021-06-bargemon-stage-yoga-square-370x370.jpg 370w, https:\/\/equilibreazur.fr\/azur\/wp-content\/uploads\/2021\/08\/2021-06-bargemon-stage-yoga-square-200x200.jpg 200w, https:\/\/equilibreazur.fr\/azur\/wp-content\/uploads\/2021\/08\/2021-06-bargemon-stage-yoga-square-1536x1536.jpg 1536w, https:\/\/equilibreazur.fr\/azur\/wp-content\/uploads\/2021\/08\/2021-06-bargemon-stage-yoga-square.jpg 1600w\" sizes=\"auto, (max-width: 675px) 100vw, 675px\" \/><\/a><figcaption>cliquer sur l&rsquo;image pour plus d&rsquo;infos<\/figcaption><\/figure>\n<\/div>\n<\/div>\n\n\n\n<h2 class=\"wp-block-heading\">\/9\/ Pr\u00e9ventions sanitaires &#x1f637;<\/h2>\n\n\n\n<p>Par d\u00e9cision gouvernementale, d\u00e8s septembre 2021, toutes les pratiques en salle municipale se feront sous&nbsp;<strong>contr\u00f4le du Pass Sanitaire pour les adultes<\/strong>.&nbsp;<strong>Pas de contr\u00f4le du Pass Sanitaire pour les mineurs<\/strong>&nbsp;(contr\u00f4le \u00e0 partir du 30 septembre).&nbsp;<br>Pratique&nbsp;<strong>sans contr\u00f4le du pass possible<\/strong>&nbsp;en espace priv\u00e9 (en respectant les gestes barri\u00e8res et cahier de rappel) ou en ligne, et en petit groupe uniquement (nous consulter).<\/p>\n\n\n\n<p>Dans la mesure du possible, durant les cours&#8230;<\/p>\n\n\n\n<ul class=\"wp-block-list\"><li>respect de la distance physique<\/li><li>acc\u00e8s entr\u00e9e et sortie distinctes<\/li><li>port du masque dans les couloirs et vestiaires<\/li><li>usage du gel hydroalcoolique avant et apr\u00e8s la pratique<\/li><li>A\u00e9ration des salles<\/li><li>utilisation du mat\u00e9riel personnel<\/li><li>lors de la pratique des arts martiaux, un seul partenaire tout au long du cours<\/li><\/ul>\n\n\n\n<div class=\"wp-block-buttons is-layout-flex wp-block-buttons-is-layout-flex\">\n<div class=\"wp-block-button\"><a class=\"wp-block-button__link has-black-color has-luminous-vivid-amber-background-color has-text-color has-background\" href=\"https:\/\/www.sports.gouv.fr\/accueil-du-site\/article\/declinaison-des-mesures-sanitaires-pour-le-sport-a-partir-du-9-aout-2021\" target=\"_blank\" rel=\"noreferrer noopener\"><strong>R\u00e8gles sanitaires<\/strong> en application<\/a><\/div>\n<\/div>\n\n\n\n<p>Plus d&rsquo;infos&nbsp;: <a href=\"https:\/\/solidarites-sante.gouv.fr\/soins-et-maladies\/maladies\/maladies-infectieuses\/coronavirus\/tout-savoir-sur-la-covid-19\/\">https:\/\/solidarites-sante.gouv.fr\/<\/a><\/p>\n","protected":false},"excerpt":{"rendered":"<p>Besoin d&rsquo;un compl\u00e9ment d&rsquo;information ? vous souhaitez remplir votre dossier d&rsquo;inscription afin d&rsquo;assurer votre adh\u00e9sion ?&#8230; Venez Nous Rencontrer Lors Des Journ\u00e9es Des Associations 2021 !<\/p>\n","protected":false},"author":2,"featured_media":8970,"comment_status":"open","ping_status":"closed","sticky":false,"template":"","format":"standard","meta":{"_acf_changed":false,"_seopress_robots_primary_cat":"","_seopress_titles_title":"","_seopress_titles_desc":"","_seopress_robots_index":"","generate_page_header":"","footnotes":""},"categories":[142,197],"tags":[49],"class_list":["post-8942","post","type-post","status-publish","format-standard","has-post-thumbnail","hentry","category-news","category-stages-calendrier","tag-forum-association-sport","infinite-scroll-item","masonry-post","generate-columns","tablet-grid-50","mobile-grid-100","grid-parent","grid-50"],"acf":[],"_links":{"self":[{"href":"https:\/\/equilibreazur.fr\/azur\/wp-json\/wp\/v2\/posts\/8942","targetHints":{"allow":["GET"]}}],"collection":[{"href":"https:\/\/equilibreazur.fr\/azur\/wp-json\/wp\/v2\/posts"}],"about":[{"href":"https:\/\/equilibreazur.fr\/azur\/wp-json\/wp\/v2\/types\/post"}],"author":[{"embeddable":true,"href":"https:\/\/equilibreazur.fr\/azur\/wp-json\/wp\/v2\/users\/2"}],"replies":[{"embeddable":true,"href":"https:\/\/equilibreazur.fr\/azur\/wp-json\/wp\/v2\/comments?post=8942"}],"version-history":[{"count":6,"href":"https:\/\/equilibreazur.fr\/azur\/wp-json\/wp\/v2\/posts\/8942\/revisions"}],"predecessor-version":[{"id":9269,"href":"https:\/\/equilibreazur.fr\/azur\/wp-json\/wp\/v2\/posts\/8942\/revisions\/9269"}],"wp:featuredmedia":[{"embeddable":true,"href":"https:\/\/equilibreazur.fr\/azur\/wp-json\/wp\/v2\/media\/8970"}],"wp:attachment":[{"href":"https:\/\/equilibreazur.fr\/azur\/wp-json\/wp\/v2\/media?parent=8942"}],"wp:term":[{"taxonomy":"category","embeddable":true,"href":"https:\/\/equilibreazur.fr\/azur\/wp-json\/wp\/v2\/categories?post=8942"},{"taxonomy":"post_tag","embeddable":true,"href":"https:\/\/equilibreazur.fr\/azur\/wp-json\/wp\/v2\/tags?post=8942"}],"curies":[{"name":"wp","href":"https:\/\/api.w.org\/{rel}","templated":true}]}}