{"id":8915,"date":"2021-08-26T10:25:05","date_gmt":"2021-08-26T10:25:05","guid":{"rendered":"https:\/\/equilibreazur.fr\/azur\/?p=8915"},"modified":"2022-07-07T15:49:52","modified_gmt":"2022-07-07T15:49:52","slug":"2021-09-stage-yoga","status":"publish","type":"post","link":"https:\/\/equilibreazur.fr\/azur\/news\/2021-09-stage-yoga\/","title":{"rendered":"09\/2021&nbsp;: Stage&nbsp;\u00ab\u00a0Retraite Yoga\u00a0\u00bb"},"content":{"rendered":"\n<p class=\"has-text-align-center\"><br><span class=\"has-inline-color has-vivid-red-color\"> fin des pre-inscription (+10% apr\u00e8s)<\/span><\/p>\n\n\n\n<h2 class=\"has-text-align-center wp-block-heading\">2\u00e8me&nbsp;stage<br>Stage de retraite de Yoga<\/h2>\n\n\n\n<h2 class=\"has-text-align-center wp-block-heading\">Chateau du reclos <br>Bargemon (83)<br>25-26 septembre 2021<\/h2>\n\n\n\n<p>Pour la seconde fois, nous avons le plaisir d&rsquo;organiser avec <strong>YOGA AZUR<\/strong> un stage-retraite sur un week-end (arriv\u00e9e le Vendredi soir) dans un cadre paisible, verdoyant et accueillant.<\/p>\n\n\n\n<p>Le stage se d\u00e9roule sur une courte dur\u00e9e 2 nuits, 3 jours, en immersion, instructeurs et \u00e9l\u00e8ves pratiquent, vivent et mangent ensemble. Les journ\u00e9es sont consacr\u00e9es \u00e0 la pratique et \u00e0 la d\u00e9tente.<\/p>\n\n\n\n<figure class=\"wp-block-image size-large\"><img alt=\"\" loading=\"lazy\" decoding=\"async\" width=\"738\" height=\"466\" src=\"https:\/\/equilibreazur.fr\/azur\/wp-content\/uploads\/2021\/04\/stage-yoga-bargemon-pel-mel-738x466.jpg\" alt=\"\" class=\"wp-image-8726\" srcset=\"https:\/\/equilibreazur.fr\/azur\/wp-content\/uploads\/2021\/04\/stage-yoga-bargemon-pel-mel-738x466.jpg 738w, https:\/\/equilibreazur.fr\/azur\/wp-content\/uploads\/2021\/04\/stage-yoga-bargemon-pel-mel-370x233.jpg 370w, https:\/\/equilibreazur.fr\/azur\/wp-content\/uploads\/2021\/04\/stage-yoga-bargemon-pel-mel.jpg 1200w\" sizes=\"auto, (max-width: 738px) 100vw, 738px\" \/><figcaption>Stage de Retraite-Yoga \u00e0 Bargemon<\/figcaption><\/figure>\n\n\n\n<h3 class=\"wp-block-heading\">&#x27a1;&#xfe0f;&nbsp;PLUS D&rsquo;INFORMATION ET INSCRIPTION sur YOGA AZUR .fr<\/h3>\n\n\n\n<div class=\"wp-block-group has-background\" style=\"background-color:#f5e6b0\"><div class=\"wp-block-group__inner-container is-layout-flow wp-block-group-is-layout-flow\">\n<p class=\"has-text-align-center has-background\" style=\"background-color:#f5e6b0\"><strong>PRE-INSCRIPTION <span class=\"has-inline-color has-vivid-red-color\">AVANT LE 12 SEPTEMBRE<\/span><\/strong><br><br><strong>PASS\u00c9E CETTE DATE, MAJORATION DE +10%<\/strong><\/p>\n\n\n\n<div class=\"wp-block-buttons is-horizontal is-content-justification-center is-layout-flex wp-container-core-buttons-is-layout-499968f5 wp-block-buttons-is-layout-flex\">\n<div class=\"wp-block-button is-style-fill\"><a class=\"wp-block-button__link has-white-color has-luminous-vivid-amber-background-color has-text-color has-background\" href=\"https:\/\/yogaazur.fr\/2021-09-stage-retraite-yoga\/\" target=\"_blank\" rel=\"noreferrer noopener\"><strong>INFOS et INSCRIPTION<\/strong><\/a><\/div>\n<\/div>\n<\/div><\/div>\n","protected":false},"excerpt":{"rendered":"<p>Stage de retraite Yoga sur un weekend (Vendredi soir \u00e0 Dimanche) \u00e0 Bargemon.<br \/>\nLe stage aura lieu au chateau du Reclos, dans un environnement et un cadre de vie plus que propice.<\/p>\n","protected":false},"author":2,"featured_media":8717,"comment_status":"open","ping_status":"open","sticky":false,"template":"","format":"standard","meta":{"_acf_changed":false,"_seopress_robots_primary_cat":"","_seopress_titles_title":"","_seopress_titles_desc":"","_seopress_robots_index":"","generate_page_header":"","footnotes":""},"categories":[143,142,197],"tags":[271,45,204,201],"class_list":["post-8915","post","type-post","status-publish","format-standard","has-post-thumbnail","hentry","category-hot-news","category-news","category-stages-calendrier","tag-bargemon","tag-e-savalli","tag-stage","tag-yoga","infinite-scroll-item","masonry-post","generate-columns","tablet-grid-50","mobile-grid-100","grid-parent","grid-50"],"acf":[],"_links":{"self":[{"href":"https:\/\/equilibreazur.fr\/azur\/wp-json\/wp\/v2\/posts\/8915","targetHints":{"allow":["GET"]}}],"collection":[{"href":"https:\/\/equilibreazur.fr\/azur\/wp-json\/wp\/v2\/posts"}],"about":[{"href":"https:\/\/equilibreazur.fr\/azur\/wp-json\/wp\/v2\/types\/post"}],"author":[{"embeddable":true,"href":"https:\/\/equilibreazur.fr\/azur\/wp-json\/wp\/v2\/users\/2"}],"replies":[{"embeddable":true,"href":"https:\/\/equilibreazur.fr\/azur\/wp-json\/wp\/v2\/comments?post=8915"}],"version-history":[{"count":6,"href":"https:\/\/equilibreazur.fr\/azur\/wp-json\/wp\/v2\/posts\/8915\/revisions"}],"predecessor-version":[{"id":9200,"href":"https:\/\/equilibreazur.fr\/azur\/wp-json\/wp\/v2\/posts\/8915\/revisions\/9200"}],"wp:featuredmedia":[{"embeddable":true,"href":"https:\/\/equilibreazur.fr\/azur\/wp-json\/wp\/v2\/media\/8717"}],"wp:attachment":[{"href":"https:\/\/equilibreazur.fr\/azur\/wp-json\/wp\/v2\/media?parent=8915"}],"wp:term":[{"taxonomy":"category","embeddable":true,"href":"https:\/\/equilibreazur.fr\/azur\/wp-json\/wp\/v2\/categories?post=8915"},{"taxonomy":"post_tag","embeddable":true,"href":"https:\/\/equilibreazur.fr\/azur\/wp-json\/wp\/v2\/tags?post=8915"}],"curies":[{"name":"wp","href":"https:\/\/api.w.org\/{rel}","templated":true}]}}