{"id":8885,"date":"2021-08-25T10:23:12","date_gmt":"2021-08-25T10:23:12","guid":{"rendered":"https:\/\/equilibreazur.fr\/azur\/?p=8885"},"modified":"2021-09-07T10:03:06","modified_gmt":"2021-09-07T10:03:06","slug":"2021-forum-associations","status":"publish","type":"post","link":"https:\/\/equilibreazur.fr\/azur\/news\/2021-forum-associations\/","title":{"rendered":"Forums des associations &#8211; Rentr\u00e9e septembre 2021"},"content":{"rendered":"\n<p class=\"has-text-align-center\">\n\n\n\n<p class=\"has-text-align-center\">Les forums des associations se tiendront pour la rentr\u00e9e prochain<\/p>\n\n\n\n<p class=\"has-text-align-center\">le samedi <strong>04 septembre<\/strong> 2021 \u00e0 <strong>Roquefort-les-pins <\/strong>et au <strong>Rouret<\/strong><\/p>\n\n\n\n<p class=\"has-text-align-center\">le dimanche <strong>12 septembre<\/strong> 2021 \u00e0 <strong>Bar sur Loup<\/strong>&nbsp;!<\/p>\n\n\n\n<p>Tous \u00e0 vos carnets pour r\u00e9server ces dates qui seront comme chaque ann\u00e9e deux journ\u00e9es importantes de la saison&nbsp;! Vous pourrez nous rendre visite et nous poser toutes questions aux stands qui seront tenus par l&rsquo;association&#8230;!<\/p>\n\n\n\n<p>Que votre commune de r\u00e9sidence soit celle organisant ces forums&nbsp;: Roquefort les pins, Le Rouret, Bar sur Loup, ou toute autre commune avoisinante&nbsp;: Chateauneuf de Grasse, Plascassier, Valbonne, Opio, Gourdon&#8230; venez nous voir&#8230;<\/p>\n\n\n\n<p>La nouvelle saison apporte son <a href=\"https:\/\/equilibreazur.fr\/azur\/news\/2021-rentree-septembre\/\"><strong>lot de nouveaut\u00e9s<\/strong><\/a>&#8230;&nbsp;<\/p>\n\n\n\n<div class=\"wp-block-columns is-layout-flex wp-container-core-columns-is-layout-9d6595d7 wp-block-columns-is-layout-flex\">\n<div class=\"wp-block-column is-layout-flow wp-block-column-is-layout-flow\">\n<figure class=\"wp-block-image size-full\"><a href=\"https:\/\/lerouret.fr\/forum-des-associations\/\" target=\"_blank\" rel=\"noopener\"><img alt=\"\" loading=\"lazy\" decoding=\"async\" width=\"300\" height=\"425\" src=\"https:\/\/equilibreazur.fr\/azur\/wp-content\/uploads\/2021\/08\/2021-09-forum-le-rouret.jpg\" alt=\"\" class=\"wp-image-9007\" srcset=\"https:\/\/equilibreazur.fr\/azur\/wp-content\/uploads\/2021\/08\/2021-09-forum-le-rouret.jpg 300w, https:\/\/equilibreazur.fr\/azur\/wp-content\/uploads\/2021\/08\/2021-09-forum-le-rouret-261x370.jpg 261w\" sizes=\"auto, (max-width: 300px) 100vw, 300px\" \/><\/a><figcaption><strong>Le Rouret<\/strong> &#8211; Sam. 04<br>Rencontre des associations Rouretanes et faites le plein d\u2019activit\u00e9s pour toute la famille&nbsp;!<br>10h \u00e0 15h<br><br>Judo et A\u00efkido, Yoga, Danse, Musique, Th\u00e9\u00e2tre, Chant, handball, photographie et bien d\u2019autres vous attendent&#8230;<\/figcaption><\/figure>\n\n\n\n<p>Pass sanitaire requis.<\/p>\n<\/div>\n\n\n\n<div class=\"wp-block-column is-layout-flow wp-block-column-is-layout-flow\">\n<figure class=\"wp-block-image size-full\"><img alt=\"\" loading=\"lazy\" decoding=\"async\" width=\"300\" height=\"425\" src=\"https:\/\/equilibreazur.fr\/azur\/wp-content\/uploads\/2021\/08\/2021-09-rooquefort-les-pins.jpg\" alt=\"\" class=\"wp-image-9008\" srcset=\"https:\/\/equilibreazur.fr\/azur\/wp-content\/uploads\/2021\/08\/2021-09-rooquefort-les-pins.jpg 300w, https:\/\/equilibreazur.fr\/azur\/wp-content\/uploads\/2021\/08\/2021-09-rooquefort-les-pins-261x370.jpg 261w\" sizes=\"auto, (max-width: 300px) 100vw, 300px\" \/><figcaption><strong>Roquefort-les-pins<\/strong> &#8211; sam  04<br>F\u00eate patronale et Forum des associations &#8211; 10h \u00e0 13h<\/figcaption><\/figure>\n\n\n\n<ul class=\"wp-block-list\"><li>Forum des associations<\/li><li>Concours de boules<\/li><li>C\u00e9r\u00e9monie de r\u00e9compenses aux m\u00e9ritants<\/li><li>man\u00e8ges et jeux gratuits<\/li><li>Spectacle et Feu d\u2019artifice <\/li><li>et bien d\u2019autres choses<\/li><\/ul>\n\n\n\n<p>Une journ\u00e9e roquefortoise a ne manquer sous aucun pr\u00e9texte&nbsp;!<\/p>\n\n\n\n<p>Pass sanitaire non requis.<\/p>\n<\/div>\n\n\n\n<div class=\"wp-block-column is-layout-flow wp-block-column-is-layout-flow\">\n<figure class=\"wp-block-image size-full\"><img alt=\"\" loading=\"lazy\" decoding=\"async\" width=\"300\" height=\"452\" src=\"https:\/\/equilibreazur.fr\/azur\/wp-content\/uploads\/2021\/08\/2021-09-chateauneuf-bar-sur-loup.jpg\" alt=\"\" class=\"wp-image-9006\" srcset=\"https:\/\/equilibreazur.fr\/azur\/wp-content\/uploads\/2021\/08\/2021-09-chateauneuf-bar-sur-loup.jpg 300w, https:\/\/equilibreazur.fr\/azur\/wp-content\/uploads\/2021\/08\/2021-09-chateauneuf-bar-sur-loup-246x370.jpg 246w\" sizes=\"auto, (max-width: 300px) 100vw, 300px\" \/><figcaption>Bar Sur Loup &#8211; dim. 12<br>C&rsquo;est \u00e0 Bar-sur-Loup, \u00e0 la Papeterie, qu&rsquo;a lieu cette ann\u00e9e le forum intercommunal des Associations, de 10h \u00e0 14h00.<br><br>Les associations de <strong>Ch\u00e2teauneuf<\/strong>, <strong>Bar-sur-Loup<\/strong>, <strong>Opio<\/strong> et <strong>Gourdon<\/strong> seront l\u00e0 pour vous pr\u00e9senter leurs activit\u00e9s. Des d\u00e9monstrations auront lieu toute la matin\u00e9e. Buvette et restauration sur place<\/figcaption><\/figure>\n\n\n\n<p>Pass sanitaire non requis.<\/p>\n<\/div>\n<\/div>\n\n\n\n<div class=\"wp-block-buttons is-layout-flex wp-block-buttons-is-layout-flex\">\n<div class=\"wp-block-button\"><a class=\"wp-block-button__link has-black-color has-luminous-vivid-amber-background-color has-text-color has-background\" href=\"https:\/\/equilibreazur.fr\/azur\/news\/2021-rentree-septembre\/\">Tous les D\u00e9tails de la rentr\u00e9e 2021<\/a><\/div>\n<\/div>\n\n\n\n<div class=\"wp-block-cover alignwide has-background-dim-60 has-black-background-color has-background-dim is-position-center-center\" style=\"min-height:375px;aspect-ratio:unset;\"><img alt=\"\" loading=\"lazy\" decoding=\"async\" width=\"640\" height=\"480\" class=\"wp-block-cover__image-background wp-image-5909\" alt=\"\" src=\"https:\/\/equilibreazur.fr\/azur\/wp-content\/uploads\/2015\/07\/Forum-des-associations-le-rouret.jpg\" style=\"object-position:52% 32%\" data-object-fit=\"cover\" data-object-position=\"52% 32%\" srcset=\"https:\/\/equilibreazur.fr\/azur\/wp-content\/uploads\/2015\/07\/Forum-des-associations-le-rouret.jpg 640w, https:\/\/equilibreazur.fr\/azur\/wp-content\/uploads\/2015\/07\/Forum-des-associations-le-rouret-478x359.jpg 478w, https:\/\/equilibreazur.fr\/azur\/wp-content\/uploads\/2015\/07\/Forum-des-associations-le-rouret-600x450.jpg 600w\" sizes=\"auto, (max-width: 640px) 100vw, 640px\" \/><div class=\"wp-block-cover__inner-container is-layout-flow wp-block-cover-is-layout-flow\">\n<p class=\"has-text-align-center has-luminous-vivid-amber-color has-text-color\" style=\"font-size:46px;line-height:1.1\"><strong>Pour plus d&rsquo;informations, n&rsquo;h\u00e9sitez pas \u00e0 nous contacter et \u00e0 venir pratiquer un cours d&rsquo;essai gratuit.<\/strong><\/p>\n\n\n\n<div class=\"wp-block-buttons is-content-justification-center is-layout-flex wp-block-buttons-is-layout-flex\">\n<div class=\"wp-block-button\"><a class=\"wp-block-button__link has-black-color has-luminous-vivid-amber-background-color has-text-color has-background\" href=\"mailto:contact@equilibreazur.fr\" style=\"border-radius:3px\">email<\/a><\/div>\n\n\n\n<div class=\"wp-block-button is-style-fill\"><a class=\"wp-block-button__link has-black-color has-luminous-vivid-amber-background-color has-text-color has-background\" href=\"tel:+33-6-60-42-26-32\">t\u00e9l\u00e9phone<\/a><\/div>\n<\/div>\n<\/div><\/div>\n\n\n\n<p><\/p>\n","protected":false},"excerpt":{"rendered":"<p>Le forum des associations se tiendra pour la rentr\u00e9e prochain le samedi 09 \u00e0 Roquefort et dimanche 10 septembre 2017 \u00e0 Opio ! La prochaine saison apportera son lot de nouveaut\u00e9&#8230; Plus de cr\u00e9neaux horaires, 2 soirs suppl\u00e9mentaires de pratique dans la semaine, une section enfants\/ado, des nouveaux lieux de pratique, un \u00e9chauffement sp\u00e9cifique&#8230;<\/p>\n","protected":false},"author":2,"featured_media":8887,"comment_status":"open","ping_status":"closed","sticky":false,"template":"","format":"standard","meta":{"_acf_changed":false,"_seopress_robots_primary_cat":"","_seopress_titles_title":"","_seopress_titles_desc":"","_seopress_robots_index":"","generate_page_header":"","footnotes":""},"categories":[142],"tags":[248,208,49,207,265,201],"class_list":["post-8885","post","type-post","status-publish","format-standard","has-post-thumbnail","hentry","category-news","tag-aikido","tag-bar-sur-loup","tag-forum-association-sport","tag-le-rouret","tag-roquefort-les-pins","tag-yoga","infinite-scroll-item","masonry-post","generate-columns","tablet-grid-50","mobile-grid-100","grid-parent","grid-50"],"acf":[],"_links":{"self":[{"href":"https:\/\/equilibreazur.fr\/azur\/wp-json\/wp\/v2\/posts\/8885","targetHints":{"allow":["GET"]}}],"collection":[{"href":"https:\/\/equilibreazur.fr\/azur\/wp-json\/wp\/v2\/posts"}],"about":[{"href":"https:\/\/equilibreazur.fr\/azur\/wp-json\/wp\/v2\/types\/post"}],"author":[{"embeddable":true,"href":"https:\/\/equilibreazur.fr\/azur\/wp-json\/wp\/v2\/users\/2"}],"replies":[{"embeddable":true,"href":"https:\/\/equilibreazur.fr\/azur\/wp-json\/wp\/v2\/comments?post=8885"}],"version-history":[{"count":6,"href":"https:\/\/equilibreazur.fr\/azur\/wp-json\/wp\/v2\/posts\/8885\/revisions"}],"predecessor-version":[{"id":9033,"href":"https:\/\/equilibreazur.fr\/azur\/wp-json\/wp\/v2\/posts\/8885\/revisions\/9033"}],"wp:featuredmedia":[{"embeddable":true,"href":"https:\/\/equilibreazur.fr\/azur\/wp-json\/wp\/v2\/media\/8887"}],"wp:attachment":[{"href":"https:\/\/equilibreazur.fr\/azur\/wp-json\/wp\/v2\/media?parent=8885"}],"wp:term":[{"taxonomy":"category","embeddable":true,"href":"https:\/\/equilibreazur.fr\/azur\/wp-json\/wp\/v2\/categories?post=8885"},{"taxonomy":"post_tag","embeddable":true,"href":"https:\/\/equilibreazur.fr\/azur\/wp-json\/wp\/v2\/tags?post=8885"}],"curies":[{"name":"wp","href":"https:\/\/api.w.org\/{rel}","templated":true}]}}