{"id":8661,"date":"2021-04-20T10:08:36","date_gmt":"2021-04-20T10:08:36","guid":{"rendered":"https:\/\/equilibreazur.fr\/azur\/?p=8661"},"modified":"2021-08-26T10:18:25","modified_gmt":"2021-08-26T10:18:25","slug":"2021-stage-bargemon","status":"publish","type":"post","link":"https:\/\/equilibreazur.fr\/azur\/news\/2021-stage-bargemon\/","title":{"rendered":"06\/2021&nbsp;: Stage&nbsp;\u00ab\u00a0aiki-Gasshuku\u00a0\u00bb"},"content":{"rendered":"\n<p class=\"has-text-align-center\"><br><span class=\"has-inline-color has-vivid-red-color\"> fin des pre-inscription (+10% apr\u00e8s)<\/span><\/p>\n\n\n\n<h2 class=\"has-text-align-center wp-block-heading\">2\u00e8me&nbsp;stage<br>Stage immersif<\/h2>\n\n\n\n<h2 class=\"has-text-align-center wp-block-heading\">Chateau du reclos <br>Bargemon (83)<br>12-13 juin 2021<\/h2>\n\n\n\n<p>Pour la second fois, AIKI DOJO AZUR organise un stage-retraite sur un week-end (arriv\u00e9e le Vendredi soir) dans un cadre paisible, verdoyant et accueillant.<\/p>\n\n\n\n<p>Un <strong>Gasshuku<\/strong> est un stage d\u2019une courte dur\u00e9e en immersion de type \u201c<strong>session uchi-deshi<\/strong>\u201d (litt. \u201c\u00c9l\u00e8ves internes\u201d), instructeurs et \u00e9l\u00e8ves pratiquent, vivent et mangent ensemble.<\/p>\n\n\n\n<figure class=\"wp-block-image size-large\"><img alt=\"\" loading=\"lazy\" decoding=\"async\" width=\"738\" height=\"433\" src=\"https:\/\/equilibreazur.fr\/azur\/wp-content\/uploads\/2021\/04\/2018-bargemon-gasshuku-738x433.jpg\" alt=\"\" class=\"wp-image-8675\" srcset=\"https:\/\/equilibreazur.fr\/azur\/wp-content\/uploads\/2021\/04\/2018-bargemon-gasshuku-738x433.jpg 738w, https:\/\/equilibreazur.fr\/azur\/wp-content\/uploads\/2021\/04\/2018-bargemon-gasshuku-370x217.jpg 370w, https:\/\/equilibreazur.fr\/azur\/wp-content\/uploads\/2021\/04\/2018-bargemon-gasshuku.jpg 1200w\" sizes=\"auto, (max-width: 738px) 100vw, 738px\" \/><figcaption>Aiki-Gasshuku \u00e0 Bargemon (images 2018)<\/figcaption><\/figure>\n\n\n\n<h3 class=\"wp-block-heading\">ENSEIGNANT<\/h3>\n\n\n\n<p><strong>\u00c9ric Savalli<br><\/strong>Depuis 1988, \u00c9ric \u00e9tudie et enseigne l\u2019Aikido aupr\u00e8s de <strong><a href=\"https:\/\/aikidoblog.net\/fr\/aikido\/daniel-toutain\/\" target=\"_blank\" rel=\"noreferrer noopener\">Daniel TOUTAIN Sensei<\/a><\/strong> dont il fut proche \u00e9l\u00e8ve pendant 33 ann\u00e9es. Il est aujourd&rsquo;hui pratiquant et enseignant au sein de l&rsquo;Aiki Dojo Azur. Depuis toutes ces ann\u00e9es, il est r\u00e9guli\u00e8rement l&rsquo;assistant de <strong>Daniel Toutain<\/strong> lors de stages en France ou \u00e0 l\u2019\u00e9tranger, lors de tournages pour la r\u00e9alisation de DVDs ou de vid\u00e9os promotionnelles. Il a suivi l&rsquo;enseignement de <strong>Saito Morihiro Sensei<\/strong> en Europe et au Japon. Il lui a servi de partenaire unique en Taijutsu lors de stages en France et \u00e0 l&rsquo;\u00e9tranger (Keiko et sp\u00e9cial Keiko). Il suis assidument l\u2019enseignement de <strong><a href=\"https:\/\/aikidoblog.net\/fr\/aikido\/hitohiro-saito-sensei\/\" target=\"_blank\" rel=\"noreferrer noopener\">SAITO Hitohira&nbsp;Sensei<\/a><\/strong> (Iwama Shinshin Aiki Shurenkai) depuis 1993 dont il a \u00e9t\u00e9 <em>uke<\/em> (partenaire) de nombreuses occasions lors de stages (y compris en tant que partenaire unique aux armes lors des&nbsp;\u00ab\u00a0<em>special Keiko<\/em>\u00ab\u00a0).<br>Il est l&rsquo;auteur du site consacr\u00e9 \u00e0 l&rsquo;aikido <a href=\"http:\/\/aikidoblog.net\/\" target=\"_blank\" rel=\"noreferrer noopener\"><strong>aikidoblog.net<\/strong><\/a> et enseigne dans les alpes-maritimes (06) au sein de l&rsquo;<a href=\"https:\/\/equilibreazur.fr\/azur\" target=\"_blank\" rel=\"noreferrer noopener\"><strong>Aiki Dojo Azur<\/strong><\/a>. Il y donne des cours r\u00e9guli\u00e8rement, et dispense \u00e9galement des stages sur invitation d&rsquo;autres <em>dojocho-s<\/em> (responsables de dojo). Par ailleurs, \u00c9ric pratique (depuis 2006) et enseigne le <strong><a href=\"https:\/\/YogaAzur.fr\" target=\"_blank\" rel=\"noreferrer noopener\">Yoga<\/a><\/strong> (depuis 2015).<\/p>\n\n\n\n<div class=\"wp-block-columns are-vertically-aligned-top is-layout-flex wp-container-core-columns-is-layout-9d6595d7 wp-block-columns-is-layout-flex\">\n<div class=\"wp-block-column is-vertically-aligned-top is-layout-flow wp-block-column-is-layout-flow\">\n<h3 class=\"wp-block-heading\">PROGRAMME<\/h3>\n\n\n\n<p><strong>Arriv\u00e9e le Vendredi soir<\/strong> (diner)<strong>,<br>Samedi matin, <\/strong>et<strong>&nbsp;<\/strong><b>apr\u00e8s-midi<br>Dimanche matin<\/b> et <strong>apr\u00e8s-midi<\/strong><\/p>\n\n\n\n<ul class=\"wp-block-list\"><li>Assouplissement issu du Yoga et m\u00e9ditation, \u00e0 8h30<\/li><li>1 cours de 1h30 (\u00e0 2h) par 1\/2 journ\u00e9e<\/li><li>Possibilit\u00e9 de travail libre<\/li><\/ul>\n<\/div>\n\n\n\n<div class=\"wp-block-column is-vertically-aligned-top is-layout-flow wp-block-column-is-layout-flow\">\n<h3 class=\"wp-block-heading\">INFORMATIONS<\/h3>\n\n\n\n<p>Stage ouvert \u00e0 tous. Certificat d\u2019assurance ou licence obligatoire.<br>Pr\u00e9voir <strong>Ken, Jo, Tanto<\/strong> et <strong>chaussures de sport<\/strong> pour les pratiques hors tatamis.<\/p>\n\n\n\n<p>Un <strong>maillot de bain <\/strong>et une serviette de bain si vous souhaitez profiter du bassin d&rsquo;eau de source (voir photo) #WimHoff&nbsp;\ud83d\ude42 <\/p>\n<\/div>\n<\/div>\n\n\n\n<div class=\"wp-block-columns is-layout-flex wp-container-core-columns-is-layout-9d6595d7 wp-block-columns-is-layout-flex\">\n<div class=\"wp-block-column is-layout-flow wp-block-column-is-layout-flow\">\n<h3 class=\"wp-block-heading\">LIEU DU STAGE<\/h3>\n\n\n\n<p>Le Ch\u00e2teau du Reclos<br>Route de Claviers D55<br>83830 Bargemon<\/p>\n\n\n\n<p>&#x1f4cd;Bargemon (83) est <strong>seulement \u00e0 1h <\/strong>de la r\u00e9gion de Grasse.<\/p>\n<\/div>\n\n\n\n<div class=\"wp-block-column is-layout-flow wp-block-column-is-layout-flow\">\n<h3 class=\"wp-block-heading\">INFORMATION \/ INSCRIPTION<\/h3>\n\n\n\n<p><strong>Le nombre de places total est de 25 personnes<\/strong>. Un autre stage se d\u00e9roule en parall\u00e8le sur le lieu.<br>Il est donc pr\u00e9f\u00e9rable de ne pas attendre pour vous inscrire.<\/p>\n<\/div>\n<\/div>\n\n\n\n<h3 class=\"wp-block-heading\">PARTICIPATION<\/h3>\n\n\n\n<ul class=\"wp-block-list\" id=\"block-a634d095-d55b-41ac-98f2-aa19d0c5dcd3\"><li>H\u00e9bergement en pension compl\u00e8te<br>(d\u00e9licieuse cuisine v\u00e9g\u00e9tarienne, draps et oreiller fournis &#8211; 2 nuits et 2 jours)<ul><li>Chambre en commun 2 \u00e0 4 personnes&nbsp;: 130 \u20ac<\/li><li>Chambre individuelle&nbsp;: 150 \u20ac<br><\/li><\/ul><\/li><li>Cours&nbsp;: 60\u20ac<br>Cours&nbsp;\u00ab\u00a0AIKI+YOGA\u00a0\u00bb&nbsp;: 100\u20ac<\/li><\/ul>\n\n\n\n<h3 class=\"wp-block-heading\">&#x27a1;&#xfe0f;&nbsp;INSCRIPTION<\/h3>\n\n\n\n<div class=\"wp-block-group has-background\" style=\"background-color:#f5e6b0\"><div class=\"wp-block-group__inner-container is-layout-flow wp-block-group-is-layout-flow\">\n<p class=\"has-text-align-center has-background\" style=\"background-color:#f5e6b0\"><strong>PRE-INSCRIPTION <span class=\"has-inline-color has-vivid-red-color\">AVANT LE 15 MAI<\/span><\/strong><br><br><strong>PASS\u00c9E CETTE DATE, MAJORATION DE +10%<\/strong><\/p>\n\n\n\n<div class=\"wp-block-buttons is-content-justification-center is-layout-flex wp-block-buttons-is-layout-flex\">\n<div class=\"wp-block-button is-style-fill\"><a class=\"wp-block-button__link has-white-color has-luminous-vivid-amber-background-color has-text-color has-background\" href=\"https:\/\/docs.google.com\/forms\/d\/e\/1FAIpQLScKyvcwV9mem4V3npZtFPbcw7ub_7waioAjCb3O3JRkqxPnVg\/viewform?usp=pp_url\" target=\"_blank\" rel=\"noreferrer noopener\"><strong>INSCRIPTION<\/strong><\/a><\/div>\n<\/div>\n<\/div><\/div>\n\n\n\n<h3 class=\"wp-block-heading\">AFFICHE DU STAGE<\/h3>\n\n\n\n<div class=\"wp-block-group\"><div class=\"wp-block-group__inner-container is-layout-flow wp-block-group-is-layout-flow\">\n<div class=\"wp-block-cover alignwide has-background-dim has-background-gradient is-position-center-center\" style=\"min-height:200px;aspect-ratio:unset;\"><span aria-hidden=\"true\" class=\"wp-block-cover__gradient-background\" style=\"background:linear-gradient(90deg,rgb(255,105,0) 0%,rgb(252,185,0) 100%)\"><\/span><img alt=\"\" loading=\"lazy\" decoding=\"async\" width=\"960\" height=\"540\" class=\"wp-block-cover__image-background wp-image-6579\" alt=\"\" src=\"https:\/\/equilibreazur.fr\/azur\/wp-content\/uploads\/2016\/03\/2015-11-Eric-Savalli-Franck-Barbotin.jpg\" style=\"object-position:66% 100%\" data-object-fit=\"cover\" data-object-position=\"66% 100%\" srcset=\"https:\/\/equilibreazur.fr\/azur\/wp-content\/uploads\/2016\/03\/2015-11-Eric-Savalli-Franck-Barbotin.jpg 960w, https:\/\/equilibreazur.fr\/azur\/wp-content\/uploads\/2016\/03\/2015-11-Eric-Savalli-Franck-Barbotin-370x208.jpg 370w, https:\/\/equilibreazur.fr\/azur\/wp-content\/uploads\/2016\/03\/2015-11-Eric-Savalli-Franck-Barbotin-768x432.jpg 768w, https:\/\/equilibreazur.fr\/azur\/wp-content\/uploads\/2016\/03\/2015-11-Eric-Savalli-Franck-Barbotin-738x415.jpg 738w, https:\/\/equilibreazur.fr\/azur\/wp-content\/uploads\/2016\/03\/2015-11-Eric-Savalli-Franck-Barbotin-600x338.jpg 600w\" sizes=\"auto, (max-width: 960px) 100vw, 960px\" \/><div class=\"wp-block-cover__inner-container is-layout-flow wp-block-cover-is-layout-flow\">\n<div class=\"wp-block-file\"><a href=\"https:\/\/equilibreazur.fr\/azur\/wp-content\/uploads\/2021\/04\/2021-06-bargemon-stage-aiki.pdf\" class=\"wp-block-file__button\" download>T\u00e9l\u00e9charger<\/a><\/div>\n\n\n\n<p class=\"has-text-align-left has-text-color\" style=\"color:#fffffa;font-size:35px;line-height:1.1\"><br><\/p>\n<\/div><\/div>\n<\/div><\/div>\n\n\n\n<h3 class=\"wp-block-heading\">GALERIE PHOTOS<\/h3>\n\n\n\n<figure class=\"wp-block-image size-large\"><img alt=\"\" loading=\"lazy\" decoding=\"async\" width=\"738\" height=\"553\" src=\"https:\/\/equilibreazur.fr\/azur\/wp-content\/uploads\/2021\/04\/Stage-Aikido-Bargemon-738x553.jpg\" alt=\"\" class=\"wp-image-8677\" srcset=\"https:\/\/equilibreazur.fr\/azur\/wp-content\/uploads\/2021\/04\/Stage-Aikido-Bargemon-738x553.jpg 738w, https:\/\/equilibreazur.fr\/azur\/wp-content\/uploads\/2021\/04\/Stage-Aikido-Bargemon-370x277.jpg 370w, https:\/\/equilibreazur.fr\/azur\/wp-content\/uploads\/2021\/04\/Stage-Aikido-Bargemon.jpg 1200w\" sizes=\"auto, (max-width: 738px) 100vw, 738px\" \/><figcaption>Chateau du Reclos<\/figcaption><\/figure>\n\n\n\n<figure class=\"wp-block-image size-full\"><img alt=\"\" loading=\"lazy\" decoding=\"async\" width=\"960\" height=\"960\" src=\"https:\/\/equilibreazur.fr\/azur\/wp-content\/uploads\/2021\/04\/Chateau-reclos.jpeg\" alt=\"\" class=\"wp-image-8678\" srcset=\"https:\/\/equilibreazur.fr\/azur\/wp-content\/uploads\/2021\/04\/Chateau-reclos.jpeg 960w, https:\/\/equilibreazur.fr\/azur\/wp-content\/uploads\/2021\/04\/Chateau-reclos-370x370.jpeg 370w, https:\/\/equilibreazur.fr\/azur\/wp-content\/uploads\/2021\/04\/Chateau-reclos-675x675.jpeg 675w, https:\/\/equilibreazur.fr\/azur\/wp-content\/uploads\/2021\/04\/Chateau-reclos-200x200.jpeg 200w\" sizes=\"auto, (max-width: 960px) 100vw, 960px\" \/><figcaption>Chateau du Reclos<\/figcaption><\/figure>\n\n\n\n<h3 class=\"wp-block-heading\">PLUS D&rsquo;INFOS<\/h3>\n\n\n\n<div class=\"wp-block-columns is-layout-flex wp-container-core-columns-is-layout-9d6595d7 wp-block-columns-is-layout-flex\">\n<div class=\"wp-block-column is-layout-flow wp-block-column-is-layout-flow\">\nChateau du Reclos .com<br \/><a class=\"ss_screenshot_link\" href = \"http:\/\/chateaudureclos.com\"><img decoding=\"async\" class=\"ss_screenshot_img\" alt=\"http:\/\/chateaudureclos.com\" width=\"330\" src=\"http:\/\/s.wordpress.com\/mshots\/v1\/http%3A%2F%2Fchateaudureclos.com?w=330\" \/><\/a>\n\n\n\n<p><\/p>\n<\/div>\n\n\n\n<div class=\"wp-block-column is-layout-flow wp-block-column-is-layout-flow\">\nAiki Dojo Azur<br \/><a class=\"ss_screenshot_link\" href = \"https:\/\/equilibreazur.fr\"><img decoding=\"async\" class=\"ss_screenshot_img\" alt=\"https:\/\/equilibreazur.fr\" width=\"330\" src=\"http:\/\/s.wordpress.com\/mshots\/v1\/https%3A%2F%2Fequilibreazur.fr?w=330\" \/><\/a>\n\n\n\n<p><\/p>\n<\/div>\n<\/div>\n\n\n\n<p>Attention,&nbsp;<strong>ces informations peuvent \u00e9voluer<\/strong>&nbsp;!<br>Merci de revenir consulter cette page. Pensez \u00e0 vous inscrire \u00e0 notre lettre d&rsquo;information.<br>et contacter l&rsquo;organisateur afin de vous r\u00e9server votre place et vous inscrire.<\/p>\n\n\n\n<h3 class=\"wp-block-heading\">&#x27a1;&#xfe0f;&nbsp;INSCRIPTION<\/h3>\n\n\n\n<div class=\"wp-block-group has-background\" style=\"background-color:#f5e6b0\"><div class=\"wp-block-group__inner-container is-layout-flow wp-block-group-is-layout-flow\">\n<p class=\"has-text-align-center has-background\" style=\"background-color:#f5e6b0\"><strong>PRE-INSCRIPTION AVANT LE 15 MAI<\/strong><br><br><strong>PASS\u00c9E CETTE DATE, MAJORATION DE +10%<\/strong><\/p>\n\n\n\n<div class=\"wp-block-buttons is-content-justification-center is-layout-flex wp-block-buttons-is-layout-flex\">\n<div class=\"wp-block-button is-style-fill\"><a class=\"wp-block-button__link has-white-color has-luminous-vivid-amber-background-color has-text-color has-background\" href=\"https:\/\/docs.google.com\/forms\/d\/e\/1FAIpQLScKyvcwV9mem4V3npZtFPbcw7ub_7waioAjCb3O3JRkqxPnVg\/viewform?usp=pp_url\" target=\"_blank\" rel=\"noreferrer noopener\"><strong>INSCRIPTION<\/strong><\/a><\/div>\n<\/div>\n<\/div><\/div>\n\n\n\n<div class=\"wp-block-columns is-layout-flex wp-container-core-columns-is-layout-9d6595d7 wp-block-columns-is-layout-flex\">\n<div class=\"wp-block-column is-layout-flow wp-block-column-is-layout-flow\"><\/div>\n\n\n\n<div class=\"wp-block-column is-vertically-aligned-center is-layout-flow wp-block-column-is-layout-flow\"><\/div>\n<\/div>\n","protected":false},"excerpt":{"rendered":"<p>Pour la seconde fois, AIKI DOJO AZUR organise un grand stage immersif Wanomichi Takemusu Aiki sur un weekend (Vendredi soir \u00e0 Dimanche) \u00e0 Bargemon.<br \/>\nLe stage aura lieu au chateau du Reclos, dans un environnement et un cadre de vie propice aux \u00ab\u00a0stages Uchi Deshi\u00a0\u00bb.<\/p>\n","protected":false},"author":2,"featured_media":8674,"comment_status":"open","ping_status":"open","sticky":false,"template":"","format":"standard","meta":{"_acf_changed":false,"_seopress_robots_primary_cat":"","_seopress_titles_title":"","_seopress_titles_desc":"","_seopress_robots_index":"","generate_page_header":"","footnotes":""},"categories":[142,197],"tags":[248,271,45,204,201],"class_list":["post-8661","post","type-post","status-publish","format-standard","has-post-thumbnail","hentry","category-news","category-stages-calendrier","tag-aikido","tag-bargemon","tag-e-savalli","tag-stage","tag-yoga","infinite-scroll-item","masonry-post","generate-columns","tablet-grid-50","mobile-grid-100","grid-parent","grid-50"],"acf":[],"_links":{"self":[{"href":"https:\/\/equilibreazur.fr\/azur\/wp-json\/wp\/v2\/posts\/8661","targetHints":{"allow":["GET"]}}],"collection":[{"href":"https:\/\/equilibreazur.fr\/azur\/wp-json\/wp\/v2\/posts"}],"about":[{"href":"https:\/\/equilibreazur.fr\/azur\/wp-json\/wp\/v2\/types\/post"}],"author":[{"embeddable":true,"href":"https:\/\/equilibreazur.fr\/azur\/wp-json\/wp\/v2\/users\/2"}],"replies":[{"embeddable":true,"href":"https:\/\/equilibreazur.fr\/azur\/wp-json\/wp\/v2\/comments?post=8661"}],"version-history":[{"count":6,"href":"https:\/\/equilibreazur.fr\/azur\/wp-json\/wp\/v2\/posts\/8661\/revisions"}],"predecessor-version":[{"id":8911,"href":"https:\/\/equilibreazur.fr\/azur\/wp-json\/wp\/v2\/posts\/8661\/revisions\/8911"}],"wp:featuredmedia":[{"embeddable":true,"href":"https:\/\/equilibreazur.fr\/azur\/wp-json\/wp\/v2\/media\/8674"}],"wp:attachment":[{"href":"https:\/\/equilibreazur.fr\/azur\/wp-json\/wp\/v2\/media?parent=8661"}],"wp:term":[{"taxonomy":"category","embeddable":true,"href":"https:\/\/equilibreazur.fr\/azur\/wp-json\/wp\/v2\/categories?post=8661"},{"taxonomy":"post_tag","embeddable":true,"href":"https:\/\/equilibreazur.fr\/azur\/wp-json\/wp\/v2\/tags?post=8661"}],"curies":[{"name":"wp","href":"https:\/\/api.w.org\/{rel}","templated":true}]}}