{"id":8596,"date":"2020-09-05T18:18:23","date_gmt":"2020-09-05T18:18:23","guid":{"rendered":"https:\/\/equilibreazur.fr\/azur\/?p=8596"},"modified":"2020-09-24T08:31:38","modified_gmt":"2020-09-24T08:31:38","slug":"2020-09-protocole-sanitaire","status":"publish","type":"post","link":"https:\/\/equilibreazur.fr\/azur\/news\/2020-09-protocole-sanitaire\/","title":{"rendered":"Protocole sanitaire 09\/2020"},"content":{"rendered":"\n<p>Conform\u00e9ment&#8230;<\/p>\n\n\n\n<ul class=\"wp-block-list\"><li>Aux mesures pr\u00e9conis\u00e9es les communes de Chateauneuf de Grasse, Le Rouret, Roquefort-les-pins<\/li><li>Aux mesures pr\u00e9conis\u00e9es par les f\u00e9d\u00e9rations <a href=\"https:\/\/fr.calameo.com\/read\/002794075c68ad317adca\" target=\"_blank\" rel=\"noreferrer noopener\">FFAB<\/a> [lien externe] et <a href=\"https:\/\/www.ify.fr\/documents\/\" target=\"_blank\" rel=\"noreferrer noopener\">IFY<\/a> [lien externe],<\/li><\/ul>\n\n\n\n<p>Voici les r\u00e8gles du protocole sanitaire en vigueur pour la rentr\u00e9e 2020&#8230;<\/p>\n\n\n\n<h2 class=\"wp-block-heading\">Pr\u00e9conisation<\/h2>\n\n\n\n<ul class=\"wp-block-list\"><li>Je ne suis pas dans un foyer ayant un cas de Covid-19 d\u00e9clar\u00e9 depuis moins de 24 jours<\/li><li>J&rsquo;ai un bon \u00e9tat de sant\u00e9 g\u00e9n\u00e9ral. Si j&rsquo;ai eu le covid-19 ou si je pr\u00e9sente des sympt\u00f4mes faisant suspecter une infection (fi\u00e8vre, rhume, toux, douleur thoracique, fatigue, perte de go\u00fbt ou d&rsquo;odorat, diarrh\u00e9e&#8230;) je dois d&rsquo;abord consulter un m\u00e9decin avant ma reprise de pratique.<\/li><li>Je me lave les mains avant chaque s\u00e9ance.<\/li><\/ul>\n\n\n\n<h2 class=\"wp-block-heading\">Acc\u00e8s et D\u00e9placement<\/h2>\n\n\n\n<ul class=\"wp-block-list\"><li>Port du <strong>masque obligatoire pour tout d\u00e9placement<\/strong>. <br>Pr\u00e9voir un sachet de protection pour le masque en cours d\u2019usage (retir\u00e9 pendant la s\u00e9ance de sport).<\/li><li><strong>Gel hydroalcoolique<\/strong> avant de rentrer dans la salle (apport\u00e9 par les pratiquants ou l&rsquo;instructeur)<\/li><li>\u00c9viter, tant que faire se peut, les croisements&nbsp;: entr\u00e9e\/sortie distinctes.<\/li><li>Un&nbsp;\u00ab\u00a0<strong>responsable covid<\/strong>\u00a0\u00bb veillera au respects des r\u00e8gles ici pr\u00e9sente \u00e0 chaque cours<\/li><li>Un listing des pr\u00e9sents est mis en place afin de pouvoir fournir au autorit\u00e9s administratives habilit\u00e9s qui en feraient la demande, <strong>la liste nominative des participants \u00e0 chaque cours<\/strong>.<\/li><\/ul>\n\n\n\n<h2 class=\"wp-block-heading\">Vestiaire<\/h2>\n\n\n\n<ul class=\"wp-block-list\"><li>les <strong>douches peuvent<\/strong> \u00eatres utilis\u00e9es dans le strict respect des protocoles sanitaires.<\/li><li>L\u2019usage des vestiaires est <strong>limit\u00e9 au d\u00e9p\u00f4t des chaussures et effets personnels<\/strong> (veste, sac \u00e0 main)&nbsp;: Pas de sac de sport<\/li><\/ul>\n\n\n\n<h2 class=\"wp-block-heading\">Tenues<\/h2>\n\n\n\n<ul class=\"wp-block-list\"><li><strong>Arriver en tenue<\/strong> (sports de contact&nbsp;: une simple tenue pour \u00eatre \u00e0 l&rsquo;aise est suffisante)<\/li><\/ul>\n\n\n\n<p>Salle Charvet \/ Tatami &#8230;<\/p>\n\n\n\n<ul class=\"wp-block-list\"><li>1\/ <strong>Pas de d\u00e9placement pieds nus ou en chaussettes en dehors du tatami<\/strong><\/li><li>2\/ <strong>Utilisation de Zori-s<\/strong> (ou tout autre chaussons, sandales de plage) en dehors du tatamis et \u00e0 l\u2019int\u00e9rieur du b\u00e2timent (c-\u00e0-d en passant la porte)<\/li><li>3\/ Mettre ses chaussures d\u2019ext\u00e9rieur dans un sac en plastique <strong>\u00e0 l\u2019int\u00e9rieur de votre sac de sport<\/strong> \u00e0 votre entr\u00e9e<\/li><li>4\/ <strong>Nettoyage rapide du tatami<\/strong> par tous et pour tous avant le cours<\/li><\/ul>\n\n\n\n<h2 class=\"wp-block-heading\">Durant la pratique<\/h2>\n\n\n\n<ul class=\"wp-block-list\"><li>Port du <strong>masque non requis<\/strong><\/li><li>Respect des distances entre personnes = <strong>1m minimum<\/strong><br>(en dehors des sports de contact pour lesquels on reste avec le\u00b7la <strong>m\u00eame partenaire<\/strong> durant tout le cours)<\/li><li>Nombre maximal de personnes&nbsp;:<strong> 4m2 \/ personne au maximum<\/strong><\/li><li>Chacun utilise <strong>son mat\u00e9riel<\/strong><\/li><\/ul>\n\n\n\n<h2 class=\"wp-block-heading\">Environnement<\/h2>\n\n\n\n<ul class=\"wp-block-list\"><li><strong>Pas d&rsquo;utilisation du mobilier<\/strong> ou <strong>d\u00e9contamination avec lingettes<\/strong> du mat\u00e9riel, surface tables, interrupteurs, poign\u00e9e de porte&#8230; (+ nettoyage de la salle lorsque la commune le demande)<\/li><li>Dans la mesure du possible, <strong>laisser les portes ouvertes<\/strong> pour limiter les risques de contamination par les surfaces.<\/li><li><strong>Aucun&nbsp;\u00ab\u00a0public\u00a0\u00bb ne sera accept\u00e9 \u00e0 l&rsquo;int\u00e9rieur des b\u00e2timents<\/strong> pendant les s\u00e9ances d&rsquo;entra\u00eenement ou cours, seuls les adh\u00e9rents et les encadrants seront autoris\u00e9s \u00e0 rentrer. Les parents devront <strong>attendre \u00e0 l&rsquo;ext\u00e9rieur<\/strong> des b\u00e2timents.<\/li><\/ul>\n\n\n\n<hr class=\"wp-block-separator\"\/>\n\n\n\n<div class=\"wp-block-file\"><a href=\"https:\/\/equilibreazur.fr\/azur\/wp-content\/uploads\/2020\/09\/2020-09-regles-COVID-gymnases.pdf\">2020-09-regles-COVID-gymnases<\/a><a href=\"https:\/\/equilibreazur.fr\/azur\/wp-content\/uploads\/2020\/09\/2020-09-regles-COVID-gymnases.pdf\" class=\"wp-block-file__button\" download>T\u00e9l\u00e9charger<\/a><\/div>\n\n\n\n<div class=\"wp-block-file\"><a href=\"https:\/\/equilibreazur.fr\/azur\/wp-content\/uploads\/2020\/09\/2020-rentree-fiche-protocole-hygiene-associations-chateauneuf.pdf\">2020-rentree-fiche-protocole-hygiene-associations-chateauneuf<\/a><a href=\"https:\/\/equilibreazur.fr\/azur\/wp-content\/uploads\/2020\/09\/2020-rentree-fiche-protocole-hygiene-associations-chateauneuf.pdf\" class=\"wp-block-file__button\" download>T\u00e9l\u00e9charger<\/a><\/div>\n\n\n\n<div class=\"wp-block-file\"><a href=\"https:\/\/equilibreazur.fr\/azur\/wp-content\/uploads\/2020\/09\/2020-09-ify-association-et-enseignants.pdf\">2020-09-ify-association-et-enseignants<\/a><a href=\"https:\/\/equilibreazur.fr\/azur\/wp-content\/uploads\/2020\/09\/2020-09-ify-association-et-enseignants.pdf\" class=\"wp-block-file__button\" download>T\u00e9l\u00e9charger<\/a><\/div>\n\n\n\n<div class=\"wp-block-file\"><a href=\"https:\/\/equilibreazur.fr\/azur\/wp-content\/uploads\/2020\/09\/2020-09-ify-protocole-adherents.pdf\">2020-09-ify-protocole-adherents<\/a><a href=\"https:\/\/equilibreazur.fr\/azur\/wp-content\/uploads\/2020\/09\/2020-09-ify-protocole-adherents.pdf\" class=\"wp-block-file__button\" download>T\u00e9l\u00e9charger<\/a><\/div>\n","protected":false},"excerpt":{"rendered":"<p>En raison du covid19, voici les r\u00e8gles du protocole sanitaire en vigueur pour la rentr\u00e9e 2020&#8230;<\/p>\n","protected":false},"author":2,"featured_media":8605,"comment_status":"open","ping_status":"closed","sticky":false,"template":"","format":"standard","meta":{"_acf_changed":false,"_seopress_robots_primary_cat":"","_seopress_titles_title":"","_seopress_titles_desc":"","_seopress_robots_index":"","generate_page_header":"","footnotes":""},"categories":[143,142],"tags":[],"class_list":["post-8596","post","type-post","status-publish","format-standard","has-post-thumbnail","hentry","category-hot-news","category-news","infinite-scroll-item","masonry-post","generate-columns","tablet-grid-50","mobile-grid-100","grid-parent","grid-50"],"acf":[],"_links":{"self":[{"href":"https:\/\/equilibreazur.fr\/azur\/wp-json\/wp\/v2\/posts\/8596","targetHints":{"allow":["GET"]}}],"collection":[{"href":"https:\/\/equilibreazur.fr\/azur\/wp-json\/wp\/v2\/posts"}],"about":[{"href":"https:\/\/equilibreazur.fr\/azur\/wp-json\/wp\/v2\/types\/post"}],"author":[{"embeddable":true,"href":"https:\/\/equilibreazur.fr\/azur\/wp-json\/wp\/v2\/users\/2"}],"replies":[{"embeddable":true,"href":"https:\/\/equilibreazur.fr\/azur\/wp-json\/wp\/v2\/comments?post=8596"}],"version-history":[{"count":6,"href":"https:\/\/equilibreazur.fr\/azur\/wp-json\/wp\/v2\/posts\/8596\/revisions"}],"predecessor-version":[{"id":8650,"href":"https:\/\/equilibreazur.fr\/azur\/wp-json\/wp\/v2\/posts\/8596\/revisions\/8650"}],"wp:featuredmedia":[{"embeddable":true,"href":"https:\/\/equilibreazur.fr\/azur\/wp-json\/wp\/v2\/media\/8605"}],"wp:attachment":[{"href":"https:\/\/equilibreazur.fr\/azur\/wp-json\/wp\/v2\/media?parent=8596"}],"wp:term":[{"taxonomy":"category","embeddable":true,"href":"https:\/\/equilibreazur.fr\/azur\/wp-json\/wp\/v2\/categories?post=8596"},{"taxonomy":"post_tag","embeddable":true,"href":"https:\/\/equilibreazur.fr\/azur\/wp-json\/wp\/v2\/tags?post=8596"}],"curies":[{"name":"wp","href":"https:\/\/api.w.org\/{rel}","templated":true}]}}