{"id":8485,"date":"2020-08-25T16:53:45","date_gmt":"2020-08-25T16:53:45","guid":{"rendered":"https:\/\/equilibreazur.fr\/azur\/?p=8485"},"modified":"2021-08-26T10:07:30","modified_gmt":"2021-08-26T10:07:30","slug":"2020-journees-des-associations","status":"publish","type":"post","link":"https:\/\/equilibreazur.fr\/azur\/news\/2020-journees-des-associations\/","title":{"rendered":"Rentr\u00e9e septembre 2020&nbsp;!"},"content":{"rendered":"\n<p>Bonjour \u00e0 toutes et \u00e0 tous,<\/p>\n\n\n\n<p>Voici les informations \u00e0 retenir pour la nouvelle saison&nbsp;:<\/p>\n\n\n\n<ol class=\"wp-block-list\"><li>Une <strong>nouvelle adresse web<\/strong> pour notre site internet<\/li><li>La <strong>date de reprise<\/strong> des cours<\/li><li>Les <strong>dates des forums des associations<\/strong> durant lesquelles vous pourrez rencontrer les enseignants et des membres actifs<\/li><li>Les <strong>cours et conditions<\/strong> d&rsquo;adh\u00e9sion<\/li><li><strong>Quelques consignes<\/strong> li\u00e9es \u00e0 la crise sanitaire actuelle<\/li><\/ol>\n\n\n\n<h2 class=\"wp-block-heading\">\/1\/ Nouvelle adresse web<\/h2>\n\n\n\n<p>Avec les disciplines enseign\u00e9es au sein de l&rsquo;association, il devenait important d&rsquo;utiliser une nouvelle adresse plus en rapport avec chacune d&rsquo;entre elles et non uniquement \u00e0 la pratique de l&rsquo;Aikido qui est l&rsquo;activit\u00e9 \u00e0 l&rsquo;origine de la cr\u00e9ation de l&rsquo;association.<\/p>\n\n\n\n<p>Nous avons choisi&nbsp;\u00ab\u00a0Equilibre Azur\u00a0\u00bb car la recherche de l&rsquo;\u00e9quilibre, tant corporel que mental, est un axe commun aux quatre disciplines pratiqu\u00e9es. Ce&nbsp;\u00ab\u00a0nom de domaine\u00a0\u00bb (URL en anglais pour les experts) a \u00e9t\u00e9 retenu (merci \u00e0 Marie pour la bonne id\u00e9e).<\/p>\n\n\n\n<p><a href=\"https:\/\/equilibreazur.fr\" target=\"_blank\" rel=\"noreferrer noopener\">EquilibreAzur.Fr<\/a>  vous permet d&rsquo;acc\u00e9der directement aux 3 pages d\u00e9di\u00e9es \u00e0 nos ch\u00e8res disciplines (\u00e0 terme, tout le site migrera de equilibreazur.fr\/azur vers equilibreazur.fr)&nbsp;:<\/p>\n\n\n\n<ol class=\"wp-block-list\"><li><a href=\"https:\/\/equilibreazur.fr\/azur\/wanomichi\/\"><strong>Wanomichi<\/strong>  (issue de l&rsquo;<strong>Aikido<\/strong>) et Aunkai<\/a> (arts japonais)<\/li><li><a href=\"https:\/\/equilibreazur.fr\/azur\/yoga\/\"><strong>Yoga<\/strong><\/a> (art indien)<\/li><li><a href=\"https:\/\/equilibreazur.fr\/azur\/qi-gong\/\"><strong>Qi-Gong<\/strong><\/a> (art chinois)<\/li><\/ol>\n\n\n\n<h2 class=\"wp-block-heading\">\/2\/ Date de la reprise <\/h2>\n\n\n\n<p>Tous les cours reprennent \u00e0 partir du <strong>14 septembre<\/strong>.<\/p>\n\n\n\n<figure class=\"wp-block-image size-large\"><img alt=\"\" loading=\"lazy\" decoding=\"async\" width=\"738\" height=\"554\" src=\"https:\/\/equilibreazur.fr\/azur\/wp-content\/uploads\/2020\/08\/2020-reprise-cours-738x554.jpg\" alt=\"\" class=\"wp-image-8502\" srcset=\"https:\/\/equilibreazur.fr\/azur\/wp-content\/uploads\/2020\/08\/2020-reprise-cours-738x554.jpg 738w, https:\/\/equilibreazur.fr\/azur\/wp-content\/uploads\/2020\/08\/2020-reprise-cours-370x278.jpg 370w, https:\/\/equilibreazur.fr\/azur\/wp-content\/uploads\/2020\/08\/2020-reprise-cours.jpg 960w\" sizes=\"auto, (max-width: 738px) 100vw, 738px\" \/><\/figure>\n\n\n\n<h2 class=\"wp-block-heading\">\/3\/ Les Journ\u00e9es des Associations<\/h2>\n\n\n\n<p>Besoin d&rsquo;un compl\u00e9ment d&rsquo;information&nbsp;? Vous souhaitez remplir votre dossier d&rsquo;inscription afin d&rsquo;assurer votre adh\u00e9sion&nbsp;? Venez rencontrer membres actifs et enseignants lors des 2 journ\u00e9es des associations&nbsp;!<\/p>\n\n\n\n<p>De courtes <strong>d\u00e9monstrations <\/strong>de<strong> Wanomichi <\/strong>Aiki et de <strong>Qi-Gong<\/strong> seront effectu\u00e9es durant la journ\u00e9e du 13 septembre au parc de loisirs d&rsquo;Opio.<\/p>\n\n\n\n<p>&#x1f637; Le port du masque est obligatoire aux journ\u00e9es des associations.<\/p>\n\n\n\n<div class=\"wp-block-columns is-layout-flex wp-container-core-columns-is-layout-9d6595d7 wp-block-columns-is-layout-flex\">\n<div class=\"wp-block-column is-layout-flow wp-block-column-is-layout-flow\">\n<p><strong>Samedi 05\/09\/2020<\/strong><\/p>\n\n\n\n<p><strong>&#x25aa;&#xfe0f;<\/strong> <strong>LE ROURET<\/strong><br>Place de la lib\u00e9ration<br>10h00 &gt; 15h00<\/p>\n\n\n\n<p><strong>&#x25aa;&#xfe0f;<\/strong> <strong>ROQUEFORT-LES-PINS<\/strong><br>Jardin des D\u00e9cades<br>10h &gt; 14h<\/p>\n<\/div>\n\n\n\n<div class=\"wp-block-column is-layout-flow wp-block-column-is-layout-flow\">\n<p><strong>Dimanche 13\/09\/2020<\/strong><\/p>\n\n\n\n<p>&#x25aa;&#xfe0f; <strong>OPIO<\/strong><br>Parc de loisirs<br>10h &gt; 17h30<br>D\u00c9MONSTRATIONS WANOMICHI + QI-GONG (heures  non fix\u00e9es)<\/p>\n<\/div>\n<\/div>\n\n\n\n<figure class=\"wp-block-image size-large\"><img loading=\"lazy\" decoding=\"async\" width=\"738\" height=\"554\" src=\"https:\/\/equilibreazur.fr\/azur\/wp-content\/uploads\/2020\/08\/2020-forum-associations-738x554.jpg\" alt=\"Rentr\u00e9e 2020 - Infos sur la reprise des cours et forums des associations - Roquefort les pins, le rouret, opio, chateauneuf de Grasse\" class=\"wp-image-8484\" srcset=\"https:\/\/equilibreazur.fr\/azur\/wp-content\/uploads\/2020\/08\/2020-forum-associations-738x554.jpg 738w, https:\/\/equilibreazur.fr\/azur\/wp-content\/uploads\/2020\/08\/2020-forum-associations-370x278.jpg 370w, https:\/\/equilibreazur.fr\/azur\/wp-content\/uploads\/2020\/08\/2020-forum-associations.jpg 960w\" sizes=\"auto, (max-width: 738px) 100vw, 738px\" \/><figcaption>Venez nous rencontrer lors des journ\u00e9es des associations&nbsp;! Dossier d&rsquo;inscription sur place.<\/figcaption><\/figure>\n\n\n\n<div class=\"su-spoiler su-spoiler-style-default su-spoiler-icon-plus su-spoiler-closed\" data-scroll-offset=\"0\" data-anchor-in-url=\"no\"><div class=\"su-spoiler-title\" tabindex=\"0\" role=\"button\"><span class=\"su-spoiler-icon\"><\/span>Infos mairies<\/div><div class=\"su-spoiler-content su-u-clearfix su-u-trim\">\n\n\n\n<h3 class=\"wp-block-heading\">Roquefort-les-pins<\/h3>\n\n\n\n<p>Voir <a href=\"http:\/\/www.recreanice.fr\/roquefort-pins-fete-animations-forum-associations\" target=\"_blank\" rel=\"noreferrer noopener\">la page de la municipalit\u00e9<\/a>.<\/p>\n\n\n\n<h3 class=\"wp-block-heading\">Le Rouret<\/h3>\n\n\n\n<figure class=\"wp-block-embed-wordpress wp-block-embed is-type-wp-embed is-provider-mairie-le-rouret\"><div class=\"wp-block-embed__wrapper\">\n<blockquote class=\"wp-embedded-content\" data-secret=\"WvCYNI6mlT\"><a href=\"https:\/\/lerouret.fr\/forum-des-associations-5-septembre-2020\/\">Forum des associations &#8211; 5 Septembre 2020<\/a><\/blockquote><iframe loading=\"lazy\" class=\"wp-embedded-content\" sandbox=\"allow-scripts\" security=\"restricted\" style=\"position: absolute; clip: rect(1px, 1px, 1px, 1px);\" title=\"\u00ab\u00a0Forum des associations &#8211; 5 Septembre 2020\u00a0\u00bb &#8212; Mairie Le Rouret\" src=\"https:\/\/lerouret.fr\/forum-des-associations-5-septembre-2020\/embed\/#?secret=WvCYNI6mlT\" data-secret=\"WvCYNI6mlT\" width=\"600\" height=\"338\" frameborder=\"0\" marginwidth=\"0\" marginheight=\"0\" scrolling=\"no\"><\/iframe>\n<\/div><\/figure>\n\n\n\n<h3 class=\"wp-block-heading\">Opio (Ch\u00e2teauneuf &#8211; Gourdon &#8211; Bar sur Loup)<\/h3>\n\n\n\n<figure class=\"wp-block-embed-wordpress wp-block-embed is-type-wp-embed is-provider-mairie-d-039-opio\"><div class=\"wp-block-embed__wrapper\">\n<blockquote class=\"wp-embedded-content\" data-secret=\"XiUKBDhxY9\"><a href=\"https:\/\/mairie-opio.fr\/forum-des-associations\/\">Forum des Associations<\/a><\/blockquote><iframe loading=\"lazy\" class=\"wp-embedded-content\" sandbox=\"allow-scripts\" security=\"restricted\" style=\"position: absolute; clip: rect(1px, 1px, 1px, 1px);\" title=\"\u00ab\u00a0Forum des Associations\u00a0\u00bb &#8212; Mairie d&#039;Opio\" src=\"https:\/\/mairie-opio.fr\/forum-des-associations\/embed\/#?secret=XiUKBDhxY9\" data-secret=\"XiUKBDhxY9\" width=\"600\" height=\"338\" frameborder=\"0\" marginwidth=\"0\" marginheight=\"0\" scrolling=\"no\"><\/iframe>\n<\/div><\/figure>\n\n\n\n<\/div><\/div>\n\n\n\n<div class=\"wp-block-group\"><div class=\"wp-block-group__inner-container is-layout-flow wp-block-group-is-layout-flow\">\n<figure class=\"wp-block-gallery columns-3 is-cropped wp-block-gallery-1 is-layout-flex wp-block-gallery-is-layout-flex\"><ul class=\"blocks-gallery-grid\"><li class=\"blocks-gallery-item\"><figure><img alt=\"\" loading=\"lazy\" decoding=\"async\" width=\"640\" height=\"360\" src=\"https:\/\/equilibreazur.fr\/azur\/wp-content\/uploads\/2015\/07\/2014-09-07-10-52-46-IMG_3230.jpg\" alt=\"\" data-id=\"5819\" data-full-url=\"https:\/\/equilibreazur.fr\/azur\/wp-content\/uploads\/2015\/07\/2014-09-07-10-52-46-IMG_3230.jpg\" data-link=\"https:\/\/equilibreazur.fr\/azur\/news\/2014-09-video-association-aikido\/attachment\/forum-des-associations-a-opio-06\/#main\" class=\"wp-image-5819\" srcset=\"https:\/\/equilibreazur.fr\/azur\/wp-content\/uploads\/2015\/07\/2014-09-07-10-52-46-IMG_3230.jpg 640w, https:\/\/equilibreazur.fr\/azur\/wp-content\/uploads\/2015\/07\/2014-09-07-10-52-46-IMG_3230-370x208.jpg 370w, https:\/\/equilibreazur.fr\/azur\/wp-content\/uploads\/2015\/07\/2014-09-07-10-52-46-IMG_3230-600x338.jpg 600w\" sizes=\"auto, (max-width: 640px) 100vw, 640px\" \/><\/figure><\/li><li class=\"blocks-gallery-item\"><figure><img alt=\"\" loading=\"lazy\" decoding=\"async\" width=\"640\" height=\"360\" src=\"https:\/\/equilibreazur.fr\/azur\/wp-content\/uploads\/2015\/07\/2014-09-06-10-27-38-IMG_3221-Version-2.jpg\" alt=\"\" data-id=\"5815\" data-full-url=\"https:\/\/equilibreazur.fr\/azur\/wp-content\/uploads\/2015\/07\/2014-09-06-10-27-38-IMG_3221-Version-2.jpg\" data-link=\"https:\/\/equilibreazur.fr\/azur\/news\/2014-09-video-association-aikido\/attachment\/forum-des-associations-a-le-rouret-06-092014\/#main\" class=\"wp-image-5815\" srcset=\"https:\/\/equilibreazur.fr\/azur\/wp-content\/uploads\/2015\/07\/2014-09-06-10-27-38-IMG_3221-Version-2.jpg 640w, https:\/\/equilibreazur.fr\/azur\/wp-content\/uploads\/2015\/07\/2014-09-06-10-27-38-IMG_3221-Version-2-370x208.jpg 370w, https:\/\/equilibreazur.fr\/azur\/wp-content\/uploads\/2015\/07\/2014-09-06-10-27-38-IMG_3221-Version-2-600x338.jpg 600w\" sizes=\"auto, (max-width: 640px) 100vw, 640px\" \/><\/figure><\/li><li class=\"blocks-gallery-item\"><figure><img alt=\"\" loading=\"lazy\" decoding=\"async\" width=\"600\" height=\"278\" src=\"https:\/\/equilibreazur.fr\/azur\/wp-content\/uploads\/2012\/08\/forum-associations-le-rouret.jpg\" alt=\"\" data-id=\"4348\" data-full-url=\"https:\/\/equilibreazur.fr\/azur\/wp-content\/uploads\/2012\/08\/forum-associations-le-rouret.jpg\" data-link=\"https:\/\/equilibreazur.fr\/azur\/news\/2012-09-le-rouret-forum-associations\/attachment\/forum-des-assocations-au-rouret-2\/#main\" class=\"wp-image-4348\" srcset=\"https:\/\/equilibreazur.fr\/azur\/wp-content\/uploads\/2012\/08\/forum-associations-le-rouret.jpg 600w, https:\/\/equilibreazur.fr\/azur\/wp-content\/uploads\/2012\/08\/forum-associations-le-rouret-370x171.jpg 370w, https:\/\/equilibreazur.fr\/azur\/wp-content\/uploads\/2012\/08\/forum-associations-le-rouret-150x69.jpg 150w, https:\/\/equilibreazur.fr\/azur\/wp-content\/uploads\/2012\/08\/forum-associations-le-rouret-400x185.jpg 400w\" sizes=\"auto, (max-width: 600px) 100vw, 600px\" \/><\/figure><\/li><li class=\"blocks-gallery-item\"><figure><img loading=\"lazy\" decoding=\"async\" width=\"478\" height=\"275\" src=\"https:\/\/equilibreazur.fr\/azur\/wp-content\/uploads\/2011\/09\/2011-09-03-forum-association-le-rouret.jpg\" alt=\"Stand Aikido\" data-id=\"2777\" data-full-url=\"https:\/\/equilibreazur.fr\/azur\/wp-content\/uploads\/2011\/09\/2011-09-03-forum-association-le-rouret.jpg\" data-link=\"https:\/\/equilibreazur.fr\/azur\/forum-des-associations\/\" class=\"wp-image-2777\" srcset=\"https:\/\/equilibreazur.fr\/azur\/wp-content\/uploads\/2011\/09\/2011-09-03-forum-association-le-rouret.jpg 478w, https:\/\/equilibreazur.fr\/azur\/wp-content\/uploads\/2011\/09\/2011-09-03-forum-association-le-rouret-370x213.jpg 370w\" sizes=\"auto, (max-width: 478px) 100vw, 478px\" \/><\/figure><\/li><li class=\"blocks-gallery-item\"><figure><img loading=\"lazy\" decoding=\"async\" width=\"640\" height=\"427\" src=\"https:\/\/equilibreazur.fr\/azur\/wp-content\/uploads\/2012\/10\/2011-09-11-aikido-opio.jpg\" alt=\"Demonstration Aikido\" data-id=\"4468\" data-full-url=\"https:\/\/equilibreazur.fr\/azur\/wp-content\/uploads\/2012\/10\/2011-09-11-aikido-opio.jpg\" data-link=\"https:\/\/equilibreazur.fr\/azur\/news\/2012-10-stage-aikido-saint-laurent-du-var\/attachment\/forum-des-associations-opio-092011\/#main\" class=\"wp-image-4468\" srcset=\"https:\/\/equilibreazur.fr\/azur\/wp-content\/uploads\/2012\/10\/2011-09-11-aikido-opio.jpg 640w, https:\/\/equilibreazur.fr\/azur\/wp-content\/uploads\/2012\/10\/2011-09-11-aikido-opio-478x319.jpg 478w, https:\/\/equilibreazur.fr\/azur\/wp-content\/uploads\/2012\/10\/2011-09-11-aikido-opio-150x100.jpg 150w, https:\/\/equilibreazur.fr\/azur\/wp-content\/uploads\/2012\/10\/2011-09-11-aikido-opio-400x266.jpg 400w\" sizes=\"auto, (max-width: 640px) 100vw, 640px\" \/><\/figure><\/li><\/ul><\/figure>\n<\/div><\/div>\n\n\n\n<h2 class=\"wp-block-heading\">\/4\/ Cours et conditions d&rsquo;adh\u00e9sion<\/h2>\n\n\n\n<p>Les nouveaux horaires, lieux et tarifs ont \u00e9t\u00e9 mis en ligne.<\/p>\n\n\n\n<p>Voici quelques informations cl\u00e9s et changements effectu\u00e9s par rapport \u00e0 la saison pr\u00e9c\u00e9dente&nbsp;:<\/p>\n\n\n\n<ul class=\"wp-block-list\"><li>5 enseignants pour le Wanomichi et l&rsquo;Aunkai (jeunes 8-14 ans, adolescents, adultes)<\/li><li>2 enseignants pour le Yoga (famille, jeunes 8-14 ans, adolescents, adultes, s\u00e9niors)<\/li><li>1 enseignante pour le Qi-Gong (adultes et adolescents)<\/li><li>4 disciplines, 12 cours par semaine dont 2 gratuits<\/li><\/ul>\n\n\n\n<ul class=\"wp-block-list\"><li>Nouveau cours d&rsquo;Aunkai Bujutsu&nbsp;: art martial japonais contemporain<\/li><li>Maintien du cours Yoga Famille <\/li><\/ul>\n\n\n\n<ul class=\"wp-block-list\" id=\"block-38fbe46e-8de5-447a-80c6-8da2d689cc9e\"><li>Simplification des tarifs pour le Yoga (2 tarifications&nbsp;: une pour 1 cours\/semaine et une autre 2-5 cours\/semaine).<\/li><li>Cours \u00e0 l&rsquo;ann\u00e9e, ou \u00e0 la cartes (10 ou 20 cours) pour le Yoga adultes<\/li><li>Tarif sp\u00e9cial pour les familles<\/li><\/ul>\n\n\n\n<p>Attention&nbsp;: Les cours de Yoga du vendredi soir auront lieu \u00e0 la salle Maset (ceux du mardi soir sont maintenus \u00e0 la salle du Plantier).<\/p>\n\n\n\n<p>Retrouvez les d\u00e9tails&#8230;<\/p>\n\n\n\n<ol class=\"wp-block-list\"><li><a href=\"https:\/\/equilibreazur.fr\/azur\/wanomichi\/\"><a href=\"https:\/\/equilibreazur.fr\/azur\/wanomichi\/\"><strong>Wanomichi<\/strong> (issue de l&rsquo;<strong>Aikido<\/strong>) et Aunkai<\/a> (arts japonais)<\/a><\/li><li><a href=\"https:\/\/equilibreazur.fr\/azur\/yoga\/\">Yoga<\/a> (art indien)<\/li><li><a href=\"https:\/\/equilibreazur.fr\/azur\/qi-gong\/\">Qi-Gong<\/a> (art chinois)<\/li><\/ol>\n\n\n\n<h2 class=\"wp-block-heading\">\/5\/ Pr\u00e9ventions sanitaire &#x1f637;<\/h2>\n\n\n\n<p>Dans la mesure du possible, durant les cours&#8230;<\/p>\n\n\n\n<ul class=\"wp-block-list\"><li>respect de la distance physique<\/li><li>acc\u00e8s entr\u00e9e et sortie distinctes<\/li><li>port du masque dans les couloirs et vestiaires<\/li><li>usage du gel hydroalcoolique avant et apr\u00e8s la pratique<\/li><li>pi\u00e8ces a\u00e9r\u00e9es<\/li><li>utilisation du mat\u00e9riel personnel<\/li><li>lors de la pratique des arts martiaux, un seul partenaire tout au long du cours<\/li><\/ul>\n\n\n\n<p>Plus d&rsquo;infos&nbsp;: <a href=\"https:\/\/solidarites-sante.gouv.fr\/soins-et-maladies\/maladies\/maladies-infectieuses\/coronavirus\/tout-savoir-sur-la-covid-19\/\">https:\/\/solidarites-sante.gouv.fr\/<\/a><\/p>\n\n\n\n<div class=\"wp-block-media-text is-stacked-on-mobile is-vertically-aligned-top\"><figure class=\"wp-block-media-text__media\"><img alt=\"\" loading=\"lazy\" decoding=\"async\" width=\"200\" height=\"200\" src=\"https:\/\/equilibreazur.fr\/azur\/wp-content\/uploads\/2020\/08\/affiche_gestes_barriere-200x200.jpg\" alt=\"\" class=\"wp-image-8498 size-full\"\/><\/figure><div class=\"wp-block-media-text__content\">\n<p>Plus d&rsquo;infos&nbsp;: <a href=\"https:\/\/solidarites-sante.gouv.fr\/soins-et-maladies\/maladies\/maladies-infectieuses\/coronavirus\/tout-savoir-sur-la-covid-19\/\">https:\/\/solidarites-sante.gouv.fr\/<\/a><\/p>\n<\/div><\/div>\n","protected":false},"excerpt":{"rendered":"<p>Besoin d&rsquo;un compl\u00e9ment d&rsquo;information ? vous souhaitez remplir votre dossier d&rsquo;inscription afin d&rsquo;assurer votre adh\u00e9sion ?&#8230; Venez Nous Rencontrer Lors Des Journ\u00e9es Des Associations 2020 !<\/p>\n","protected":false},"author":2,"featured_media":8567,"comment_status":"open","ping_status":"closed","sticky":false,"template":"","format":"standard","meta":{"_acf_changed":false,"_seopress_robots_primary_cat":"","_seopress_titles_title":"","_seopress_titles_desc":"","_seopress_robots_index":"","generate_page_header":"","footnotes":""},"categories":[142,197],"tags":[49],"class_list":["post-8485","post","type-post","status-publish","format-standard","has-post-thumbnail","hentry","category-news","category-stages-calendrier","tag-forum-association-sport","infinite-scroll-item","masonry-post","generate-columns","tablet-grid-50","mobile-grid-100","grid-parent","grid-50"],"acf":[],"_links":{"self":[{"href":"https:\/\/equilibreazur.fr\/azur\/wp-json\/wp\/v2\/posts\/8485","targetHints":{"allow":["GET"]}}],"collection":[{"href":"https:\/\/equilibreazur.fr\/azur\/wp-json\/wp\/v2\/posts"}],"about":[{"href":"https:\/\/equilibreazur.fr\/azur\/wp-json\/wp\/v2\/types\/post"}],"author":[{"embeddable":true,"href":"https:\/\/equilibreazur.fr\/azur\/wp-json\/wp\/v2\/users\/2"}],"replies":[{"embeddable":true,"href":"https:\/\/equilibreazur.fr\/azur\/wp-json\/wp\/v2\/comments?post=8485"}],"version-history":[{"count":6,"href":"https:\/\/equilibreazur.fr\/azur\/wp-json\/wp\/v2\/posts\/8485\/revisions"}],"predecessor-version":[{"id":8905,"href":"https:\/\/equilibreazur.fr\/azur\/wp-json\/wp\/v2\/posts\/8485\/revisions\/8905"}],"wp:featuredmedia":[{"embeddable":true,"href":"https:\/\/equilibreazur.fr\/azur\/wp-json\/wp\/v2\/media\/8567"}],"wp:attachment":[{"href":"https:\/\/equilibreazur.fr\/azur\/wp-json\/wp\/v2\/media?parent=8485"}],"wp:term":[{"taxonomy":"category","embeddable":true,"href":"https:\/\/equilibreazur.fr\/azur\/wp-json\/wp\/v2\/categories?post=8485"},{"taxonomy":"post_tag","embeddable":true,"href":"https:\/\/equilibreazur.fr\/azur\/wp-json\/wp\/v2\/tags?post=8485"}],"curies":[{"name":"wp","href":"https:\/\/api.w.org\/{rel}","templated":true}]}}