{"id":811,"date":"2010-09-29T16:52:47","date_gmt":"2010-09-29T16:52:47","guid":{"rendered":"http:\/\/aikidoblog.net\/2011-avr-koshukai-chateauneuf.html"},"modified":"2013-01-29T20:49:46","modified_gmt":"2013-01-29T20:49:46","slug":"2011-avr-koshukai-chateauneuf","status":"publish","type":"post","link":"https:\/\/equilibreazur.fr\/azur\/stages-calendrier\/2011-avr-koshukai-chateauneuf\/","title":{"rendered":"2011 Avr \u2013 Koshukai Chateauneuf"},"content":{"rendered":"<p><img loading=\"lazy\" decoding=\"async\" class=\"alignright\" title=\"Zazen\" alt=\"\" src=\"https:\/\/equilibreazur.fr\/azur\/wp-content\/uploads\/Zazen-478x495.jpg\" width=\"172\" height=\"178\" \/>Entrainements mensuels tous niveaux dirig\u00e9s par Eric SAVALLI, 5e Dan Iwama Ryu, \u00e9l\u00e8ve de Daniel TOUTAIN Sensei depuis 1988 et SAITO Hitohira Sensei depuis 1993.<\/p>\n<p>Exceptionnellement, ce stage d\u00e9butera par l\u2019intervention de Daniel DE LOPEZ, pratiquant bouddhiste, qui fera une <strong>petite pr\u00e9sentation sur la m\u00e9ditation<\/strong> dans une approche du dharma.<\/p>\n<p><img loading=\"lazy\" decoding=\"async\" alt=\"2000-saito-sensei\" src=\"http:\/\/aikidoblog.net\/images\/stories\/articles\/people\/2000-saito-sensei.jpg\" width=\"478\" height=\"269\" \/><br \/>\n<span style=\"color: #888888;\">SAITO Morihiro <span style=\"color: #888888;\">Sensei \u00e0 Paris (2000). Uke: E. <\/span><\/span><span style=\"color: #888888;\">SAVALLI<\/span><\/p>\n<p><strong>DATE<\/strong><\/p>\n<p style=\"padding-left: 30px;\">Samedi<strong> 02 Avril 2011<br \/>\n<\/strong><\/p>\n<p><strong>PROGRAMME<\/strong><\/p>\n<p style=\"padding-left: 30px;\"><strong>09h00<\/strong> \u2013 09h30 M\u00e9ditation\u00a0\/\u00a0ChinKon<br \/>\n09h30 \u2013 <strong>10h00<\/strong> Etudes des Suburi<br \/>\n<strong>10h00 \u2013 11h00<\/strong> Taijutsu\u00a0\/\u00a0Buki Waza 1<br \/>\n<strong>11h00 \u2013 12h00<\/strong> Taijutsu\u00a0\/\u00a0Buki Waza 2<br \/>\nApr\u00e8s-midi: Entrainement selon demande<\/p>\n<p><strong>PARTICIPATION<\/strong><\/p>\n<p style=\"padding-left: 30px;\">1 heure\u00a0: 5 \u20ac<br \/>\n3 heures\u00a0: 15 \u20ac<br \/>\nCompris dans l&rsquo;inscription annuelle<br \/>\npour les adh\u00e9rents Aiki Dojo Azur<\/p>\n<p><strong>LIEU<\/strong><\/p>\n<p style=\"padding-left: 30px;\">Dojo de la <strong>salle Maset<\/strong><br \/>\nCh\u00e2teauneuf de Grasse<\/p>\n<p style=\"padding-left: 30px;\">Plan avec Google Street&nbsp;: <a href=\"http:\/\/tinyurl.com\/aikido-maset\" target=\"_blank\"><strong>http:\/\/tinyurl.com\/aikido-maset<\/strong><\/a><\/p>\n<p style=\"padding-left: 30px;\"><small><a style=\"color: #0000ff; text-align: left;\" href=\"http:\/\/tinyurl.com\/aikido-maset\" target=\"_blank\"><img loading=\"lazy\" decoding=\"async\" class=\"aligncenter size-full wp-image-796\" title=\"salle-maset-chateauneuf\" alt=\"Aikido \u00e0 Grasse - Chateauneuf - Stage mensuel\" src=\"http:\/\/aikidoblog.net\/wp-content\/uploads\/salle-maset-chateauneuf.png\" width=\"450\" height=\"437\" \/><br \/>\n<\/a><\/small><\/p>\n<p><strong>INFORMATION<\/strong><strong><\/strong><\/p>\n<p style=\"padding-left: 30px;\">Cours r\u00e9guliers (mensuels) ouverts \u00e0 tous les pratiquants d&rsquo;Aikido quelque soit leur \u00e9cole ou f\u00e9d\u00e9ration.<br \/>\nLa <strong>m\u00e9ditation commence \u00e0 9h00 pr\u00e9cise<\/strong>. <strong>Ne pas la perturber<\/strong>.<\/p>\n<p style=\"padding-left: 30px;\">Se munir de chaussures de sport en cas de pratique en plein air.<br \/>\n(entra\u00eenement sous les oliviers en cas de beau temps&nbsp;;o))<\/p>\n<p style=\"padding-left: 30px;\">Des armes (Ken, Jo, Tanto) peuvent \u00eatre pr\u00eat\u00e9es en cas de besoin. Pr\u00e9venir \u00e0 l&rsquo;avance.<\/p>\n<p><strong>CONTACT<\/strong><\/p>\n<p style=\"padding-left: 30px;\"><a href=\"mailto:contact@aikidojo.fr\">contact@aikidojo.fr<\/a><br \/>\nAiki Dojo Azur<br \/>\n+33 (0)6 60 42 26 32<\/p>\n<p><strong>TELECHARGER L&rsquo;AFFICHE<\/strong><\/p>\n<p style=\"padding-left: 30px;\"><a href=\"https:\/\/equilibreazur.fr\/azur\/!box\/stage\/2010-Affiche-KoshukaiMensuels.pdf\" target=\"_blank\"><img loading=\"lazy\" decoding=\"async\" class=\"alignleft\" title=\"Koshukai Mensuel - Stage Aikido Iwama Ryu en France\" alt=\"\" src=\"https:\/\/equilibreazur.fr\/azur\/!box\/stage\/2010-Affiche-KoshukaiMensuels.pdf\" width=\"199\" height=\"281\" \/><\/a><\/p>\n","protected":false},"excerpt":{"rendered":"<p>Stage mensuel d&rsquo;Aikido Iwama Ryu \/ Takemusu Aiki  en r\u00e9gion de Nice et Grasse &#8211; c\u00f4t\u00e9 d&rsquo;Azur &#8211; avec Eric Savalli 5e Dan.<\/p>\n","protected":false},"author":2,"featured_media":0,"comment_status":"open","ping_status":"open","sticky":false,"template":"","format":"standard","meta":{"_acf_changed":false,"_seopress_robots_primary_cat":"","_seopress_titles_title":"","_seopress_titles_desc":"","_seopress_robots_index":"","generate_page_header":"","footnotes":""},"categories":[197],"tags":[41,95],"class_list":["post-811","post","type-post","status-publish","format-standard","hentry","category-stages-calendrier","tag-dharma","tag-nice-grasse","infinite-scroll-item","masonry-post","generate-columns","tablet-grid-50","mobile-grid-100","grid-parent","grid-50"],"acf":[],"_links":{"self":[{"href":"https:\/\/equilibreazur.fr\/azur\/wp-json\/wp\/v2\/posts\/811","targetHints":{"allow":["GET"]}}],"collection":[{"href":"https:\/\/equilibreazur.fr\/azur\/wp-json\/wp\/v2\/posts"}],"about":[{"href":"https:\/\/equilibreazur.fr\/azur\/wp-json\/wp\/v2\/types\/post"}],"author":[{"embeddable":true,"href":"https:\/\/equilibreazur.fr\/azur\/wp-json\/wp\/v2\/users\/2"}],"replies":[{"embeddable":true,"href":"https:\/\/equilibreazur.fr\/azur\/wp-json\/wp\/v2\/comments?post=811"}],"version-history":[{"count":7,"href":"https:\/\/equilibreazur.fr\/azur\/wp-json\/wp\/v2\/posts\/811\/revisions"}],"predecessor-version":[{"id":4615,"href":"https:\/\/equilibreazur.fr\/azur\/wp-json\/wp\/v2\/posts\/811\/revisions\/4615"}],"wp:attachment":[{"href":"https:\/\/equilibreazur.fr\/azur\/wp-json\/wp\/v2\/media?parent=811"}],"wp:term":[{"taxonomy":"category","embeddable":true,"href":"https:\/\/equilibreazur.fr\/azur\/wp-json\/wp\/v2\/categories?post=811"},{"taxonomy":"post_tag","embeddable":true,"href":"https:\/\/equilibreazur.fr\/azur\/wp-json\/wp\/v2\/tags?post=811"}],"curies":[{"name":"wp","href":"https:\/\/api.w.org\/{rel}","templated":true}]}}