{"id":8040,"date":"2020-03-19T13:40:11","date_gmt":"2020-03-19T13:40:11","guid":{"rendered":"https:\/\/equilibreazur.fr\/azur\/?p=8040"},"modified":"2020-08-19T09:29:44","modified_gmt":"2020-08-19T09:29:44","slug":"2020-stage-aikido-villers-la-montagne-54","status":"publish","type":"post","link":"https:\/\/equilibreazur.fr\/azur\/news\/2020-stage-aikido-villers-la-montagne-54\/","title":{"rendered":"2020-03&nbsp;: Stage Aikido traditionnel \u00e0 Villers La Montagne (54)"},"content":{"rendered":"<p style=\"text-align: center;\">\n<p style=\"text-align: center;\"><span style=\"color: #ff0000;\"><strong>Stage ANNUL\u00c9<\/strong> en raison des r\u00e8gles sanitaires mises en place pour combattre le COVID-19<\/span><\/p>\n<h2 style=\"text-align: center;\"><strong>Stage AIKIDO &#8211; Eric Savalli<br \/>\n<\/strong><\/h2>\n<h2 style=\"text-align: center;\"><strong>12<\/strong><strong><sup>\u00e8me<\/sup>&nbsp;stage en Meurthe-et-Moselle (54)<br \/>\n<\/strong><strong>28-29 mars 2020<\/strong><\/h2>\n<h3>Eric SAVALLI<\/h3>\n<p style=\"padding-left: 30px;\">Ce stage est organis\u00e9 par St\u00e9phane Hlavacek. Il sera dirig\u00e9 par&nbsp;Eric Savalli, 6\u00e8me Dan FAA, 4\u00e8me Dan Dento Iwama Ryu et 4\u00e8me Dan Aikikai.<br \/>\nEric \u00e9tudie l\u2019Aikido depuis 1988 sous la direction de <strong>Daniel TOUTAIN Sensei<\/strong> (FAA &#8211; Fundamental Aikido Association) dont il est proche \u00e9l\u00e8ve. Il est r\u00e9guli\u00e8rement son assistant lors de stages en France ou \u00e0 l\u2019\u00e9tranger ainsi que lors de tournages pour la r\u00e9alisation de DVDs. Il suit \u00e9galement assidument l\u2019enseignement de <strong>SAITO Hitohira&nbsp;Sensei<\/strong> (Iwama Shinshin Aiki Shurenkai) depuis 1993.<br \/>\nIl est l&rsquo;auteur du site consacr\u00e9 \u00e0 l&rsquo;aikido <a title=\"Blog Aikido\" href=\"http:\/\/aikidoblog.net\/\" target=\"_blank\" rel=\"noopener noreferrer\">http:\/\/<strong>aikidoblog.net<\/strong><\/a> et enseigne dans les alpes-maritimes (06) au sein de l&rsquo;<a title=\"Club Aikido 06\" href=\"https:\/\/equilibreazur.fr\/azur\" target=\"_blank\" rel=\"noopener noreferrer\">Aiki Dojo Azur<\/a>.<\/p>\n<h3>PROGRAMME<\/h3>\n<p style=\"padding-left: 30px;\"><strong>Samedi 28 mars<\/strong><\/p>\n<p style=\"padding-left: 30px;\">10:00-11:00 <strong>Aiki-Ken 1<\/strong><br \/>\n11:00-12:00 <strong>Aiki-Ken 2<\/strong><\/p>\n<p style=\"padding-left: 30px;\">12:00 Pique-nique sur place&nbsp;<strong>\u00e0 pr\u00e9voir<\/strong><\/p>\n<p style=\"padding-left: 30px;\">13:00-14:00 <strong>Taijutsu 1 <\/strong>(<strong>Ado<\/strong> et Adultes)<br \/>\n14:00-15:00 <strong>Taijutsu 2<\/strong><br \/>\n15:00-16:00 <strong>Special keiko&nbsp;&nbsp;<\/strong>(3eme Kyu et plus)<\/p>\n<p style=\"padding-left: 30px;\">Repas de stage<\/p>\n<p style=\"padding-left: 30px;\"><strong>Dimanche 29 mars<\/strong><\/p>\n<p style=\"padding-left: 30px;\">09:30-10:30&nbsp;<strong>Aiki-Jo 1<\/strong><br \/>\n10:30-11:30 <strong>Aiki-Jo 2<\/strong><\/p>\n<h3>PARTICIPATION<\/h3>\n<p style=\"padding-left: 30px;\">Stage complet&nbsp;: \u20ac 55<br \/>\n1 cours&nbsp;: \u20ac 10<br \/>\nSpecial Keiko: \u20ac 10<\/p>\n<h3>LIEU DU STAGE<\/h3>\n<p style=\"padding-left: 30px;\">Dojo municipal<br \/>\nAvenue Baron d&rsquo;Huart<br \/>\n54 Herserange<\/p>\n<h3>INFORMATIONS<\/h3>\n<p style=\"padding-left: 30px;\">Stage ouvert \u00e0 tous. Certificat d\u2019assurance ou licence obligatoire.<br \/>\nPr\u00e9voir Ken et Jo et <strong>chaussures de sport<\/strong> en cas de pratique des armes hors tatamis.<\/p>\n<h3>AFFICHE DU STAGE \u00e0 TELECHARGER<\/h3>\n<figure id=\"attachment_8041\" aria-describedby=\"caption-attachment-8041\" style=\"width: 360px\" class=\"wp-caption alignnone align\"><a class=\"link-to-pdf\" title=\"2020-03-Aikido-Herserange\" href=\"https:\/\/equilibreazur.fr\/azur\/wp-content\/uploads\/2020\/03\/2020-03-Aikido-Herserange.pdf\" target=\"_blank\" rel=\"attachment noopener wp-att-8041 noreferrer\"><img loading=\"lazy\" decoding=\"async\" class=\"size-medium wp-image-8042 thumb-of-pdf\" src=\"https:\/\/equilibreazur.fr\/azur\/wp-content\/uploads\/2020\/03\/2020-03-Aikido-Herserange-pdf-370x262.jpg\" alt=\"thumbnail of 2020-03-Aikido-Herserange\" width=\"370\" height=\"262\" srcset=\"https:\/\/equilibreazur.fr\/azur\/wp-content\/uploads\/2020\/03\/2020-03-Aikido-Herserange-pdf-370x262.jpg 370w, https:\/\/equilibreazur.fr\/azur\/wp-content\/uploads\/2020\/03\/2020-03-Aikido-Herserange-pdf-738x522.jpg 738w, https:\/\/equilibreazur.fr\/azur\/wp-content\/uploads\/2020\/03\/2020-03-Aikido-Herserange-pdf.jpg 1024w\" sizes=\"auto, (max-width: 370px) 100vw, 370px\" \/><\/a><figcaption id=\"caption-attachment-8041\" class=\"wp-caption-text\">2020-03-Aikido-Herserange<\/figcaption><\/figure>\n<h3>PLUS D&rsquo;INFO<\/h3>\n<ul>\n<li>Le site Aikido3f de St\u00e9phane&nbsp;:<br \/>\n<a href=\"http:\/\/aikido3f.com\" target=\"_blank\" rel=\"noopener noreferrer\">http:\/\/aikido3f.com<\/a><\/li>\n<li>Une interview de St\u00e9phane&nbsp;:<br \/>\n<a href=\"http:\/\/aikidoblog.net\/fr\/interviews\/2010-12-stephane-hlavacek\/\">2010-12-interview-stephane-hlavacek<\/a><\/li>\n<\/ul>\n<p>Attention,&nbsp;<strong>ces informations peuvent \u00e9voluer<\/strong>&nbsp;!<br \/>\nMerci de revenir consulter cette page, ou mieux, de vous inscrire \u00e0 notre lettre d&rsquo;information&nbsp;:<\/p>\n[wysija_form id=1]\n<p>Vous pouvez \u00e9galement contacter l&rsquo;organisateur.<\/p>\n<h3>PHOTOS DU &nbsp;STAGE 2017<\/h3>\n<p><img alt=\"\" loading=\"lazy\" decoding=\"async\" class=\"size-large wp-image-7059\" src=\"https:\/\/equilibreazur.fr\/azur\/wp-content\/uploads\/2016\/12\/Aikido-3f-stage-2017-01-15-13.31.30-738x492.jpg\" alt=\"\" width=\"738\" height=\"492\" srcset=\"https:\/\/equilibreazur.fr\/azur\/wp-content\/uploads\/2016\/12\/Aikido-3f-stage-2017-01-15-13.31.30-738x492.jpg 738w, https:\/\/equilibreazur.fr\/azur\/wp-content\/uploads\/2016\/12\/Aikido-3f-stage-2017-01-15-13.31.30-370x247.jpg 370w, https:\/\/equilibreazur.fr\/azur\/wp-content\/uploads\/2016\/12\/Aikido-3f-stage-2017-01-15-13.31.30-600x400.jpg 600w, https:\/\/equilibreazur.fr\/azur\/wp-content\/uploads\/2016\/12\/Aikido-3f-stage-2017-01-15-13.31.30.jpg 960w\" sizes=\"auto, (max-width: 738px) 100vw, 738px\" \/><\/p>\n<p><img alt=\"Stage E. Savalli - Aikidoo3f\" loading=\"lazy\" decoding=\"async\" class=\"size-large wp-image-7065\" src=\"https:\/\/equilibreazur.fr\/azur\/wp-content\/uploads\/2016\/12\/Aikido-3f-stage-2017-01-14-15.58.06-738x492.jpg\" alt=\"\" width=\"738\" height=\"492\" srcset=\"https:\/\/equilibreazur.fr\/azur\/wp-content\/uploads\/2016\/12\/Aikido-3f-stage-2017-01-14-15.58.06-738x492.jpg 738w, https:\/\/equilibreazur.fr\/azur\/wp-content\/uploads\/2016\/12\/Aikido-3f-stage-2017-01-14-15.58.06-370x247.jpg 370w, https:\/\/equilibreazur.fr\/azur\/wp-content\/uploads\/2016\/12\/Aikido-3f-stage-2017-01-14-15.58.06-600x400.jpg 600w, https:\/\/equilibreazur.fr\/azur\/wp-content\/uploads\/2016\/12\/Aikido-3f-stage-2017-01-14-15.58.06.jpg 960w\" sizes=\"auto, (max-width: 738px) 100vw, 738px\" \/><\/p>\n<figure id=\"attachment_7070\" aria-describedby=\"caption-attachment-7070\" style=\"width: 728px\" class=\"wp-caption alignnone\"><img alt=\"\" loading=\"lazy\" decoding=\"async\" class=\"size-large wp-image-7070\" src=\"https:\/\/equilibreazur.fr\/azur\/wp-content\/uploads\/2016\/12\/Aikido-3f-stage-2017-01-14-13.14.59-738x492.jpg\" alt=\"\" width=\"738\" height=\"492\" srcset=\"https:\/\/equilibreazur.fr\/azur\/wp-content\/uploads\/2016\/12\/Aikido-3f-stage-2017-01-14-13.14.59-738x492.jpg 738w, https:\/\/equilibreazur.fr\/azur\/wp-content\/uploads\/2016\/12\/Aikido-3f-stage-2017-01-14-13.14.59-370x247.jpg 370w, https:\/\/equilibreazur.fr\/azur\/wp-content\/uploads\/2016\/12\/Aikido-3f-stage-2017-01-14-13.14.59-600x400.jpg 600w, https:\/\/equilibreazur.fr\/azur\/wp-content\/uploads\/2016\/12\/Aikido-3f-stage-2017-01-14-13.14.59.jpg 960w\" sizes=\"auto, (max-width: 738px) 100vw, 738px\" \/><figcaption id=\"caption-attachment-7070\" class=\"wp-caption-text\">Stage E. Savalli &#8211; Aikidoo3f 01\/2017<\/figcaption><\/figure>\n","protected":false},"excerpt":{"rendered":"<p>ANNULE (Covid-19) 12\u00e8me stage d&rsquo;Aikido \u00e0 Herserange (54) avec Eric Savalli, 6e Dan FAA, 4e Dan Iwama Shinshin Aiki Shurenkai, organis\u00e9 par l&rsquo;Aikido-3f &#8211; St\u00e9phane Hlavacek &#8211; Eric est \u00e9l\u00e8ve des ma\u00eetres D. TOUTAIN et SAITO H. et enseigne l&rsquo;Aikido depuis plus de 1988.<\/p>\n","protected":false},"author":2,"featured_media":7061,"comment_status":"open","ping_status":"open","sticky":false,"template":"","format":"standard","meta":{"_acf_changed":false,"_seopress_robots_primary_cat":"","_seopress_titles_title":"","_seopress_titles_desc":"12\u00e8me stage d&#039;Aikido \u00e0 Herserange (54) avec Eric Savalli, 6e Dan FAA, 4e Dan Iwama Shinshin Aiki Shurenkai, organis\u00e9 par l&#039;Aikido-3f - St\u00e9phane Hlavacek - Eric est \u00e9l\u00e8ve des ma\u00eetres D. TOUTAIN et SAITO H. et enseigne l&#039;Aikido depuis plus de 1988.","_seopress_robots_index":"","generate_page_header":"","footnotes":""},"categories":[142,197],"tags":[199,204,268],"class_list":["post-8040","post","type-post","status-publish","format-standard","has-post-thumbnail","hentry","category-news","category-stages-calendrier","tag-s-hlavacek","tag-stage","tag-villers-la-montagne","infinite-scroll-item","masonry-post","generate-columns","tablet-grid-50","mobile-grid-100","grid-parent","grid-50"],"acf":[],"_links":{"self":[{"href":"https:\/\/equilibreazur.fr\/azur\/wp-json\/wp\/v2\/posts\/8040","targetHints":{"allow":["GET"]}}],"collection":[{"href":"https:\/\/equilibreazur.fr\/azur\/wp-json\/wp\/v2\/posts"}],"about":[{"href":"https:\/\/equilibreazur.fr\/azur\/wp-json\/wp\/v2\/types\/post"}],"author":[{"embeddable":true,"href":"https:\/\/equilibreazur.fr\/azur\/wp-json\/wp\/v2\/users\/2"}],"replies":[{"embeddable":true,"href":"https:\/\/equilibreazur.fr\/azur\/wp-json\/wp\/v2\/comments?post=8040"}],"version-history":[{"count":6,"href":"https:\/\/equilibreazur.fr\/azur\/wp-json\/wp\/v2\/posts\/8040\/revisions"}],"predecessor-version":[{"id":8101,"href":"https:\/\/equilibreazur.fr\/azur\/wp-json\/wp\/v2\/posts\/8040\/revisions\/8101"}],"wp:featuredmedia":[{"embeddable":true,"href":"https:\/\/equilibreazur.fr\/azur\/wp-json\/wp\/v2\/media\/7061"}],"wp:attachment":[{"href":"https:\/\/equilibreazur.fr\/azur\/wp-json\/wp\/v2\/media?parent=8040"}],"wp:term":[{"taxonomy":"category","embeddable":true,"href":"https:\/\/equilibreazur.fr\/azur\/wp-json\/wp\/v2\/categories?post=8040"},{"taxonomy":"post_tag","embeddable":true,"href":"https:\/\/equilibreazur.fr\/azur\/wp-json\/wp\/v2\/tags?post=8040"}],"curies":[{"name":"wp","href":"https:\/\/api.w.org\/{rel}","templated":true}]}}