{"id":8031,"date":"2020-02-07T15:48:23","date_gmt":"2020-02-07T15:48:23","guid":{"rendered":"https:\/\/equilibreazur.fr\/azur\/?p=8031"},"modified":"2026-04-21T16:20:00","modified_gmt":"2026-04-21T16:20:00","slug":"2020-stage-aikido-ffab-mussidan-bordeaux","status":"publish","type":"post","link":"https:\/\/equilibreazur.fr\/azur\/news\/2020-stage-aikido-ffab-mussidan-bordeaux\/","title":{"rendered":"[annul\u00e9] 2020 avril 04-05 \u2013 Stage Aikido Wanomichi &#8211; Mussidan Dordogne (24)"},"content":{"rendered":"<p style=\"text-align: center;\">\n<h2 style=\"text-align: center;\"><strong>Stage AIKIDO &#8211; Eric Savalli<br>8<sup>\u00e8me<\/sup> stage en Dordogne (24)<br><\/strong><strong>Sam 04 \/ Dim 05 avril 2020<\/strong><\/h2>\n<h3>Eric Savalli<\/h3>\n<p style=\"padding-left: 30px;\">Stage dirig\u00e9 par<strong> Eric SAVALLI<\/strong> [<a href=\"https:\/\/equilibreazur.fr\/azur\/dojocho\" target=\"_blank\" rel=\"noopener noreferrer\">lien<\/a>&nbsp;&#8211; AIKI DOJO AZUR]<br>6e Dan Wanomichi Takemusu Aiki &#8211; El\u00e8ve de Daniel TOUTAIN Sensei<br>4e Dan Iwama Shinshin Aiki Shurenkai &#8211; El\u00e8ve de SAITO Hitohira Sensei<br>4e Dan Aikikai de Tokyo<\/p>\n<p style=\"padding-left: 30px;\">Stage d&rsquo;Aikido en r\u00e9gion de Bordeaux (Dordogne) dirig\u00e9 par Eric Savalli, depuis plus de <strong>32 ans \u00e9l\u00e8ve de Daniel TOUTAIN Sensei<\/strong> et depuis plus de <strong>27 ans de SAITO Hitohira Sensei<\/strong>. &nbsp;Eric s&rsquo;est rendu \u00e0 3&nbsp;reprises au dojo d&rsquo;Iwama au japon. Au long de ces ann\u00e9es d&rsquo;entra\u00eenement, il a particip\u00e9 \u00e0 +<strong>35 stages internationaux<\/strong> dirig\u00e9s en France et \u00e0 l&rsquo;\u00e9tranger par <strong>Ma\u00eetre&nbsp;SAITO p\u00e8re et fils<\/strong>. Il est \u00e9l\u00e8ve proche de <strong>Daniel Toutain Sensei<\/strong> dont il ne compte plus les heures d&rsquo;entra\u00eenement \u00e0 ses c\u00f4t\u00e9s et dont il est r\u00e9guli\u00e8rement assistant. Il a en particulier particip\u00e9 \u00e0 la fameuse s\u00e9rie de DVDs r\u00e9alis\u00e9e par Daniel Toutain [<a href=\"http:\/\/aikidoblog.net\/fr\/videos\/extraits-14dvd-toutain\/\" target=\"_blank\" rel=\"noopener noreferrer\">lien les DVD de D.Toutain<\/a>].&nbsp;Eric a initialement d\u00e9couvert l&rsquo;Aikido en 1988 au sein d&rsquo;un dojo rattach\u00e9 \u00e0 la FFAB (section DIRAF).<\/p>\n<p style=\"padding-left: 30px;\">Eric pratique et enseigne \u00e9galement le <strong>Yoga<\/strong> depuis 2007 au sein de l&rsquo;IFY-PACA (Institut Fran\u00e7ais du Yoga).<\/p>\n<h3>Informations<\/h3>\n<p style=\"padding-left: 30px;\"><span style=\"line-height: 1.5em;\">Ce stage, organis\u00e9 par <strong>Patrick HUET &#8211; AIKIDO CLUB ISSHIN DOTA\u00ef<\/strong>, a lieu le <\/span><strong style=\"line-height: 1.5em;\">Samedi<\/strong><span style=\"line-height: 1.5em;\">&nbsp;et le <\/span><strong style=\"line-height: 1.5em;\">Dimanche matin<\/strong><span style=\"line-height: 1.5em;\">, 04\/05 avril 2020, en r\u00e9gion de Dordogne (24) \u00e0 <strong>moins d&rsquo;une heure de Bordeaux<\/strong>.<\/span><\/p>\n<p style=\"padding-left: 30px;\">Le stage est <span style=\"background-color: #ffff99;\">ouvert \u00e0 <strong>tous les pratiquants d&rsquo;Aikido<\/strong><\/span>, d\u00e9butants ou confirm\u00e9s, et de <strong>toutes \u00e9coles ou f\u00e9d\u00e9rations&nbsp;<\/strong>: <span style=\"background-color: #ffff99;\">le plaisir de la pratique et du partage<\/span> est le leitmotiv des stages.<\/p>\n<p style=\"padding-left: 30px;\">Patrick HUET enseigne l&rsquo;Aikido \u00e0 MUSSIDAN au sein de la FFAB.<br>Il a fait la connaissance d&rsquo;Eric SAVALLI lors d&rsquo;un 1er stage \u00e0 Mussidan en \u00e9t\u00e9 2011.<\/p>\n<h3>Programme du stage<\/h3>\n<p style=\"padding-left: 30px;\">Les th\u00e8mes abord\u00e9s list\u00e9s ci-dessous peuvent \u00e9volu\u00e9s en fonction de la demande des stagiaires.<br>Il est possible&nbsp;de <strong>venir avec des questions<\/strong>&nbsp;pour une pratique plus participative et donc plus enrichissante.<\/p>\n<p style=\"padding-left: 30px;\"><strong>Samedi &nbsp;&#8211; matin<br><\/strong>10:00 &#8211; 11:00 Aiki-Ken -1- (sabre)<br>11:00 &#8211; 12:00 Aiki-Ken -2- &nbsp;(sabre)<\/p>\n<p style=\"padding-left: 30px;\"><strong>Samedi &nbsp;&#8211;&nbsp;apr\u00e8s-midi<\/strong><br>16:00 &#8211; 17:00 Tai Jutsu -1- &nbsp;(mains nues)<br>16:00 &#8211; 17:00 Tai Jutsu -2- &nbsp;(mains nues)<\/p>\n<p style=\"padding-left: 30px;\"><strong>Dimanche &#8211; matin<\/strong><br>10:00 &#8211; 11:00 Aiki-Jo -1- (sabre)<br>11:00 &#8211; 11:45 Aiki-Jo -2- &nbsp;(sabre)<\/p>\n<p style=\"padding-left: 30px;\">5 mn de pause entre les cours.<\/p>\n<p style=\"padding-left: 30px;\"><span style=\"line-height: 1.5em;\">Questions\/r\u00e9ponses pendant les cours.<\/span><br><span style=\"color: #ff0000;\">Il est possible que certains cours d&rsquo;armes se fassent&nbsp;en ext\u00e9rieur comme cela se fait \u00e0 Iwama au Japon&nbsp;: &nbsp;pr\u00e9voir des chaussures de sport<\/span><\/p>\n<h3>Lieu du stage<\/h3>\n<p style=\"padding-left: 30px;\">Dojo Municipal<br>Rue des Chatenades<br>24400 MUSSIDAN<\/p>\n<p style=\"padding-left: 30px;\"><span style=\"color: #ff0000;\">Possibilit\u00e9 de dormir au dojo.<\/span><\/p>\n<p style=\"padding-left: 30px;\"><iframe loading=\"lazy\" src=\"https:\/\/www.google.com\/maps?f=q&amp;hl=fr&amp;source=embed&amp;q=Rue+des+Chatenades,+24400+Mussidan,+France&amp;ie=UTF8&amp;hq=&amp;hnear=Rue+des+Chatenades,+24400+Mussidan,+Dordogne,+Aquitaine,+France&amp;t=h&amp;ll=45.034775,0.372934&amp;spn=0.024262,0.03768&amp;z=14&amp;iwloc=A&amp;output=embed\" width=\"738\" height=\"400\" frameborder=\"0\" marginwidth=\"0\" marginheight=\"0\" scrolling=\"no\"><\/iframe><br><small><a style=\"color: #0000ff; text-align: left;\" href=\"https:\/\/www.google.com\/maps?f=q&amp;hl=fr&amp;source=embed&amp;q=Rue+des+Chatenades,+24400+Mussidan,+France&amp;ie=UTF8&amp;hq=&amp;hnear=Rue+des+Chatenades,+24400+Mussidan,+Dordogne,+Aquitaine,+France&amp;t=h&amp;ll=45.034775,0.372934&amp;spn=0.024262,0.03768&amp;z=14&amp;iwloc=A\">Agrandir le plan<\/a><\/small><\/p>\n<p style=\"padding-left: 30px;\"><img loading=\"lazy\" decoding=\"async\" class=\"alignnone size-large wp-image-6652\" src=\"https:\/\/equilibreazur.fr\/azur\/wp-content\/uploads\/2016\/03\/dojo-mussidan-738x415.jpg\" alt=\"Dojo de Mussidan (24)\" width=\"738\" height=\"415\" srcset=\"https:\/\/equilibreazur.fr\/azur\/wp-content\/uploads\/2016\/03\/dojo-mussidan-738x415.jpg 738w, https:\/\/equilibreazur.fr\/azur\/wp-content\/uploads\/2016\/03\/dojo-mussidan-370x208.jpg 370w, https:\/\/equilibreazur.fr\/azur\/wp-content\/uploads\/2016\/03\/dojo-mussidan-600x338.jpg 600w, https:\/\/equilibreazur.fr\/azur\/wp-content\/uploads\/2016\/03\/dojo-mussidan.jpg 960w\" sizes=\"auto, (max-width: 738px) 100vw, 738px\" \/><\/p>\n<h3>Contactez l&rsquo;organisateur<\/h3>\n<p style=\"padding-left: 30px;\">Contacter l&rsquo;organisateur du stage, Patrick HUET&nbsp;:<br><strong>AIKIDO CLUB ISSHIN DOTA\u00ef<\/strong><br>COTEAUX DES CHATENADES &#8211; 24400 MUSSIDAN<strong><br>s340625@9online.fr<br>06 12 61 68 77&nbsp;<\/strong><\/p>\n<p style=\"padding-left: 30px;\">Vous pouvez aussi contacter Eric Savalli<br><strong>eric@aikidojo.fr<\/strong><\/p>\n<h3>PARTICIPATION<\/h3>\n<p style=\"padding-left: 30px;\"><strong>15 \u20ac par demi-journ\u00e9e<br>20 \u20ac le stage complet<\/strong><\/p>\n<h3>AFFICHE \u00e0 TELECHARGER<span style=\"background-color: #ffff00;\"><br><\/span><\/h3>\n<p style=\"padding-left: 30px;\"><a href=\"https:\/\/equilibreazur.fr\/azur\/wp-content\/uploads\/2020\/02\/2020-04-Aikido-Mussidan.pdf\"><img loading=\"lazy\" decoding=\"async\" class=\"size-full wp-image-5263\" src=\"https:\/\/equilibreazur.fr\/azur\/wp-content\/uploads\/2013\/12\/2014-04-mussidan.png\" alt=\"Stage aikido mussidan\" width=\"200\" height=\"200\" srcset=\"https:\/\/equilibreazur.fr\/azur\/wp-content\/uploads\/2013\/12\/2014-04-mussidan.png 200w, https:\/\/equilibreazur.fr\/azur\/wp-content\/uploads\/2013\/12\/2014-04-mussidan-150x150.png 150w\" sizes=\"auto, (max-width: 200px) 100vw, 200px\" \/><\/a><\/p>\n\n\n<div class=\"wp-block-file\"><a href=\"https:\/\/equilibreazur.fr\/azur\/wp-content\/uploads\/2020\/02\/2020-04-Aikido-Mussidan.pdf\">2020-04-Aikido-Mussidan<\/a><a href=\"https:\/\/equilibreazur.fr\/azur\/wp-content\/uploads\/2020\/02\/2020-04-Aikido-Mussidan.pdf\" class=\"wp-block-file__button\" download>T\u00e9l\u00e9charger<\/a><\/div>\n","protected":false},"excerpt":{"rendered":"<p>[COVID-19 ANNUL\u00c9]  04-05 avril 2020&#8230; 8eme Stage d&rsquo;Aikido organis\u00e9 par Patrick HUET en r\u00e9gion de Bordeaux (Dordogne) &#8211; \u00e0 Mussidan &#8211; dirig\u00e9 par Eric Savalli 6e Dan<\/p>\n","protected":false},"author":2,"featured_media":6635,"comment_status":"open","ping_status":"open","sticky":false,"template":"","format":"standard","meta":{"_acf_changed":false,"_seopress_robots_primary_cat":"none","_seopress_titles_title":"","_seopress_titles_desc":"8eme stage d'AIKIDO Wanomichi en Dordogne avec Eric.Savalli, 6eme Dan, \u00e9l\u00e8ve de Daniel TOUTAIN Sensei et SAITO Hitoriha Sensei","_seopress_robots_index":"","generate_page_header":"","footnotes":""},"categories":[142,197],"tags":[235,202,214],"class_list":["post-8031","post","type-post","status-publish","format-standard","has-post-thumbnail","hentry","category-news","category-stages-calendrier","tag-ffab","tag-mussidan","tag-p-huet","infinite-scroll-item","masonry-post","generate-columns","tablet-grid-50","mobile-grid-100","grid-parent","grid-50"],"acf":[],"_links":{"self":[{"href":"https:\/\/equilibreazur.fr\/azur\/wp-json\/wp\/v2\/posts\/8031","targetHints":{"allow":["GET"]}}],"collection":[{"href":"https:\/\/equilibreazur.fr\/azur\/wp-json\/wp\/v2\/posts"}],"about":[{"href":"https:\/\/equilibreazur.fr\/azur\/wp-json\/wp\/v2\/types\/post"}],"author":[{"embeddable":true,"href":"https:\/\/equilibreazur.fr\/azur\/wp-json\/wp\/v2\/users\/2"}],"replies":[{"embeddable":true,"href":"https:\/\/equilibreazur.fr\/azur\/wp-json\/wp\/v2\/comments?post=8031"}],"version-history":[{"count":5,"href":"https:\/\/equilibreazur.fr\/azur\/wp-json\/wp\/v2\/posts\/8031\/revisions"}],"predecessor-version":[{"id":10863,"href":"https:\/\/equilibreazur.fr\/azur\/wp-json\/wp\/v2\/posts\/8031\/revisions\/10863"}],"wp:featuredmedia":[{"embeddable":true,"href":"https:\/\/equilibreazur.fr\/azur\/wp-json\/wp\/v2\/media\/6635"}],"wp:attachment":[{"href":"https:\/\/equilibreazur.fr\/azur\/wp-json\/wp\/v2\/media?parent=8031"}],"wp:term":[{"taxonomy":"category","embeddable":true,"href":"https:\/\/equilibreazur.fr\/azur\/wp-json\/wp\/v2\/categories?post=8031"},{"taxonomy":"post_tag","embeddable":true,"href":"https:\/\/equilibreazur.fr\/azur\/wp-json\/wp\/v2\/tags?post=8031"}],"curies":[{"name":"wp","href":"https:\/\/api.w.org\/{rel}","templated":true}]}}