{"id":7934,"date":"2019-11-03T08:16:37","date_gmt":"2019-11-03T08:16:37","guid":{"rendered":"https:\/\/equilibreazur.fr\/azur\/?p=7934"},"modified":"2022-11-06T13:39:51","modified_gmt":"2022-11-06T13:39:51","slug":"2019-11-stage-wanomichi-aiki","status":"publish","type":"post","link":"https:\/\/equilibreazur.fr\/azur\/news\/2019-11-stage-wanomichi-aiki\/","title":{"rendered":"Stage bimestriel&nbsp;\u00ab\u00a0Wanomichi Aikido\u00a0\u00bb le Dim. 17 novembre 2019"},"content":{"rendered":"<p><center><\/center><\/p>\n\n\n\n<figure class=\"wp-block-image\"><img alt=\"\" loading=\"lazy\" decoding=\"async\" width=\"738\" height=\"491\" src=\"https:\/\/equilibreazur.fr\/azur\/wp-content\/uploads\/2019\/03\/2018-01-26-wanomichi.fr-photo-Caterina-Suzzi-738x491.jpg\" alt=\"\" class=\"wp-image-7832\" srcset=\"https:\/\/equilibreazur.fr\/azur\/wp-content\/uploads\/2019\/03\/2018-01-26-wanomichi.fr-photo-Caterina-Suzzi-738x491.jpg 738w, https:\/\/equilibreazur.fr\/azur\/wp-content\/uploads\/2019\/03\/2018-01-26-wanomichi.fr-photo-Caterina-Suzzi-370x246.jpg 370w, https:\/\/equilibreazur.fr\/azur\/wp-content\/uploads\/2019\/03\/2018-01-26-wanomichi.fr-photo-Caterina-Suzzi-600x399.jpg 600w, https:\/\/equilibreazur.fr\/azur\/wp-content\/uploads\/2019\/03\/2018-01-26-wanomichi.fr-photo-Caterina-Suzzi.jpg 1024w\" sizes=\"auto, (max-width: 738px) 100vw, 738px\" \/><figcaption class=\"wp-element-caption\">2019-01 Wanomichi Seminar &#8211; photo: Caterina Suzzi<\/figcaption><\/figure>\n\n\n<p style=\"text-align: center;\">\n<h3>Stage Wanomichi Takemusu Aiki dirig\u00e9 par&#8230;<\/h3>\n<p style=\"padding-left: 30px;\"><img loading=\"lazy\" decoding=\"async\" class=\"size-full wp-image-1124 alignleft\" src=\"https:\/\/equilibreazur.fr\/azur\/wp-content\/uploads\/2010\/10\/logo-IRIA-56.gif\" alt=\"Logo Iwama Ryu International Academy\" width=\"56\" height=\"56\">Eric Savalli&nbsp;\u00e9tudie l\u2019Aikido depuis 1988 (30 ans) sous la direction de&nbsp;<strong>Daniel TOUTAIN Sensei<\/strong>&nbsp;&#8211; Wanomichi &#8211; dont il est proche \u00e9l\u00e8ve. Ce dernier lui a d\u00e9cern\u00e9 le grade de&nbsp;6\u00e8me Dan Iwama Ryu en ao\u00fbt 2018.&nbsp;Il est r\u00e9guli\u00e8rement son assistant lors de stages en France ou \u00e0 l\u2019\u00e9tranger. Il le fut \u00e9galement lors des tournages pour la r\u00e9alisation de DVDs [<a href=\"http:\/\/aikidoblog.net\/fr\/videos\/extraits-14dvd-toutain\/\" target=\"_blank\" rel=\"noopener noreferrer\">lien DVD AikidoBlog<\/a>].<\/p>\n<p style=\"padding-left: 30px;\"><img loading=\"lazy\" decoding=\"async\" class=\"size-full wp-image-1123 alignleft\" src=\"https:\/\/equilibreazur.fr\/azur\/wp-content\/uploads\/2010\/10\/logo-iwama-shin-shin-aikishuren-56.gif\" alt=\"logo-iwama-shin-shin-aikishuren\" width=\"56\" height=\"56\">Depuis 1993 (26 ans) il a suivi \u00e9galement assidument l\u2019enseignement de&nbsp;<strong>SAITO Hitohira&nbsp;Sensei<\/strong>&nbsp;&#8211; Iwama Shinshin Aiki Shurenkai. SAITO Hitohira Sensei lui a d\u00e9cern\u00e9 le grade de 4\u00e8me Dan Iwama Shinshin Aiki Shuren kai en avril 2013.<\/p>\n<p style=\"padding-left: 30px;\"><a title=\"Enseignant Aikido\" href=\"https:\/\/equilibreazur.fr\/azur\/dojocho\">Plus d&rsquo;infos<\/a>&nbsp;sur son parcours.<\/p>\n<h3>DATE<\/h3>\n<p style=\"padding-left: 30px;\">Dimanche<strong>&nbsp;17 novembre 2019<br><\/strong><\/p>\n<h3>PROGRAMME<\/h3>\n<p style=\"padding-left: 30px;\"><span style=\"font-weight: 600;\">09h30 <strong><span style=\"color: #999999;\">\u2013 10h00&nbsp;<\/span><\/strong>&#8211; <strong><span style=\"color: #999999;\"><span style=\"font-weight: 600; color: #000000;\">Kaizen Dosa<\/span><\/span><\/strong><span style=\"color: #999999;\"><span style=\"color: #000000;\"> &nbsp;<span style=\"color: #999999;\">(sun salutation &#8211; 30min)<\/span><\/span><\/span><br>10h00 <strong><span style=\"color: #999999;\">\u2013 11h00&nbsp;<\/span><\/strong>&#8211; Taijutsu 1 &#8211; mains nues<span style=\"color: #999999;\">&nbsp;(60min)<\/span><br>11h00 <strong><span style=\"color: #999999;\">\u2013 12h45&nbsp;<\/span><\/strong>&#8211; Taijutsu 2 &#8211; mains nues<span style=\"color: #999999;\">&nbsp;(45min)<\/span><br>11h45 <strong><span style=\"color: #999999;\">\u2013 12h00&nbsp;<\/span><\/strong>&#8211; <strong><span style=\"color: #999999;\"><span style=\"font-weight: 600; color: #000000;\">Kaizen Dosa<span style=\"color: #999999;\"> (\u00e9tirements)<\/span><\/span><\/span><\/strong><br><\/span><strong style=\"color: #999999; font-size: inherit;\"><strong><strong><br>12h00&nbsp;\u2013&nbsp;<\/strong><strong>Pique-nique \/ Agape<br><\/strong><\/strong><\/strong><strong><strong><br>13h00&nbsp;<span style=\"color: #999999;\">\u2013 14h30<\/span><\/strong>&nbsp;&#8211; Bukiwaza&nbsp;: Wa no Ken<\/strong><span style=\"color: #999999;\">&nbsp;(90min)<\/span><br><strong>14h45&nbsp;<span style=\"color: #999999;\">\u2013 15h30<\/span><\/strong>&nbsp;&#8211;&nbsp;<strong>Bukiwaza<\/strong>&nbsp;: <strong>Tanken Dori<span style=\"color: #999999;\">&nbsp;<\/span><\/strong><span style=\"color: #999999;\">&nbsp;(45min)<\/span><br><strong>15h30 <span style=\"color: #999999;\">\u2013 16h00<span style=\"font-weight: 600; color: #000000;\"><span style=\"color: #999999;\"> &#8211;<\/span> <span style=\"font-weight: 600;\">Kaizen Dosa<span style=\"color: #999999;\"> (\u00e9tirement)<\/span><\/span><\/span><\/span><\/strong><\/p>\n<h3>PARTICIPATION<\/h3>\n<p style=\"padding-left: 30px;\"><span style=\"color: #000000;\"><strong>Cours Ado\/Adultes<\/strong>&nbsp;:&nbsp;<strong>45 \u20ac<br><\/strong><\/span><strong>1\/2 journ\u00e9e&nbsp;: 25\u20ac<\/strong><br><span style=\"color: #000000;\"> (famille&nbsp;: 15\u20ac&nbsp;\u00e0 partir de la deuxi\u00e8me personne)<\/span><\/p>\n<p>Pr\u00e9-inscription svp pour \u00eatre inform\u00e9 en cas d&rsquo;annulation de derni\u00e8re minute si un nombre minimum de participants n&rsquo;est pas atteint.<\/p>\n<h3>LIEU<\/h3>\n<p style=\"padding-left: 30px;\"><strong>GYMNASE du COLLEGE LE ROURET \/ CHATEAUNEUF<\/strong><br>Salle du Bois de Saint Jeaume<br>Coll\u00e8ge du pr\u00e9 des roures<br>06650 CHATEAUNEUF \/ LE ROURET<br>(Latitude 43.6737, Longitude 6.9930)<\/p>\n<p style=\"padding-left: 30px;\"><a href=\"https:\/\/equilibreazur.fr\/azur\/aikido-azur\/plan-acces-chateauneuf-le-rouret\" class=\"su-button su-button-style-default\" style=\"color:#FFFFFF;background-color:#2D89EF;border-color:#246ec0;border-radius:5px\" target=\"_self\"><span style=\"color:#FFFFFF;padding:0px 16px;font-size:13px;line-height:26px;border-color:#6cadf4;border-radius:5px;text-shadow:none\"> Plan d&rsquo;acc\u00e8s<\/span><\/a>\n<h3>INFORMATION<\/h3>\n<p style=\"padding-left: 30px;\">Pratique de l&rsquo;Aikido&nbsp;\u00a0\u00bb Wanomichi Takemusu Aiki&nbsp;\u00a0\u00bb &nbsp;<strong>Tous Niveaux<\/strong>&nbsp;donn\u00e9s sous la forme d&rsquo;un stage, <strong>ouverts \u00e0 tous les pratiquants<\/strong>&nbsp;quelque soit leur \u00e9cole ou f\u00e9d\u00e9ration.<\/p>\n\n\n<h3 class=\"wp-block-heading\">AFFICHE<\/h3>\n\n\n\n<div class=\"wp-block-file\"><a id=\"wp-block-file--media-63f0b4bb-5e05-45ae-a0f1-2952533c3e2c\" href=\"https:\/\/aikidojo.fr\/7d5b7e0e-b2cc-4ffd-af7a-f161df6f72c9\" target=\"_blank\" rel=\"noreferrer noopener\">Affiche format A4 du stage \u00e0&#8230;<\/a><a href=\"blob:https:\/\/aikidojo.fr\/7d5b7e0e-b2cc-4ffd-af7a-f161df6f72c9\" class=\"wp-block-file__button wp-element-button\" download aria-describedby=\"wp-block-file--media-63f0b4bb-5e05-45ae-a0f1-2952533c3e2c\">T\u00e9l\u00e9charger<\/a><\/div>\n\n\n\n<h3 class=\"wp-block-heading\">CONTACT<\/h3>\n\n\n\n<p><a href=\"mailto:contact@aiki-dojo.fr\">contact@aiki-dojo.fr<\/a><br>Aiki Dojo Azur<br>+33 (0)6 60 42 26 32<\/p>\n\n\n\n<h3 class=\"wp-block-heading\">STAGES DE LA SAISON<\/h3>\n\n\n<table width=\"100%\"><tr height=90 valign='top'><td width=30%><a href=\"https:\/\/equilibreazur.fr\/azur\/stages-calendrier\/2025-10-stage-aikido\/\" title=\"1er Stage&nbsp;\u00ab\u00a0Aikika\u00ef &#8211; DIRAF\u00a0\u00bb &#8211; 26 Octobre 2025\">26\/10\/2025<\/a><br \/>(Dim)<\/td><td width=45%>Gymnase LE ROURET<br \/><strong>Stage FFAB+DIRAF<\/strong><br \/><a href=\"https:\/\/equilibreazur.fr\/azur\/stages-calendrier\/2025-10-stage-aikido\/\" title=\"1er Stage&nbsp;\u00ab\u00a0Aikika\u00ef &#8211; DIRAF\u00a0\u00bb &#8211; 26 Octobre 2025\">Plus d'info...<\/a><\/td><td width=25%>\u2605 Anne-Laure Gaillard \/ Eric SAVALLI<\/td><\/td><tr height=90 valign='top'><td width=30%><a href=\"https:\/\/equilibreazur.fr\/azur\/stages-calendrier\/2025-12-aikido-iwama-ryu-seminar\/\" title=\"2025-12&nbsp;: Grand stage national Aikido &#8211; Nice \/ Chateauneuf\">13\/12\/2025<\/a><br \/>(sam+dim)<\/td><td width=45%>\u2605 FRANCE - NICE\/GRASSE<br \/><strong>Stage International Exceptionnel<\/strong><br \/><a href=\"https:\/\/equilibreazur.fr\/azur\/stages-calendrier\/2025-12-aikido-iwama-ryu-seminar\/\" title=\"2025-12&nbsp;: Grand stage national Aikido &#8211; Nice \/ Chateauneuf\">Plus d'info...<\/a><\/td><td width=25%><strong>V. HOCWALD<\/strong><\/td><\/td><tr height=90 valign='top'><td width=30%><a href=\"https:\/\/equilibreazur.fr\/azur\/stages-calendrier\/2026-01-stage-aikido\/\" title=\"Stage Aikido&nbsp;\u00ab\u00a0mediterranean friendship seminar\u00a0\u00bb &#8211; 25 Jan 2026\">25\/01\/2026<\/a><br \/>(Dim)<\/td><td width=45%>Gymnase LE ROURET<br \/><strong>Stage \"Friendship\" <\/strong><br \/><a href=\"https:\/\/equilibreazur.fr\/azur\/stages-calendrier\/2026-01-stage-aikido\/\" title=\"Stage Aikido&nbsp;\u00ab\u00a0mediterranean friendship seminar\u00a0\u00bb &#8211; 25 Jan 2026\">Plus d'info...<\/a><\/td><td width=25%>Fabio RAMAZZIN \/ Serge LONG \/ Eric SAVALLI<\/td><\/td><tr height=90 valign='top'><td width=30%><a href=\"https:\/\/equilibreazur.fr\/azur\/news\/2026-03-stage-aikido-kitsune-aikidojo\/\" title=\"3e stage aikido &#8211; kitsune-aikidojo &#8211; Prades &#8211; 07-08 mars 2026\">07\/03\/2026<\/a><br \/>(Sam+Dimanche)<\/td><td width=45%>\u2605 PRADES (66) -ANNUL\u00c9-<br \/><strong>Stage exceptionnel \u2694\ufe0f -ANNUL\u00c9-<\/strong><br \/><a href=\"https:\/\/equilibreazur.fr\/azur\/news\/2026-03-stage-aikido-kitsune-aikidojo\/\" title=\"3e stage aikido &#8211; kitsune-aikidojo &#8211; Prades &#8211; 07-08 mars 2026\">Plus d'info...<\/a><\/td><td width=25%>Eric SAVALLI<\/td><\/td><tr height=90 valign='top'><td width=30%><a href=\"https:\/\/equilibreazur.fr\/azur\/stages-calendrier\/2026-03-aikido-seminar-aboglio-nizza\/\" title=\"Stage Aikido&nbsp;\u00ab\u00a0Alberto Boglio Shihan\u00a0\u00bb &#8211; 22 Mars 2026\">22\/03\/2026<\/a><br \/>(Dim)<\/td><td width=45%>\u2605 FRANCE - NICE\/GRASSE<br \/><strong>Stage international exceptionnel<\/strong><br \/><a href=\"https:\/\/equilibreazur.fr\/azur\/stages-calendrier\/2026-03-aikido-seminar-aboglio-nizza\/\" title=\"Stage Aikido&nbsp;\u00ab\u00a0Alberto Boglio Shihan\u00a0\u00bb &#8211; 22 Mars 2026\">Plus d'info...<\/a><\/td><td width=25%><strong>Alberto BOGLIO<\/strong><\/td><\/td><tr height=90 valign='top'><td width=30%><a href=\"https:\/\/equilibreazur.fr\/azur\/news\/2026-stage-olivier-eberhartd-nice\/\" title=\"04\/2026 &#8211; 3e Stage&nbsp;\u00ab\u00a0AIKIDO Iwama Ryu\u00a0\u00bb avec Olivier Eberhardt en r\u00e9gion Ni\u00e7oise\">11\/04\/2026<\/a><br \/>(Sam+Dim)<\/td><td width=45%>CHATEAUNEUF (06)<br \/><strong>Stage annuel<\/strong><br \/><a href=\"https:\/\/equilibreazur.fr\/azur\/news\/2026-stage-olivier-eberhartd-nice\/\" title=\"04\/2026 &#8211; 3e Stage&nbsp;\u00ab\u00a0AIKIDO Iwama Ryu\u00a0\u00bb avec Olivier Eberhardt en r\u00e9gion Ni\u00e7oise\">Plus d'info...<\/a><\/td><td width=25%><strong>O. EBERHARDT<\/strong><\/td><\/td><\/table>\n\n\n\n<p>&#x1f38a; &#x27a1;\ufe0e Prochain stage&#8230; <a href=\"https:\/\/equilibreazur.fr\/azur\/stages-calendrier\/2020-01-stage-aikido-wanomichi-daniel-toutain-nice\/\"><strong>25\/26 janvier 2020 &#8211; avec Daniel &amp; Sonia TOUTAIN<\/strong><\/a><\/p>\n\n\n\n<figure class=\"wp-block-image\"><img alt=\"\" loading=\"lazy\" decoding=\"async\" width=\"675\" height=\"449\" src=\"https:\/\/equilibreazur.fr\/azur\/wp-content\/uploads\/2015\/01\/2015-01-seminar-toutain-51-675x449.jpg\" alt=\"\" class=\"wp-image-5659\" srcset=\"https:\/\/equilibreazur.fr\/azur\/wp-content\/uploads\/2015\/01\/2015-01-seminar-toutain-51-675x449.jpg 675w, https:\/\/equilibreazur.fr\/azur\/wp-content\/uploads\/2015\/01\/2015-01-seminar-toutain-51-370x246.jpg 370w, https:\/\/equilibreazur.fr\/azur\/wp-content\/uploads\/2015\/01\/2015-01-seminar-toutain-51-600x399.jpg 600w, https:\/\/equilibreazur.fr\/azur\/wp-content\/uploads\/2015\/01\/2015-01-seminar-toutain-51-150x100.jpg 150w, https:\/\/equilibreazur.fr\/azur\/wp-content\/uploads\/2015\/01\/2015-01-seminar-toutain-51-400x266.jpg 400w, https:\/\/equilibreazur.fr\/azur\/wp-content\/uploads\/2015\/01\/2015-01-seminar-toutain-51.jpg 960w\" sizes=\"auto, (max-width: 675px) 100vw, 675px\" \/><\/figure>\n\n\n\n<figure class=\"wp-block-image\"><img alt=\"\" loading=\"lazy\" decoding=\"async\" width=\"675\" height=\"450\" src=\"https:\/\/equilibreazur.fr\/azur\/wp-content\/uploads\/2015\/01\/2015-01-seminar-toutain-18-675x450.jpg\" alt=\"\" class=\"wp-image-5641\" srcset=\"https:\/\/equilibreazur.fr\/azur\/wp-content\/uploads\/2015\/01\/2015-01-seminar-toutain-18-675x450.jpg 675w, https:\/\/equilibreazur.fr\/azur\/wp-content\/uploads\/2015\/01\/2015-01-seminar-toutain-18-370x247.jpg 370w, https:\/\/equilibreazur.fr\/azur\/wp-content\/uploads\/2015\/01\/2015-01-seminar-toutain-18-600x400.jpg 600w, https:\/\/equilibreazur.fr\/azur\/wp-content\/uploads\/2015\/01\/2015-01-seminar-toutain-18-150x100.jpg 150w, https:\/\/equilibreazur.fr\/azur\/wp-content\/uploads\/2015\/01\/2015-01-seminar-toutain-18-400x267.jpg 400w, https:\/\/equilibreazur.fr\/azur\/wp-content\/uploads\/2015\/01\/2015-01-seminar-toutain-18.jpg 960w\" sizes=\"auto, (max-width: 675px) 100vw, 675px\" \/><\/figure>\n","protected":false},"excerpt":{"rendered":"<p>Dimanche 17\/11\/2019 : Stage bimestriel \u00ab\u00a0Wanomichi Aikido\u00a0\u00bb de la saison 2019-2020 \u00e0 Le Rouret \/ Ch\u00e2teauneuf de Grasse en r\u00e9gion de Nice \/ Grasse \/ Valbonne &#8211; C\u00f4t\u00e9 d&rsquo;Azur avec Eric Savalli 6e Dan Wanomichi et 4e Dan Dento Iwama Ryu.<\/p>\n","protected":false},"author":2,"featured_media":7935,"comment_status":"open","ping_status":"open","sticky":false,"template":"","format":"standard","meta":{"_acf_changed":false,"_seopress_robots_primary_cat":"","_seopress_titles_title":"","_seopress_titles_desc":"Dimanche 17\/11\/2019 : Stage bimestriel &quot;Wanomichi Aikido&quot; de la saison 2019-2020 \u00e0 Le Rouret \/ Ch\u00e2teauneuf de Grasse en r\u00e9gion de Nice \/ Grasse \/ Valbonne - C\u00f4t\u00e9 d&#039;Azur avec Eric Savalli 6e Dan Wanomichi et 4e Dan Dento Iwama Ryu.","_seopress_robots_index":"","generate_page_header":"","footnotes":""},"categories":[142,197],"tags":[248,45,95,265,204],"class_list":["post-7934","post","type-post","status-publish","format-standard","has-post-thumbnail","hentry","category-news","category-stages-calendrier","tag-aikido","tag-e-savalli","tag-nice-grasse","tag-roquefort-les-pins","tag-stage","infinite-scroll-item","masonry-post","generate-columns","tablet-grid-50","mobile-grid-100","grid-parent","grid-50"],"acf":[],"_links":{"self":[{"href":"https:\/\/equilibreazur.fr\/azur\/wp-json\/wp\/v2\/posts\/7934","targetHints":{"allow":["GET"]}}],"collection":[{"href":"https:\/\/equilibreazur.fr\/azur\/wp-json\/wp\/v2\/posts"}],"about":[{"href":"https:\/\/equilibreazur.fr\/azur\/wp-json\/wp\/v2\/types\/post"}],"author":[{"embeddable":true,"href":"https:\/\/equilibreazur.fr\/azur\/wp-json\/wp\/v2\/users\/2"}],"replies":[{"embeddable":true,"href":"https:\/\/equilibreazur.fr\/azur\/wp-json\/wp\/v2\/comments?post=7934"}],"version-history":[{"count":6,"href":"https:\/\/equilibreazur.fr\/azur\/wp-json\/wp\/v2\/posts\/7934\/revisions"}],"predecessor-version":[{"id":9357,"href":"https:\/\/equilibreazur.fr\/azur\/wp-json\/wp\/v2\/posts\/7934\/revisions\/9357"}],"wp:featuredmedia":[{"embeddable":true,"href":"https:\/\/equilibreazur.fr\/azur\/wp-json\/wp\/v2\/media\/7935"}],"wp:attachment":[{"href":"https:\/\/equilibreazur.fr\/azur\/wp-json\/wp\/v2\/media?parent=7934"}],"wp:term":[{"taxonomy":"category","embeddable":true,"href":"https:\/\/equilibreazur.fr\/azur\/wp-json\/wp\/v2\/categories?post=7934"},{"taxonomy":"post_tag","embeddable":true,"href":"https:\/\/equilibreazur.fr\/azur\/wp-json\/wp\/v2\/tags?post=7934"}],"curies":[{"name":"wp","href":"https:\/\/api.w.org\/{rel}","templated":true}]}}