{"id":7917,"date":"2019-10-06T16:46:35","date_gmt":"2019-10-06T16:46:35","guid":{"rendered":"https:\/\/equilibreazur.fr\/azur\/?p=7917"},"modified":"2020-08-19T09:29:57","modified_gmt":"2020-08-19T09:29:57","slug":"2020-01-stage-aikido-wanomichi-daniel-toutain-nice","status":"publish","type":"post","link":"https:\/\/equilibreazur.fr\/azur\/news\/2020-01-stage-aikido-wanomichi-daniel-toutain-nice\/","title":{"rendered":"2020-01&nbsp;: Grand stage Wanomichi (Aikido\/Yoga) avec Daniel TOUTAIN &#8211; Nice \/ Chateauneuf"},"content":{"rendered":"<p style=\"text-align: center;\">\n<p style=\"text-align: center;\"><strong><span style=\"color: #ff0000;\">XIVe stage annuel international<br \/>\nWANOMICHI TAKEUSU AIKI<\/span>\u00a0\u00e0 Chateauneuf de Grasse<br \/>\n<\/strong>dirig\u00e9 par\u00a0<strong>Daniel TOUTAIN Sensei et Sonia TOMIOKA-TOUTAIN [<a title=\"Daniel Toutain Sensei\" href=\"http:\/\/aikidoblog.net\/fr\/aikido\/sensei\/daniel-toutain\/\">lien<\/a>]<\/strong><\/p>\n<p style=\"text-align: center;\"><strong>Samedi, Dimanche\u00a025-26 JANVIER 2020<\/strong><\/p>\n<p style=\"text-align: center;\">Stage\u00a0exceptionnel\u00a0<strong>ouvert \u00e0 tous les pratiquants d&rsquo;Aikido<br \/>\ny compris les d\u00e9butants, toute\u00a0\u00e9cole ou f\u00e9d\u00e9ration<\/strong>.<\/p>\n<p style=\"text-align: center;\">Comme chaque ann\u00e9e et pour la 14\u00e8me fois, <a title=\"Aiki Dojo\" href=\"https:\/\/aikidoazur.fr\">Aiki Dojo Azur<\/a> organise un stage exceptionnel&nbsp;\u00ab\u00a0Wa no Michi de 2\u00a0jours les\u00a0Samedi 25 et\u00a0Dimanche 26&nbsp;\u00a0janvier\u00a02020.&nbsp;\u00ab\u00a0<a href=\"https:\/\/aikidoblog.net\/fr\/aikido\/wa-no-michi\/\">Wa no Michi<\/a>\u00a0\u00bb est le nom de l&rsquo;\u00e9cole de Daniel Toutain Sensei incluant la pratique de l&rsquo;A\u00efkido et du Yoga. Ce stage a lieu \u00e0 <strong>Chateauneuf de Grasse<\/strong> (06-Alpes Maritimes &#8211; R\u00e9gion de Nice) avec <strong>Daniel\u00a0TOUTAIN\u00a0Sensei, 6eme Dan d&rsquo;Aikido (Aikikai de Japon et Saito Sensei)<\/strong>.<\/p>\n<p style=\"text-align: center;\"><!--more--><\/p>\n<p style=\"text-align: center;\">Assurance obligatoire.<\/p>\n<p style=\"text-align: center;\"><span style=\"color: #ff0000;\">RESERVATION&nbsp;!<\/span><br \/>\n<span style=\"color: #ff0000;\">Il est important de\u00a0<strong>nous pr\u00e9venir par email\u00a0<\/strong>de votre<br \/>\npr\u00e9sence<strong> d\u2019ici le 10 janvier<br \/>\nafin de r\u00e9server votre place et votre repas<\/strong>.<\/span><\/p>\n<p style=\"text-align: center;\"><span style=\"color: #ff0000;\">BOOK REQUIRED!<\/span><br \/>\n<span style=\"color: #ff0000;\">Please, <strong>book before 10-January<\/strong>\u00a0to make sure there is<br \/>\nstill <strong>availability<\/strong> and to <strong>book your\u00a0meal at the diner.<\/strong><\/span><\/p>\n<hr style=\"height: 1px; width: 100%;\" size=\"1\" width=\"80%\" \/>\n<table class=\"aligncenter\" style=\"width: 100%;\" border=\"0\" align=\"center\">\n<tbody>\n<tr>\n<td><em><img loading=\"lazy\" decoding=\"async\" class=\"alignleft size-full wp-image-7721\" src=\"https:\/\/equilibreazur.fr\/azur\/wp-content\/uploads\/2018\/12\/flag-uk-united-kingdom.png\" alt=\"Flag UK united-kingdom\" width=\"24\" height=\"24\" \/>ENGLISH SPOKEN!\u00a0<\/em><\/p>\n<p><em style=\"color: #ff0000; font-size: inherit; font-family: inherit;\">REGISTRATION\u00a0!\u00a0It is very important to\u00a0<strong>let us know by email before the 31st\u00a0of December\u00a0that you will participate<\/strong>\u00a0to book your place (especially for the meal).<\/em><\/p>\n<p><em>GRASSE is located in south-east of FRANCE in the<strong> French Riviera (C\u00f4te d\u2019Azur &#8211; Nice \/ Monaco)<\/strong>, at 40mn from Nice C\u00f4te d\u2019Azur airport (which is the second airport in France, with a hourly connection to PARIS with Air-France).<\/em><br \/>\n<em>As the keiko are on friday and saturday, you could enjoy the area on sunday&#8230;<br \/>\n<\/em><br \/>\n<em>If you are coming by train or by plane, <span style=\"color: #ff0000;\"><strong>we will take care of you<\/strong>.<\/span><\/em><span style=\"color: #ff0000;\">\u00a0<strong><em>No need to worry about transportation&#8230;<\/em><\/strong><\/span><br \/>\n<em>It is not possible to sleep on the mats, at the dojo.<\/em><br \/>\n<em>If you would like to be hosted in a trainee\u2019s home, we will be pleased to do so if possible.<\/em><br \/>\n<em>Please, let us know asap by email (english spoken).<\/em><br \/>\n<em>&#8230; please contact us asap.<\/em><\/td>\n<\/tr>\n<\/tbody>\n<\/table>\n<h2>lls seront l\u00e0&#8230; et vous&nbsp;?<\/h2>\n<p>Parmi les participants de l&rsquo;\u00e9dition 2020, nous aurons le plaisir de retrouvez \u00e0 ce stage&#8230;.<br \/>\nMerci de vous manifester au plus vite, nous essayerons de trouver le temps de mettre le plus de visages en ligne&#8230;<\/p>\n<div id='gallery-1' class='gallery galleryid-7917 gallery-columns-4 gallery-size-thumbnail'><figure class='gallery-item'>\n\t\t\t<div class='gallery-icon landscape'>\n\t\t\t\t<img loading=\"lazy\" decoding=\"async\" width=\"200\" height=\"200\" src=\"https:\/\/equilibreazur.fr\/azur\/wp-content\/uploads\/2019\/10\/Daniel-Toutain-2019-200x200.jpg\" class=\"attachment-thumbnail size-thumbnail\" alt=\"Daniel Toutain\" aria-describedby=\"gallery-1-7986\" srcset=\"https:\/\/equilibreazur.fr\/azur\/wp-content\/uploads\/2019\/10\/Daniel-Toutain-2019-200x200.jpg 200w, https:\/\/equilibreazur.fr\/azur\/wp-content\/uploads\/2019\/10\/Daniel-Toutain-2019.jpg 300w\" sizes=\"auto, (max-width: 200px) 100vw, 200px\" \/>\n\t\t\t<\/div>\n\t\t\t\t<figcaption class='wp-caption-text gallery-caption' id='gallery-1-7986'>\n\t\t\t\tDaniel Toutain Sensei\n\t\t\t\t<\/figcaption><\/figure><figure class='gallery-item'>\n\t\t\t<div class='gallery-icon landscape'>\n\t\t\t\t<img loading=\"lazy\" decoding=\"async\" width=\"200\" height=\"200\" src=\"https:\/\/equilibreazur.fr\/azur\/wp-content\/uploads\/2019\/10\/Sonia-Toutain-2018-200x200.jpg\" class=\"attachment-thumbnail size-thumbnail\" alt=\"Sonia-Toutain\" aria-describedby=\"gallery-1-8002\" srcset=\"https:\/\/equilibreazur.fr\/azur\/wp-content\/uploads\/2019\/10\/Sonia-Toutain-2018-200x200.jpg 200w, https:\/\/equilibreazur.fr\/azur\/wp-content\/uploads\/2019\/10\/Sonia-Toutain-2018.jpg 300w\" sizes=\"auto, (max-width: 200px) 100vw, 200px\" \/>\n\t\t\t<\/div>\n\t\t\t\t<figcaption class='wp-caption-text gallery-caption' id='gallery-1-8002'>\n\t\t\t\tSonia-Toutain Sensei\n\t\t\t\t<\/figcaption><\/figure><figure class='gallery-item'>\n\t\t\t<div class='gallery-icon landscape'>\n\t\t\t\t<img loading=\"lazy\" decoding=\"async\" width=\"200\" height=\"200\" src=\"https:\/\/equilibreazur.fr\/azur\/wp-content\/uploads\/2019\/10\/Eric-Savalli-2019-200x200.jpg\" class=\"attachment-thumbnail size-thumbnail\" alt=\"Eric-Savalli\" aria-describedby=\"gallery-1-7992\" srcset=\"https:\/\/equilibreazur.fr\/azur\/wp-content\/uploads\/2019\/10\/Eric-Savalli-2019-200x200.jpg 200w, https:\/\/equilibreazur.fr\/azur\/wp-content\/uploads\/2019\/10\/Eric-Savalli-2019.jpg 300w\" sizes=\"auto, (max-width: 200px) 100vw, 200px\" \/>\n\t\t\t<\/div>\n\t\t\t\t<figcaption class='wp-caption-text gallery-caption' id='gallery-1-7992'>\n\t\t\t\tEric-Savalli\n\t\t\t\t<\/figcaption><\/figure><figure class='gallery-item'>\n\t\t\t<div class='gallery-icon landscape'>\n\t\t\t\t<img loading=\"lazy\" decoding=\"async\" width=\"200\" height=\"200\" src=\"https:\/\/equilibreazur.fr\/azur\/wp-content\/uploads\/2019\/10\/Luca-Marchetti-2019-200x200.jpg\" class=\"attachment-thumbnail size-thumbnail\" alt=\"Luca-Marchetti\" aria-describedby=\"gallery-1-7996\" srcset=\"https:\/\/equilibreazur.fr\/azur\/wp-content\/uploads\/2019\/10\/Luca-Marchetti-2019-200x200.jpg 200w, https:\/\/equilibreazur.fr\/azur\/wp-content\/uploads\/2019\/10\/Luca-Marchetti-2019.jpg 300w\" sizes=\"auto, (max-width: 200px) 100vw, 200px\" \/>\n\t\t\t<\/div>\n\t\t\t\t<figcaption class='wp-caption-text gallery-caption' id='gallery-1-7996'>\n\t\t\t\tLuca-Marchetti\n\t\t\t\t<\/figcaption><\/figure><figure class='gallery-item'>\n\t\t\t<div class='gallery-icon landscape'>\n\t\t\t\t<img loading=\"lazy\" decoding=\"async\" width=\"200\" height=\"200\" src=\"https:\/\/equilibreazur.fr\/azur\/wp-content\/uploads\/2019\/10\/Simone-Gisoni-2019-200x200.jpg\" class=\"attachment-thumbnail size-thumbnail\" alt=\"Simone-Gisoni\" aria-describedby=\"gallery-1-8001\" srcset=\"https:\/\/equilibreazur.fr\/azur\/wp-content\/uploads\/2019\/10\/Simone-Gisoni-2019-200x200.jpg 200w, https:\/\/equilibreazur.fr\/azur\/wp-content\/uploads\/2019\/10\/Simone-Gisoni-2019.jpg 300w\" sizes=\"auto, (max-width: 200px) 100vw, 200px\" \/>\n\t\t\t<\/div>\n\t\t\t\t<figcaption class='wp-caption-text gallery-caption' id='gallery-1-8001'>\n\t\t\t\tSimone-Gisoni\n\t\t\t\t<\/figcaption><\/figure><figure class='gallery-item'>\n\t\t\t<div class='gallery-icon landscape'>\n\t\t\t\t<img loading=\"lazy\" decoding=\"async\" width=\"200\" height=\"200\" src=\"https:\/\/equilibreazur.fr\/azur\/wp-content\/uploads\/2019\/10\/Serge-Long-2019-200x200.jpg\" class=\"attachment-thumbnail size-thumbnail\" alt=\"Serge-Long\" aria-describedby=\"gallery-1-8000\" srcset=\"https:\/\/equilibreazur.fr\/azur\/wp-content\/uploads\/2019\/10\/Serge-Long-2019-200x200.jpg 200w, https:\/\/equilibreazur.fr\/azur\/wp-content\/uploads\/2019\/10\/Serge-Long-2019.jpg 300w\" sizes=\"auto, (max-width: 200px) 100vw, 200px\" \/>\n\t\t\t<\/div>\n\t\t\t\t<figcaption class='wp-caption-text gallery-caption' id='gallery-1-8000'>\n\t\t\t\tSerge-Long\n\t\t\t\t<\/figcaption><\/figure><figure class='gallery-item'>\n\t\t\t<div class='gallery-icon landscape'>\n\t\t\t\t<img loading=\"lazy\" decoding=\"async\" width=\"200\" height=\"200\" src=\"https:\/\/equilibreazur.fr\/azur\/wp-content\/uploads\/2019\/10\/Frank-Barbotin-2019-200x200.jpg\" class=\"attachment-thumbnail size-thumbnail\" alt=\"Franck-Barbotin\" aria-describedby=\"gallery-1-7994\" srcset=\"https:\/\/equilibreazur.fr\/azur\/wp-content\/uploads\/2019\/10\/Frank-Barbotin-2019-200x200.jpg 200w, https:\/\/equilibreazur.fr\/azur\/wp-content\/uploads\/2019\/10\/Frank-Barbotin-2019.jpg 300w\" sizes=\"auto, (max-width: 200px) 100vw, 200px\" \/>\n\t\t\t<\/div>\n\t\t\t\t<figcaption class='wp-caption-text gallery-caption' id='gallery-1-7994'>\n\t\t\t\tFranck-Barbotin\n\t\t\t\t<\/figcaption><\/figure><figure class='gallery-item'>\n\t\t\t<div class='gallery-icon landscape'>\n\t\t\t\t<img loading=\"lazy\" decoding=\"async\" width=\"200\" height=\"200\" src=\"https:\/\/equilibreazur.fr\/azur\/wp-content\/uploads\/2019\/10\/St\u00e9phane-Bravin-2017-200x200.jpg\" class=\"attachment-thumbnail size-thumbnail\" alt=\"St\u00e9phane-Bravin\" aria-describedby=\"gallery-1-8003\" srcset=\"https:\/\/equilibreazur.fr\/azur\/wp-content\/uploads\/2019\/10\/St\u00e9phane-Bravin-2017-200x200.jpg 200w, https:\/\/equilibreazur.fr\/azur\/wp-content\/uploads\/2019\/10\/St\u00e9phane-Bravin-2017.jpg 300w\" sizes=\"auto, (max-width: 200px) 100vw, 200px\" \/>\n\t\t\t<\/div>\n\t\t\t\t<figcaption class='wp-caption-text gallery-caption' id='gallery-1-8003'>\n\t\t\t\tSt\u00e9phane-Bravin\n\t\t\t\t<\/figcaption><\/figure><figure class='gallery-item'>\n\t\t\t<div class='gallery-icon landscape'>\n\t\t\t\t<img loading=\"lazy\" decoding=\"async\" width=\"200\" height=\"200\" src=\"https:\/\/equilibreazur.fr\/azur\/wp-content\/uploads\/2019\/10\/Fabio-Ramazzin-2019-200x200.jpg\" class=\"attachment-thumbnail size-thumbnail\" alt=\"Fabio-Ramazzin\" aria-describedby=\"gallery-1-7993\" srcset=\"https:\/\/equilibreazur.fr\/azur\/wp-content\/uploads\/2019\/10\/Fabio-Ramazzin-2019-200x200.jpg 200w, https:\/\/equilibreazur.fr\/azur\/wp-content\/uploads\/2019\/10\/Fabio-Ramazzin-2019.jpg 300w\" sizes=\"auto, (max-width: 200px) 100vw, 200px\" \/>\n\t\t\t<\/div>\n\t\t\t\t<figcaption class='wp-caption-text gallery-caption' id='gallery-1-7993'>\n\t\t\t\tFabio-Ramazzin\n\t\t\t\t<\/figcaption><\/figure><figure class='gallery-item'>\n\t\t\t<div class='gallery-icon landscape'>\n\t\t\t\t<img loading=\"lazy\" decoding=\"async\" width=\"200\" height=\"200\" src=\"https:\/\/equilibreazur.fr\/azur\/wp-content\/uploads\/2019\/10\/Christian-Haullard-2019-200x200.jpg\" class=\"attachment-thumbnail size-thumbnail\" alt=\"Christian-Haullard\" aria-describedby=\"gallery-1-7985\" srcset=\"https:\/\/equilibreazur.fr\/azur\/wp-content\/uploads\/2019\/10\/Christian-Haullard-2019-200x200.jpg 200w, https:\/\/equilibreazur.fr\/azur\/wp-content\/uploads\/2019\/10\/Christian-Haullard-2019.jpg 300w\" sizes=\"auto, (max-width: 200px) 100vw, 200px\" \/>\n\t\t\t<\/div>\n\t\t\t\t<figcaption class='wp-caption-text gallery-caption' id='gallery-1-7985'>\n\t\t\t\tChristian-Haullard\n\t\t\t\t<\/figcaption><\/figure><figure class='gallery-item'>\n\t\t\t<div class='gallery-icon landscape'>\n\t\t\t\t<img loading=\"lazy\" decoding=\"async\" width=\"200\" height=\"200\" src=\"https:\/\/equilibreazur.fr\/azur\/wp-content\/uploads\/2019\/10\/Dawid-Ledzewicz-2019-200x200.jpg\" class=\"attachment-thumbnail size-thumbnail\" alt=\"Dawid-Ledzewicz\" aria-describedby=\"gallery-1-7987\" srcset=\"https:\/\/equilibreazur.fr\/azur\/wp-content\/uploads\/2019\/10\/Dawid-Ledzewicz-2019-200x200.jpg 200w, https:\/\/equilibreazur.fr\/azur\/wp-content\/uploads\/2019\/10\/Dawid-Ledzewicz-2019.jpg 300w\" sizes=\"auto, (max-width: 200px) 100vw, 200px\" \/>\n\t\t\t<\/div>\n\t\t\t\t<figcaption class='wp-caption-text gallery-caption' id='gallery-1-7987'>\n\t\t\t\tDawid-Ledzewicz\n\t\t\t\t<\/figcaption><\/figure><figure class='gallery-item'>\n\t\t\t<div class='gallery-icon landscape'>\n\t\t\t\t<img loading=\"lazy\" decoding=\"async\" width=\"200\" height=\"200\" src=\"https:\/\/equilibreazur.fr\/azur\/wp-content\/uploads\/2019\/10\/Eric-Orquera-2019-200x200.jpg\" class=\"attachment-thumbnail size-thumbnail\" alt=\"Eric-Orquera\" aria-describedby=\"gallery-1-7991\" srcset=\"https:\/\/equilibreazur.fr\/azur\/wp-content\/uploads\/2019\/10\/Eric-Orquera-2019-200x200.jpg 200w, https:\/\/equilibreazur.fr\/azur\/wp-content\/uploads\/2019\/10\/Eric-Orquera-2019.jpg 300w\" sizes=\"auto, (max-width: 200px) 100vw, 200px\" \/>\n\t\t\t<\/div>\n\t\t\t\t<figcaption class='wp-caption-text gallery-caption' id='gallery-1-7991'>\n\t\t\t\tEric-Orquera\n\t\t\t\t<\/figcaption><\/figure><figure class='gallery-item'>\n\t\t\t<div class='gallery-icon landscape'>\n\t\t\t\t<img loading=\"lazy\" decoding=\"async\" width=\"200\" height=\"200\" src=\"https:\/\/equilibreazur.fr\/azur\/wp-content\/uploads\/2019\/10\/Michel-Tourbez-2019-200x200.jpg\" class=\"attachment-thumbnail size-thumbnail\" alt=\"Michel-Tourbez\" aria-describedby=\"gallery-1-7997\" srcset=\"https:\/\/equilibreazur.fr\/azur\/wp-content\/uploads\/2019\/10\/Michel-Tourbez-2019-200x200.jpg 200w, https:\/\/equilibreazur.fr\/azur\/wp-content\/uploads\/2019\/10\/Michel-Tourbez-2019.jpg 300w\" sizes=\"auto, (max-width: 200px) 100vw, 200px\" \/>\n\t\t\t<\/div>\n\t\t\t\t<figcaption class='wp-caption-text gallery-caption' id='gallery-1-7997'>\n\t\t\t\tMichel-Tourbez\n\t\t\t\t<\/figcaption><\/figure><figure class='gallery-item'>\n\t\t\t<div class='gallery-icon landscape'>\n\t\t\t\t<img loading=\"lazy\" decoding=\"async\" width=\"200\" height=\"200\" src=\"https:\/\/equilibreazur.fr\/azur\/wp-content\/uploads\/2019\/10\/Denis-Weisbuch-2019-200x200.jpg\" class=\"attachment-thumbnail size-thumbnail\" alt=\"Denis-Weisbuch\" aria-describedby=\"gallery-1-7988\" srcset=\"https:\/\/equilibreazur.fr\/azur\/wp-content\/uploads\/2019\/10\/Denis-Weisbuch-2019-200x200.jpg 200w, https:\/\/equilibreazur.fr\/azur\/wp-content\/uploads\/2019\/10\/Denis-Weisbuch-2019.jpg 300w\" sizes=\"auto, (max-width: 200px) 100vw, 200px\" \/>\n\t\t\t<\/div>\n\t\t\t\t<figcaption class='wp-caption-text gallery-caption' id='gallery-1-7988'>\n\t\t\t\tDenis-Weisbuch\n\t\t\t\t<\/figcaption><\/figure><figure class='gallery-item'>\n\t\t\t<div class='gallery-icon landscape'>\n\t\t\t\t<img loading=\"lazy\" decoding=\"async\" width=\"200\" height=\"200\" src=\"https:\/\/equilibreazur.fr\/azur\/wp-content\/uploads\/2019\/10\/Carlo-Depalma-2019-200x200.jpg\" class=\"attachment-thumbnail size-thumbnail\" alt=\"Carlo-Depalma\" aria-describedby=\"gallery-1-7984\" srcset=\"https:\/\/equilibreazur.fr\/azur\/wp-content\/uploads\/2019\/10\/Carlo-Depalma-2019-200x200.jpg 200w, https:\/\/equilibreazur.fr\/azur\/wp-content\/uploads\/2019\/10\/Carlo-Depalma-2019.jpg 300w\" sizes=\"auto, (max-width: 200px) 100vw, 200px\" \/>\n\t\t\t<\/div>\n\t\t\t\t<figcaption class='wp-caption-text gallery-caption' id='gallery-1-7984'>\n\t\t\t\tCarlo-Depalma\n\t\t\t\t<\/figcaption><\/figure><figure class='gallery-item'>\n\t\t\t<div class='gallery-icon landscape'>\n\t\t\t\t<img loading=\"lazy\" decoding=\"async\" width=\"200\" height=\"200\" src=\"https:\/\/equilibreazur.fr\/azur\/wp-content\/uploads\/2019\/10\/Elisa-Rigato-2019-200x200.jpg\" class=\"attachment-thumbnail size-thumbnail\" alt=\"Elisa-Rigato\" aria-describedby=\"gallery-1-7990\" srcset=\"https:\/\/equilibreazur.fr\/azur\/wp-content\/uploads\/2019\/10\/Elisa-Rigato-2019-200x200.jpg 200w, https:\/\/equilibreazur.fr\/azur\/wp-content\/uploads\/2019\/10\/Elisa-Rigato-2019.jpg 300w\" sizes=\"auto, (max-width: 200px) 100vw, 200px\" \/>\n\t\t\t<\/div>\n\t\t\t\t<figcaption class='wp-caption-text gallery-caption' id='gallery-1-7990'>\n\t\t\t\tElisa-Rigato\n\t\t\t\t<\/figcaption><\/figure><figure class='gallery-item'>\n\t\t\t<div class='gallery-icon landscape'>\n\t\t\t\t<img loading=\"lazy\" decoding=\"async\" width=\"200\" height=\"200\" src=\"https:\/\/equilibreazur.fr\/azur\/wp-content\/uploads\/2019\/10\/Patrick-Grimonpont-2019-200x200.jpg\" class=\"attachment-thumbnail size-thumbnail\" alt=\"Patrick-Grimonpont\" aria-describedby=\"gallery-1-7998\" srcset=\"https:\/\/equilibreazur.fr\/azur\/wp-content\/uploads\/2019\/10\/Patrick-Grimonpont-2019-200x200.jpg 200w, https:\/\/equilibreazur.fr\/azur\/wp-content\/uploads\/2019\/10\/Patrick-Grimonpont-2019.jpg 300w\" sizes=\"auto, (max-width: 200px) 100vw, 200px\" \/>\n\t\t\t<\/div>\n\t\t\t\t<figcaption class='wp-caption-text gallery-caption' id='gallery-1-7998'>\n\t\t\t\tPatrick-Grimonpont\n\t\t\t\t<\/figcaption><\/figure><figure class='gallery-item'>\n\t\t\t<div class='gallery-icon landscape'>\n\t\t\t\t<img loading=\"lazy\" decoding=\"async\" width=\"200\" height=\"200\" src=\"https:\/\/equilibreazur.fr\/azur\/wp-content\/uploads\/2019\/10\/Patrick-Lehmann-2019-200x200.jpg\" class=\"attachment-thumbnail size-thumbnail\" alt=\"Patrick-Lehmann\" aria-describedby=\"gallery-1-7999\" srcset=\"https:\/\/equilibreazur.fr\/azur\/wp-content\/uploads\/2019\/10\/Patrick-Lehmann-2019-200x200.jpg 200w, https:\/\/equilibreazur.fr\/azur\/wp-content\/uploads\/2019\/10\/Patrick-Lehmann-2019.jpg 300w\" sizes=\"auto, (max-width: 200px) 100vw, 200px\" \/>\n\t\t\t<\/div>\n\t\t\t\t<figcaption class='wp-caption-text gallery-caption' id='gallery-1-7999'>\n\t\t\t\tPatrick-Lehmann\n\t\t\t\t<\/figcaption><\/figure><figure class='gallery-item'>\n\t\t\t<div class='gallery-icon landscape'>\n\t\t\t\t<img loading=\"lazy\" decoding=\"async\" width=\"200\" height=\"200\" src=\"https:\/\/equilibreazur.fr\/azur\/wp-content\/uploads\/2019\/10\/Dominique-Gadot-200x200.jpg\" class=\"attachment-thumbnail size-thumbnail\" alt=\"Dominique-Gadot\" aria-describedby=\"gallery-1-7989\" srcset=\"https:\/\/equilibreazur.fr\/azur\/wp-content\/uploads\/2019\/10\/Dominique-Gadot-200x200.jpg 200w, https:\/\/equilibreazur.fr\/azur\/wp-content\/uploads\/2019\/10\/Dominique-Gadot.jpg 300w\" sizes=\"auto, (max-width: 200px) 100vw, 200px\" \/>\n\t\t\t<\/div>\n\t\t\t\t<figcaption class='wp-caption-text gallery-caption' id='gallery-1-7989'>\n\t\t\t\tDominique-Gadot\n\t\t\t\t<\/figcaption><\/figure><figure class='gallery-item'>\n\t\t\t<div class='gallery-icon landscape'>\n\t\t\t\t<img loading=\"lazy\" decoding=\"async\" width=\"200\" height=\"200\" src=\"https:\/\/equilibreazur.fr\/azur\/wp-content\/uploads\/2019\/10\/Fr\u00e9d\u00e9ric-Grout-2017-200x200.jpg\" class=\"attachment-thumbnail size-thumbnail\" alt=\"Fr\u00e9d\u00e9ric Grout\" aria-describedby=\"gallery-1-7995\" srcset=\"https:\/\/equilibreazur.fr\/azur\/wp-content\/uploads\/2019\/10\/Fr\u00e9d\u00e9ric-Grout-2017-200x200.jpg 200w, https:\/\/equilibreazur.fr\/azur\/wp-content\/uploads\/2019\/10\/Fr\u00e9d\u00e9ric-Grout-2017.jpg 300w\" sizes=\"auto, (max-width: 200px) 100vw, 200px\" \/>\n\t\t\t<\/div>\n\t\t\t\t<figcaption class='wp-caption-text gallery-caption' id='gallery-1-7995'>\n\t\t\t\tFr\u00e9d\u00e9ric Grout\n\t\t\t\t<\/figcaption><\/figure>\n\t\t<\/div>\n\n<hr style=\"height: 1px; width: 100%;\" size=\"1\" width=\"80%\" \/>\n<h2>Daniel\u00a0TOUTAIN Sensei<\/h2>\n<div class=\"su-row\">\n<div class=\"su-column su-column-size-1-2\"><div class=\"su-column-inner su-u-clearfix su-u-trim\"> Daniel TOUTAIN, expert en Aikido avec plus de\u00a0<strong>50 ans de pratique<\/strong> et d&rsquo;enseignement, fut \u00e9l\u00e8ve direct de feu <strong>SAITO\u00a0Morihei\u00a0Sensei<\/strong> et son repr\u00e9sentant en France. Avant lui, Daniel\u00a0TOUTAIN \u00e9tait assistant de <strong>Ma\u00eetre\u00a0NORO<\/strong> puis de <strong>Ma\u00eetre\u00a0TAMURA. <\/strong>Il a suivi les\u00a0enseignements de ses 3\u00a0ma\u00eetres durant 10 ans pour chacun d&rsquo;eux.\u00a0Il dirige depuis longue date des stages \u00e0 travers toute l&rsquo;Europe et au del\u00e0. Il est le responsable technique et fondateur du&nbsp;\u00ab\u00a0<strong>Wa no Michi<\/strong> &#8211; Fundamental Aikido\u00a0\u00bb. <\/div><\/div>\n<div class=\"su-column su-column-size-1-2\"><div class=\"su-column-inner su-u-clearfix su-u-trim\"><strong><em><img loading=\"lazy\" decoding=\"async\" class=\"alignleft\" title=\"ENGLISH\" src=\"https:\/\/equilibreazur.fr\/azur\/images\/flag\/en.png\" alt=\"\" width=\"32\" height=\"32\" \/><\/em>Daniel is an +50-years Aikido-ka of practicer and instructor. For 30 years, Daniel followed the teaching of three great japanese Masters, all of them were disciple of the Aikido Founder.<\/strong>\u00a0He was a direct student of late <strong>SAITO Morihiro<\/strong> Sensei and his representative in France (10 years). Before this, Daniel studied with <strong>Masamichi NORO Sensei<\/strong>\u00a0in his dojo in Paris and became his first assistant (10 years). Then he studied with <strong>Nobuyoshi TAMURA sensei<\/strong>. Daniel has been a\u00a0close student and his\u00a0partner during 10 years. <\/div><\/div>\n<\/div>\n<p><iframe loading=\"lazy\" title=\"DVD 14\/14 Shodan - Iwama Ryu Aikido\" width=\"1200\" height=\"675\" src=\"https:\/\/www.youtube.com\/embed\/W4fLGVjyAE8?feature=oembed\" frameborder=\"0\" allow=\"accelerometer; autoplay; encrypted-media; gyroscope; picture-in-picture\" allowfullscreen><\/iframe><\/p>\n<p>(voir d&rsquo;<a title=\"Vid\u00e9os Daniel TOUTAIN\" href=\"http:\/\/aikidoblog.net\/fr\/videos\/extraits-14dvd-toutain\/\" target=\"_blank\" rel=\"noopener noreferrer\">autres vid\u00e9os<\/a> de Daniel TOUTAIN sur AikidoBlog.net)<\/p>\n<h2>Sonia Tomioka-Toutain Sensei<\/h2>\n<figure id=\"attachment_6881\" aria-describedby=\"caption-attachment-6881\" style=\"width: 950px\" class=\"wp-caption alignnone\"><img loading=\"lazy\" decoding=\"async\" class=\"size-full wp-image-6881\" src=\"https:\/\/equilibreazur.fr\/azur\/wp-content\/uploads\/2016\/10\/2015-08-Sonia-Tomioka-Toutain.jpg\" alt=\"Sonia Tomioka-Toutain\" width=\"960\" height=\"640\" srcset=\"https:\/\/equilibreazur.fr\/azur\/wp-content\/uploads\/2016\/10\/2015-08-Sonia-Tomioka-Toutain.jpg 960w, https:\/\/equilibreazur.fr\/azur\/wp-content\/uploads\/2016\/10\/2015-08-Sonia-Tomioka-Toutain-370x247.jpg 370w, https:\/\/equilibreazur.fr\/azur\/wp-content\/uploads\/2016\/10\/2015-08-Sonia-Tomioka-Toutain-738x492.jpg 738w, https:\/\/equilibreazur.fr\/azur\/wp-content\/uploads\/2016\/10\/2015-08-Sonia-Tomioka-Toutain-600x400.jpg 600w\" sizes=\"auto, (max-width: 960px) 100vw, 960px\" \/><figcaption id=\"caption-attachment-6881\" class=\"wp-caption-text\">Sonia Tomioka-Toutain Stage Aikido &#8211; Caldes d&rsquo;Estrac &#8211; Spain &#8211; Daniel Toutain Sensei FAA<\/figcaption><\/figure>\n<div class=\"su-row\">\n<div class=\"su-column su-column-size-1-2\"><div class=\"su-column-inner su-u-clearfix su-u-trim\"><strong><span lang=\"EN-US\">Sonia &#8211; Instructeur de Yoga<\/span><\/strong><span lang=\"EN-US\">\u00a0<\/span><span lang=\"EN-US\"><br \/>\n<\/span><\/p>\n<ul>\n<li>Professeur de\u00a0Ashtanga\u00a0Yoga depuis plusieurs\u00a0ann\u00e9es. C\u2019est un Yoga dynamique bas\u00e9 sur un\u00a0syst\u00e8me de mouvements et de respirations\u00a0synchronis\u00e9s. Cette pratique est tr\u00e8s\u00a0compl\u00e9mentaire \u00e0 l\u2019Aikido\u00a0et donne aux\u00a0pratiquants une plus grande souplesse ainsi\u00a0qu\u2019une meilleure ma\u00eetrise du corps.<\/li>\n<li>3\u00e8me\u00a0Dan\u00a0Aikido,\u00a0proche \u00e9l\u00e8ve\u00a0de\u00a0Morihiro\u00a0SAITO\u00a0Sensei\u00a0pendant\u00a0plus de 4\u00a0ans \u00e0\u00a0Iwama\u00a0au Japon. Elle \u00e9tait charg\u00e9e de transmettre la culture japonaise aux uchideshi (\u00e9l\u00e8ves internes) qui venaient du monde entier pour se perfectionner sous la direction de Saito Sensei dans le Dojo du Fondateur \u00e0 Iwama.<\/li>\n<li>A s\u00e9journ\u00e9 plusieurs mois dans un temple\u00a0pour pratiquer la m\u00e9ditation intensive.<\/li>\n<li>Dipl\u00f4m\u00e9e Shiatsu et C\u00e9r\u00e9monie du\u00a0Th\u00e9. <\/div><\/div><\/li>\n<\/ul>\n<div class=\"su-column su-column-size-1-2\"><div class=\"su-column-inner su-u-clearfix su-u-trim\"><strong><span lang=\"EN-US\"><em><img loading=\"lazy\" decoding=\"async\" class=\"alignleft\" title=\"ENGLISH\" src=\"https:\/\/equilibreazur.fr\/azur\/images\/flag\/en.png\" alt=\"\" width=\"32\" height=\"32\" \/><\/em>Sonia &#8211; Yoga Instructor and Massage Therapist<\/span><\/strong><span class=\"apple-converted-space\"><b><span lang=\"EN-US\">\u00a0<\/span><\/b><\/span><span lang=\"EN-US\"><br \/>\n<\/span><\/p>\n<ul>\n<li>Ashtanga\u00a0Yoga teacher since several years. It is a dynamic Yoga based on a system of synchronized\u00a0movements and breaths.<\/li>\n<li>This practice is very complementary to Aikido. Practitioners can provide better\u00a0flexibility and control of their body.<\/li>\n<li>3rd\u00a0Dan in Aikido, close\u00a0student of\u00a0Morihiro\u00a0SAITO Sensei\u00a0during more than\u00a04 years in\u00a0Iwama\u00a0Japan.\u00a0She was in charge of transmitting\u00a0the\u00a0Japanese culture to\u00a0the\u00a0uchideshi (internal students) who came from all over the world to study\u00a0with Saito Sensei\u00a0in\u00a0the Dojo\u00a0of the Founder in Iwama.<\/li>\n<li>Spent several months in a Temple to practice intensive meditation.<\/li>\n<li>Graduate in Shiatsu and Tea\u00a0Ceremony.<\/div><\/div><\/li>\n<\/ul>\n<\/div>\n<h2>Wa no Michi<\/h2>\n<blockquote><p><strong>Wa no Michi&#8230; La voie de l&rsquo;harmonie.<\/strong><\/p><\/blockquote>\n<p>Le terme <strong>a\u00efkido<\/strong> (<i>aikid\u014d<\/i>\u00a0en japonais) est compos\u00e9 de trois\u00a0kanjis\u00a0signifiant\u00a0:<\/p>\n<ul>\n<li>\u5408\u00a0<i>ai<\/i>\u00a0: du verbe\u00a0<i>au<\/i>, concorder\u00a0; harmonie<\/li>\n<li>\u6c17\u00a0<i>ki<\/i>\u00a0: \u00e9nergie<\/li>\n<li>\u9053\u00a0<i>d\u014d<\/i>\u00a0: la voie.<\/li>\n<\/ul>\n<p>A\u00efkido peut donc se traduire par&nbsp;\u00ab\u00a0la voie de la concordance des \u00e9nergies\u00a0\u00bb<\/p>\n<p>Le <strong>Ashtanga Yoga<\/strong>, d\u00e9velopp\u00e9 par\u00a0Shr\u00ee K.Pattabhi Jois [<a href=\"https:\/\/fr.wikipedia.org\/wiki\/Pattabhi_Jois\" target=\"_blank\" rel=\"noopener noreferrer\">wikipedia<\/a>], est un&nbsp;\u00a0yoga\u00a0<strong>dynamique<\/strong> bas\u00e9 sur un syst\u00e8me de mouvements et de respirations synchronis\u00e9s. Cette pratique est tr\u00e8s compl\u00e9mentaire \u00e0 l\u2019Aikido et donne aux pratiquants une plus grande <strong>souplesse<\/strong> ainsi qu\u2019une meilleure ma\u00eetrise du corps et de son <strong>souffle<\/strong>.<\/p>\n<p>Patthabhi Jois n&rsquo;eut de cesse de rappeler l&rsquo;importance d&rsquo;une pratique r\u00e9guli\u00e8re<\/p>\n<blockquote><p>\u00ab\u00a0Pratiquez, pratiquez, pratiquez et tout viendra\u00a0\u00bb.<br \/>\n&#8211; Patthabhi Joi<\/p><\/blockquote>\n<p><iframe loading=\"lazy\" title=\"Fundamental Aikido\" width=\"1200\" height=\"675\" src=\"https:\/\/www.youtube.com\/embed\/os5uHAMI6K4?feature=oembed\" frameborder=\"0\" allow=\"accelerometer; autoplay; encrypted-media; gyroscope; picture-in-picture\" allowfullscreen><\/iframe><\/p>\n<hr \/>\n<h2><strong>A retenir&#8230;<\/strong><\/h2>\n<p style=\"padding-left: 30px;\"><strong>Stage annuel AIKIDO \/ YOGA&nbsp;\u00a0\u00e0 Chateauneuf de Grasse 06-PACA<br \/>\n<\/strong>dirig\u00e9 par <strong>Daniel TOUTAIN Sensei &amp; Sonia TOMIOKA-TOUTAIN<\/strong><\/p>\n<p style=\"padding-left: 30px;\"><strong>SAMEDI 25 et\u00a0<\/strong><strong>DIMANCHE 26 JANVIER 2020\u00a0<\/strong><\/p>\n<h3><strong>Programme et Horaires<\/strong><\/h3>\n<p><strong>Samedi\u00a0matin<br \/>\n<\/strong><\/p>\n<p style=\"padding-left: 30px;\">10:00 &#8211; 11:00 &#8211; <strong>Asthanga Yoga<\/strong> &#8211; OUVERT A TOUS LES PRATIQUANTS DE YOGA<br \/>\n10:00 \u2013 12:30 &#8211; <strong>Aiki Kaisen Dosa +\u00a0<\/strong><strong>Taijutsu<\/strong><\/p>\n<p style=\"padding-left: 30px;\">(pique-nique sur place &#8211; <strong>pr\u00e9voir son repas<\/strong>)<br \/>\n(meal on the spot &#8211; <strong>Bring\u00a0your meal with you<\/strong>)<\/p>\n<p><strong>Samedi apr\u00e8s-midi<\/strong><\/p>\n<p style=\"padding-left: 30px;\">15:00 \u2013 18:00 &#8211; <span style=\"font-weight: 600;\">Buki waza +\u00a0<\/span><strong>Taijutsu<\/strong><\/p>\n<p style=\"padding-left: 30px;\">19:30 &#8211; <strong>Repas<\/strong><br \/>\n<span style=\"color: #ff0000;\"><strong>RESERVATION PAR EMAIL AU PLUS VITE&nbsp;!<\/strong><\/span><br \/>\n<em><strong><span style=\"color: #ff0000;\">BOOK YOUR PLACE ASAP BY SIMPLE EMAIL!<\/span><\/strong><\/em><\/p>\n<p><strong>Dimanche<\/strong><\/p>\n<p style=\"padding-left: 30px;\">09:30 \u2013\u00a012:15 &#8211; <span style=\"font-weight: 600;\">Buki waza +\u00a0<\/span><strong>Taijutsu<\/strong><strong><br \/>\n<\/strong><\/p>\n<div class=\"mceTemp\"><\/div>\n<h3><strong>H\u00e9bergement \/ <em>Hosting<\/em><\/strong><\/h3>\n<div class=\"su-tabs su-tabs-style-default su-tabs-mobile-stack\" data-active=\"1\" data-scroll-offset=\"0\" data-anchor-in-url=\"no\"><div class=\"su-tabs-nav\"><span class=\"\" data-url=\"\" data-target=\"blank\" tabindex=\"0\" role=\"button\">FR<\/span><span class=\"\" data-url=\"\" data-target=\"blank\" tabindex=\"0\" role=\"button\"><em>English<\/em><\/span><\/div><div class=\"su-tabs-panes\"><div class=\"su-tabs-pane su-u-clearfix su-u-trim\" data-title=\"FR\"><strong>Chez l&rsquo;habitant<br \/>\n<\/strong>Il peut \u00eatre possible d&rsquo;\u00eatre h\u00e9berg\u00e9 par des adh\u00e9rents du dojo.<br \/>\nPour cela, veuillez nous envoyer un <a href=\"mailto:azur@aikidojo.fr\" target=\"_blank\" rel=\"noopener noreferrer\">courriel<\/a> au plus vite car les places sont limit\u00e9es.<\/p>\n<p><strong>H\u00f4tel<\/strong> (600 m)<br \/>\nH\u00f4tel Campagnile &#8211; Chateauneuf de Grasse<br \/>\nMentionnez \u00e0 votre r\u00e9servation que vous venez pour un stage sportif pour b\u00e9n\u00e9ficier d&rsquo;une r\u00e9duction.<br \/>\n<a title=\"H\u00f4tel pour le stage d'aikido\" href=\"http:\/\/www.campanile-grasse-chateauneuf.fr\/fr\/index.aspx\" target=\"_blank\" rel=\"noopener noreferrer\">http:\/\/www.campanile-grasse-chateauneuf.fr\/<\/a><\/p>\n<p><strong>Camping<\/strong><br \/>\nCamping L&rsquo;Or\u00e9e d&rsquo;Azur<br \/>\n<a title=\"Camping pour le stage d'Aikido\" href=\"http:\/\/www.camping-loreedazur.fr\" target=\"_blank\" rel=\"noopener noreferrer\">http:\/\/www.camping-loreedazur.fr<\/a><\/div>\n<div class=\"su-tabs-pane su-u-clearfix su-u-trim\" data-title=\"&lt;em&gt;English&lt;\/em&gt;\"><strong>Hosted by an aikido-ka<\/strong><br \/>\nIt is possible to be hosted at home by one of the local aikido-ka. If you are interested, <a href=\"mailto:azur@aikidojo.fr\" target=\"_blank\" rel=\"noopener noreferrer\">email<\/a> us as soon as possible since the number of places is\u00a0limited.<\/p>\n<p><strong>Hotel <\/strong>(600 m only)<br \/>\nH\u00f4tel Campagnile &#8211; Chateauneuf de Grasse<br \/>\nWhen you are booking, inform the office that you are coming for a sport event so you can benefit of a price reduction.<br \/>\n<a title=\"H\u00f4tel pour le stage d'aikido\" href=\"http:\/\/www.campanile-grasse-chateauneuf.fr\/fr\/index.aspx\" target=\"_blank\" rel=\"noopener noreferrer\">http:\/\/www.campanile-grasse-chateauneuf.fr\/<\/a>If you have no car, we can bring you to and catch you at the hotel.<\/p>\n<p><strong>Camping<\/strong><br \/>\nCamping L&rsquo;Or\u00e9e d&rsquo;Azur<br \/>\n<a title=\"Camping pour le stage d'Aikido\" href=\"http:\/\/www.camping-loreedazur.fr\" target=\"_blank\" rel=\"noopener noreferrer\">http:\/\/www.camping-loreedazur.fr<\/a><\/div><\/div><\/div>\n<h3><strong>Participation \/ Reservation<br \/>\n<em>Fee \/ Booking<\/em><\/strong><\/h3>\n<div class=\"su-row\">\n<div class=\"su-column su-column-size-1-2\"><div class=\"su-column-inner su-u-clearfix su-u-trim\"><strong>RESERVATION AU PLUS VITE<\/strong><\/p>\n<ul>\n<li>Cours de une\u00a01\/2 journ\u00e9e\u00a0: \u20ac50<\/li>\n<li>Cours de deux\u00a01\/2 journ\u00e9es<strong>\u00a0<\/strong>: \u20ac65<\/li>\n<li>Cours <strong>Samedi + Dimanche<\/strong>\u00a0:<strong>\u00a0\u20ac75<\/strong><\/li>\n<li><strong>Repas <\/strong>(normal\/v\u00e9g\u00e9tarien)<br \/>\ndu samedi soir&nbsp;:\u00a0<strong>\u20ac15<\/strong><\/li>\n<\/ul>\n<\/div><\/div>\n<div class=\"su-column su-column-size-1-2\"><div class=\"su-column-inner su-u-clearfix su-u-trim\"><strong>BOOK YOUR PLACE ASAP<\/strong><strong><em><img loading=\"lazy\" decoding=\"async\" class=\"alignleft\" title=\"ENGLISH\" src=\"https:\/\/equilibreazur.fr\/azur\/images\/flag\/en.png\" alt=\"\" width=\"32\" height=\"32\" \/><\/em><\/strong><\/p>\n<ul>\n<li>Classes\u00a01\/2 day\u00a0: \u20ac50<\/li>\n<li>Classes 2 x 1\/2 day<strong>\u00a0<\/strong>: \u20ac65<\/li>\n<li>Classes<strong>\u00a0Saturday\u00a0+ Sunday<\/strong>\u00a0:<strong>\u00a0\u20ac75<\/strong><\/li>\n<li><strong>Saturday-evening meal<br \/>\n<\/strong>(normal\/vegetarian)&nbsp;:\u00a0<strong>\u20ac15<\/strong><\/li>\n<\/ul>\n<\/div><\/div>\n<\/div>\n<p style=\"text-align: center;\"><a href=\"https:\/\/framaforms.org\/dtoutain-sensei-nice-2020-wanomichi-1576856455\" class=\"su-button su-button-style-default\" style=\"color:#FFFFFF;background-color:#2D89EF;border-color:#246ec0;border-radius:5px\" target=\"_self\"><span style=\"color:#FFFFFF;padding:0px 16px;font-size:13px;line-height:26px;border-color:#6cadf4;border-radius:5px;text-shadow:none\"> &#x1f4a5;INSCRIPTION EN LIGNE \/ &#x1f4a5; ONLINE REGISTRATION<\/span><\/a>\n<h3><strong><br \/>\nVid\u00e9o et Photographie du stage<\/strong><\/h3>\n<div class=\"su-row\">\n<div class=\"su-column su-column-size-1-2\"><div class=\"su-column-inner su-u-clearfix su-u-trim\">Enregistrements vid\u00e9os et photographiques <strong>ne sont pas autoris\u00e9s<\/strong>\u00a0durant les cours.<br \/>\nDes photographies seront prises par l&rsquo;organisateur et distribu\u00e9es aux int\u00e9ress\u00e9s et sur les r\u00e9seaux sociaux.<br \/>\nInformer \u00e0 l&rsquo;accueil une fois sur place si vous ne d\u00e9sirez pas appara\u00eetre sur les photos.<\/div><\/div>\n<div class=\"su-column su-column-size-1-2\"><div class=\"su-column-inner su-u-clearfix su-u-trim\"><strong><em><img loading=\"lazy\" decoding=\"async\" class=\"alignleft\" title=\"ENGLISH\" src=\"https:\/\/equilibreazur.fr\/azur\/images\/flag\/en.png\" alt=\"\" width=\"32\" height=\"32\" \/><\/em><\/strong><strong>Videos et photos are not allowed<\/strong>.<br \/>\nShots will be done during the seminar by the organisators and will be communicated to the participants and on social networks (you can tell you don&rsquo;t wish to appear at the welcome office)<\/div><\/div>\n<\/div>\n<h3><strong>T\u00e9l\u00e9charger l&rsquo;affiche A4&#8230;<\/strong><\/h3>\n<p>Pour soutenir cet \u00e9v\u00e9nement, imprimez-la pour l&rsquo;afficher au sein de votre dojo s&rsquo;il vous pla\u00eet et envoyez-la \u00e0 vos \u00e9l\u00e8ves et amis de tatamis&nbsp;!<\/p>\n<figure id=\"attachment_7975\" aria-describedby=\"caption-attachment-7975\" style=\"width: 252px\" class=\"wp-caption aligncenter align&nbsp;\"><a class=\"link-to-pdf\" title=\"2020-01-Stage-Aikido-Yoga-Nice-DToutain\" href=\"https:\/\/equilibreazur.fr\/azur\/wp-content\/uploads\/2019\/10\/2020-01-Stage-Aikido-Yoga-Nice-DToutain.pdf\" target=\"_blank\" rel=\"attachment noopener wp-att-7975 noreferrer\"><img loading=\"lazy\" decoding=\"async\" class=\"size-medium wp-image-7976 thumb-of-pdf\" src=\"https:\/\/equilibreazur.fr\/azur\/wp-content\/uploads\/2019\/10\/2020-01-Stage-Aikido-Yoga-Nice-DToutain-pdf-262x370.jpg\" alt=\"thumbnail of 2020-01-Stage-Aikido-Yoga-Nice-DToutain\" width=\"262\" height=\"370\" srcset=\"https:\/\/equilibreazur.fr\/azur\/wp-content\/uploads\/2019\/10\/2020-01-Stage-Aikido-Yoga-Nice-DToutain-pdf-262x370.jpg 262w, https:\/\/equilibreazur.fr\/azur\/wp-content\/uploads\/2019\/10\/2020-01-Stage-Aikido-Yoga-Nice-DToutain-pdf-477x675.jpg 477w, https:\/\/equilibreazur.fr\/azur\/wp-content\/uploads\/2019\/10\/2020-01-Stage-Aikido-Yoga-Nice-DToutain-pdf.jpg 724w\" sizes=\"auto, (max-width: 262px) 100vw, 262px\" \/><\/a><figcaption id=\"caption-attachment-7975\" class=\"wp-caption-text\">Toutain &#8211; Nice 2020 &#8211; Flyer<\/figcaption><\/figure>\n<h3><strong>Lieu du stage&#8230;<\/strong><\/h3>\n<div title=\"Page 2\">\n<p style=\"padding-left: 30px;\"><strong>1\/ Nouveau DOJO&nbsp;\u00ab\u00a0Plantier\u00a0\u00bb \/ CHATEAUNEUF\u00a0de GRASSE<\/strong><\/p>\n<div title=\"Page 2\">\n<p style=\"padding-left: 30px;\">Le stage aura lieu dans le nouveau dojo municipale au centre historique de Chateauneuf de Grasse.<br \/>\nCette salle porte le nom&nbsp;\u00ab\u00a0Dojo du Plantier\u00a0\u00bb.<br \/>\nLes installations sont comme neuves, avec vestiaires et douches. Un parking permet de garer les voitures.<\/p>\n<p style=\"padding-left: 30px;\"><strong>Dojo municipal<\/strong> \u2013 Salle du Plantier<br \/>\nRoute du village \u2013 D203<br \/>\n(prox. terrain de tennis)<br \/>\n06740 CHATEAUNEUF de Grass<\/p>\n<p style=\"padding-left: 30px;\">Latitude\u00a043.6761\u00a0Longitude&nbsp;\u00a06.97364<\/p>\n<\/div>\n<\/div>\n<p style=\"padding-left: 30px;\"><iframe loading=\"lazy\" src=\"https:\/\/www.google.com\/maps\/d\/embed?mid=1muDvtng7v9n3XThESKG2x3nWeMU\" width=\"640\" height=\"480\"><\/iframe><\/p>\n<p style=\"padding-left: 30px;\"><strong>2\/ Entra\u00eenement aux armes en plein-air&nbsp;!<\/strong><\/p>\n<p style=\"padding-left: 30px;\">Pr\u00e9voyez des chaussures de sport en cas de pratique des armes en ext\u00e9rieur, sous les oliviers, si le temps le permet.<\/p>\n<p style=\"padding-left: 30px;\">Chateauneuf est situ\u00e9e au Sud Est de la FRANCE dans la r\u00e9gion Provence\u2013Alpes C\u00f4te d\u2019Azur (PACA) et \u00e0 40mn de l\u2019a\u00e9roport de Nice C\u00f4te d\u2019Azur (2eme a\u00e9roport de France, Navette NICE\/PARIS toutes les heures avec Air-France).<\/p>\n<p style=\"padding-left: 30px;\"><img loading=\"lazy\" decoding=\"async\" class=\"alignnone wp-image-4446\" title=\"pic\" src=\"https:\/\/equilibreazur.fr\/azur\/wp-content\/uploads\/2012\/09\/pic.jpg\" alt=\"French Riviera\" width=\"705\" height=\"490\" srcset=\"https:\/\/equilibreazur.fr\/azur\/wp-content\/uploads\/2012\/09\/pic.jpg 449w, https:\/\/equilibreazur.fr\/azur\/wp-content\/uploads\/2012\/09\/pic-150x104.jpg 150w, https:\/\/equilibreazur.fr\/azur\/wp-content\/uploads\/2012\/09\/pic-400x277.jpg 400w, https:\/\/equilibreazur.fr\/azur\/wp-content\/uploads\/2012\/09\/pic-370x257.jpg 370w\" sizes=\"auto, (max-width: 705px) 100vw, 705px\" \/><br \/>\n<span style=\"color: #808080;\">Photo: Manfred Steinbach\/shutterstock<\/span><\/p>\n<h3><strong>Plus d&rsquo;informations&#8230;<\/strong><\/h3>\n<p style=\"padding-left: 30px;\">Attention, <strong>ces informations peuvent \u00e9voluer<\/strong>&nbsp;!<br \/>\nMerci de revenir consulter cette page, ou mieux&nbsp;:\u00a0<strong><span style=\"color: #ff0000;\">\/!\\<\/span><\/strong> <a href=\"https:\/\/my.sendinblue.com\/users\/subscribe\/js_id\/354wq\/id\/1\">Abonnez-vous \u00e0 notre Newsletter<\/a>.<\/p>\n<p style=\"padding-left: 30px;\">Pr\u00e9voir des <strong>chaussures de sport en cas de pratique \u00e0 l&rsquo;ext\u00e9rieur<\/strong>&#8230;<br \/>\nce sera le cas <strong>si le soleil est au rendez-vous<\/strong>.<br \/>\nNotez le num\u00e9ro de l&rsquo;organisateur \u00e0 cet effet&#8230;\u00a0+33 (0)6 60 42 26 32<\/p>\n<p style=\"padding-left: 30px;\"><a href=\"mailto:azur@aikidojo.fr\" target=\"_blank\" rel=\"noopener noreferrer\">azur@aikidojo.fr<\/a><br \/>\nAiki Dojo Azur<br \/>\n+33 (0)6 60 42 26 32<\/p>\n<h3><strong>Quelques photos de\u00a0stages des saisons pass\u00e9es&nbsp;!<\/strong><\/h3>\n<figure id=\"attachment_7968\" aria-describedby=\"caption-attachment-7968\" style=\"width: 1014px\" class=\"wp-caption alignnone\"><img loading=\"lazy\" decoding=\"async\" class=\"size-full wp-image-7968\" src=\"https:\/\/equilibreazur.fr\/azur\/wp-content\/uploads\/2019\/10\/2018-01-26-11.14.50-wanomichi.fr-photo-Caterina-Suzzi.jpg\" alt=\"Daniel Toutain - Nice 2019 (uke&nbsp;: Fabio Ramazzin)\" width=\"1024\" height=\"680\" srcset=\"https:\/\/equilibreazur.fr\/azur\/wp-content\/uploads\/2019\/10\/2018-01-26-11.14.50-wanomichi.fr-photo-Caterina-Suzzi.jpg 1024w, https:\/\/equilibreazur.fr\/azur\/wp-content\/uploads\/2019\/10\/2018-01-26-11.14.50-wanomichi.fr-photo-Caterina-Suzzi-370x246.jpg 370w, https:\/\/equilibreazur.fr\/azur\/wp-content\/uploads\/2019\/10\/2018-01-26-11.14.50-wanomichi.fr-photo-Caterina-Suzzi-738x490.jpg 738w\" sizes=\"auto, (max-width: 1024px) 100vw, 1024px\" \/><figcaption id=\"caption-attachment-7968\" class=\"wp-caption-text\">Daniel Toutain &#8211; Nice 2019 (uke&nbsp;: Fabio Ramazzin)<\/figcaption><\/figure>\n<figure id=\"attachment_7969\" aria-describedby=\"caption-attachment-7969\" style=\"width: 1014px\" class=\"wp-caption alignnone\"><img loading=\"lazy\" decoding=\"async\" class=\"size-full wp-image-7969\" src=\"https:\/\/equilibreazur.fr\/azur\/wp-content\/uploads\/2019\/10\/2019-01-26-14.11.56-wanomichi.fr-photo-Caterina-Suzzi.jpg\" alt=\"Daniel Toutain - Nice 2019 (uke&nbsp;: Christian Haullard)\" width=\"1024\" height=\"576\" srcset=\"https:\/\/equilibreazur.fr\/azur\/wp-content\/uploads\/2019\/10\/2019-01-26-14.11.56-wanomichi.fr-photo-Caterina-Suzzi.jpg 1024w, https:\/\/equilibreazur.fr\/azur\/wp-content\/uploads\/2019\/10\/2019-01-26-14.11.56-wanomichi.fr-photo-Caterina-Suzzi-370x208.jpg 370w, https:\/\/equilibreazur.fr\/azur\/wp-content\/uploads\/2019\/10\/2019-01-26-14.11.56-wanomichi.fr-photo-Caterina-Suzzi-738x415.jpg 738w\" sizes=\"auto, (max-width: 1024px) 100vw, 1024px\" \/><figcaption id=\"caption-attachment-7969\" class=\"wp-caption-text\">Daniel Toutain &#8211; Nice 2019 (uke&nbsp;: Christian Haullard)<\/figcaption><\/figure>\n<figure id=\"attachment_7970\" aria-describedby=\"caption-attachment-7970\" style=\"width: 1014px\" class=\"wp-caption alignnone\"><img loading=\"lazy\" decoding=\"async\" class=\"size-full wp-image-7970\" src=\"https:\/\/equilibreazur.fr\/azur\/wp-content\/uploads\/2019\/10\/2019-01-26-13.12.51-wanomichi.fr-photo-Caterina-Suzzi.jpg\" alt=\"Daniel Toutain - Nice 2019 (uke&nbsp;: Eric Savalli)\" width=\"1024\" height=\"1024\" srcset=\"https:\/\/equilibreazur.fr\/azur\/wp-content\/uploads\/2019\/10\/2019-01-26-13.12.51-wanomichi.fr-photo-Caterina-Suzzi.jpg 1024w, https:\/\/equilibreazur.fr\/azur\/wp-content\/uploads\/2019\/10\/2019-01-26-13.12.51-wanomichi.fr-photo-Caterina-Suzzi-370x370.jpg 370w, https:\/\/equilibreazur.fr\/azur\/wp-content\/uploads\/2019\/10\/2019-01-26-13.12.51-wanomichi.fr-photo-Caterina-Suzzi-675x675.jpg 675w, https:\/\/equilibreazur.fr\/azur\/wp-content\/uploads\/2019\/10\/2019-01-26-13.12.51-wanomichi.fr-photo-Caterina-Suzzi-200x200.jpg 200w\" sizes=\"auto, (max-width: 1024px) 100vw, 1024px\" \/><figcaption id=\"caption-attachment-7970\" class=\"wp-caption-text\">Daniel Toutain &#8211; Nice 2019 (uke&nbsp;: Eric Savalli)<\/figcaption><\/figure>\n<figure id=\"attachment_7971\" aria-describedby=\"caption-attachment-7971\" style=\"width: 1014px\" class=\"wp-caption alignnone\"><img loading=\"lazy\" decoding=\"async\" class=\"size-full wp-image-7971\" src=\"https:\/\/equilibreazur.fr\/azur\/wp-content\/uploads\/2019\/10\/2019-01-26-13.07.33-wanomichi.fr-photo-Caterina-Suzzi-Collage_Fotor.jpg\" alt=\"Daniel Toutain - Nice 2019 (uke&nbsp;: Eric Savalli)\" width=\"1024\" height=\"768\" srcset=\"https:\/\/equilibreazur.fr\/azur\/wp-content\/uploads\/2019\/10\/2019-01-26-13.07.33-wanomichi.fr-photo-Caterina-Suzzi-Collage_Fotor.jpg 1024w, https:\/\/equilibreazur.fr\/azur\/wp-content\/uploads\/2019\/10\/2019-01-26-13.07.33-wanomichi.fr-photo-Caterina-Suzzi-Collage_Fotor-370x278.jpg 370w, https:\/\/equilibreazur.fr\/azur\/wp-content\/uploads\/2019\/10\/2019-01-26-13.07.33-wanomichi.fr-photo-Caterina-Suzzi-Collage_Fotor-738x554.jpg 738w\" sizes=\"auto, (max-width: 1024px) 100vw, 1024px\" \/><figcaption id=\"caption-attachment-7971\" class=\"wp-caption-text\">Daniel Toutain &#8211; Nice 2019 (uke&nbsp;: Eric Savalli)<\/figcaption><\/figure>\n<div id='gallery-2' class='gallery galleryid-7917 gallery-columns-3 gallery-size-thumbnail'><figure class='gallery-item'>\n\t\t\t<div class='gallery-icon landscape'>\n\t\t\t\t<a href='https:\/\/equilibreazur.fr\/azur\/stages-calendrier\/2013-stage-aikido-toutain-nice\/attachment\/stage-aikido-daniel-toutain-cheateauneuf-de-grasse-06\/#main'><img loading=\"lazy\" decoding=\"async\" width=\"200\" height=\"200\" src=\"https:\/\/equilibreazur.fr\/azur\/wp-content\/uploads\/2013\/10\/2013-12-01-12-54-20-IMG_2746-200x200.jpg\" class=\"attachment-thumbnail size-thumbnail\" alt=\"\" aria-describedby=\"gallery-2-5155\" \/><\/a>\n\t\t\t<\/div>\n\t\t\t\t<figcaption class='wp-caption-text gallery-caption' id='gallery-2-5155'>\n\t\t\t\t12\/2013\n\t\t\t\t<\/figcaption><\/figure><figure class='gallery-item'>\n\t\t\t<div class='gallery-icon landscape'>\n\t\t\t\t<a href='https:\/\/equilibreazur.fr\/azur\/stages-calendrier\/2013-stage-aikido-toutain-nice\/attachment\/stage-aikido-daniel-toutain-cheateauneuf-de-grasse-06-3\/#main'><img loading=\"lazy\" decoding=\"async\" width=\"200\" height=\"200\" src=\"https:\/\/equilibreazur.fr\/azur\/wp-content\/uploads\/2013\/10\/2013-11-30-12-15-01-IMG_2594-200x200.jpg\" class=\"attachment-thumbnail size-thumbnail\" alt=\"\" aria-describedby=\"gallery-2-5157\" \/><\/a>\n\t\t\t<\/div>\n\t\t\t\t<figcaption class='wp-caption-text gallery-caption' id='gallery-2-5157'>\n\t\t\t\t12\/2013\n\t\t\t\t<\/figcaption><\/figure><figure class='gallery-item'>\n\t\t\t<div class='gallery-icon landscape'>\n\t\t\t\t<a href='https:\/\/equilibreazur.fr\/azur\/stages-calendrier\/2013-stage-aikido-toutain-nice\/attachment\/stage-aikido-daniel-toutain-cheateauneuf-de-grasse-06-5\/#main'><img loading=\"lazy\" decoding=\"async\" width=\"200\" height=\"200\" src=\"https:\/\/equilibreazur.fr\/azur\/wp-content\/uploads\/2013\/10\/2013-11-30-12-26-14-IMG_2626-200x200.jpg\" class=\"attachment-thumbnail size-thumbnail\" alt=\"\" aria-describedby=\"gallery-2-5159\" \/><\/a>\n\t\t\t<\/div>\n\t\t\t\t<figcaption class='wp-caption-text gallery-caption' id='gallery-2-5159'>\n\t\t\t\t12\/2013\n\t\t\t\t<\/figcaption><\/figure><figure class='gallery-item'>\n\t\t\t<div class='gallery-icon landscape'>\n\t\t\t\t<a href='https:\/\/equilibreazur.fr\/azur\/stages-calendrier\/2013-stage-aikido-toutain-nice\/attachment\/stage-aikido-daniel-toutain-cheateauneuf-de-grasse-06-9\/#main'><img loading=\"lazy\" decoding=\"async\" width=\"200\" height=\"200\" src=\"https:\/\/equilibreazur.fr\/azur\/wp-content\/uploads\/2013\/10\/2013-12-01-12-01-53-IMG_2730-200x200.jpg\" class=\"attachment-thumbnail size-thumbnail\" alt=\"\" aria-describedby=\"gallery-2-5163\" \/><\/a>\n\t\t\t<\/div>\n\t\t\t\t<figcaption class='wp-caption-text gallery-caption' id='gallery-2-5163'>\n\t\t\t\tD.Toutain &#038; S.Bravin (Ajaccio) 12\/2013 \n\t\t\t\t<\/figcaption><\/figure><figure class='gallery-item'>\n\t\t\t<div class='gallery-icon landscape'>\n\t\t\t\t<a href='https:\/\/equilibreazur.fr\/azur\/stages-calendrier\/2013-stage-aikido-toutain-nice\/attachment\/stage-aikido-daniel-toutain-cheateauneuf-de-grasse-06-10\/#main'><img loading=\"lazy\" decoding=\"async\" width=\"200\" height=\"200\" src=\"https:\/\/equilibreazur.fr\/azur\/wp-content\/uploads\/2013\/10\/2013-12-01-12-52-40-IMG_2742-200x200.jpg\" class=\"attachment-thumbnail size-thumbnail\" alt=\"\" \/><\/a>\n\t\t\t<\/div><\/figure><figure class='gallery-item'>\n\t\t\t<div class='gallery-icon landscape'>\n\t\t\t\t<a href='https:\/\/equilibreazur.fr\/azur\/stages-calendrier\/2013-stage-aikido-toutain-nice\/attachment\/stage-aikido-daniel-toutain-cheateauneuf-de-grasse-06-13\/#main'><img loading=\"lazy\" decoding=\"async\" width=\"200\" height=\"200\" src=\"https:\/\/equilibreazur.fr\/azur\/wp-content\/uploads\/2013\/10\/2013-11-30-11-08-40-IMG_2424-200x200.jpg\" class=\"attachment-thumbnail size-thumbnail\" alt=\"\" \/><\/a>\n\t\t\t<\/div><\/figure><figure class='gallery-item'>\n\t\t\t<div class='gallery-icon landscape'>\n\t\t\t\t<a href='https:\/\/equilibreazur.fr\/azur\/stages-calendrier\/2013-stage-aikido-toutain-nice\/attachment\/stage-aikido-daniel-toutain-cheateauneuf-de-grasse-06-15\/#main'><img loading=\"lazy\" decoding=\"async\" width=\"200\" height=\"200\" src=\"https:\/\/equilibreazur.fr\/azur\/wp-content\/uploads\/2013\/10\/2013-11-30-11-38-04-IMG_2498-200x200.jpg\" class=\"attachment-thumbnail size-thumbnail\" alt=\"\" \/><\/a>\n\t\t\t<\/div><\/figure><figure class='gallery-item'>\n\t\t\t<div class='gallery-icon landscape'>\n\t\t\t\t<a href='https:\/\/equilibreazur.fr\/azur\/stages-calendrier\/2013-stage-aikido-toutain-nice\/attachment\/stage-aikido-daniel-toutain-cheateauneuf-de-grasse-06-16\/#main'><img loading=\"lazy\" decoding=\"async\" width=\"200\" height=\"200\" src=\"https:\/\/equilibreazur.fr\/azur\/wp-content\/uploads\/2013\/10\/2013-11-30-12-01-00-IMG_2551-200x200.jpg\" class=\"attachment-thumbnail size-thumbnail\" alt=\"\" aria-describedby=\"gallery-2-5170\" \/><\/a>\n\t\t\t<\/div>\n\t\t\t\t<figcaption class='wp-caption-text gallery-caption' id='gallery-2-5170'>\n\t\t\t\tD.Toutain &#038; E.Savalli (Nice) 12\/2013\n\t\t\t\t<\/figcaption><\/figure><figure class='gallery-item'>\n\t\t\t<div class='gallery-icon landscape'>\n\t\t\t\t<a href='https:\/\/equilibreazur.fr\/azur\/stages-calendrier\/2013-stage-aikido-toutain-nice\/attachment\/stage-aikido-daniel-toutain-cheateauneuf-de-grasse-06-17\/#main'><img loading=\"lazy\" decoding=\"async\" width=\"200\" height=\"200\" src=\"https:\/\/equilibreazur.fr\/azur\/wp-content\/uploads\/2013\/10\/2013-11-30-12-13-10-IMG_2588-200x200.jpg\" class=\"attachment-thumbnail size-thumbnail\" alt=\"\" aria-describedby=\"gallery-2-5171\" \/><\/a>\n\t\t\t<\/div>\n\t\t\t\t<figcaption class='wp-caption-text gallery-caption' id='gallery-2-5171'>\n\t\t\t\tD.Toutain &#038; S.Long (Marseille) 12\/2013\n\t\t\t\t<\/figcaption><\/figure><figure class='gallery-item'>\n\t\t\t<div class='gallery-icon landscape'>\n\t\t\t\t<a href='https:\/\/equilibreazur.fr\/azur\/news\/2015-stage-toutain-nice-chateauneuf-grasse\/attachment\/2004-toutain-nice\/#main'><img loading=\"lazy\" decoding=\"async\" width=\"200\" height=\"200\" src=\"https:\/\/equilibreazur.fr\/azur\/wp-content\/uploads\/2014\/10\/2004-toutain-nice-200x200.jpg\" class=\"attachment-thumbnail size-thumbnail\" alt=\"\" aria-describedby=\"gallery-2-5495\" \/><\/a>\n\t\t\t<\/div>\n\t\t\t\t<figcaption class='wp-caption-text gallery-caption' id='gallery-2-5495'>\n\t\t\t\t1er Stage &#8211; 09\/2004\n\t\t\t\t<\/figcaption><\/figure><figure class='gallery-item'>\n\t\t\t<div class='gallery-icon landscape'>\n\t\t\t\t<a href='https:\/\/equilibreazur.fr\/azur\/news\/2015-stage-toutain-nice-chateauneuf-grasse\/attachment\/2005-10-toutain-nice-grasse\/#main'><img loading=\"lazy\" decoding=\"async\" width=\"200\" height=\"200\" src=\"https:\/\/equilibreazur.fr\/azur\/wp-content\/uploads\/2014\/10\/2005-10-toutain-nice-grasse-200x200.jpg\" class=\"attachment-thumbnail size-thumbnail\" alt=\"\" aria-describedby=\"gallery-2-5496\" \/><\/a>\n\t\t\t<\/div>\n\t\t\t\t<figcaption class='wp-caption-text gallery-caption' id='gallery-2-5496'>\n\t\t\t\t10\/2005 Grasse\n\t\t\t\t<\/figcaption><\/figure><figure class='gallery-item'>\n\t\t\t<div class='gallery-icon landscape'>\n\t\t\t\t<a href='https:\/\/equilibreazur.fr\/azur\/news\/2015-stage-toutain-nice-chateauneuf-grasse\/attachment\/2011-10-toutain-chateauneuf-dame-brusc-2\/#main'><img loading=\"lazy\" decoding=\"async\" width=\"200\" height=\"200\" src=\"https:\/\/equilibreazur.fr\/azur\/wp-content\/uploads\/2014\/10\/2011-10-toutain-chateauneuf-dame-brusc-2-200x200.jpg\" class=\"attachment-thumbnail size-thumbnail\" alt=\"\" aria-describedby=\"gallery-2-5497\" \/><\/a>\n\t\t\t<\/div>\n\t\t\t\t<figcaption class='wp-caption-text gallery-caption' id='gallery-2-5497'>\n\t\t\t\t10\/2011 Notre Dame du Brusc\n\t\t\t\t<\/figcaption><\/figure><figure class='gallery-item'>\n\t\t\t<div class='gallery-icon landscape'>\n\t\t\t\t<a href='https:\/\/equilibreazur.fr\/azur\/news\/2015-stage-toutain-nice-chateauneuf-grasse\/attachment\/stage-aikido-102011-draguignan\/#main'><img loading=\"lazy\" decoding=\"async\" width=\"200\" height=\"200\" src=\"https:\/\/equilibreazur.fr\/azur\/wp-content\/uploads\/2014\/10\/2011-10-toutain-chateauneuf-dame-brusc-200x200.jpg\" class=\"attachment-thumbnail size-thumbnail\" alt=\"\" aria-describedby=\"gallery-2-5498\" \/><\/a>\n\t\t\t<\/div>\n\t\t\t\t<figcaption class='wp-caption-text gallery-caption' id='gallery-2-5498'>\n\t\t\t\t10\/2011 Notre Dame du Brusc\n\t\t\t\t<\/figcaption><\/figure><figure class='gallery-item'>\n\t\t\t<div class='gallery-icon landscape'>\n\t\t\t\t<a href='https:\/\/equilibreazur.fr\/azur\/news\/2015-stage-toutain-nice-chateauneuf-grasse\/attachment\/2006-10-toutain-stage-grasse\/#main'><img loading=\"lazy\" decoding=\"async\" width=\"200\" height=\"200\" src=\"https:\/\/equilibreazur.fr\/azur\/wp-content\/uploads\/2014\/10\/2006-10-toutain-stage-grasse-200x200.jpg\" class=\"attachment-thumbnail size-thumbnail\" alt=\"\" aria-describedby=\"gallery-2-5499\" \/><\/a>\n\t\t\t<\/div>\n\t\t\t\t<figcaption class='wp-caption-text gallery-caption' id='gallery-2-5499'>\n\t\t\t\t10\/2006 D.Toutain &#038; Y.Besan\u00e7on\n\t\t\t\t<\/figcaption><\/figure><figure class='gallery-item'>\n\t\t\t<div class='gallery-icon landscape'>\n\t\t\t\t<a href='https:\/\/equilibreazur.fr\/azur\/news\/2015-stage-toutain-nice-chateauneuf-grasse\/attachment\/2007-10-stage-grassedraguignan\/#main'><img loading=\"lazy\" decoding=\"async\" width=\"200\" height=\"200\" src=\"https:\/\/equilibreazur.fr\/azur\/wp-content\/uploads\/2014\/10\/2007-10-toutain-stage-nice-200x200.jpg\" class=\"attachment-thumbnail size-thumbnail\" alt=\"\" aria-describedby=\"gallery-2-5500\" \/><\/a>\n\t\t\t<\/div>\n\t\t\t\t<figcaption class='wp-caption-text gallery-caption' id='gallery-2-5500'>\n\t\t\t\t10\/2007 A\u00e9roport de Nice\n\t\t\t\t<\/figcaption><\/figure><figure class='gallery-item'>\n\t\t\t<div class='gallery-icon landscape'>\n\t\t\t\t<a href='https:\/\/equilibreazur.fr\/azur\/news\/2015-stage-toutain-nice-chateauneuf-grasse\/attachment\/stage-daniel-toutain-chateauneuf-06-14112009\/#main'><img loading=\"lazy\" decoding=\"async\" width=\"200\" height=\"200\" src=\"https:\/\/equilibreazur.fr\/azur\/wp-content\/uploads\/2014\/10\/2009-11-toutain-college-le-rouret-200x200.jpg\" class=\"attachment-thumbnail size-thumbnail\" alt=\"\" aria-describedby=\"gallery-2-5501\" \/><\/a>\n\t\t\t<\/div>\n\t\t\t\t<figcaption class='wp-caption-text gallery-caption' id='gallery-2-5501'>\n\t\t\t\t11\/2009 College du Rouret\n\t\t\t\t<\/figcaption><\/figure><figure class='gallery-item'>\n\t\t\t<div class='gallery-icon landscape'>\n\t\t\t\t<a href='https:\/\/equilibreazur.fr\/azur\/news\/2015-stage-toutain-nice-chateauneuf-grasse\/attachment\/stage-chateauneuf-daniel-toutain\/#main'><img loading=\"lazy\" decoding=\"async\" width=\"200\" height=\"200\" src=\"https:\/\/equilibreazur.fr\/azur\/wp-content\/uploads\/2014\/10\/2010-10-toutain-masset-2-200x200.jpg\" class=\"attachment-thumbnail size-thumbnail\" alt=\"\" aria-describedby=\"gallery-2-5502\" \/><\/a>\n\t\t\t<\/div>\n\t\t\t\t<figcaption class='wp-caption-text gallery-caption' id='gallery-2-5502'>\n\t\t\t\t10\/2010 Salle MASET\n\t\t\t\t<\/figcaption><\/figure><figure class='gallery-item'>\n\t\t\t<div class='gallery-icon landscape'>\n\t\t\t\t<a href='https:\/\/equilibreazur.fr\/azur\/news\/2015-stage-toutain-nice-chateauneuf-grasse\/attachment\/stage-chateauneuf-daniel-toutain-2\/#main'><img loading=\"lazy\" decoding=\"async\" width=\"200\" height=\"200\" src=\"https:\/\/equilibreazur.fr\/azur\/wp-content\/uploads\/2014\/10\/2010-10-toutain-masset-200x200.jpg\" class=\"attachment-thumbnail size-thumbnail\" alt=\"\" aria-describedby=\"gallery-2-5503\" \/><\/a>\n\t\t\t<\/div>\n\t\t\t\t<figcaption class='wp-caption-text gallery-caption' id='gallery-2-5503'>\n\t\t\t\t10\/2010 Salle MASET\n\t\t\t\t<\/figcaption><\/figure>\n\t\t<\/div>\n\n<p>Attention, <strong>ces informations peuvent \u00e9voluer<\/strong>&nbsp;!<br \/>\nMerci de revenir consulter cette page, ou mieux&nbsp;:\u00a0<strong><span style=\"color: #ff0000;\">\/!\\<\/span><\/strong> <a href=\"https:\/\/my.sendinblue.com\/users\/subscribe\/js_id\/354wq\/id\/1\">Abonnez-vous \u00e0 notre Newsletter<\/a>.<\/p>\n","protected":false},"excerpt":{"rendered":"<p>Comme chaque ann\u00e9e et pour la 14\u00e8me \u00e9dition, stage annuel en r\u00e9gion Nice \/ PACA avec Daniel TOUTAIN Sensei et organis\u00e9 par Eric SAVALLI &#8211; Aiki Dojo Azur. janvier 2020.<\/p>\n","protected":false},"author":2,"featured_media":7974,"comment_status":"open","ping_status":"open","sticky":false,"template":"","format":"standard","meta":{"_acf_changed":false,"_seopress_robots_primary_cat":"","_seopress_titles_title":"","_seopress_titles_desc":"Stage annuel d&#039;Aikido en r\u00e9gion de Nice \/ PACA avec Daniel TOUTAIN Sensei, \u00e9l\u00e8ve des ma\u00eetres NORO, TAMURA et SAITO Sensei. F\u00e9vrier 2016. Yoga avec Sonia T.","_seopress_robots_index":"","generate_page_header":"","footnotes":""},"categories":[142,197],"tags":[248,39,95,204,201],"class_list":["post-7917","post","type-post","status-publish","format-standard","has-post-thumbnail","hentry","category-news","category-stages-calendrier","tag-aikido","tag-dtoutain","tag-nice-grasse","tag-stage","tag-yoga","infinite-scroll-item","masonry-post","generate-columns","tablet-grid-50","mobile-grid-100","grid-parent","grid-50"],"acf":[],"_links":{"self":[{"href":"https:\/\/equilibreazur.fr\/azur\/wp-json\/wp\/v2\/posts\/7917","targetHints":{"allow":["GET"]}}],"collection":[{"href":"https:\/\/equilibreazur.fr\/azur\/wp-json\/wp\/v2\/posts"}],"about":[{"href":"https:\/\/equilibreazur.fr\/azur\/wp-json\/wp\/v2\/types\/post"}],"author":[{"embeddable":true,"href":"https:\/\/equilibreazur.fr\/azur\/wp-json\/wp\/v2\/users\/2"}],"replies":[{"embeddable":true,"href":"https:\/\/equilibreazur.fr\/azur\/wp-json\/wp\/v2\/comments?post=7917"}],"version-history":[{"count":5,"href":"https:\/\/equilibreazur.fr\/azur\/wp-json\/wp\/v2\/posts\/7917\/revisions"}],"predecessor-version":[{"id":8025,"href":"https:\/\/equilibreazur.fr\/azur\/wp-json\/wp\/v2\/posts\/7917\/revisions\/8025"}],"wp:featuredmedia":[{"embeddable":true,"href":"https:\/\/equilibreazur.fr\/azur\/wp-json\/wp\/v2\/media\/7974"}],"wp:attachment":[{"href":"https:\/\/equilibreazur.fr\/azur\/wp-json\/wp\/v2\/media?parent=7917"}],"wp:term":[{"taxonomy":"category","embeddable":true,"href":"https:\/\/equilibreazur.fr\/azur\/wp-json\/wp\/v2\/categories?post=7917"},{"taxonomy":"post_tag","embeddable":true,"href":"https:\/\/equilibreazur.fr\/azur\/wp-json\/wp\/v2\/tags?post=7917"}],"curies":[{"name":"wp","href":"https:\/\/api.w.org\/{rel}","templated":true}]}}