{"id":7874,"date":"2019-07-02T06:54:29","date_gmt":"2019-07-02T06:54:29","guid":{"rendered":"https:\/\/equilibreazur.fr\/azur\/?p=7874"},"modified":"2021-06-03T15:19:19","modified_gmt":"2021-06-03T15:19:19","slug":"2019-systema-wanomichi-nice","status":"publish","type":"post","link":"https:\/\/equilibreazur.fr\/azur\/news\/2019-systema-wanomichi-nice\/","title":{"rendered":"Stage initiation Systema &#038; Aikido (20 juillet 2019)"},"content":{"rendered":"\n<p class=\"has-text-align-center\">\n\n\n\n<h3 class=\"wp-block-heading\">Stages d&rsquo;initiation et de d\u00e9couverte des principes du Systema avec Ben Liu et du Aikido Takemusu Aiki avec Eric Savalli<\/h3>\n\n\n\n<p><strong>SYSTEMA<\/strong><\/p>\n\n\n\n<p>Enseignement des principes fondamentaux du syst\u00e8me d&rsquo;entra\u00eenement au combat des forces sp\u00e9ciales russes par Benjamin Liu, instructeur certifi\u00e9.<br> Le SYSTEMA est une m\u00e9thode d&rsquo;entra\u00eenement bas\u00e9e sur les 4 principes suivants&nbsp;:&nbsp; La <strong>Respiration<\/strong>, la <strong>Relaxation<\/strong>, la <strong>Mobilit\u00e9<\/strong> et la <strong>Posture<\/strong>. C&rsquo;est un syst\u00e8me intuitif, spontan\u00e9 et versatile, extr\u00e8mement efficace, destin\u00e9 \u00e0 am\u00e9liorer les conditions de survie, r\u00e9soudre les conflits et g\u00e9r\u00e9r la peur et le stress.<\/p>\n\n\n\n<p>Le stage couvrira les th\u00e8me suivants&nbsp;:<br> \u2023&nbsp; Mobilit\u00e9 fonctionnelle<br> \u2023&nbsp; Conditionnement physique et mental<br> \u2023&nbsp; Application des principes dans le cas de confrontations \u00e0 mains nues et arm\u00e9es<\/p>\n\n\n\n<p><strong>Aikido &#8211; Iwama Ryu &#8211; Takemusu Aiki<\/strong><\/p>\n\n\n\n<p>D\u00e9velopp\u00e9 par Daniel TOUTAIN, Wanomichi propose,&nbsp; dans la lign\u00e9e du Budo japonais, une pratique adapt\u00e9e \u00e0 tous les \u00e2ges qui apporte bien-\u00eatre et confiance en soi par le biais d\u2019une ma\u00eetrise technique rigoureuse.<\/p>\n\n\n\n<p>Techniquement Wanomichi est issu du <strong>Takemusu Aikido Traditionnel<\/strong>, pratique r\u00e9aliste enseign\u00e9e \u00e0 Iwama au Japon par le Ma\u00eetre Morihiro SAITO qui f\u00fbt l\u2019un des plus proches disciples du fondateur de l\u2019Aikido O Sensei Morihei UESHIBA. L\u2019enseignement comporte des techniques \u00e0 mains nues, des techniques de ken (sabre en bois) et de jo (b\u00e2ton) avec un ou plusieurs partenaires. A cela s\u2019ajoute&nbsp;\u00ab<strong>kaizen dosa<\/strong>\u00bb qui englobe une s\u00e9rie d\u2019exercices tr\u00e8s sp\u00e9cifiques pour pr\u00e9parer l\u2019adepte \u00e0 une compr\u00e9hension et \u00e0 un perfectionnement des principes qui animent ces techniques.<br>\nKaizen dosa inclut \u00e9galement un programme sp\u00e9cialement adapt\u00e9 \u00e0 partir du <strong>Ashtanga Yoga<\/strong><\/p>\n\n\n\n<h3 class=\"wp-block-heading\">PROGRAMME<\/h3>\n\n\n\n<p>Le programme non d\u00e9finitif, pouvant \u00eatre quelque peu modifi\u00e9 le jour m\u00eame.<\/p>\n\n\n\n<p><strong>09h00&nbsp;\u2013 11h30 &#8211; Systema<\/strong>&nbsp;: (2h30)<br><strong>14h30&nbsp;\u2013 16h30<\/strong> <strong>&#8211; Aikido<\/strong> and Systema &#8211; variations&nbsp;:&nbsp;(2h30)<\/p>\n\n\n\n<h3 class=\"wp-block-heading\">AFFICHES \u00c0 T\u00c9L\u00c9CHARGER<\/h3>\n\n\n\n<figure class=\"wp-block-image\"><a href=\"https:\/\/equilibreazur.fr\/azur\/wp-content\/uploads\/2019\/07\/2019-07-aikido-systema-liu-savalli.pdf\"><img loading=\"lazy\" decoding=\"async\" width=\"738\" height=\"522\" src=\"https:\/\/equilibreazur.fr\/azur\/wp-content\/uploads\/2019\/07\/2019-07-aikido-systema-liu-savalli-738x522.jpg\" alt=\"Stage Systema et Aikido - D\u00e9couverte \/ Initiation\" class=\"wp-image-7875\" srcset=\"https:\/\/equilibreazur.fr\/azur\/wp-content\/uploads\/2019\/07\/2019-07-aikido-systema-liu-savalli-738x522.jpg 738w, https:\/\/equilibreazur.fr\/azur\/wp-content\/uploads\/2019\/07\/2019-07-aikido-systema-liu-savalli-370x262.jpg 370w, https:\/\/equilibreazur.fr\/azur\/wp-content\/uploads\/2019\/07\/2019-07-aikido-systema-liu-savalli.jpg 1754w\" sizes=\"auto, (max-width: 738px) 100vw, 738px\" \/><\/a><figcaption>Stage Systema et Aikido &#8211; D\u00e9couverte \/ Initiation<\/figcaption><\/figure>\n\n\n\n<figure class=\"wp-block-image\"><a href=\"https:\/\/equilibreazur.fr\/azur\/wp-content\/uploads\/2019\/07\/2019-07-feldenkrais-benjamain-liu.pdf\"><img loading=\"lazy\" decoding=\"async\" width=\"738\" height=\"522\" src=\"https:\/\/equilibreazur.fr\/azur\/wp-content\/uploads\/2019\/07\/2019-07-feldenkrais-benjamain-liu-738x522.jpg\" alt=\"... et un stage Feldenkrais le dimanche\" class=\"wp-image-7888\" srcset=\"https:\/\/equilibreazur.fr\/azur\/wp-content\/uploads\/2019\/07\/2019-07-feldenkrais-benjamain-liu-738x522.jpg 738w, https:\/\/equilibreazur.fr\/azur\/wp-content\/uploads\/2019\/07\/2019-07-feldenkrais-benjamain-liu-370x262.jpg 370w, https:\/\/equilibreazur.fr\/azur\/wp-content\/uploads\/2019\/07\/2019-07-feldenkrais-benjamain-liu.jpg 1754w\" sizes=\"auto, (max-width: 738px) 100vw, 738px\" \/><\/a><figcaption>\u2026 et un stage Feldenkrais le dimanche<\/figcaption><\/figure>\n\n\n<h3>PARTICIPATION<\/h3>\n<p style=\"padding-left: 30px;\"><strong>Journ\u00e9e&nbsp;: 60\u20ac<\/strong>, 1\/2 journ\u00e9e 35\u20ac<br><strong>Samedi + Atelier Fendelkrais Dimanche 21: 80\u20ac<\/strong> (au lieu de 95\u20ac)&nbsp;<\/p>\n<h3>LIEU<\/h3>\n<p style=\"padding-left: 30px;\"><strong>ROQUEFORT LES PINS<\/strong><\/p>\n<p style=\"padding-left: 30px;\"><strong>Salle Charvet 1<\/strong><br>Espace Charvet<b>&nbsp;<\/b>(proximit\u00e9 du Cin\u00e9ma&nbsp;\u00ab\u00a0Le Pavillon Bleu\u00a0\u00bb)<br>06330 ROQUEFORT LES PINS<strong><br><\/strong>Latitude&nbsp;43.6662&nbsp;Longitude&nbsp;7.0501<small> <\/small><\/p>\n<h3>LIENS ADDITIONNELS<\/h3>\n<ul>\n<li><a href=\"https:\/\/www.100smith.com\/benjaminhemmer\">Ben Hemmer Liu<\/a> (page 100smith.com)<\/li>\n<li><a href=\"https:\/\/equilibreazur.fr\/azur\" target=\"_blank\" rel=\"noopener noreferrer\">Aiki Dojo Azur<\/a><\/li>\n<li>Wanomichi.net<\/li>\n<\/ul>\n<h3>CONTACT \/ INSCRIPTION<\/h3>\n<p style=\"padding-left: 30px;\"><a href=\"mailto:contact@aiki-dojo.fr\">contact@aiki-dojo.fr<\/a><br>Aiki Dojo Azur<br>+33 (0)6 60 42 26 32<\/p>\n<p>Inscription sur place le jour m\u00eame, mais il est pr\u00e9f\u00e9rable de nous informer de votre participation afin d&rsquo;\u00eatre pr\u00e9venu en cas de modification de derni\u00e8re minute.<br>Pour toute question, n&rsquo;h\u00e9sitez pas \u00e0 nous contacter.&nbsp;<\/p>\n\n\n<h3 class=\"wp-block-heading\">PHOTOS DE LA JOURNEE<\/h3>\n\n\n\n<figure class=\"wp-block-gallery columns-3 is-cropped wp-block-gallery-1 is-layout-flex wp-block-gallery-is-layout-flex\"><ul class=\"blocks-gallery-grid\"><li class=\"blocks-gallery-item\"><figure><img alt=\"\" loading=\"lazy\" decoding=\"async\" width=\"738\" height=\"415\" src=\"https:\/\/equilibreazur.fr\/azur\/wp-content\/uploads\/2021\/06\/2019-07-Atelier-Systema-BLiu-25-11-14-15-738x415.jpg\" alt=\"\" data-id=\"8790\" data-full-url=\"https:\/\/equilibreazur.fr\/azur\/wp-content\/uploads\/2021\/06\/2019-07-Atelier-Systema-BLiu-25-11-14-15.jpg\" data-link=\"https:\/\/equilibreazur.fr\/azur\/atelier-systema-aikido-avec-ben-liu-eric-savalli-aiki-dojo-azur-9\/\" class=\"wp-image-8790\" srcset=\"https:\/\/equilibreazur.fr\/azur\/wp-content\/uploads\/2021\/06\/2019-07-Atelier-Systema-BLiu-25-11-14-15-738x415.jpg 738w, https:\/\/equilibreazur.fr\/azur\/wp-content\/uploads\/2021\/06\/2019-07-Atelier-Systema-BLiu-25-11-14-15-370x208.jpg 370w, https:\/\/equilibreazur.fr\/azur\/wp-content\/uploads\/2021\/06\/2019-07-Atelier-Systema-BLiu-25-11-14-15.jpg 1024w\" sizes=\"auto, (max-width: 738px) 100vw, 738px\" \/><figcaption class=\"blocks-gallery-item__caption\">Atelier Systema &amp; Aikido avec Ben LIU &amp; Eric Savalli \/ Aiki Dojo Azur<\/figcaption><\/figure><\/li><li class=\"blocks-gallery-item\"><figure><img alt=\"\" loading=\"lazy\" decoding=\"async\" width=\"738\" height=\"492\" src=\"https:\/\/equilibreazur.fr\/azur\/wp-content\/uploads\/2021\/06\/2019-07-Atelier-Systema-BLiu-25-11-29-07-738x492.jpg\" alt=\"\" data-id=\"8789\" data-full-url=\"https:\/\/equilibreazur.fr\/azur\/wp-content\/uploads\/2021\/06\/2019-07-Atelier-Systema-BLiu-25-11-29-07.jpg\" data-link=\"https:\/\/equilibreazur.fr\/azur\/atelier-systema-aikido-avec-ben-liu-eric-savalli-aiki-dojo-azur-8\/\" class=\"wp-image-8789\" srcset=\"https:\/\/equilibreazur.fr\/azur\/wp-content\/uploads\/2021\/06\/2019-07-Atelier-Systema-BLiu-25-11-29-07-738x492.jpg 738w, https:\/\/equilibreazur.fr\/azur\/wp-content\/uploads\/2021\/06\/2019-07-Atelier-Systema-BLiu-25-11-29-07-370x247.jpg 370w, https:\/\/equilibreazur.fr\/azur\/wp-content\/uploads\/2021\/06\/2019-07-Atelier-Systema-BLiu-25-11-29-07.jpg 1024w\" sizes=\"auto, (max-width: 738px) 100vw, 738px\" \/><figcaption class=\"blocks-gallery-item__caption\">Atelier Systema &amp; Aikido avec Ben LIU &amp; Eric Savalli \/ Aiki Dojo Azur<\/figcaption><\/figure><\/li><li class=\"blocks-gallery-item\"><figure><img alt=\"\" loading=\"lazy\" decoding=\"async\" width=\"675\" height=\"675\" src=\"https:\/\/equilibreazur.fr\/azur\/wp-content\/uploads\/2021\/06\/2019-07-Atelier-Systema-BLiu-25-11-30-01-675x675.jpg\" alt=\"\" data-id=\"8788\" data-full-url=\"https:\/\/equilibreazur.fr\/azur\/wp-content\/uploads\/2021\/06\/2019-07-Atelier-Systema-BLiu-25-11-30-01.jpg\" data-link=\"https:\/\/equilibreazur.fr\/azur\/atelier-systema-aikido-avec-ben-liu-eric-savalli-aiki-dojo-azur-7\/\" class=\"wp-image-8788\" srcset=\"https:\/\/equilibreazur.fr\/azur\/wp-content\/uploads\/2021\/06\/2019-07-Atelier-Systema-BLiu-25-11-30-01-675x675.jpg 675w, https:\/\/equilibreazur.fr\/azur\/wp-content\/uploads\/2021\/06\/2019-07-Atelier-Systema-BLiu-25-11-30-01-370x370.jpg 370w, https:\/\/equilibreazur.fr\/azur\/wp-content\/uploads\/2021\/06\/2019-07-Atelier-Systema-BLiu-25-11-30-01-200x200.jpg 200w, https:\/\/equilibreazur.fr\/azur\/wp-content\/uploads\/2021\/06\/2019-07-Atelier-Systema-BLiu-25-11-30-01.jpg 1024w\" sizes=\"auto, (max-width: 675px) 100vw, 675px\" \/><figcaption class=\"blocks-gallery-item__caption\">Atelier Systema &amp; Aikido avec Ben LIU &amp; Eric Savalli \/ Aiki Dojo Azur<\/figcaption><\/figure><\/li><li class=\"blocks-gallery-item\"><figure><img alt=\"\" loading=\"lazy\" decoding=\"async\" width=\"675\" height=\"675\" src=\"https:\/\/equilibreazur.fr\/azur\/wp-content\/uploads\/2021\/06\/2019-07-Atelier-Systema-BLiu-25-11-30-05-675x675.jpg\" alt=\"\" data-id=\"8787\" data-full-url=\"https:\/\/equilibreazur.fr\/azur\/wp-content\/uploads\/2021\/06\/2019-07-Atelier-Systema-BLiu-25-11-30-05.jpg\" data-link=\"https:\/\/equilibreazur.fr\/azur\/atelier-systema-aikido-avec-ben-liu-eric-savalli-aiki-dojo-azur-6\/\" class=\"wp-image-8787\" srcset=\"https:\/\/equilibreazur.fr\/azur\/wp-content\/uploads\/2021\/06\/2019-07-Atelier-Systema-BLiu-25-11-30-05-675x675.jpg 675w, https:\/\/equilibreazur.fr\/azur\/wp-content\/uploads\/2021\/06\/2019-07-Atelier-Systema-BLiu-25-11-30-05-370x370.jpg 370w, https:\/\/equilibreazur.fr\/azur\/wp-content\/uploads\/2021\/06\/2019-07-Atelier-Systema-BLiu-25-11-30-05-200x200.jpg 200w, https:\/\/equilibreazur.fr\/azur\/wp-content\/uploads\/2021\/06\/2019-07-Atelier-Systema-BLiu-25-11-30-05.jpg 1024w\" sizes=\"auto, (max-width: 675px) 100vw, 675px\" \/><figcaption class=\"blocks-gallery-item__caption\">Atelier Systema &amp; Aikido avec Ben LIU &amp; Eric Savalli \/ Aiki Dojo Azur<\/figcaption><\/figure><\/li><li class=\"blocks-gallery-item\"><figure><img alt=\"\" loading=\"lazy\" decoding=\"async\" width=\"738\" height=\"554\" src=\"https:\/\/equilibreazur.fr\/azur\/wp-content\/uploads\/2021\/06\/2019-07-Atelier-Systema-BLiu-25-12-13-40-738x554.jpg\" alt=\"\" data-id=\"8786\" data-full-url=\"https:\/\/equilibreazur.fr\/azur\/wp-content\/uploads\/2021\/06\/2019-07-Atelier-Systema-BLiu-25-12-13-40.jpg\" data-link=\"https:\/\/equilibreazur.fr\/azur\/atelier-systema-aikido-avec-ben-liu-eric-savalli-aiki-dojo-azur-5\/\" class=\"wp-image-8786\" srcset=\"https:\/\/equilibreazur.fr\/azur\/wp-content\/uploads\/2021\/06\/2019-07-Atelier-Systema-BLiu-25-12-13-40-738x554.jpg 738w, https:\/\/equilibreazur.fr\/azur\/wp-content\/uploads\/2021\/06\/2019-07-Atelier-Systema-BLiu-25-12-13-40-370x278.jpg 370w, https:\/\/equilibreazur.fr\/azur\/wp-content\/uploads\/2021\/06\/2019-07-Atelier-Systema-BLiu-25-12-13-40.jpg 1024w\" sizes=\"auto, (max-width: 738px) 100vw, 738px\" \/><figcaption class=\"blocks-gallery-item__caption\">Atelier Systema &amp; Aikido avec Ben LIU &amp; Eric Savalli \/ Aiki Dojo Azur<\/figcaption><\/figure><\/li><li class=\"blocks-gallery-item\"><figure><img alt=\"\" loading=\"lazy\" decoding=\"async\" width=\"675\" height=\"675\" src=\"https:\/\/equilibreazur.fr\/azur\/wp-content\/uploads\/2021\/06\/2019-07-Atelier-Systema-BLiu-25-11-31-12-675x675.jpg\" alt=\"\" data-id=\"8785\" data-full-url=\"https:\/\/equilibreazur.fr\/azur\/wp-content\/uploads\/2021\/06\/2019-07-Atelier-Systema-BLiu-25-11-31-12.jpg\" data-link=\"https:\/\/equilibreazur.fr\/azur\/atelier-systema-aikido-avec-ben-liu-eric-savalli-aiki-dojo-azur-4\/\" class=\"wp-image-8785\" srcset=\"https:\/\/equilibreazur.fr\/azur\/wp-content\/uploads\/2021\/06\/2019-07-Atelier-Systema-BLiu-25-11-31-12-675x675.jpg 675w, https:\/\/equilibreazur.fr\/azur\/wp-content\/uploads\/2021\/06\/2019-07-Atelier-Systema-BLiu-25-11-31-12-370x370.jpg 370w, https:\/\/equilibreazur.fr\/azur\/wp-content\/uploads\/2021\/06\/2019-07-Atelier-Systema-BLiu-25-11-31-12-200x200.jpg 200w, https:\/\/equilibreazur.fr\/azur\/wp-content\/uploads\/2021\/06\/2019-07-Atelier-Systema-BLiu-25-11-31-12.jpg 1024w\" sizes=\"auto, (max-width: 675px) 100vw, 675px\" \/><figcaption class=\"blocks-gallery-item__caption\">Atelier Systema &amp; Aikido avec Ben LIU &amp; Eric Savalli \/ Aiki Dojo Azur<\/figcaption><\/figure><\/li><li class=\"blocks-gallery-item\"><figure><img alt=\"\" loading=\"lazy\" decoding=\"async\" width=\"675\" height=\"675\" src=\"https:\/\/equilibreazur.fr\/azur\/wp-content\/uploads\/2021\/06\/2019-07-Atelier-Systema-BLiu-25-17-08-17-675x675.jpg\" alt=\"\" data-id=\"8784\" data-full-url=\"https:\/\/equilibreazur.fr\/azur\/wp-content\/uploads\/2021\/06\/2019-07-Atelier-Systema-BLiu-25-17-08-17.jpg\" data-link=\"https:\/\/equilibreazur.fr\/azur\/atelier-systema-aikido-avec-ben-liu-eric-savalli-aiki-dojo-azur-3\/\" class=\"wp-image-8784\" srcset=\"https:\/\/equilibreazur.fr\/azur\/wp-content\/uploads\/2021\/06\/2019-07-Atelier-Systema-BLiu-25-17-08-17-675x675.jpg 675w, https:\/\/equilibreazur.fr\/azur\/wp-content\/uploads\/2021\/06\/2019-07-Atelier-Systema-BLiu-25-17-08-17-370x370.jpg 370w, https:\/\/equilibreazur.fr\/azur\/wp-content\/uploads\/2021\/06\/2019-07-Atelier-Systema-BLiu-25-17-08-17-200x200.jpg 200w, https:\/\/equilibreazur.fr\/azur\/wp-content\/uploads\/2021\/06\/2019-07-Atelier-Systema-BLiu-25-17-08-17.jpg 1024w\" sizes=\"auto, (max-width: 675px) 100vw, 675px\" \/><figcaption class=\"blocks-gallery-item__caption\">Atelier Systema &amp; Aikido avec Ben LIU &amp; Eric Savalli \/ Aiki Dojo Azur<\/figcaption><\/figure><\/li><li class=\"blocks-gallery-item\"><figure><img alt=\"\" loading=\"lazy\" decoding=\"async\" width=\"738\" height=\"494\" src=\"https:\/\/equilibreazur.fr\/azur\/wp-content\/uploads\/2021\/06\/2019-07-Atelier-Systema-BLiu-25-17-08-34-738x494.jpg\" alt=\"\" data-id=\"8783\" data-full-url=\"https:\/\/equilibreazur.fr\/azur\/wp-content\/uploads\/2021\/06\/2019-07-Atelier-Systema-BLiu-25-17-08-34.jpg\" data-link=\"https:\/\/equilibreazur.fr\/azur\/atelier-systema-aikido-avec-ben-liu-eric-savalli-aiki-dojo-azur-2\/\" class=\"wp-image-8783\" srcset=\"https:\/\/equilibreazur.fr\/azur\/wp-content\/uploads\/2021\/06\/2019-07-Atelier-Systema-BLiu-25-17-08-34-738x494.jpg 738w, https:\/\/equilibreazur.fr\/azur\/wp-content\/uploads\/2021\/06\/2019-07-Atelier-Systema-BLiu-25-17-08-34-370x248.jpg 370w, https:\/\/equilibreazur.fr\/azur\/wp-content\/uploads\/2021\/06\/2019-07-Atelier-Systema-BLiu-25-17-08-34.jpg 1024w\" sizes=\"auto, (max-width: 738px) 100vw, 738px\" \/><figcaption class=\"blocks-gallery-item__caption\">Atelier Systema &amp; Aikido avec Ben LIU &amp; Eric Savalli \/ Aiki Dojo Azur<\/figcaption><\/figure><\/li><li class=\"blocks-gallery-item\"><figure><img alt=\"\" loading=\"lazy\" decoding=\"async\" width=\"738\" height=\"415\" src=\"https:\/\/equilibreazur.fr\/azur\/wp-content\/uploads\/2021\/06\/2019-07-Atelier-Systema-BLiu-25-17-08-19-738x415.jpg\" alt=\"\" data-id=\"8782\" data-full-url=\"https:\/\/equilibreazur.fr\/azur\/wp-content\/uploads\/2021\/06\/2019-07-Atelier-Systema-BLiu-25-17-08-19.jpg\" data-link=\"https:\/\/equilibreazur.fr\/azur\/atelier-systema-aikido-avec-ben-liu-eric-savalli-aiki-dojo-azur\/\" class=\"wp-image-8782\" srcset=\"https:\/\/equilibreazur.fr\/azur\/wp-content\/uploads\/2021\/06\/2019-07-Atelier-Systema-BLiu-25-17-08-19-738x415.jpg 738w, https:\/\/equilibreazur.fr\/azur\/wp-content\/uploads\/2021\/06\/2019-07-Atelier-Systema-BLiu-25-17-08-19-370x208.jpg 370w, https:\/\/equilibreazur.fr\/azur\/wp-content\/uploads\/2021\/06\/2019-07-Atelier-Systema-BLiu-25-17-08-19.jpg 1024w\" sizes=\"auto, (max-width: 738px) 100vw, 738px\" \/><figcaption class=\"blocks-gallery-item__caption\">Atelier Systema &amp; Aikido avec Ben LIU &amp; Eric Savalli \/ Aiki Dojo Azur<\/figcaption><\/figure><\/li><li class=\"blocks-gallery-item\"><figure><img alt=\"\" loading=\"lazy\" decoding=\"async\" width=\"738\" height=\"415\" src=\"https:\/\/equilibreazur.fr\/azur\/wp-content\/uploads\/2021\/06\/2019-07-Atelier-Systema-BLiu-25-10-19-08-738x415.jpg\" alt=\"\" data-id=\"8791\" data-full-url=\"https:\/\/equilibreazur.fr\/azur\/wp-content\/uploads\/2021\/06\/2019-07-Atelier-Systema-BLiu-25-10-19-08.jpg\" data-link=\"https:\/\/equilibreazur.fr\/azur\/atelier-systema-aikido-avec-ben-liu-eric-savalli-aiki-dojo-azur-10\/\" class=\"wp-image-8791\" srcset=\"https:\/\/equilibreazur.fr\/azur\/wp-content\/uploads\/2021\/06\/2019-07-Atelier-Systema-BLiu-25-10-19-08-738x415.jpg 738w, https:\/\/equilibreazur.fr\/azur\/wp-content\/uploads\/2021\/06\/2019-07-Atelier-Systema-BLiu-25-10-19-08-370x208.jpg 370w, https:\/\/equilibreazur.fr\/azur\/wp-content\/uploads\/2021\/06\/2019-07-Atelier-Systema-BLiu-25-10-19-08.jpg 1024w\" sizes=\"auto, (max-width: 738px) 100vw, 738px\" \/><figcaption class=\"blocks-gallery-item__caption\">Atelier Systema &amp; Aikido avec Ben LIU &amp; Eric Savalli \/ Aiki Dojo Azur<\/figcaption><\/figure><\/li><\/ul><\/figure>\n","protected":false},"excerpt":{"rendered":"<p>Dimanche 20\/07\/2019 :  Atelier exceptionnel de d\u00e9couverte du SYSTEMA &#8211; Art martial russe &#8211; et du AIKIDO d&rsquo;Iwama &#8211; <\/p>\n","protected":false},"author":2,"featured_media":7875,"comment_status":"open","ping_status":"open","sticky":false,"template":"","format":"standard","meta":{"_acf_changed":false,"_seopress_robots_primary_cat":"","_seopress_titles_title":"","_seopress_titles_desc":"Stage Systema et Aikido \u00e0 Roquefort-les-pins en r\u00e9gion de Nice \/ Grasse \/ Valbonne - C\u00f4t\u00e9 d&#039;Azur avec Eric Savalli et Benjamin Hemmer (07\/2019)","_seopress_robots_index":"","generate_page_header":"","footnotes":""},"categories":[142,197],"tags":[248,45,263,95,204,264],"class_list":["post-7874","post","type-post","status-publish","format-standard","has-post-thumbnail","hentry","category-news","category-stages-calendrier","tag-aikido","tag-e-savalli","tag-jijitsu","tag-nice-grasse","tag-stage","tag-v-fuster","infinite-scroll-item","masonry-post","generate-columns","tablet-grid-50","mobile-grid-100","grid-parent","grid-50"],"acf":[],"_links":{"self":[{"href":"https:\/\/equilibreazur.fr\/azur\/wp-json\/wp\/v2\/posts\/7874","targetHints":{"allow":["GET"]}}],"collection":[{"href":"https:\/\/equilibreazur.fr\/azur\/wp-json\/wp\/v2\/posts"}],"about":[{"href":"https:\/\/equilibreazur.fr\/azur\/wp-json\/wp\/v2\/types\/post"}],"author":[{"embeddable":true,"href":"https:\/\/equilibreazur.fr\/azur\/wp-json\/wp\/v2\/users\/2"}],"replies":[{"embeddable":true,"href":"https:\/\/equilibreazur.fr\/azur\/wp-json\/wp\/v2\/comments?post=7874"}],"version-history":[{"count":6,"href":"https:\/\/equilibreazur.fr\/azur\/wp-json\/wp\/v2\/posts\/7874\/revisions"}],"predecessor-version":[{"id":8796,"href":"https:\/\/equilibreazur.fr\/azur\/wp-json\/wp\/v2\/posts\/7874\/revisions\/8796"}],"wp:featuredmedia":[{"embeddable":true,"href":"https:\/\/equilibreazur.fr\/azur\/wp-json\/wp\/v2\/media\/7875"}],"wp:attachment":[{"href":"https:\/\/equilibreazur.fr\/azur\/wp-json\/wp\/v2\/media?parent=7874"}],"wp:term":[{"taxonomy":"category","embeddable":true,"href":"https:\/\/equilibreazur.fr\/azur\/wp-json\/wp\/v2\/categories?post=7874"},{"taxonomy":"post_tag","embeddable":true,"href":"https:\/\/equilibreazur.fr\/azur\/wp-json\/wp\/v2\/tags?post=7874"}],"curies":[{"name":"wp","href":"https:\/\/api.w.org\/{rel}","templated":true}]}}