{"id":7824,"date":"2019-03-27T17:19:39","date_gmt":"2019-03-27T17:19:39","guid":{"rendered":"https:\/\/equilibreazur.fr\/azur\/?p=7824"},"modified":"2019-10-06T16:48:52","modified_gmt":"2019-10-06T16:48:52","slug":"2019-stage-aikido-jujitsu","status":"publish","type":"post","link":"https:\/\/equilibreazur.fr\/azur\/news\/2019-stage-aikido-jujitsu\/","title":{"rendered":"2019 &#8211; 28 avril \u2013 Stage Armes Jujitsu\/Kobudo &#038; Aikido r\u00e9gion de Nice \/ Sophia-Antipolis"},"content":{"rendered":"\n<p style=\"text-align:center\">\n\n\n\n<h3 class=\"wp-block-heading\">Stage AIKIDO &amp; JU-JITSU \/ KOBUDO<br>au profit de AMNESTY INTERNATIONAL<\/h3>\n\n\n\n<p>Stage annuel exceptionnel sur le th\u00e8me des ARMES en AIKIDO et JU-JITSU \/ KOBUDO, dirig\u00e9 par&nbsp;<strong>Eric&nbsp;SAVALLI<\/strong>, enseignant Wanomichi \/ Takemusu Aiki et&nbsp;<strong>Valentin FUSTER<\/strong>, enseignant de Ju-Jitsu \/ Kobudo.<\/p>\n\n\n\n<p>Journ\u00e9e de pratique ouverte \u00e0 tous au profit de ONG&nbsp;\u00ab\u00a0AMNESTY INTERNATIONAL\u00a0\u00bb (ONGI qui se donne comme missions la d\u00e9fense des droits de l&rsquo;homme et le respect de la D\u00e9claration universelle des droits de l&rsquo;homme).<\/p>\n\n\n\n<ul class=\"wp-block-gallery columns-3 is-cropped wp-block-gallery-1 is-layout-flex wp-block-gallery-is-layout-flex\"><li class=\"blocks-gallery-item\"><figure><img alt=\"\" loading=\"lazy\" decoding=\"async\" width=\"738\" height=\"491\" src=\"https:\/\/equilibreazur.fr\/azur\/wp-content\/uploads\/2019\/03\/2018-01-26-wanomichi.fr-photo-Caterina-Suzzi-738x491.jpg\" alt=\"\" data-id=\"7832\" data-link=\"https:\/\/equilibreazur.fr\/azur\/stages-calendrier\/2019-stage-aikido-jujitsu\/attachment\/2018-01-26-wanomichi-fr-photo-caterina-suzzi\/#main\" class=\"wp-image-7832\" srcset=\"https:\/\/equilibreazur.fr\/azur\/wp-content\/uploads\/2019\/03\/2018-01-26-wanomichi.fr-photo-Caterina-Suzzi-738x491.jpg 738w, https:\/\/equilibreazur.fr\/azur\/wp-content\/uploads\/2019\/03\/2018-01-26-wanomichi.fr-photo-Caterina-Suzzi-370x246.jpg 370w, https:\/\/equilibreazur.fr\/azur\/wp-content\/uploads\/2019\/03\/2018-01-26-wanomichi.fr-photo-Caterina-Suzzi-600x399.jpg 600w, https:\/\/equilibreazur.fr\/azur\/wp-content\/uploads\/2019\/03\/2018-01-26-wanomichi.fr-photo-Caterina-Suzzi.jpg 1024w\" sizes=\"auto, (max-width: 738px) 100vw, 738px\" \/><figcaption>2019-01 Wanomichi Seminar &#8211; photo: Caterina Suzzi<\/figcaption><\/figure><\/li><li class=\"blocks-gallery-item\"><figure><img alt=\"\" loading=\"lazy\" decoding=\"async\" width=\"738\" height=\"415\" src=\"https:\/\/equilibreazur.fr\/azur\/wp-content\/uploads\/2019\/03\/2019-01-11-jujitsu-738x415.jpg\" alt=\"\" data-id=\"7833\" data-link=\"https:\/\/equilibreazur.fr\/azur\/stages-calendrier\/2019-stage-aikido-jujitsu\/attachment\/2019-01-11-jujitsu\/#main\" class=\"wp-image-7833\" srcset=\"https:\/\/equilibreazur.fr\/azur\/wp-content\/uploads\/2019\/03\/2019-01-11-jujitsu-738x415.jpg 738w, https:\/\/equilibreazur.fr\/azur\/wp-content\/uploads\/2019\/03\/2019-01-11-jujitsu-370x208.jpg 370w, https:\/\/equilibreazur.fr\/azur\/wp-content\/uploads\/2019\/03\/2019-01-11-jujitsu-600x338.jpg 600w, https:\/\/equilibreazur.fr\/azur\/wp-content\/uploads\/2019\/03\/2019-01-11-jujitsu.jpg 1024w\" sizes=\"auto, (max-width: 738px) 100vw, 738px\" \/><figcaption>2019-01-Jujitsu<\/figcaption><\/figure><\/li><li class=\"blocks-gallery-item\"><figure><img alt=\"\" loading=\"lazy\" decoding=\"async\" width=\"738\" height=\"554\" src=\"https:\/\/equilibreazur.fr\/azur\/wp-content\/uploads\/2019\/03\/2019-01-11-kobudo-738x554.jpg\" alt=\"\" data-id=\"7834\" data-link=\"https:\/\/equilibreazur.fr\/azur\/stages-calendrier\/2019-stage-aikido-jujitsu\/attachment\/2019-01-11-kobudo\/#main\" class=\"wp-image-7834\" srcset=\"https:\/\/equilibreazur.fr\/azur\/wp-content\/uploads\/2019\/03\/2019-01-11-kobudo-738x554.jpg 738w, https:\/\/equilibreazur.fr\/azur\/wp-content\/uploads\/2019\/03\/2019-01-11-kobudo-370x278.jpg 370w, https:\/\/equilibreazur.fr\/azur\/wp-content\/uploads\/2019\/03\/2019-01-11-kobudo-600x450.jpg 600w, https:\/\/equilibreazur.fr\/azur\/wp-content\/uploads\/2019\/03\/2019-01-11-kobudo.jpg 1024w\" sizes=\"auto, (max-width: 738px) 100vw, 738px\" \/><figcaption>2019-01-Jujitsu<\/figcaption><\/figure><\/li><li class=\"blocks-gallery-item\"><figure><img alt=\"\" loading=\"lazy\" decoding=\"async\" width=\"738\" height=\"492\" src=\"https:\/\/equilibreazur.fr\/azur\/wp-content\/uploads\/2019\/03\/2019-01-26-wanomichi.fr-photo-Simone-Gisoni-738x492.jpg\" alt=\"\" data-id=\"7835\" data-link=\"https:\/\/equilibreazur.fr\/azur\/stages-calendrier\/2019-stage-aikido-jujitsu\/attachment\/2019-01-26-wanomichi-fr-photo-simone-gisoni\/#main\" class=\"wp-image-7835\" srcset=\"https:\/\/equilibreazur.fr\/azur\/wp-content\/uploads\/2019\/03\/2019-01-26-wanomichi.fr-photo-Simone-Gisoni-738x492.jpg 738w, https:\/\/equilibreazur.fr\/azur\/wp-content\/uploads\/2019\/03\/2019-01-26-wanomichi.fr-photo-Simone-Gisoni-370x247.jpg 370w, https:\/\/equilibreazur.fr\/azur\/wp-content\/uploads\/2019\/03\/2019-01-26-wanomichi.fr-photo-Simone-Gisoni-600x400.jpg 600w, https:\/\/equilibreazur.fr\/azur\/wp-content\/uploads\/2019\/03\/2019-01-26-wanomichi.fr-photo-Simone-Gisoni.jpg 1024w\" sizes=\"auto, (max-width: 738px) 100vw, 738px\" \/><figcaption>2019-01 Wanomichi Seminar &#8211; photo&nbsp;: Simone Gisoni<\/figcaption><\/figure><\/li><\/ul>\n\n\n\n<h3 class=\"wp-block-heading\">PROGRAMME<\/h3>\n\n\n\n<p>Le programme non d\u00e9finitif, pouvant \u00eatre quelque peu modifi\u00e9 le jour m\u00eame.<\/p>\n\n\n\n<p><strong>10h00&nbsp;\u2013 11h15 Jujitsu 1<\/strong>&nbsp;: armes (1h15)<br><strong>11h15&nbsp;\u2013 12h30<\/strong> <strong>Aikido 1<\/strong>&nbsp;: armes&nbsp;(1h15)<\/p>\n\n\n\n<p><strong>Repas l\u00e9ger&nbsp;sur place<\/strong> (pr\u00e9voir le n\u00e9cessaire)<\/p>\n\n\n\n<p><strong>14h30&nbsp;\u2013&nbsp;15h30<\/strong> <strong>Aikido&nbsp;2<\/strong>&nbsp;: armes (1h)<br><strong>15h30&nbsp;\u2013&nbsp;16h30<\/strong> <strong>Jujitsu&nbsp;2<\/strong>&nbsp;: armes (1h)<\/p>\n\n\n<h3>PARTICIPATION<\/h3>\n<p style=\"padding-left: 30px;\">Tout ou partie&nbsp;: 25\u20ac<\/p>\n<p style=\"padding-left: 30px;\">L&rsquo;int\u00e9gralit\u00e9 des inscriptions \u00e0 ce stage sera revers\u00e9e \u00e0 l&rsquo;ONG<\/p>\n<p style=\"padding-left: 30px;\"><a href=\"https:\/\/www.amnesty.org\/fr\/\"><img loading=\"lazy\" decoding=\"async\" class=\"alignnone wp-image-7825\" src=\"https:\/\/equilibreazur.fr\/azur\/wp-content\/uploads\/2019\/03\/500px-Amnesty_International_2008_logo.svg-370x137.png\" alt=\"Amnesty International\" width=\"176\" height=\"65\" srcset=\"https:\/\/equilibreazur.fr\/azur\/wp-content\/uploads\/2019\/03\/500px-Amnesty_International_2008_logo.svg-370x137.png 370w, https:\/\/equilibreazur.fr\/azur\/wp-content\/uploads\/2019\/03\/500px-Amnesty_International_2008_logo.svg.png 500w\" sizes=\"auto, (max-width: 176px) 100vw, 176px\" \/><\/a><\/p>\n<h3>LIEU<\/h3>\n<p style=\"padding-left: 30px;\"><strong>CHATEAUNEUF \/ LE ROURET \u2013 GYMNASE du COLLEGE<\/strong><\/p>\n<p style=\"padding-left: 30px;\"><strong><a href=\"https:\/\/equilibreazur.fr\/azur\/aikido-azur\/plan-acces-chateauneuf-le-rouret\">Salle du Gymnase<\/a><\/strong><br>Salle du Bois de Saint Jeaume<br>Coll\u00e8ge du pr\u00e9 des roures<br>06650 CHATEAUNEUF \/ LE ROURET<\/p>\n<p style=\"padding-left: 30px;\">Latitude 43.6737 Longitude 6.9930<\/p>\n<p style=\"padding-left: 30px;\"><a href=\"https:\/\/equilibreazur.fr\/azur\/aikido-azur\/plan-acces-chateauneuf-le-rouret\" class=\"su-button su-button-style-default\" style=\"color:#FFFFFF;background-color:#2D89EF;border-color:#246ec0;border-radius:5px\" target=\"_self\"><span style=\"color:#FFFFFF;padding:0px 16px;font-size:13px;line-height:26px;border-color:#6cadf4;border-radius:5px;text-shadow:none\"> Plan d&rsquo;acc\u00e8s<\/span><\/a><small> <\/small><\/p>\n<h3>LIENS<\/h3>\n<ul>\n<li><a href=\"https:\/\/www.facebook.com\/jujitsukobudofrance\" target=\"_blank\" rel=\"noopener noreferrer\">Ju Jitsu Kobudo France<\/a>&nbsp;(page facebook)<\/li>\n<li><a href=\"https:\/\/equilibreazur.fr\/azur\" target=\"_blank\" rel=\"noopener noreferrer\">Aiki Dojo Azur<\/a><\/li>\n<\/ul>\n<h3>CONTACT<\/h3>\n<p style=\"padding-left: 30px;\"><a href=\"mailto:contact@aiki-dojo.fr\">contact@aiki-dojo.fr<\/a><br>Aiki Dojo Azur<br>+33 (0)6 60 42 26 32<\/p>\n<h3>AFFICHE<\/h3>\n<p style=\"padding-left: 30px;\">&nbsp;<\/p>","protected":false},"excerpt":{"rendered":"<p>Dimanche 28\/04\/2019 :  Stage annuel exceptionnel sur le th\u00e8me des ARMES en AIKIDO et JU-JITSU \/ KOBUDO, dirig\u00e9 par\u00a0Eric\u00a0SAVALLI, enseignant Wanomichi \/ Takemusu Aiki et\u00a0Valentin FUSTER, enseignant de Ju-Jitsu \/ Kobudo \u00e0 Chateauneuf de Grasse, proche de Roquefort les pins \/ Le Rouret \/ Opio<\/p>\n","protected":false},"author":2,"featured_media":7586,"comment_status":"open","ping_status":"open","sticky":false,"template":"","format":"standard","meta":{"_acf_changed":false,"_seopress_robots_primary_cat":"","_seopress_titles_title":"","_seopress_titles_desc":"Stage Qi Gong et Aikido (+Yoga+M\u00e9ditation) en r\u00e9gion de Nice \/ Grasse \/ Valbonne - C\u00f4t\u00e9 d&#039;Azur avec Eric Savalli et Laurence Mantelet (12\/2016)","_seopress_robots_index":"","generate_page_header":"","footnotes":""},"categories":[142,197],"tags":[248,45,263,95,204,264],"class_list":["post-7824","post","type-post","status-publish","format-standard","has-post-thumbnail","hentry","category-news","category-stages-calendrier","tag-aikido","tag-e-savalli","tag-jijitsu","tag-nice-grasse","tag-stage","tag-v-fuster","infinite-scroll-item","masonry-post","generate-columns","tablet-grid-50","mobile-grid-100","grid-parent","grid-50"],"acf":[],"_links":{"self":[{"href":"https:\/\/equilibreazur.fr\/azur\/wp-json\/wp\/v2\/posts\/7824","targetHints":{"allow":["GET"]}}],"collection":[{"href":"https:\/\/equilibreazur.fr\/azur\/wp-json\/wp\/v2\/posts"}],"about":[{"href":"https:\/\/equilibreazur.fr\/azur\/wp-json\/wp\/v2\/types\/post"}],"author":[{"embeddable":true,"href":"https:\/\/equilibreazur.fr\/azur\/wp-json\/wp\/v2\/users\/2"}],"replies":[{"embeddable":true,"href":"https:\/\/equilibreazur.fr\/azur\/wp-json\/wp\/v2\/comments?post=7824"}],"version-history":[{"count":6,"href":"https:\/\/equilibreazur.fr\/azur\/wp-json\/wp\/v2\/posts\/7824\/revisions"}],"predecessor-version":[{"id":7842,"href":"https:\/\/equilibreazur.fr\/azur\/wp-json\/wp\/v2\/posts\/7824\/revisions\/7842"}],"wp:featuredmedia":[{"embeddable":true,"href":"https:\/\/equilibreazur.fr\/azur\/wp-json\/wp\/v2\/media\/7586"}],"wp:attachment":[{"href":"https:\/\/equilibreazur.fr\/azur\/wp-json\/wp\/v2\/media?parent=7824"}],"wp:term":[{"taxonomy":"category","embeddable":true,"href":"https:\/\/equilibreazur.fr\/azur\/wp-json\/wp\/v2\/categories?post=7824"},{"taxonomy":"post_tag","embeddable":true,"href":"https:\/\/equilibreazur.fr\/azur\/wp-json\/wp\/v2\/tags?post=7824"}],"curies":[{"name":"wp","href":"https:\/\/api.w.org\/{rel}","templated":true}]}}