{"id":7804,"date":"2019-03-13T17:11:42","date_gmt":"2019-03-13T17:11:42","guid":{"rendered":"https:\/\/equilibreazur.fr\/azur\/?p=7804"},"modified":"2020-08-19T09:28:50","modified_gmt":"2020-08-19T09:28:50","slug":"2019-06-aunkai-nice-manabu-watanabe","status":"publish","type":"post","link":"https:\/\/equilibreazur.fr\/azur\/news\/2019-06-aunkai-nice-manabu-watanabe\/","title":{"rendered":"2019-06&nbsp;: stage(s) AUNKAI et\/ou SHIATSU avec Watanabe Manabu Sensei &#8211; Nice \/ Chateauneuf"},"content":{"rendered":"<p style=\"text-align: center;\">\n<p style=\"text-align: center;\"><strong><span style=\"color: #ff0000;\">1er stage international<br \/><span style=\"background-color: #ffff00;\">AUNKAI &#8211; SHIATSU<\/span><\/span><span style=\"background-color: #ffff00;\">\u00a0\u00e0 Chateauneuf de Grasse<\/span><br \/><\/strong>dirig\u00e9 par\u00a0<strong>Manabu WATANABE Sensei<\/strong><\/p>\n<p style=\"text-align: center;\"><strong>Samedi, Dimanche\u00a022-23 JUIN 2019<\/strong><\/p>\n<p style=\"text-align: center;\">Stage\u00a0exceptionnel\u00a0<strong><span style=\"background-color: #ffff00;\">ouvert \u00e0 tous les pratiquants<\/span><br \/>y compris les d\u00e9butants, toute\u00a0\u00e9cole ou f\u00e9d\u00e9ration<\/strong>.<\/p>\n<p style=\"text-align: center;\">Pour la 1\u00e8re fois, <a title=\"Aiki Dojo\" href=\"https:\/\/aikidoazur.fr\">Aiki Dojo Azur<\/a> organise un stage exceptionnel&nbsp;\u00ab\u00a0AUNKAI \/ SHIATSU de 2\u00a0jours les\u00a0Samedi 22 et\u00a0Dimanche 23 juin 2019.<br \/>\u00a0Ce stage a lieu \u00e0 <strong>Chateauneuf de Grasse<\/strong> (06-Alpes Maritimes &#8211; R\u00e9gion de Nice &#8211; French Riviera).<\/p>\n<hr style=\"height: 1px; width: 100%;\" size=\"1\" width=\"80%\" \/>\n<table class=\"aligncenter\" style=\"width: 100%;\" border=\"0\" align=\"center\">\n<tbody>\n<tr>\n<td>\n<p><em><img loading=\"lazy\" decoding=\"async\" class=\"alignleft size-full wp-image-7721\" src=\"https:\/\/equilibreazur.fr\/azur\/wp-content\/uploads\/2018\/12\/flag-uk-united-kingdom.png\" alt=\"Flag UK united-kingdom\" width=\"24\" height=\"24\" \/>ENGLISH SPOKEN!\u00a0<\/em><\/p>\n<p><em style=\"color: #ff0000; font-size: inherit; font-family: inherit;\">REGISTRATION\u00a0!\u00a0It is very important to\u00a0<strong>let us know by email before the 31st\u00a0of April that you will participate<\/strong>\u00a0to book your place (especially for the meal).<\/em><\/p>\n<p><em>Chateauneuf de Grasse is located in south-east of FRANCE in the<strong> French Riviera (C\u00f4te d\u2019Azur &#8211; Nice \/ Monaco)<\/strong>, at 40mn from Nice C\u00f4te d\u2019Azur airport (which is the second airport in France, with a hourly connection to PARIS with Air-France).<\/em><br \/><em>As the keiko are on friday and saturday, you could enjoy the area on sunday&#8230;<br \/><\/em><br \/><em>If you are coming by train or by plane, <span style=\"color: #ff0000;\"><strong>we will take care of you<\/strong>.<\/span><\/em><span style=\"color: #ff0000;\">\u00a0<strong><em>No need to worry about transportation&#8230;<\/em><\/strong><\/span><br \/><em>It is not possible to sleep on the mats, at the dojo.<\/em><br \/><em>If you would like to be hosted in a trainee\u2019s home, we will be pleased to do so if possible.<\/em><br \/><em>Please, let us know asap by email (english spoken).<\/em><br \/><em>&#8230; please contact us asap.<\/em><\/p>\n<\/td>\n<\/tr>\n<\/tbody>\n<\/table>\n<hr style=\"height: 1px; width: 100%;\" size=\"1\" width=\"80%\" \/>\n<h2>WATANABE Manabu Sensei<\/h2>\n<div class=\"su-row\"><div class=\"su-column su-column-size-1-2\"><div class=\"su-column-inner su-u-clearfix su-u-trim\"><strong>WATANABE Manabu Sensei<\/strong> est l&rsquo;un des premiers deshi \u00e9lev\u00e9 au grade de <strong><i>Hanshi <\/i><\/strong>par <strong>AKUZAWA Minoru Sensei<\/strong>, fondateur de l&rsquo;Aunkai Bujutsu.<br \/>L\u2019aunka\u00ef est fond\u00e9 sur des exercices r\u00e9p\u00e9t\u00e9s afin de forger le corps et d\u2019affiner la sensibilit\u00e9 et l\u2019intelligence dans le rapport \u00e0 soi et \u00e0 l\u2019autre.<\/p>\n<p>Manabu Watanabe est diplom\u00e9 du Namikoshi Shiatsu College de Tokyo.<\/p>\n<p>Il enseigne l&rsquo;Aunkai Bujutsu et le shiatsu en Asie et Europe. <\/div><\/div><div class=\"su-column su-column-size-1-2\"><div class=\"su-column-inner su-u-clearfix su-u-trim\"><strong><em><img loading=\"lazy\" decoding=\"async\" class=\"alignleft\" title=\"ENGLISH\" src=\"https:\/\/equilibreazur.fr\/azur\/images\/flag\/en.png\" alt=\"\" width=\"32\" height=\"32\" \/><\/em><\/strong><\/div><\/div><\/div>\n<h2>Aunkai Bujutsu<\/h2>\n<blockquote>\n<p>\u00ab Si nous utilisons la force musculaire, nous perdons et nous\u2028 mourrons. Sans la force musculaire, nous bougeons plus vite.\u2028 Il faut utiliser nos forces internes&nbsp;\u00bb<br \/>&#8211; Manabu Sensei<\/p>\n<\/blockquote>\n<h2><strong>A retenir&#8230;<\/strong><\/h2>\n<p style=\"padding-left: 30px;\"><strong>1er Stage SHIATSU \/ AUNKAI&nbsp;\u00a0\u00e0 Chateauneuf de Grasse 06-PACA<br \/><\/strong>dirig\u00e9 par\u00a0<span style=\"font-weight: 600;\">Watanabe Manabu<\/span><b>\u00a0Sensei<\/b><\/p>\n<p style=\"padding-left: 30px;\"><strong>SAMEDI 22 et\u00a0<\/strong><strong>DIMANCHE 23 JUIN 2019\u00a0<\/strong><\/p>\n<h3><strong>Programme et Horaires &#8211; <span style=\"color: #ff0000;\">A CONFIRMER<\/span><\/strong><\/h3>\n<p><strong>Samedi\u00a0matin<br \/><\/strong><\/p>\n<p style=\"padding-left: 30px;\">10:00 \u2013 11:15 &#8211; <span style=\"font-weight: 600;\">Aunka<strong>i<\/strong><\/span><strong> 1<\/strong><br \/>11:15 \u2013 12:30 &#8211; <span style=\"font-weight: 600;\">Aunka<strong>i<\/strong><\/span><strong>\u00a02<\/strong><\/p>\n<p style=\"padding-left: 30px;\">(pique-nique sur place &#8211; <strong>pr\u00e9voir son repas<\/strong>)<br \/>(meal on the spot &#8211; <strong>Bring\u00a0your meal with you<\/strong>)<\/p>\n<p><strong>Samedi apr\u00e8s-midi<\/strong><\/p>\n<p style=\"padding-left: 30px;\">15:00 \u2013 16:00 &#8211; <span style=\"font-weight: 600;\">Aunkai 3<br \/><\/span>16:00 \u2013 17:00 &#8211; <span style=\"font-weight: 600;\">Aunkai 4<\/span><br \/>17:00 \u2013 18:00 &#8211; <span style=\"font-weight: 600;\">Aunkai 5<\/span><\/p>\n<p style=\"padding-left: 30px;\">19:30 &#8211; <strong>Repas<\/strong><br \/><span style=\"color: #ff0000;\"><strong>RESERVATION PAR EMAIL AU PLUS VITE&nbsp;!<\/strong><\/span><br \/><em><strong><span style=\"color: #ff0000;\">BOOK YOUR PLACE ASAP BY SIMPLE EMAIL!<\/span><\/strong><\/em><\/p>\n<p><strong>Dimanche\u00a0<\/strong><strong>matin<br \/><\/strong><\/p>\n<p style=\"padding-left: 30px;\">09:30 \u2013 10:45 &#8211; <strong>Aunkai 6<\/strong><br \/>10:45 \u2013 12:00 &#8211; <strong>Aunkai 7<\/strong><\/p>\n<p style=\"padding-left: 30px;\">(pique-nique sur place &#8211; <strong>pr\u00e9voir son repas<\/strong>)<br \/>(meal on the spot &#8211; <strong>Bring\u00a0your meal with you<\/strong>)<\/p>\n<p><span style=\"font-weight: 600;\">Dimanche<\/span><b>\u00a0apr\u00e8s-midi<\/b><\/p>\n<p style=\"padding-left: 30px;\">13:30 \u2013 15:30 &#8211; <strong>Shiatsu 1<\/strong><br \/>14:30 \u2013 15:30 &#8211; <strong>Shiatsu\u00a02<\/strong><br \/>15:30 \u2013 16:30 &#8211; <strong>Shiatsu\u00a03\u00a0<\/strong><\/p>\n<h3><strong>H\u00e9bergement \/ <em>Hosting<\/em><\/strong><\/h3>\n<div class=\"su-tabs su-tabs-style-default su-tabs-mobile-stack\" data-active=\"1\" data-scroll-offset=\"0\" data-anchor-in-url=\"no\"><div class=\"su-tabs-nav\"><span class=\"\" data-url=\"\" data-target=\"blank\" tabindex=\"0\" role=\"button\">FR<\/span><span class=\"\" data-url=\"\" data-target=\"blank\" tabindex=\"0\" role=\"button\"><em>English<\/em><\/span><\/div><div class=\"su-tabs-panes\"><div class=\"su-tabs-pane su-u-clearfix su-u-trim\" data-title=\"FR\"><strong>Chez l&rsquo;habitant<br \/><\/strong>Il peut \u00eatre possible d&rsquo;\u00eatre h\u00e9berg\u00e9 par des adh\u00e9rents du dojo.<br \/>Pour cela, veuillez nous envoyer un <a href=\"mailto:azur@aikidojo.fr\" target=\"_blank\" rel=\"noopener noreferrer\">courriel<\/a> au plus vite car les places sont limit\u00e9es.<\/p>\n<p><strong>H\u00f4tel<\/strong> (600 m)<br \/>H\u00f4tel Campagnile &#8211; Chateauneuf de Grasse<br \/>Mentionnez \u00e0 votre r\u00e9servation que vous venez pour un stage sportif pour b\u00e9n\u00e9ficier d&rsquo;une r\u00e9duction.<br \/><a title=\"H\u00f4tel pour le stage d'aikido\" href=\"http:\/\/www.campanile-grasse-chateauneuf.fr\/fr\/index.aspx\" target=\"_blank\" rel=\"noopener noreferrer\">http:\/\/www.campanile-grasse-chateauneuf.fr\/<\/a><\/p>\n<p><strong>Camping<\/strong><br \/>Camping L&rsquo;Or\u00e9e d&rsquo;Azur<br \/><a title=\"Camping pour le stage d'Aikido\" href=\"http:\/\/www.camping-loreedazur.fr\" target=\"_blank\" rel=\"noopener noreferrer\">http:\/\/www.camping-loreedazur.fr<\/a><\/div>\n<div class=\"su-tabs-pane su-u-clearfix su-u-trim\" data-title=\"&lt;em&gt;English&lt;\/em&gt;\"><strong>Hosted by an aikido-ka<\/strong><br \/>It is possible to be hosted at home by one of the local aikido-ka. If you are interested, <a href=\"mailto:azur@aikidojo.fr\" target=\"_blank\" rel=\"noopener noreferrer\">email<\/a> us as soon as possible since the number of places is\u00a0limited.<\/p>\n<p><strong>Hotel <\/strong>(600 m only)<br \/>H\u00f4tel Campagnile &#8211; Chateauneuf de Grasse<br \/>When you are booking, inform the office that you are coming for a sport event so you can benefit of a price reduction.<br \/><a title=\"H\u00f4tel pour le stage d'aikido\" href=\"http:\/\/www.campanile-grasse-chateauneuf.fr\/fr\/index.aspx\" target=\"_blank\" rel=\"noopener noreferrer\">http:\/\/www.campanile-grasse-chateauneuf.fr\/<\/a>If you have no car, we can bring you to and catch you at the hotel.<\/p>\n<p><strong>Camping<\/strong><br \/>Camping L&rsquo;Or\u00e9e d&rsquo;Azur<br \/><a title=\"Camping pour le stage d'Aikido\" href=\"http:\/\/www.camping-loreedazur.fr\" target=\"_blank\" rel=\"noopener noreferrer\">http:\/\/www.camping-loreedazur.fr<\/a><\/div><\/div><\/div>\n<h3><strong>Participation \/ Reservation<br \/><em>Fee \/ Booking<\/em><\/strong><\/h3>\n<div class=\"su-row\"><div class=\"su-column su-column-size-1-2\"><div class=\"su-column-inner su-u-clearfix su-u-trim\"><strong>RESERVATION PAR <a href=\"mailto:eric@aikidojo.fr\">EMAIL<\/a> AU PLUS VITE<\/strong><\/p>\n<ul>\n<li>Aunkai&nbsp;: \u20ac75<\/li>\n<li>Shiatsu<strong>\u00a0<\/strong>: \u20ac30<\/li>\n<li>Aunkai + Shiatsu\u00a0:<strong>\u00a0\u20ac100<\/strong><\/li>\n<li><strong>Repas <\/strong>(normal\/v\u00e9g\u00e9tarien)<br \/>du samedi soir&nbsp;:\u00a0<strong>\u20ac15<\/strong><\/li>\n<\/ul>\n<\/div><\/div><div class=\"su-column su-column-size-1-2\"><div class=\"su-column-inner su-u-clearfix su-u-trim\"><strong>BOOK YOUR PLACE\u00a0BY\u00a0<a href=\"mailto:eric@aikidojo.fr\">EMAIL<\/a> ASAP<\/strong><strong><em><img loading=\"lazy\" decoding=\"async\" class=\"alignleft\" title=\"ENGLISH\" src=\"https:\/\/equilibreazur.fr\/azur\/images\/flag\/en.png\" alt=\"\" width=\"32\" height=\"32\" \/><\/em><\/strong><\/p>\n<ul>\n<li>Aunkai&nbsp;: \u20ac75<\/li>\n<li>Shiatsu<strong>\u00a0<\/strong>: \u20ac30<\/li>\n<li>Aunkai + Shiatsu\u00a0:<strong>\u00a0\u20ac100<\/strong><\/li>\n<li><strong>Saturday-evening meal<br \/><\/strong>(normal\/vegetarian)&nbsp;:\u00a0<strong>\u20ac15<\/strong><\/li>\n<\/ul>\n<\/div><\/div><\/div>\n<h3><strong>Assurance<br \/>Insurance<\/strong><\/h3>\n<p class=\"fix-link-focus\">Les pratiquants d\u2019Aunka\u00ef se doivent d\u2019\u00eatre assur\u00e9s pour les dommages corporels. Un justificatif est n\u00e9cessaire pour la participation au stage.<br \/>Une adh\u00e9sion au <a href=\"http:\/\/kumakaisite.wordpress.com\/\">Kumakai<\/a> sera propos\u00e9e pour ceux qui n\u2019en auraient pas et celle-ci couvrira les pratiquants pour la saison. Adh\u00e9sion annuelle: 10\u20ac.<\/p>\n<p><em>Aunka\u00ef practitioners are expected to have an insurance covering injuries during practice. This will be required for all seminars and classes.<\/em><br \/><em>We will offer a <a href=\"http:\/\/kumakaisite.wordpress.com\/\">Kumakai<\/a> membership<\/em><em> that will cover all those seminars for those who need one. Annual fee: 10\u20ac.\u00a0<\/em><\/p>\n<p><a title=\"Bulletin.adhesion.Kumakai\" href=\"https:\/\/sushiatsu.files.wordpress.com\/2018\/11\/bulletin-adhesion-kumakai.pdf\">Fiche d\u2019inscription au KumaKai<\/a>.<br \/><em>Kumakai registration form.<\/em><\/p>\n<h3><strong>Vid\u00e9o et Photographie du stage<\/strong><\/h3>\n<div class=\"su-row\"><div class=\"su-column su-column-size-1-2\"><div class=\"su-column-inner su-u-clearfix su-u-trim\">Enregistrements vid\u00e9os et photographiques <strong>ne sont pas autoris\u00e9s<\/strong>\u00a0durant les cours.<br \/>Des photographies seront prises par l&rsquo;organisateur et distribu\u00e9es aux int\u00e9ress\u00e9s et sur les r\u00e9seaux sociaux.<br \/>Informer \u00e0 l&rsquo;accueil une fois sur place si vous ne d\u00e9sirez pas appara\u00eetre sur les photos.<\/div><\/div><div class=\"su-column su-column-size-1-2\"><div class=\"su-column-inner su-u-clearfix su-u-trim\"><strong><em><img loading=\"lazy\" decoding=\"async\" class=\"alignleft\" title=\"ENGLISH\" src=\"https:\/\/equilibreazur.fr\/azur\/images\/flag\/en.png\" alt=\"\" width=\"32\" height=\"32\" \/><\/em><\/strong><strong>Videos et photos are not allowed<\/strong>.<br \/>Shots will be done during the seminar by the organisators and will be communicated to the participants and on social networks (you can tell you don&rsquo;t wish to appear at the welcome office)<\/div><\/div><\/div>\n<h3><strong>T\u00e9l\u00e9charger l&rsquo;affiche A4&#8230;<\/strong><\/h3>\n\n\n<div class=\"wp-block-file\"><a href=\"https:\/\/equilibreazur.fr\/azur\/wp-content\/uploads\/2019\/03\/2019-06-aunkai-MWatanabe.jpg\">2019-06-aunkai-MWatanabe<\/a><a href=\"https:\/\/equilibreazur.fr\/azur\/wp-content\/uploads\/2019\/03\/2019-06-aunkai-MWatanabe.jpg\" class=\"wp-block-file__button\" download>T\u00e9l\u00e9charger<\/a><\/div>\n\n\n\n<h3 class=\"wp-block-heading\"><strong>Lieu du stage<\/strong><\/h3>\n\n\n\n<p><strong>1\/ Nouveau DOJO&nbsp;\u00ab\u00a0Plantier\u00a0\u00bb \/ CHATEAUNEUF&nbsp;de GRASSE<\/strong><\/p>\n\n\n\n<p>Le stage aura lieu dans le nouveau dojo municipale au centre historique de Chateauneuf de Grasse.<br>Cette salle porte le nom&nbsp;\u00ab\u00a0Dojo du Plantier\u00a0\u00bb.<br>Les installations sont comme neuves, avec vestiaires et douches. Un parking permet de garer les voitures.<\/p>\n\n\n\n<p><strong>Dojo municipal<\/strong> \u2013 Salle du Plantier<br>Route du village \u2013 D203<br>(prox. terrain de tennis)<br>06740 CHATEAUNEUF de Grass<\/p>\n\n\n\n<p>Latitude&nbsp;43.6761&nbsp;Longitude &nbsp;6.97364<\/p>\n\n\n\n<figure><iframe loading=\"lazy\" src=\"https:\/\/www.google.com\/maps\/d\/embed?mid=1muDvtng7v9n3XThESKG2x3nWeMU\" width=\"640\" height=\"480\"><\/iframe><\/figure>\n\n\n\n<p><strong>2\/ Entra\u00eenement aux armes en plein-air&nbsp;!<\/strong><\/p>\n\n\n\n<p>Pr\u00e9voyez des chaussures de sport en cas de pratique des armes en ext\u00e9rieur, sous les oliviers, si le temps le permet.<\/p>\n\n\n\n<p>Chateauneuf est situ\u00e9e au Sud Est de la FRANCE dans la r\u00e9gion Provence\u2013Alpes C\u00f4te d\u2019Azur (PACA) et \u00e0 40mn de l\u2019a\u00e9roport de Nice C\u00f4te d\u2019Azur (2eme a\u00e9roport de France, Navette NICE\/PARIS toutes les heures avec Air-France).<\/p>\n\n\n\n<figure class=\"wp-block-image is-resized\"><img loading=\"lazy\" decoding=\"async\" src=\"https:\/\/equilibreazur.fr\/azur\/wp-content\/uploads\/2012\/09\/pic.jpg\" alt=\"French Riviera\" class=\"wp-image-4446\" width=\"712\" height=\"495\" srcset=\"https:\/\/equilibreazur.fr\/azur\/wp-content\/uploads\/2012\/09\/pic.jpg 449w, https:\/\/equilibreazur.fr\/azur\/wp-content\/uploads\/2012\/09\/pic-150x104.jpg 150w, https:\/\/equilibreazur.fr\/azur\/wp-content\/uploads\/2012\/09\/pic-400x277.jpg 400w, https:\/\/equilibreazur.fr\/azur\/wp-content\/uploads\/2012\/09\/pic-370x257.jpg 370w\" sizes=\"auto, (max-width: 712px) 100vw, 712px\" \/><figcaption>Photo: Manfred Steinbach\/shutterstock<\/figcaption><\/figure>\n\n\n\n<h3 class=\"wp-block-heading\"><strong>Plus d&rsquo;informations&#8230;<\/strong><\/h3>\n\n\n\n<p>Pr\u00e9voir des <strong>chaussures de sport en cas de pratique \u00e0 l&rsquo;ext\u00e9rieur<\/strong>&#8230;<br>ce sera le cas <strong>si le soleil est au rendez-vous<\/strong>.<br>Notez le num\u00e9ro de l&rsquo;organisateur \u00e0 cet effet&#8230;&nbsp;+33 (0)6 60 42 26 32<\/p>\n\n\n\n<p><a href=\"mailto:azur@aikidojo.fr\" target=\"_blank\" rel=\"noreferrer noopener\">azur@aikidojo.fr<\/a><br>Aiki Dojo Azur<br>+33 (0)6 60 42 26 32<\/p>\n\n\n\n<h3 class=\"wp-block-heading\"><strong>Quelques photos de&nbsp;stages Aunkai \/ Shiatsu<\/strong><\/h3>\n\n\n\n<ul class=\"wp-block-gallery columns-3 is-cropped wp-block-gallery-1 is-layout-flex wp-block-gallery-is-layout-flex\"><li class=\"blocks-gallery-item\"><figure><img loading=\"lazy\" decoding=\"async\" width=\"738\" height=\"554\" src=\"https:\/\/equilibreazur.fr\/azur\/wp-content\/uploads\/2019\/03\/2018-10-28-10.58.07-aunkai-azur-738x554.jpg\" alt=\"Aunkai - Lyon 10\/2018 - Manabu Watanabe\" data-id=\"7850\" data-link=\"https:\/\/equilibreazur.fr\/azur\/news\/2019-06-aunkai-nice-manabu-watanabe\/attachment\/aunkai-lyon-10-2018-2\/#main\" class=\"wp-image-7850\" srcset=\"https:\/\/equilibreazur.fr\/azur\/wp-content\/uploads\/2019\/03\/2018-10-28-10.58.07-aunkai-azur-738x554.jpg 738w, https:\/\/equilibreazur.fr\/azur\/wp-content\/uploads\/2019\/03\/2018-10-28-10.58.07-aunkai-azur-370x278.jpg 370w, https:\/\/equilibreazur.fr\/azur\/wp-content\/uploads\/2019\/03\/2018-10-28-10.58.07-aunkai-azur-600x450.jpg 600w, https:\/\/equilibreazur.fr\/azur\/wp-content\/uploads\/2019\/03\/2018-10-28-10.58.07-aunkai-azur.jpg 1024w\" sizes=\"auto, (max-width: 738px) 100vw, 738px\" \/><figcaption>Aunkai &#8211; Lyon 10\/2018<\/figcaption><\/figure><\/li><li class=\"blocks-gallery-item\"><figure><img loading=\"lazy\" decoding=\"async\" width=\"738\" height=\"554\" src=\"https:\/\/equilibreazur.fr\/azur\/wp-content\/uploads\/2019\/03\/2018-10-28-10.58.30-aunkai-azur-738x554.jpg\" alt=\"Aunkai - Lyon 10\/2018 - Manabu Watanabe\" data-id=\"7851\" data-link=\"https:\/\/equilibreazur.fr\/azur\/news\/2019-06-aunkai-nice-manabu-watanabe\/attachment\/aunkai-lyon-10-2018-3\/#main\" class=\"wp-image-7851\" srcset=\"https:\/\/equilibreazur.fr\/azur\/wp-content\/uploads\/2019\/03\/2018-10-28-10.58.30-aunkai-azur-738x554.jpg 738w, https:\/\/equilibreazur.fr\/azur\/wp-content\/uploads\/2019\/03\/2018-10-28-10.58.30-aunkai-azur-370x278.jpg 370w, https:\/\/equilibreazur.fr\/azur\/wp-content\/uploads\/2019\/03\/2018-10-28-10.58.30-aunkai-azur-600x450.jpg 600w, https:\/\/equilibreazur.fr\/azur\/wp-content\/uploads\/2019\/03\/2018-10-28-10.58.30-aunkai-azur.jpg 1024w\" sizes=\"auto, (max-width: 738px) 100vw, 738px\" \/><figcaption>Aunkai &#8211; Lyon 10\/2018<\/figcaption><\/figure><\/li><li class=\"blocks-gallery-item\"><figure><img loading=\"lazy\" decoding=\"async\" width=\"738\" height=\"554\" src=\"https:\/\/equilibreazur.fr\/azur\/wp-content\/uploads\/2019\/03\/2018-10-28-10.58.58-aunkai-azur-738x554.jpg\" alt=\"Aunkai - Lyon 10\/2018 - Manabu Watanabe\" data-id=\"7852\" data-link=\"https:\/\/equilibreazur.fr\/azur\/news\/2019-06-aunkai-nice-manabu-watanabe\/attachment\/aunkai-lyon-10-2018-4\/#main\" class=\"wp-image-7852\" srcset=\"https:\/\/equilibreazur.fr\/azur\/wp-content\/uploads\/2019\/03\/2018-10-28-10.58.58-aunkai-azur-738x554.jpg 738w, https:\/\/equilibreazur.fr\/azur\/wp-content\/uploads\/2019\/03\/2018-10-28-10.58.58-aunkai-azur-370x278.jpg 370w, https:\/\/equilibreazur.fr\/azur\/wp-content\/uploads\/2019\/03\/2018-10-28-10.58.58-aunkai-azur-600x450.jpg 600w, https:\/\/equilibreazur.fr\/azur\/wp-content\/uploads\/2019\/03\/2018-10-28-10.58.58-aunkai-azur.jpg 1024w\" sizes=\"auto, (max-width: 738px) 100vw, 738px\" \/><figcaption>Aunkai &#8211; Lyon 10\/2018<\/figcaption><\/figure><\/li><li class=\"blocks-gallery-item\"><figure><img loading=\"lazy\" decoding=\"async\" width=\"738\" height=\"492\" src=\"https:\/\/equilibreazur.fr\/azur\/wp-content\/uploads\/2019\/03\/2018-12-ales-watanabe-shiatsu-ma-ai-1-738x492.jpg\" alt=\"Workshop de Shiatsu \u00e0 Ales 12\/2018 - credit photo&nbsp;: MA-AI\" data-id=\"7853\" data-link=\"https:\/\/equilibreazur.fr\/azur\/news\/2019-06-aunkai-nice-manabu-watanabe\/attachment\/2018-12-ales-watanabe-shiatsu-ma-ai-1\/#main\" class=\"wp-image-7853\" srcset=\"https:\/\/equilibreazur.fr\/azur\/wp-content\/uploads\/2019\/03\/2018-12-ales-watanabe-shiatsu-ma-ai-1-738x492.jpg 738w, https:\/\/equilibreazur.fr\/azur\/wp-content\/uploads\/2019\/03\/2018-12-ales-watanabe-shiatsu-ma-ai-1-370x247.jpg 370w, https:\/\/equilibreazur.fr\/azur\/wp-content\/uploads\/2019\/03\/2018-12-ales-watanabe-shiatsu-ma-ai-1-600x400.jpg 600w, https:\/\/equilibreazur.fr\/azur\/wp-content\/uploads\/2019\/03\/2018-12-ales-watanabe-shiatsu-ma-ai-1.jpg 1280w\" sizes=\"auto, (max-width: 738px) 100vw, 738px\" \/><figcaption>Workshop de Shiatsu \u00e0 Ales 12\/2018 &#8211; credit photo&nbsp;: MA-AI<\/figcaption><\/figure><\/li><li class=\"blocks-gallery-item\"><figure><img loading=\"lazy\" decoding=\"async\" width=\"738\" height=\"492\" src=\"https:\/\/equilibreazur.fr\/azur\/wp-content\/uploads\/2019\/03\/2018-12-ales-watanabe-shiatsu-ma-ai-2-738x492.jpg\" alt=\"Workshop de Shiatsu \u00e0 Ales 12\/2018 - credit photo&nbsp;: MA-AI\" data-id=\"7854\" data-link=\"https:\/\/equilibreazur.fr\/azur\/news\/2019-06-aunkai-nice-manabu-watanabe\/attachment\/2018-12-ales-watanabe-shiatsu-ma-ai-2\/#main\" class=\"wp-image-7854\" srcset=\"https:\/\/equilibreazur.fr\/azur\/wp-content\/uploads\/2019\/03\/2018-12-ales-watanabe-shiatsu-ma-ai-2-738x492.jpg 738w, https:\/\/equilibreazur.fr\/azur\/wp-content\/uploads\/2019\/03\/2018-12-ales-watanabe-shiatsu-ma-ai-2-370x247.jpg 370w, https:\/\/equilibreazur.fr\/azur\/wp-content\/uploads\/2019\/03\/2018-12-ales-watanabe-shiatsu-ma-ai-2-600x400.jpg 600w, https:\/\/equilibreazur.fr\/azur\/wp-content\/uploads\/2019\/03\/2018-12-ales-watanabe-shiatsu-ma-ai-2.jpg 1280w\" sizes=\"auto, (max-width: 738px) 100vw, 738px\" \/><figcaption>Workshop de Shiatsu \u00e0 Ales 12\/2018 &#8211; credit photo&nbsp;: MA-AI<\/figcaption><\/figure><\/li><\/ul>\n\n\n\n<p>Attention, <strong>ces informations peuvent \u00e9voluer<\/strong>&nbsp;!<br>Merci de revenir consulter cette page, ou mieux&nbsp;:&nbsp;<strong>\/!\\<\/strong><a href=\"https:\/\/my.sendinblue.com\/users\/subscribe\/js_id\/354wq\/id\/1\">Abonnez-vous \u00e0 notre Newsletter<\/a>.<\/p>\n","protected":false},"excerpt":{"rendered":"<p>Pour la 1\u00e8re fois, Aiki Dojo Azur organise un stage exceptionnel \u00ab\u00a0AUNKAI \/ SHIATSU de 2\u00a0jours les\u00a0Samedi 22 et\u00a0Dimanche 23 juin 2019 avec un invit\u00e9 exceptionnel&#8230; Watanabe Manabu Sensei<\/p>\n","protected":false},"author":2,"featured_media":7847,"comment_status":"open","ping_status":"open","sticky":false,"template":"","format":"standard","meta":{"_acf_changed":false,"_seopress_robots_primary_cat":"","_seopress_titles_title":"","_seopress_titles_desc":"Stage annuel d&#039;Aikido en r\u00e9gion de Nice \/ PACA avec Daniel TOUTAIN Sensei, \u00e9l\u00e8ve des ma\u00eetres NORO, TAMURA et SAITO Sensei. F\u00e9vrier 2016. Yoga avec Sonia T.","_seopress_robots_index":"","generate_page_header":"","footnotes":""},"categories":[142,197],"tags":[267,95,204,201],"class_list":["post-7804","post","type-post","status-publish","format-standard","has-post-thumbnail","hentry","category-news","category-stages-calendrier","tag-aunkai","tag-nice-grasse","tag-stage","tag-yoga","infinite-scroll-item","masonry-post","generate-columns","tablet-grid-50","mobile-grid-100","grid-parent","grid-50"],"acf":[],"_links":{"self":[{"href":"https:\/\/equilibreazur.fr\/azur\/wp-json\/wp\/v2\/posts\/7804","targetHints":{"allow":["GET"]}}],"collection":[{"href":"https:\/\/equilibreazur.fr\/azur\/wp-json\/wp\/v2\/posts"}],"about":[{"href":"https:\/\/equilibreazur.fr\/azur\/wp-json\/wp\/v2\/types\/post"}],"author":[{"embeddable":true,"href":"https:\/\/equilibreazur.fr\/azur\/wp-json\/wp\/v2\/users\/2"}],"replies":[{"embeddable":true,"href":"https:\/\/equilibreazur.fr\/azur\/wp-json\/wp\/v2\/comments?post=7804"}],"version-history":[{"count":6,"href":"https:\/\/equilibreazur.fr\/azur\/wp-json\/wp\/v2\/posts\/7804\/revisions"}],"predecessor-version":[{"id":7872,"href":"https:\/\/equilibreazur.fr\/azur\/wp-json\/wp\/v2\/posts\/7804\/revisions\/7872"}],"wp:featuredmedia":[{"embeddable":true,"href":"https:\/\/equilibreazur.fr\/azur\/wp-json\/wp\/v2\/media\/7847"}],"wp:attachment":[{"href":"https:\/\/equilibreazur.fr\/azur\/wp-json\/wp\/v2\/media?parent=7804"}],"wp:term":[{"taxonomy":"category","embeddable":true,"href":"https:\/\/equilibreazur.fr\/azur\/wp-json\/wp\/v2\/categories?post=7804"},{"taxonomy":"post_tag","embeddable":true,"href":"https:\/\/equilibreazur.fr\/azur\/wp-json\/wp\/v2\/tags?post=7804"}],"curies":[{"name":"wp","href":"https:\/\/api.w.org\/{rel}","templated":true}]}}