{"id":7739,"date":"2018-12-20T19:15:07","date_gmt":"2018-12-20T19:15:07","guid":{"rendered":"https:\/\/equilibreazur.fr\/azur\/?p=7739"},"modified":"2019-01-04T19:16:29","modified_gmt":"2019-01-04T19:16:29","slug":"2018-09-article-info-aikido-enfants","status":"publish","type":"post","link":"https:\/\/equilibreazur.fr\/azur\/news\/2018-09-article-info-aikido-enfants\/","title":{"rendered":"2018-09 Article Chateauneuf Info"},"content":{"rendered":"<p>Voici un Article sur le num\u00e9ro d&rsquo;Automne 2018 &nbsp;\u00ab\u00a0Chateauneuf info &#8211; La revue municipale des Ch\u00e2teauneuvois\u00a0\u00bb [<a href=\"http:\/\/www.ville-chateauneuf.fr\">http:\/\/www.ville-chateauneuf.fr<\/a>]&#8230;<\/p>\n<h2>AIKIDO pour les ENFANTS<\/h2>\n<p>La section Aikido Enfants entame sa deuxi\u00e8me ann\u00e9e&nbsp;!<\/p>\n<p>A partir de 8 ans et jusqu\u2019\u00e0 10-12 ans, nos jeunes d\u00e9couvrent avec le professeur, Luca, ceinture noire, un art martial japonais qui demande coordination, reflexes, conscience corporelle ainsi que gestion de l\u2019espace autour de soi.<\/p>\n<p>Les \u00e9l\u00e8ves apprennent \u00e9galement des termes japonais qui leur seront familiers \u00e0 la fin de l\u2019ann\u00e9e.<\/p>\n<p>Afin d\u2019apprendre \u00e0 \u00e9viter les attaques simplement, les techniques de l\u2019Aikido ont \u00e9t\u00e9 simplifi\u00e9es. Elles permettent ainsi de faciliter l\u2019apprentissage et d\u2019acc\u00e9l\u00e9rer la progression.<\/p>\n<p>Les enfants pr\u00e9parent les diff\u00e9rents niveaux de maitrise en commen\u00e7ant par le grade de 11e kyu jusqu&rsquo;au grade de 5e kyu. Les jeunes aikidokas sont alors pr\u00eats pour suivre le cours adultes. L\u2019aikido leur donne la possibilit\u00e9 de pratiquer entre filles et gar\u00e7ons, \u00e0 mains nues ou avec armes en bois, d\u00e9veloppant ainsi leur dext\u00e9rit\u00e9, leur confiance en soi et leur discipline.<\/p>\n<p>A la fin de l\u2019ann\u00e9e scolaire pr\u00e9c\u00e9dente, 6 \u00e9l\u00e8ves ont pass\u00e9 l\u2019examen du grade 11e kyu et l\u2019ont obtenu. Un \u00e9l\u00e8ve a obtenu le grade de 10e kyu. Les cours enfants ont lieu les mardis soir \u00e0 la salle Plantier, et les jeudi soir \u00e0 la salle Saint-Jeaume au gymnase du coll\u00e8ge.<\/p>\n<p>Un stage sp\u00e9cial&nbsp;\u00ab AIKIDO Enfants &amp; Adultes&nbsp;\u00bb aura lieu en 2019, le dimanche 24 mars. &nbsp; Rappelons que l\u2019association dispense non seulement des cours <strong>d\u2019Aikido Enfants<\/strong>, mais \u00e9galement des cours pour <strong>Adultes<\/strong>, ainsi que des cours de <strong>Yoga<\/strong>, <strong>M\u00e9ditation<\/strong> et <strong>Qi-Gong<\/strong>.<\/p>\n<p>Site internet&nbsp;: <a href=\"http:\/\/aiki-dojo.fr\">http:\/\/aiki-dojo.fr<\/a> <br>06 59 18 25 89\u202c (Luca &#8211; cours enfants) <br>06 60 42 26 32 (\u00c9ric &#8211; cours adultes et yoga) <br>06 62 46 12 26\u202c (L\u00f4 &#8211; cours qi-gong)<\/p>\n\n\n<p>Vous pouvez voir cette article ici:<\/p>\n<div style=\"text-align:center;\"><div style=\"margin:8px 0px 4px;\"><a href=\"https:\/\/www.calameo.com\/books\/00098608084289924eee8\" target=\"_blank\">Chateauneuf Infos<\/a><\/div><iframe loading=\"lazy\" src=\"\/\/v.calameo.com\/?bkcode=00098608084289924eee8\" width=\"300\" height=\"194\" frameborder=\"0\" scrolling=\"no\" allowtransparency=\"\" allowfullscreen=\"\" style=\"margin:0 auto;\"><\/iframe><div style=\"margin:4px 0px 8px;\"><a href=\"http:\/\/www.calameo.com\/\">Publish at Calameo<\/a><\/div><\/div>\n\n\n\n<figure class=\"wp-block-embed-instagram wp-block-embed is-type-rich is-provider-instagram\"><div class=\"wp-block-embed__wrapper\">\nhttps:\/\/www.instagram.com\/p\/BqwnWcVFTje\/\n<\/div><\/figure>\n","protected":false},"excerpt":{"rendered":"<p>La section Aikido Enfants entame sa deuxi\u00e8me ann\u00e9e ! A partir de 8 ans et jusqu\u2019\u00e0 10-12 ans, nos jeunes d\u00e9couvrent avec le professeur, Luca, ceinture noire, un art martial japonais qui demande coordination, reflexes, conscience corporelle ainsi que gestion de l\u2019espace autour de soi.<\/p>\n","protected":false},"author":2,"featured_media":7741,"comment_status":"open","ping_status":"closed","sticky":false,"template":"","format":"standard","meta":{"_acf_changed":false,"_seopress_robots_primary_cat":"","_seopress_titles_title":"","_seopress_titles_desc":"","_seopress_robots_index":"","generate_page_header":"","footnotes":""},"categories":[142],"tags":[251,249],"class_list":["post-7739","post","type-post","status-publish","format-standard","has-post-thumbnail","hentry","category-news","tag-article-presse","tag-chateauneuf-info","infinite-scroll-item","masonry-post","generate-columns","tablet-grid-50","mobile-grid-100","grid-parent","grid-50"],"acf":[],"_links":{"self":[{"href":"https:\/\/equilibreazur.fr\/azur\/wp-json\/wp\/v2\/posts\/7739","targetHints":{"allow":["GET"]}}],"collection":[{"href":"https:\/\/equilibreazur.fr\/azur\/wp-json\/wp\/v2\/posts"}],"about":[{"href":"https:\/\/equilibreazur.fr\/azur\/wp-json\/wp\/v2\/types\/post"}],"author":[{"embeddable":true,"href":"https:\/\/equilibreazur.fr\/azur\/wp-json\/wp\/v2\/users\/2"}],"replies":[{"embeddable":true,"href":"https:\/\/equilibreazur.fr\/azur\/wp-json\/wp\/v2\/comments?post=7739"}],"version-history":[{"count":2,"href":"https:\/\/equilibreazur.fr\/azur\/wp-json\/wp\/v2\/posts\/7739\/revisions"}],"predecessor-version":[{"id":7743,"href":"https:\/\/equilibreazur.fr\/azur\/wp-json\/wp\/v2\/posts\/7739\/revisions\/7743"}],"wp:featuredmedia":[{"embeddable":true,"href":"https:\/\/equilibreazur.fr\/azur\/wp-json\/wp\/v2\/media\/7741"}],"wp:attachment":[{"href":"https:\/\/equilibreazur.fr\/azur\/wp-json\/wp\/v2\/media?parent=7739"}],"wp:term":[{"taxonomy":"category","embeddable":true,"href":"https:\/\/equilibreazur.fr\/azur\/wp-json\/wp\/v2\/categories?post=7739"},{"taxonomy":"post_tag","embeddable":true,"href":"https:\/\/equilibreazur.fr\/azur\/wp-json\/wp\/v2\/tags?post=7739"}],"curies":[{"name":"wp","href":"https:\/\/api.w.org\/{rel}","templated":true}]}}