{"id":7581,"date":"2018-03-30T14:40:50","date_gmt":"2018-03-30T14:40:50","guid":{"rendered":"https:\/\/equilibreazur.fr\/azur\/?p=7581"},"modified":"2018-10-11T17:09:17","modified_gmt":"2018-10-11T17:09:17","slug":"2018-stage-aikido-jujitsu","status":"publish","type":"post","link":"https:\/\/equilibreazur.fr\/azur\/news\/2018-stage-aikido-jujitsu\/","title":{"rendered":"2018 &#8211; 08 avril \u2013 Stage Jujitsu\/Kobudo &#038; Aikido r\u00e9gion de Nice \/ Sophia-Antipolis"},"content":{"rendered":"<p style=\"text-align: center;\">\n<h3>Stage AIKIDO &amp; JU-JITSU \/ KOBUDO<br \/>\nau b\u00e9n\u00e9fice de l&rsquo;association L214<\/h3>\n<p style=\"padding-left: 30px;\">Entrainement mensuel d&rsquo;<strong>Aikido traditionnel<\/strong> pour tous niveaux dirig\u00e9 par <strong>Eric\u00a0SAVALLI<\/strong>.<br \/>\nEntrainement exceptionnel de <strong>Jujitsu<\/strong> pour tous niveaux dirig\u00e9 par <strong>Valentin FUSTER<\/strong>, enseignant de Ju-Jitsu \/ Kobudo .<\/p>\n<p style=\"text-align: center;\"><img loading=\"lazy\" decoding=\"async\" class=\"alignnone wp-image-5676 size-medium\" src=\"https:\/\/equilibreazur.fr\/azur\/wp-content\/uploads\/2014\/11\/2014-10-Chapigneulles-stage-esavalli-370x370.jpg\" alt=\"Stage Aikido 54-Champigneulles 10\/2014\" width=\"370\" height=\"370\" srcset=\"https:\/\/equilibreazur.fr\/azur\/wp-content\/uploads\/2014\/11\/2014-10-Chapigneulles-stage-esavalli-370x370.jpg 370w, https:\/\/equilibreazur.fr\/azur\/wp-content\/uploads\/2014\/11\/2014-10-Chapigneulles-stage-esavalli-200x200.jpg 200w, https:\/\/equilibreazur.fr\/azur\/wp-content\/uploads\/2014\/11\/2014-10-Chapigneulles-stage-esavalli.jpg 640w, https:\/\/equilibreazur.fr\/azur\/wp-content\/uploads\/2014\/11\/2014-10-Chapigneulles-stage-esavalli-600x600.jpg 600w, https:\/\/equilibreazur.fr\/azur\/wp-content\/uploads\/2014\/11\/2014-10-Chapigneulles-stage-esavalli-150x150.jpg 150w, https:\/\/equilibreazur.fr\/azur\/wp-content\/uploads\/2014\/11\/2014-10-Chapigneulles-stage-esavalli-400x400.jpg 400w\" sizes=\"auto, (max-width: 370px) 100vw, 370px\" \/><br \/>\nPhoto de stage \u2013\u00a0<a title=\"E. Savalli sous Twitter\" href=\"http:\/\/twitter.com\/ericsavalli\">@EricSavalli<\/a>\u00a0avec Alexandre LHUILLIER<br \/>\nphoto\u00a0\u00a9\u00a02014 e.savalli<\/p>\n<figure id=\"attachment_7583\" aria-describedby=\"caption-attachment-7583\" style=\"width: 360px\" class=\"wp-caption aligncenter\"><img loading=\"lazy\" decoding=\"async\" class=\"size-medium wp-image-7583\" src=\"https:\/\/equilibreazur.fr\/azur\/wp-content\/uploads\/2018\/03\/valentin-fuster-jujitsu-kobudo-370x370.jpg\" alt=\"Valentin Fuster \/ Jujitsu kobudo \/ 06\" width=\"370\" height=\"370\" srcset=\"https:\/\/equilibreazur.fr\/azur\/wp-content\/uploads\/2018\/03\/valentin-fuster-jujitsu-kobudo-370x370.jpg 370w, https:\/\/equilibreazur.fr\/azur\/wp-content\/uploads\/2018\/03\/valentin-fuster-jujitsu-kobudo-200x200.jpg 200w, https:\/\/equilibreazur.fr\/azur\/wp-content\/uploads\/2018\/03\/valentin-fuster-jujitsu-kobudo-675x675.jpg 675w, https:\/\/equilibreazur.fr\/azur\/wp-content\/uploads\/2018\/03\/valentin-fuster-jujitsu-kobudo-600x600.jpg 600w, https:\/\/equilibreazur.fr\/azur\/wp-content\/uploads\/2018\/03\/valentin-fuster-jujitsu-kobudo.jpg 1024w\" sizes=\"auto, (max-width: 370px) 100vw, 370px\" \/><figcaption id=\"caption-attachment-7583\" class=\"wp-caption-text\">Valentin Fuster \/ Jujitsu kobudo \/ 06<\/figcaption><\/figure>\n<h3>DATE<\/h3>\n<p style=\"padding-left: 30px;\">Stage AIKIDO + JU JITSU \/ KOBUDO<br \/>\nDimanche<strong>\u00a008 avril 2018<br \/>\n<\/strong><\/p>\n<h3>PROGRAMME<\/h3>\n<p style=\"padding-left: 30px;\">Le programme non d\u00e9finitif, pouvant \u00eatre quelque peu modifi\u00e9 le jour m\u00eame.<\/p>\n<p style=\"padding-left: 30px;\"><strong><strong>10h00\u00a0<span style=\"color: #999999;\">\u2013 11h15<\/span><\/strong> Jujitsu 1<\/strong>\u00a0: mains nues (1h15)<br \/>\n<strong>11h15\u00a0<span style=\"color: #999999;\">\u2013 12h30<\/span><\/strong> <strong>Aikido 1<\/strong>&nbsp;: mains nues<strong>\u00a0<\/strong>\u00a0(1h15)<\/p>\n<p style=\"padding-left: 30px;\"><span style=\"color: #808080;\"><strong>Repas l\u00e9ger\u00a0sur place<\/strong> (pr\u00e9voir le n\u00e9cessaire)<\/span><\/p>\n<p style=\"padding-left: 30px;\"><strong>14h30\u00a0<span style=\"color: #999999;\">\u2013\u00a015h30<\/span><\/strong> <strong>Aikido<\/strong><strong>\u00a02<\/strong>&nbsp;: armes (1h)<strong><br \/>\n<\/strong><strong>15h30\u00a0<span style=\"color: #999999;\">\u2013\u00a016h30<\/span><\/strong> <strong>Jujitsu<\/strong><strong>\u00a02<\/strong>\u00a0: armes (1h)<\/p>\n<h3>PARTICIPATION<\/h3>\n<p style=\"padding-left: 30px;\">1\/2 journ\u00e9e&nbsp;: 20\u20ac<br \/>\nTout le stage&nbsp;: 30\u20ac<\/p>\n<p style=\"padding-left: 30px;\">L&rsquo;int\u00e9gralit\u00e9 des inscriptions \u00e0 ce stage sera revers\u00e9e \u00e0 l&rsquo;association caritative L214<br \/>\n<a href=\"https:\/\/www.l214.com\" target=\"_blank\" rel=\"noopener\"><img alt=\"\" loading=\"lazy\" decoding=\"async\" class=\"alignnone size-full wp-image-7582\" src=\"https:\/\/equilibreazur.fr\/azur\/wp-content\/uploads\/2018\/03\/logo-L214.png\" alt=\"\" width=\"125\" height=\"132\" \/><\/a><\/p>\n<h3>LIEU<\/h3>\n<p style=\"padding-left: 30px;\"><strong>CHATEAUNEUF \/ LE ROURET \u2013 GYMNASE du COLLEGE<\/strong><\/p>\n<p style=\"padding-left: 30px;\"><strong><a href=\"https:\/\/equilibreazur.fr\/azur\/aikido-azur\/plan-acces-chateauneuf-le-rouret\">Salle du Gymnase<\/a><\/strong><br \/>\nSalle du Bois de Saint Jeaume<br \/>\nColl\u00e8ge du pr\u00e9 des roures<br \/>\n06650 CHATEAUNEUF \/ LE ROURET<\/p>\n<p style=\"padding-left: 30px;\">Latitude 43.6737 Longitude 6.9930<\/p>\n<p style=\"padding-left: 30px;\"><a href=\"https:\/\/equilibreazur.fr\/azur\/aikido-azur\/plan-acces-chateauneuf-le-rouret\" class=\"su-button su-button-style-default\" style=\"color:#FFFFFF;background-color:#2D89EF;border-color:#246ec0;border-radius:5px\" target=\"_self\"><span style=\"color:#FFFFFF;padding:0px 16px;font-size:13px;line-height:26px;border-color:#6cadf4;border-radius:5px;text-shadow:none\"> Plan d&rsquo;acc\u00e8s<\/span><\/a><small> <\/small><\/p>\n<p style=\"padding-left: 30px;\"><img alt=\"\" loading=\"lazy\" decoding=\"async\" class=\"alignnone size-full wp-image-4787\" src=\"https:\/\/equilibreazur.fr\/azur\/wp-content\/uploads\/2013\/04\/2013-02-aikido-Aiaccio-14_cStefBravin.jpg\" alt=\"\" width=\"600\" height=\"337\" srcset=\"https:\/\/equilibreazur.fr\/azur\/wp-content\/uploads\/2013\/04\/2013-02-aikido-Aiaccio-14_cStefBravin.jpg 600w, https:\/\/equilibreazur.fr\/azur\/wp-content\/uploads\/2013\/04\/2013-02-aikido-Aiaccio-14_cStefBravin-478x268.jpg 478w, https:\/\/equilibreazur.fr\/azur\/wp-content\/uploads\/2013\/04\/2013-02-aikido-Aiaccio-14_cStefBravin-150x84.jpg 150w, https:\/\/equilibreazur.fr\/azur\/wp-content\/uploads\/2013\/04\/2013-02-aikido-Aiaccio-14_cStefBravin-400x224.jpg 400w\" sizes=\"auto, (max-width: 600px) 100vw, 600px\" \/><\/p>\n<p style=\"padding-left: 30px;\"><img loading=\"lazy\" decoding=\"async\" class=\"alignnone wp-image-7584\" src=\"https:\/\/equilibreazur.fr\/azur\/wp-content\/uploads\/2018\/03\/2017-jujitsu-kobudo-738x386.jpg\" alt=\"D\u00e9monstration de Jujitsu Kobudo - 2017\" width=\"600\" height=\"314\" srcset=\"https:\/\/equilibreazur.fr\/azur\/wp-content\/uploads\/2018\/03\/2017-jujitsu-kobudo-738x386.jpg 738w, https:\/\/equilibreazur.fr\/azur\/wp-content\/uploads\/2018\/03\/2017-jujitsu-kobudo-370x194.jpg 370w, https:\/\/equilibreazur.fr\/azur\/wp-content\/uploads\/2018\/03\/2017-jujitsu-kobudo-600x314.jpg 600w, https:\/\/equilibreazur.fr\/azur\/wp-content\/uploads\/2018\/03\/2017-jujitsu-kobudo.jpg 1242w\" sizes=\"auto, (max-width: 600px) 100vw, 600px\" \/><\/p>\n<div class=\"mceTemp\"><\/div>\n<h3>LIENS<\/h3>\n<ul>\n<li><a href=\"https:\/\/www.facebook.com\/jujitsukobudofrance\" target=\"_blank\" rel=\"noopener\">Ju Jitsu Kobudo France<\/a>\u00a0(page facebook)<\/li>\n<li><a href=\"https:\/\/equilibreazur.fr\/azur\" target=\"_blank\" rel=\"noopener\">Aiki Dojo Azur<\/a><\/li>\n<\/ul>\n<h3>CONTACT<\/h3>\n<p style=\"padding-left: 30px;\"><a href=\"mailto:contact@aiki-dojo.fr\">contact@aiki-dojo.fr<\/a><br \/>\nAiki Dojo Azur<br \/>\n+33 (0)6 60 42 26 32<\/p>\n<h3>AFFICHE<\/h3>\n<p style=\"padding-left: 30px;\"><a href=\"https:\/\/equilibreazur.fr\/azur\/wp-content\/uploads\/2018\/03\/2018-jujitsu-aikido.pdf\">2018-jujitsu-aikido<\/a><\/p>\n","protected":false},"excerpt":{"rendered":"<p>Dimanche 25\/02\/2018 :  Stage Aikido et Qi Gong \u00e0 Chateauneuf de Grasse, proche de Roquefort les pins et Opio en r\u00e9gion de Nice \/ Grasse \/ Valbonne &#8211; C\u00f4t\u00e9 d&rsquo;Azur &#8211; avec Laurence Mantelet et Eric Savalli <\/p>\n","protected":false},"author":2,"featured_media":7586,"comment_status":"open","ping_status":"open","sticky":false,"template":"","format":"standard","meta":{"_acf_changed":false,"_seopress_robots_primary_cat":"","_seopress_titles_title":"","_seopress_titles_desc":"Stage Qi Gong et Aikido (+Yoga+M\u00e9ditation) en r\u00e9gion de Nice \/ Grasse \/ Valbonne - C\u00f4t\u00e9 d&#039;Azur avec Eric Savalli et Laurence Mantelet (12\/2016)","_seopress_robots_index":"","generate_page_header":"","footnotes":""},"categories":[142,197],"tags":[248,45,263,95,204,264],"class_list":["post-7581","post","type-post","status-publish","format-standard","has-post-thumbnail","hentry","category-news","category-stages-calendrier","tag-aikido","tag-e-savalli","tag-jijitsu","tag-nice-grasse","tag-stage","tag-v-fuster","infinite-scroll-item","masonry-post","generate-columns","tablet-grid-50","mobile-grid-100","grid-parent","grid-50"],"acf":[],"_links":{"self":[{"href":"https:\/\/equilibreazur.fr\/azur\/wp-json\/wp\/v2\/posts\/7581","targetHints":{"allow":["GET"]}}],"collection":[{"href":"https:\/\/equilibreazur.fr\/azur\/wp-json\/wp\/v2\/posts"}],"about":[{"href":"https:\/\/equilibreazur.fr\/azur\/wp-json\/wp\/v2\/types\/post"}],"author":[{"embeddable":true,"href":"https:\/\/equilibreazur.fr\/azur\/wp-json\/wp\/v2\/users\/2"}],"replies":[{"embeddable":true,"href":"https:\/\/equilibreazur.fr\/azur\/wp-json\/wp\/v2\/comments?post=7581"}],"version-history":[{"count":5,"href":"https:\/\/equilibreazur.fr\/azur\/wp-json\/wp\/v2\/posts\/7581\/revisions"}],"predecessor-version":[{"id":7592,"href":"https:\/\/equilibreazur.fr\/azur\/wp-json\/wp\/v2\/posts\/7581\/revisions\/7592"}],"wp:featuredmedia":[{"embeddable":true,"href":"https:\/\/equilibreazur.fr\/azur\/wp-json\/wp\/v2\/media\/7586"}],"wp:attachment":[{"href":"https:\/\/equilibreazur.fr\/azur\/wp-json\/wp\/v2\/media?parent=7581"}],"wp:term":[{"taxonomy":"category","embeddable":true,"href":"https:\/\/equilibreazur.fr\/azur\/wp-json\/wp\/v2\/categories?post=7581"},{"taxonomy":"post_tag","embeddable":true,"href":"https:\/\/equilibreazur.fr\/azur\/wp-json\/wp\/v2\/tags?post=7581"}],"curies":[{"name":"wp","href":"https:\/\/api.w.org\/{rel}","templated":true}]}}