{"id":7570,"date":"2018-03-19T17:53:46","date_gmt":"2018-03-19T17:53:46","guid":{"rendered":"https:\/\/equilibreazur.fr\/azur\/?p=7570"},"modified":"2018-10-11T17:09:24","modified_gmt":"2018-10-11T17:09:24","slug":"2018-stage-aikido-lannion","status":"publish","type":"post","link":"https:\/\/equilibreazur.fr\/azur\/news\/2018-stage-aikido-lannion\/","title":{"rendered":"2018 mars \u2013 Stage Aikido &#8211; Lannion (22)"},"content":{"rendered":"<p style=\"text-align: center;\">\n<h2 style=\"text-align: center;\"><strong>Stage AIKIDO &#8211; Eric Savalli<br \/>\nstage en C\u00f4te d&rsquo;Armor (22)<br \/>\n<\/strong><strong>Sam 31 mars \/\u00a0Dim 01 avril 2018<\/strong><\/h2>\n<h3>Eric Savalli<\/h3>\n<p style=\"padding-left: 30px;\">Stage dirig\u00e9 par<strong> Eric SAVALLI<\/strong> [<a href=\"https:\/\/equilibreazur.fr\/azur\/dojocho\" target=\"_blank\" rel=\"noopener\">lien<\/a>\u00a0&#8211; AIKI DOJO AZUR]\n5e Dan Aikido fondamental &#8211;\u00a0El\u00e8ve de Daniel TOUTAIN Sensei<br \/>\n4e Dan Iwama Shinshin Aiki Shurenkai &#8211; El\u00e8ve de SAITO Hitohira Sensei<br \/>\n4e Dan Aikikai de Tokyo<\/p>\n<p style=\"padding-left: 30px;\">Stage d&rsquo;Aikido en r\u00e9gion de Bordeaux (Dordogne) dirig\u00e9 par Eric Savalli, depuis <strong>30 ans \u00e9l\u00e8ve de Daniel TOUTAIN Sensei<\/strong> et depuis <strong>25 ans de SAITO Hitohira Sensei<\/strong>.&nbsp;\u00a0Eric s&rsquo;est rendu \u00e0 3\u00a0reprises au dojo d&rsquo;Iwama au japon. Au long de ces ann\u00e9es d&rsquo;entra\u00eenement, il a particip\u00e9 \u00e0 +<strong>35 stages internationaux<\/strong> dirig\u00e9s en France et \u00e0 l&rsquo;\u00e9tranger par <strong>Ma\u00eetre\u00a0SAITO p\u00e8re et fils<\/strong>. Il est \u00e9l\u00e8ve proche de <strong>Daniel Toutain Sensei<\/strong> dont il ne compte plus les heures d&rsquo;entra\u00eenement \u00e0 ses c\u00f4t\u00e9s et dont il est r\u00e9guli\u00e8rement assistant. Il a en particulier particip\u00e9 \u00e0 la fameuse s\u00e9rie de DVDs r\u00e9alis\u00e9e par Daniel Toutain [<a href=\"http:\/\/aikidoblog.net\/fr\/videos\/extraits-14dvd-toutain\/\" target=\"_blank\" rel=\"noopener\">lien les DVD de D.Toutain<\/a>].\u00a0Eric a initialement d\u00e9couvert l&rsquo;Aikido en 1988 au sein d&rsquo;un dojo rattach\u00e9 \u00e0 la FFAB (section DIRAF).<\/p>\n<p style=\"padding-left: 30px;\">Eric pratique \u00e9galement le <strong>Yoga<\/strong> depuis 2007 et suis actuellement une formation de professeur de Yoga avec Nathalie Moulis (IFY-PACA).<\/p>\n<h3>Informations<\/h3>\n<p style=\"padding-left: 30px;\"><span style=\"line-height: 1.5em;\">Ce stage, organis\u00e9 par Franck ROUSSEAU, a lieu le <\/span><strong style=\"line-height: 1.5em;\">Samedi<\/strong><span style=\"line-height: 1.5em;\">\u00a0et le <\/span><strong style=\"line-height: 1.5em;\">Dimanche<\/strong><span style=\"line-height: 1.5em;\">, 31 mars \/ 01 avril 2018,\u00a0\u00e0 Lannion (22).<\/span><\/p>\n<p style=\"padding-left: 30px;\">Le stage est <span style=\"background-color: #ffff99;\">ouvert \u00e0 <strong>tous les pratiquants d&rsquo;Aikido<\/strong><\/span>, d\u00e9butants ou confirm\u00e9s, et de <strong>toutes \u00e9coles ou f\u00e9d\u00e9rations\u00a0<\/strong>: <span style=\"background-color: #ffff99;\">le plaisir de la pratique et du partage<\/span> est le leitmotiv des stages.<\/p>\n<p style=\"padding-left: 30px;\"><span style=\"line-height: 1.5em;\">Franck ROUSSEAU<\/span> enseigne l&rsquo;Aikido \u00e0 LANNION au sein de l&rsquo;AIKIDO TREGOR.<\/p>\n<h3>Programme du stage<\/h3>\n<p style=\"padding-left: 30px;\">Les th\u00e8mes abord\u00e9s list\u00e9s ci-dessous peuvent \u00e9volu\u00e9s en fonction de la demande des stagiaires.<br \/>\nIl est possible\u00a0de <strong>venir avec des questions<\/strong>\u00a0pour une pratique plus participative et donc plus enrichissante.<\/p>\n<p style=\"padding-left: 30px;\"><span style=\"line-height: 1.5em;\">Questions\/r\u00e9ponses pendant les cours.<\/span><br \/>\n<span style=\"color: #ff0000;\">Il est possible que certains cours d&rsquo;armes se fassent\u00a0en ext\u00e9rieur comme cela se fait \u00e0 Iwama au Japon:&nbsp;\u00a0pr\u00e9voir des chaussures de sport<\/span><\/p>\n<h3>Lieu du stage<\/h3>\n<p style=\"padding-left: 30px;\">Maison des Sports<br \/>\nPark Mevez<br \/>\n22300 LANNION<\/p>\n<p style=\"padding-left: 30px;\"><iframe loading=\"lazy\" style=\"border: 0;\" src=\"https:\/\/www.google.com\/maps\/embed?pb=!1m18!1m12!1m3!1d168426.08595388738!2d-3.582583747798003!3d48.73113297917357!2m3!1f0!2f0!3f0!3m2!1i1024!2i768!4f13.1!3m3!1m2!1s0x4812295f7498bba1%3A0x6336f6066e59c423!2sMaison+des+Sports%2C+22300+Lannion!5e0!3m2!1sfr!2sfr!4v1521481983753\" width=\"600\" height=\"450\" frameborder=\"0\" allowfullscreen=\"allowfullscreen\"><\/iframe><\/p>\n<h3>Contactez l&rsquo;organisateur<\/h3>\n<p style=\"padding-left: 30px;\">Contacter l&rsquo;organisateur du stage, Franck ROUSSEAU:<strong><br \/>\ncontact@aikido-tregor.net<br \/>\n06 80 48 01 29 <\/strong><\/p>\n<p style=\"padding-left: 30px;\">Vous pouvez aussi contacter Eric SAVALLI<br \/>\n<strong>contact@aikidojo.fr<\/strong><\/p>\n<h3>AFFICHE \u00e0 TELECHARGER<\/h3>\n<figure id=\"attachment_7574\" aria-describedby=\"caption-attachment-7574\" style=\"width: 360px\" class=\"wp-caption alignnone align\"><a class=\"link-to-pdf\" title=\"2018-stage-aikido-lannion\" href=\"https:\/\/equilibreazur.fr\/azur\/wp-content\/uploads\/2018\/03\/2018-stage-aikido-lannion.pdf\" target=\"_blank\" rel=\"attachment noopener wp-att-7574\"><img loading=\"lazy\" decoding=\"async\" class=\"size-medium wp-image-7575 thumb-of-pdf\" src=\"https:\/\/equilibreazur.fr\/azur\/wp-content\/uploads\/2018\/03\/2018-stage-aikido-lannion-pdf-370x262.jpg\" alt=\"thumbnail of 2018-stage-aikido-lannion\" width=\"370\" height=\"262\" srcset=\"https:\/\/equilibreazur.fr\/azur\/wp-content\/uploads\/2018\/03\/2018-stage-aikido-lannion-pdf-370x262.jpg 370w, https:\/\/equilibreazur.fr\/azur\/wp-content\/uploads\/2018\/03\/2018-stage-aikido-lannion-pdf-738x522.jpg 738w, https:\/\/equilibreazur.fr\/azur\/wp-content\/uploads\/2018\/03\/2018-stage-aikido-lannion-pdf-600x424.jpg 600w, https:\/\/equilibreazur.fr\/azur\/wp-content\/uploads\/2018\/03\/2018-stage-aikido-lannion-pdf.jpg 1024w\" sizes=\"auto, (max-width: 370px) 100vw, 370px\" \/><\/a><figcaption id=\"caption-attachment-7574\" class=\"wp-caption-text\">Stage Aikido avec Eric Savalli \u00e0 Lannion 2018<\/figcaption><\/figure>\n<p>&nbsp;<\/p>\n<p>En cas de modification de derni\u00e8re minutes, inscrivez votre email pour recevoir notre\u00a0<strong>lettre d&rsquo;information concernant les stages\u00a0<\/strong>:<br \/>\n[wysija_form id=\u00a0\u00bb1&Prime;]\n","protected":false},"excerpt":{"rendered":"<p>31 mars \/ 1er avril 2018&#8230; Stage Aikido dirig\u00e9 par Eric Savalli 5e Dan, depuis 30 ans \u00e9l\u00e8ve de Daniel TOUTAIN Sensei et depuis 25 ans de SAITO Hitohira Sensei. Le stage, organis\u00e9 par AIKIDO TREGOR \/ Franck Rousseau a lieu \u00e0 Lannion (22).<\/p>\n","protected":false},"author":2,"featured_media":5726,"comment_status":"open","ping_status":"open","sticky":false,"template":"","format":"standard","meta":{"_acf_changed":false,"_seopress_robots_primary_cat":"","_seopress_titles_title":"","_seopress_titles_desc":"4eme stage d&#039;AIKIDO en Dordogne avec Eric.Savalli, 5eme Dan, \u00e9l\u00e8ve de Daniel TOUTAIN Sensei et SAITO Hitoriha Sensei","_seopress_robots_index":"","generate_page_header":"","footnotes":""},"categories":[142,197],"tags":[217,80,204],"class_list":["post-7570","post","type-post","status-publish","format-standard","has-post-thumbnail","hentry","category-news","category-stages-calendrier","tag-f-rousseau","tag-lannion","tag-stage","infinite-scroll-item","masonry-post","generate-columns","tablet-grid-50","mobile-grid-100","grid-parent","grid-50"],"acf":[],"_links":{"self":[{"href":"https:\/\/equilibreazur.fr\/azur\/wp-json\/wp\/v2\/posts\/7570","targetHints":{"allow":["GET"]}}],"collection":[{"href":"https:\/\/equilibreazur.fr\/azur\/wp-json\/wp\/v2\/posts"}],"about":[{"href":"https:\/\/equilibreazur.fr\/azur\/wp-json\/wp\/v2\/types\/post"}],"author":[{"embeddable":true,"href":"https:\/\/equilibreazur.fr\/azur\/wp-json\/wp\/v2\/users\/2"}],"replies":[{"embeddable":true,"href":"https:\/\/equilibreazur.fr\/azur\/wp-json\/wp\/v2\/comments?post=7570"}],"version-history":[{"count":5,"href":"https:\/\/equilibreazur.fr\/azur\/wp-json\/wp\/v2\/posts\/7570\/revisions"}],"predecessor-version":[{"id":7579,"href":"https:\/\/equilibreazur.fr\/azur\/wp-json\/wp\/v2\/posts\/7570\/revisions\/7579"}],"wp:featuredmedia":[{"embeddable":true,"href":"https:\/\/equilibreazur.fr\/azur\/wp-json\/wp\/v2\/media\/5726"}],"wp:attachment":[{"href":"https:\/\/equilibreazur.fr\/azur\/wp-json\/wp\/v2\/media?parent=7570"}],"wp:term":[{"taxonomy":"category","embeddable":true,"href":"https:\/\/equilibreazur.fr\/azur\/wp-json\/wp\/v2\/categories?post=7570"},{"taxonomy":"post_tag","embeddable":true,"href":"https:\/\/equilibreazur.fr\/azur\/wp-json\/wp\/v2\/tags?post=7570"}],"curies":[{"name":"wp","href":"https:\/\/api.w.org\/{rel}","templated":true}]}}