{"id":7530,"date":"2018-01-13T17:27:33","date_gmt":"2018-01-13T17:27:33","guid":{"rendered":"https:\/\/equilibreazur.fr\/azur\/?p=7530"},"modified":"2018-10-11T17:10:07","modified_gmt":"2018-10-11T17:10:07","slug":"2018-stage-qi-gong-aikido","status":"publish","type":"post","link":"https:\/\/equilibreazur.fr\/azur\/news\/2018-stage-qi-gong-aikido\/","title":{"rendered":"2018 &#8211; 25 f\u00e9vrier \u2013 Stage Qi-Gong &#038; Aikido r\u00e9gion de Nice \/ Sophia-Antipolis"},"content":{"rendered":"<p style=\"text-align: center;\">\n<h3>Stage AIKIDO &amp; QI-GONG<\/h3>\n<p style=\"padding-left: 30px;\">Entrainements mensuels\u00a0d&rsquo;<strong>Aikido<\/strong> pour tous niveaux dirig\u00e9s par <strong>Eric\u00a0SAVALLI, 5e Dan Iwama Ryu,<\/strong> \u00e9l\u00e8ve de <strong>Daniel TOUTAIN Sensei depuis 1988<\/strong> et de <strong>SAITO Hitohira Sensei depuis 1993<\/strong>.\u00a0<a title=\"Enseignant Aikido\" href=\"https:\/\/equilibreazur.fr\/azur\/dojocho\">Plus d&rsquo;infos<\/a>\u00a0sur son parcours.<\/p>\n<p style=\"padding-left: 30px;\">Entrainement exceptionnel de <strong>Qi-Gong<\/strong> pour tous niveaux dirig\u00e9s par <strong>Laurence MANTELET<\/strong>, enseignante de Qi-Gong.<\/p>\n<p style=\"text-align: center;\"><img loading=\"lazy\" decoding=\"async\" class=\"alignnone wp-image-5676 size-medium\" src=\"https:\/\/equilibreazur.fr\/azur\/wp-content\/uploads\/2014\/11\/2014-10-Chapigneulles-stage-esavalli-370x370.jpg\" alt=\"Stage Aikido 54-Champigneulles 10\/2014\" width=\"370\" height=\"370\" srcset=\"https:\/\/equilibreazur.fr\/azur\/wp-content\/uploads\/2014\/11\/2014-10-Chapigneulles-stage-esavalli-370x370.jpg 370w, https:\/\/equilibreazur.fr\/azur\/wp-content\/uploads\/2014\/11\/2014-10-Chapigneulles-stage-esavalli-200x200.jpg 200w, https:\/\/equilibreazur.fr\/azur\/wp-content\/uploads\/2014\/11\/2014-10-Chapigneulles-stage-esavalli.jpg 640w, https:\/\/equilibreazur.fr\/azur\/wp-content\/uploads\/2014\/11\/2014-10-Chapigneulles-stage-esavalli-600x600.jpg 600w, https:\/\/equilibreazur.fr\/azur\/wp-content\/uploads\/2014\/11\/2014-10-Chapigneulles-stage-esavalli-150x150.jpg 150w, https:\/\/equilibreazur.fr\/azur\/wp-content\/uploads\/2014\/11\/2014-10-Chapigneulles-stage-esavalli-400x400.jpg 400w\" sizes=\"auto, (max-width: 370px) 100vw, 370px\" \/><br \/>\nPhoto de stage \u2013\u00a0<a title=\"E. Savalli sous Twitter\" href=\"http:\/\/twitter.com\/ericsavalli\">@EricSavalli<\/a>\u00a0avec Alexandre LHUILLIER<br \/>\nphoto\u00a0\u00a9\u00a02014 e.savalli<\/p>\n<figure id=\"attachment_6574\" aria-describedby=\"caption-attachment-6574\" style=\"width: 360px\" class=\"wp-caption aligncenter\"><img loading=\"lazy\" decoding=\"async\" class=\"wp-image-6574 size-medium\" src=\"https:\/\/equilibreazur.fr\/azur\/wp-content\/uploads\/2015\/12\/2015-12-Qi-Gong-Laurence-Mantelet-370x370.jpg\" alt=\"Stage Aikido - Aiki Dojo Azur - Eric Savalli \/ Laurence Mantelet \/ Yvon Ambroise - 12\/2015\" width=\"370\" height=\"370\" srcset=\"https:\/\/equilibreazur.fr\/azur\/wp-content\/uploads\/2015\/12\/2015-12-Qi-Gong-Laurence-Mantelet-370x370.jpg 370w, https:\/\/equilibreazur.fr\/azur\/wp-content\/uploads\/2015\/12\/2015-12-Qi-Gong-Laurence-Mantelet-200x200.jpg 200w, https:\/\/equilibreazur.fr\/azur\/wp-content\/uploads\/2015\/12\/2015-12-Qi-Gong-Laurence-Mantelet-768x768.jpg 768w, https:\/\/equilibreazur.fr\/azur\/wp-content\/uploads\/2015\/12\/2015-12-Qi-Gong-Laurence-Mantelet-675x675.jpg 675w, https:\/\/equilibreazur.fr\/azur\/wp-content\/uploads\/2015\/12\/2015-12-Qi-Gong-Laurence-Mantelet-600x600.jpg 600w, https:\/\/equilibreazur.fr\/azur\/wp-content\/uploads\/2015\/12\/2015-12-Qi-Gong-Laurence-Mantelet.jpg 960w\" sizes=\"auto, (max-width: 370px) 100vw, 370px\" \/><figcaption id=\"caption-attachment-6574\" class=\"wp-caption-text\">Stage Qi-Gong\u00a0&#8211; Aiki Dojo Azur &#8211; Laurence Mantelet &#8211; 12\/2015<\/figcaption><\/figure>\n<h3>DATE<\/h3>\n<p style=\"padding-left: 30px;\">Stage AIKIDO + QI GONG<br \/>\nDimanche<strong>\u00a025 f\u00e9vrier 2018<br \/>\n<\/strong><\/p>\n<h3>PROGRAMME<\/h3>\n<p style=\"padding-left: 30px;\">Le programe peut \u00eatre quelque peu modifi\u00e9<\/p>\n<p style=\"padding-left: 30px;\"><strong>09h45\u00a0<span style=\"color: #999999;\">\u2013 09h55<\/span>\u00a0Pr\u00e9paration physique\u00a0<\/strong>&#8211; Optionel<br \/>\n<strong><strong>10h00\u00a0<span style=\"color: #999999;\">\u2013 11h15<\/span><\/strong> Aikido 1<\/strong>\u00a0: mains nues (1h15)<br \/>\n<strong>11h15\u00a0<span style=\"color: #999999;\">\u2013 12h30<\/span><\/strong> <strong>Aikido 2<\/strong>&nbsp;: mains nues<strong>\u00a0<\/strong>\u00a0(1h15)<\/p>\n<p style=\"padding-left: 30px;\"><span style=\"color: #808080;\"><strong>Repas l\u00e9ger\u00a0sur place<\/strong> (pr\u00e9voir le n\u00e9cessaire)<\/span><\/p>\n<p style=\"padding-left: 30px;\"><strong>14h30\u00a0<span style=\"color: #999999;\">\u2013\u00a015h30<\/span><\/strong> <strong>Qi&nbsp;Gong 1<br \/>\n<\/strong><strong>15h30\u00a0<span style=\"color: #999999;\">\u2013\u00a016h30<\/span><\/strong> <strong>Qi&nbsp;Gong 2<\/strong><\/p>\n<h3>PARTICIPATION<\/h3>\n<p style=\"padding-left: 30px;\">1 cours aikido (1h15)&nbsp;: 10 \u20ac<br \/>\n1 cours Qi-Gong (1h)&nbsp;: 5 \u20ac<br \/>\nTout le stage&nbsp;: 30\u20ac<\/p>\n<h3>LIEU<\/h3>\n<p style=\"padding-left: 30px;\"><strong>CHATEAUNEUF \/ LE ROURET \u2013 GYMNASE du COLLEGE<\/strong><\/p>\n<p style=\"padding-left: 30px;\"><strong><a href=\"https:\/\/equilibreazur.fr\/azur\/aikido-azur\/plan-acces-chateauneuf-le-rouret\">Salle du Gymnase<\/a><\/strong><br \/>\nSalle du Bois de Saint Jeaume<br \/>\nColl\u00e8ge du pr\u00e9 des roures<br \/>\n06650 CHATEAUNEUF \/ LE ROURET<\/p>\n<p style=\"padding-left: 30px;\">Latitude 43.6737 Longitude 6.9930<\/p>\n<p style=\"padding-left: 30px;\"><a href=\"https:\/\/equilibreazur.fr\/azur\/aikido-azur\/plan-acces-chateauneuf-le-rouret\" class=\"su-button su-button-style-default\" style=\"color:#FFFFFF;background-color:#2D89EF;border-color:#246ec0;border-radius:5px\" target=\"_self\"><span style=\"color:#FFFFFF;padding:0px 16px;font-size:13px;line-height:26px;border-color:#6cadf4;border-radius:5px;text-shadow:none\"> Plan d&rsquo;acc\u00e8s<\/span><\/a><small> <\/small><\/p>\n<p style=\"padding-left: 30px;\"><a href=\"https:\/\/equilibreazur.fr\/azur\/wp-content\/uploads\/2010\/11\/2010-09-StJeaume.jpg\"><img loading=\"lazy\" decoding=\"async\" class=\"alignnone size-full wp-image-1387\" src=\"https:\/\/equilibreazur.fr\/azur\/wp-content\/uploads\/2010\/11\/2010-09-StJeaume.jpg\" alt=\"Cours \u00e0 la salle du Bois de St Jeaume\" width=\"478\" height=\"275\" \/><\/a><\/p>\n<h3>S&rsquo;EQUIPER CORRECTEMENT&#8230;<\/h3>\n<p style=\"padding-left: 30px;\"><strong>Pr\u00e9voir un coussin (ou un zafu)<\/strong> pour l&rsquo;assise durant la m\u00e9ditation (la m\u00e9ditation est guid\u00e9e, toutefois quelques \u00e9l\u00e9ments d&rsquo;instruction peuvent \u00eatre\u00a0donn\u00e9s si vous le souhaitez).<\/p>\n<p style=\"padding-left: 30px;\">Se munir de <strong>chaussures de sport<\/strong> en cas de pratique en plein air\u00a0(entra\u00eenement sous les oliviers en cas de beau temps&nbsp;;o))<\/p>\n<p style=\"padding-left: 30px;\">Des armes (Ken, Jo, Tanto) peuvent \u00eatre pr\u00eat\u00e9es en cas de besoin. Pr\u00e9venir \u00e0 l&rsquo;avance.<\/p>\n<h3>CONTACT<\/h3>\n<p style=\"padding-left: 30px;\"><a href=\"mailto:contact@aiki-dojo.fr\">contact@aiki-dojo.fr<\/a><br \/>\nAiki Dojo Azur<br \/>\n+33 (0)6 60 42 26 32<\/p>\n<div class=\"mceTemp\" style=\"text-align: justify;\">\n<p><a href=\"https:\/\/equilibreazur.fr\/azur\/wp-content\/uploads\/2015\/11\/2010-03-06-10-14-00-aikido-koshukai-maset.jpg\"><img loading=\"lazy\" decoding=\"async\" class=\"wp-image-6340 size-large\" src=\"https:\/\/equilibreazur.fr\/azur\/wp-content\/uploads\/2015\/11\/2010-03-06-10-14-00-aikido-koshukai-maset-675x388.jpg\" alt=\"Stage Aikido Koshukai - Salle Maset - Mars 2010\" width=\"675\" height=\"388\" \/><\/a><\/p>\n<p><img loading=\"lazy\" decoding=\"async\" class=\"size-full wp-image-6423\" src=\"https:\/\/equilibreazur.fr\/azur\/wp-content\/uploads\/2015\/11\/2015-11-stage-aikido-masset.jpg\" alt=\"Stage Aikido - Aiki Dojo Azur - Eric Savalli - 11\/2015\" width=\"640\" height=\"360\" srcset=\"https:\/\/equilibreazur.fr\/azur\/wp-content\/uploads\/2015\/11\/2015-11-stage-aikido-masset.jpg 640w, https:\/\/equilibreazur.fr\/azur\/wp-content\/uploads\/2015\/11\/2015-11-stage-aikido-masset-370x208.jpg 370w, https:\/\/equilibreazur.fr\/azur\/wp-content\/uploads\/2015\/11\/2015-11-stage-aikido-masset-600x338.jpg 600w\" sizes=\"auto, (max-width: 640px) 100vw, 640px\" \/><\/p>\n<p><img loading=\"lazy\" decoding=\"async\" class=\"wp-image-6572 size-large\" src=\"https:\/\/equilibreazur.fr\/azur\/wp-content\/uploads\/2015\/12\/2015-12-Qi-Gong-Mantelet-738x415.jpg\" alt=\"2015-12-Qi&nbsp;Gong-Mantelet\" width=\"738\" height=\"415\" srcset=\"https:\/\/equilibreazur.fr\/azur\/wp-content\/uploads\/2015\/12\/2015-12-Qi-Gong-Mantelet-738x415.jpg 738w, https:\/\/equilibreazur.fr\/azur\/wp-content\/uploads\/2015\/12\/2015-12-Qi-Gong-Mantelet-370x208.jpg 370w, https:\/\/equilibreazur.fr\/azur\/wp-content\/uploads\/2015\/12\/2015-12-Qi-Gong-Mantelet-768x432.jpg 768w, https:\/\/equilibreazur.fr\/azur\/wp-content\/uploads\/2015\/12\/2015-12-Qi-Gong-Mantelet-600x338.jpg 600w, https:\/\/equilibreazur.fr\/azur\/wp-content\/uploads\/2015\/12\/2015-12-Qi-Gong-Mantelet.jpg 960w\" sizes=\"auto, (max-width: 738px) 100vw, 738px\" \/><\/p>\n<\/div>\n","protected":false},"excerpt":{"rendered":"<p>Dimanche 25\/02\/2018 :  Stage Aikido et Qi Gong \u00e0 Chateauneuf de Grasse, proche de Roquefort les pins et Opio en r\u00e9gion de Nice \/ Grasse \/ Valbonne &#8211; C\u00f4t\u00e9 d&rsquo;Azur &#8211; avec Laurence Mantelet et Eric Savalli <\/p>\n","protected":false},"author":2,"featured_media":6918,"comment_status":"open","ping_status":"open","sticky":false,"template":"","format":"standard","meta":{"_acf_changed":false,"_seopress_robots_primary_cat":"","_seopress_titles_title":"","_seopress_titles_desc":"Stage Qi Gong et Aikido (+Yoga+M\u00e9ditation) en r\u00e9gion de Nice \/ Grasse \/ Valbonne - C\u00f4t\u00e9 d&#039;Azur avec Eric Savalli et Laurence Mantelet (12\/2016)","_seopress_robots_index":"","generate_page_header":"","footnotes":""},"categories":[142,197],"tags":[248,45,212,95,213,120,204,201],"class_list":["post-7530","post","type-post","status-publish","format-standard","has-post-thumbnail","hentry","category-news","category-stages-calendrier","tag-aikido","tag-e-savalli","tag-l-mantelet","tag-nice-grasse","tag-qi-gong","tag-sophia-antipolis","tag-stage","tag-yoga","infinite-scroll-item","masonry-post","generate-columns","tablet-grid-50","mobile-grid-100","grid-parent","grid-50"],"acf":[],"_links":{"self":[{"href":"https:\/\/equilibreazur.fr\/azur\/wp-json\/wp\/v2\/posts\/7530","targetHints":{"allow":["GET"]}}],"collection":[{"href":"https:\/\/equilibreazur.fr\/azur\/wp-json\/wp\/v2\/posts"}],"about":[{"href":"https:\/\/equilibreazur.fr\/azur\/wp-json\/wp\/v2\/types\/post"}],"author":[{"embeddable":true,"href":"https:\/\/equilibreazur.fr\/azur\/wp-json\/wp\/v2\/users\/2"}],"replies":[{"embeddable":true,"href":"https:\/\/equilibreazur.fr\/azur\/wp-json\/wp\/v2\/comments?post=7530"}],"version-history":[{"count":5,"href":"https:\/\/equilibreazur.fr\/azur\/wp-json\/wp\/v2\/posts\/7530\/revisions"}],"predecessor-version":[{"id":7566,"href":"https:\/\/equilibreazur.fr\/azur\/wp-json\/wp\/v2\/posts\/7530\/revisions\/7566"}],"wp:featuredmedia":[{"embeddable":true,"href":"https:\/\/equilibreazur.fr\/azur\/wp-json\/wp\/v2\/media\/6918"}],"wp:attachment":[{"href":"https:\/\/equilibreazur.fr\/azur\/wp-json\/wp\/v2\/media?parent=7530"}],"wp:term":[{"taxonomy":"category","embeddable":true,"href":"https:\/\/equilibreazur.fr\/azur\/wp-json\/wp\/v2\/categories?post=7530"},{"taxonomy":"post_tag","embeddable":true,"href":"https:\/\/equilibreazur.fr\/azur\/wp-json\/wp\/v2\/tags?post=7530"}],"curies":[{"name":"wp","href":"https:\/\/api.w.org\/{rel}","templated":true}]}}