{"id":7511,"date":"2017-11-26T18:04:32","date_gmt":"2017-11-26T18:04:32","guid":{"rendered":"https:\/\/equilibreazur.fr\/azur\/?p=7511"},"modified":"2017-11-26T18:07:32","modified_gmt":"2017-11-26T18:07:32","slug":"photos-stage-aikido-marchiennes-2017","status":"publish","type":"post","link":"https:\/\/equilibreazur.fr\/azur\/news\/photos-stage-aikido-marchiennes-2017\/","title":{"rendered":"Photos stage aikido 2017 Marchiennes"},"content":{"rendered":"<p>Album photos du 4e stage annuel dirig\u00e9 \u00e0 l&rsquo;Aiki Dojo de Marchiennes par Eric Savalli, invit\u00e9 par Franck Barbotin, \u00e9l\u00e8ve de Daniel Toutain Sensei.<\/p>\n<p>photos: \u00c9ric Savalli et Thierry Loridan-Decat<\/p>\n<p><iframe loading=\"lazy\" src=\"https:\/\/aikidojo.fr\/mediabank\/2017-11-Marchiennes-ES\/index.php\" width=\"100%\" height=\"600\"><\/iframe><\/p>\n","protected":false},"excerpt":{"rendered":"<p>Album photos du 4e stage annuel dirig\u00e9 \u00e0 l&rsquo;Aiki Dojo de Marchiennes par Eric Savalli, invit\u00e9 par Franck Barbotin, \u00e9l\u00e8ve de Daniel Toutain Sensei.<\/p>\n","protected":false},"author":2,"featured_media":7513,"comment_status":"open","ping_status":"closed","sticky":false,"template":"","format":"standard","meta":{"_acf_changed":false,"_seopress_robots_primary_cat":"","_seopress_titles_title":"","_seopress_titles_desc":"","_seopress_robots_index":"","generate_page_header":"","footnotes":""},"categories":[142,144],"tags":[248,39,102,204,201],"class_list":["post-7511","post","type-post","status-publish","format-standard","has-post-thumbnail","hentry","category-news","category-aikido-azur","tag-aikido","tag-dtoutain","tag-photo","tag-stage","tag-yoga","infinite-scroll-item","masonry-post","generate-columns","tablet-grid-50","mobile-grid-100","grid-parent","grid-50"],"acf":[],"_links":{"self":[{"href":"https:\/\/equilibreazur.fr\/azur\/wp-json\/wp\/v2\/posts\/7511","targetHints":{"allow":["GET"]}}],"collection":[{"href":"https:\/\/equilibreazur.fr\/azur\/wp-json\/wp\/v2\/posts"}],"about":[{"href":"https:\/\/equilibreazur.fr\/azur\/wp-json\/wp\/v2\/types\/post"}],"author":[{"embeddable":true,"href":"https:\/\/equilibreazur.fr\/azur\/wp-json\/wp\/v2\/users\/2"}],"replies":[{"embeddable":true,"href":"https:\/\/equilibreazur.fr\/azur\/wp-json\/wp\/v2\/comments?post=7511"}],"version-history":[{"count":3,"href":"https:\/\/equilibreazur.fr\/azur\/wp-json\/wp\/v2\/posts\/7511\/revisions"}],"predecessor-version":[{"id":7894,"href":"https:\/\/equilibreazur.fr\/azur\/wp-json\/wp\/v2\/posts\/7511\/revisions\/7894"}],"wp:featuredmedia":[{"embeddable":true,"href":"https:\/\/equilibreazur.fr\/azur\/wp-json\/wp\/v2\/media\/7513"}],"wp:attachment":[{"href":"https:\/\/equilibreazur.fr\/azur\/wp-json\/wp\/v2\/media?parent=7511"}],"wp:term":[{"taxonomy":"category","embeddable":true,"href":"https:\/\/equilibreazur.fr\/azur\/wp-json\/wp\/v2\/categories?post=7511"},{"taxonomy":"post_tag","embeddable":true,"href":"https:\/\/equilibreazur.fr\/azur\/wp-json\/wp\/v2\/tags?post=7511"}],"curies":[{"name":"wp","href":"https:\/\/api.w.org\/{rel}","templated":true}]}}