{"id":7492,"date":"2017-11-04T18:30:31","date_gmt":"2017-11-04T18:30:31","guid":{"rendered":"https:\/\/equilibreazur.fr\/azur\/?p=7492"},"modified":"2018-10-11T17:10:56","modified_gmt":"2018-10-11T17:10:56","slug":"stage-aikido-novembre-2017","status":"publish","type":"post","link":"https:\/\/equilibreazur.fr\/azur\/news\/stage-aikido-novembre-2017\/","title":{"rendered":"Stage mensuel&nbsp;\u00ab\u00a0Aikido\u00a0\u00bb le Dim. 19 novembre 2017"},"content":{"rendered":"<p style=\"text-align: center;\">\n<p><strong>AIKIDO<\/strong><\/p>\n<p style=\"padding-left: 30px;\"><img loading=\"lazy\" decoding=\"async\" class=\"size-full wp-image-1124 alignleft\" src=\"https:\/\/equilibreazur.fr\/azur\/wp-content\/uploads\/2010\/10\/logo-IRIA-56.gif\" alt=\"Logo Iwama Ryu International Academy\" width=\"56\" height=\"56\" \/>Eric Savalli\u00a0\u00e9tudie l\u2019Aikido depuis 1988 sous la direction de\u00a0<strong>Daniel TOUTAIN Sensei<\/strong>\u00a0(FAA &#8211; Fundamental Aikido Association) dont il est proche \u00e9l\u00e8ve. Ce dernier lui a d\u00e9cern\u00e9 le grade de\u00a05\u00e8me Dan Iwama Ryu en janvier\u00a02008.\u00a0Il est r\u00e9guli\u00e8rement son assistant lors de stages en France ou \u00e0 l\u2019\u00e9tranger. Il le fut \u00e9galement lors des tournages pour la r\u00e9alisation de DVDs [<a href=\"http:\/\/aikidoblog.net\/fr\/videos\/extraits-14dvd-toutain\/\" target=\"_blank\" rel=\"noopener\">lien DVD AikidoBlog<\/a>].<\/p>\n<p style=\"padding-left: 30px;\"><img loading=\"lazy\" decoding=\"async\" class=\"size-full wp-image-1123 alignleft\" src=\"https:\/\/equilibreazur.fr\/azur\/wp-content\/uploads\/2010\/10\/logo-iwama-shin-shin-aikishuren-56.gif\" alt=\"logo-iwama-shin-shin-aikishuren\" width=\"56\" height=\"56\" \/>Il suit \u00e9galement assidument l\u2019enseignement de\u00a0<strong>SAITO Hitohira\u00a0Sensei<\/strong>\u00a0(Iwama Shinshin Aiki Shurenkai) depuis 1993. SAITO Hitohira Sensei lui a d\u00e9cern\u00e9 le grade de 4\u00e8me Dan Iwama Shinshin Aiki Shuren kai en avril 2013.<\/p>\n<p style=\"padding-left: 30px;\"><a title=\"Enseignant Aikido\" href=\"https:\/\/equilibreazur.fr\/azur\/dojocho\">Plus d&rsquo;infos<\/a>\u00a0sur son parcours.<\/p>\n<p style=\"text-align: center;\"><img loading=\"lazy\" decoding=\"async\" class=\"alignnone wp-image-5676 size-medium aligncenter\" src=\"https:\/\/equilibreazur.fr\/azur\/wp-content\/uploads\/2014\/11\/2014-10-Chapigneulles-stage-esavalli-478x478.jpg\" alt=\"Stage Aikido 54-Champigneulles 10\/2014\" width=\"478\" height=\"478\" \/><span style=\"color: #999999;\">Photo de stage \u2013\u00a0<a style=\"color: #999999;\" title=\"E. Savalli sous Twitter\" href=\"http:\/\/twitter.com\/ericsavalli\">@EricSavalli<\/a>\u00a0avec Alexandre LHUILLIER<br \/>\nphoto\u00a0\u00a9\u00a02014 e.savalli<\/span><\/p>\n<p><strong>DATE<\/strong><\/p>\n<p style=\"padding-left: 30px;\">Dimanche<strong>\u00a019 novembre 2017<br \/>\n<\/strong><\/p>\n<p><strong>PROGRAMME<\/strong><\/p>\n<p style=\"padding-left: 30px;\">Cette ann\u00e9e, les stages mensuels abordent le <a href=\"https:\/\/equilibreazur.fr\/azur\/aikido-azur\/depliant-programme-kyu\/\">programme des\u00a0Kyu<\/a> (techniques au programme des passages de grades avant celui de la ceinture noire).<\/p>\n<div class=\"su-quote su-quote-style-default\"><div class=\"su-quote-inner su-u-clearfix su-u-trim\">Bien ma\u00eetriser ce programme des techniques de base reste et restera\u00a0fondamental dans la compr\u00e9hension et la ma\u00eetrise de l&rsquo;Aikido. Il doit donc \u00eatre travaill\u00e9 aussi longtemps que possible.<br \/>\n&#8211; E. Savalli<\/div><\/div>\n<p style=\"padding-left: 30px;\"><strong><strong><strong>09h15\u00a0<span style=\"color: #999999;\">\u2013\u00a0<\/span><\/strong><strong>Pr\u00e9paration et nettoyage du dojo<\/strong><\/strong><\/strong><\/p>\n<p style=\"padding-left: 30px;\"><strong><strong>09h30\u00a0<span style=\"color: #999999;\">\u2013 09h55<\/span><\/strong> Meditation \/ Assouplissements<\/strong>\u00a0: (30mn&amp;)<br \/>\n<strong>10h00 <span style=\"color: #999999;\">\u2013 10h55<\/span><\/strong> <strong>Taijutsu 1<\/strong>\u00a0: (60mn &#8211; Interm\u00e9diaire)<br \/>\n<strong>11h00 <span style=\"color: #999999;\">\u2013 11h55<\/span><\/strong> <strong>Taijutsu 2<\/strong>\u00a0: (60mn &#8211; Interm\u00e9diaire)<\/p>\n<p style=\"padding-left: 30px;\"><span style=\"color: #808080;\"><strong>Repas l\u00e9ger\u00a0sur place<\/strong>\u00a0(pr\u00e9voir le n\u00e9cessaire)<\/span><\/p>\n<p style=\"padding-left: 30px;\"><strong>12h45\u00a0<span style=\"color: #999999;\"><strong>\u2013<\/strong>\u00a013h30<\/span><\/strong> <strong>Buki-waza Jo<\/strong>\u00a0: Sabre en bois (45mn)<br \/>\n<strong>13h30\u00a0<span style=\"color: #999999;\">\u2013\u00a014h15<\/span><\/strong> <strong>Buki-waza Ken<\/strong>\u00a0: B\u00e2ton (45mn)<br \/>\n<strong>14h15<\/strong> &#8211; Etirements\/Assouplissements\u00a0(10mn)<\/p>\n<p style=\"padding-left: 30px;\"><span style=\"color: #808080;\">14h30 Passages de grades (se renseigner)<\/span><\/p>\n<p><strong>PARTICIPATION<\/strong><\/p>\n<p style=\"padding-left: 30px;\"><strong>Cours Enfants<\/strong> (11h-12h)&nbsp;: <strong>5\u00a0\u20ac<\/strong><\/p>\n<p style=\"padding-left: 30px;\"><span style=\"color: #000000;\"><strong>Cours Ado\/Adultes<\/strong>&nbsp;: Tout ou partie&nbsp;: <strong>35\u00a0\u20ac<\/strong><\/span><br \/>\n<span style=\"color: #000000;\"> (famille&nbsp;: 15\u20ac\u00a0\u00e0 partir de la deuxi\u00e8me personne)<\/span><\/p>\n<p><strong>LIEU<\/strong><\/p>\n<p style=\"padding-left: 30px;\"><strong>CHATEAUNEUF \/ LE ROURET \u2013 GYMNASE du COLLEGE<\/strong><\/p>\n<p style=\"padding-left: 30px;\"><strong><a href=\"https:\/\/equilibreazur.fr\/azur\/aikido-azur\/plan-acces-chateauneuf-le-rouret\">Salle du Gymnase<\/a><\/strong><br \/>\nSalle du Bois de Saint Jeaume<br \/>\nColl\u00e8ge du pr\u00e9 des roures<br \/>\n06650 CHATEAUNEUF \/ LE ROURET<\/p>\n<p style=\"padding-left: 30px;\">Latitude\u00a043.6737\u00a0Longitude 6.9930<\/p>\n<p style=\"padding-left: 30px;\"><a href=\"https:\/\/equilibreazur.fr\/azur\/aikido-azur\/plan-acces-chateauneuf-le-rouret\" class=\"su-button su-button-style-default\" style=\"color:#FFFFFF;background-color:#2D89EF;border-color:#246ec0;border-radius:5px\" target=\"_self\"><span style=\"color:#FFFFFF;padding:0px 16px;font-size:13px;line-height:26px;border-color:#6cadf4;border-radius:5px;text-shadow:none\"> Plan d&rsquo;acc\u00e8s<\/span><\/a>\n<p><strong>INFORMATION<\/strong><\/p>\n<p style=\"padding-left: 30px;\">Cours d&rsquo;Aikido <strong>Tous Niveaux<\/strong>\u00a0donn\u00e9s sous la forme d&rsquo;un stage, <strong>ouverts \u00e0 tous les pratiquants d&rsquo;Aikido<\/strong> quelque soit leur \u00e9cole ou f\u00e9d\u00e9ration.<\/p>\n<p><strong>CONTACT<\/strong><\/p>\n<p style=\"padding-left: 30px;\"><a href=\"mailto:contact@aiki-dojo.fr\">contact@aiki-dojo.fr<\/a><br \/>\nAiki Dojo Azur<br \/>\n+33 (0)6 60 42 26 32<\/p>\n<p><strong>TELECHARGER L&rsquo;AFFICHE<\/strong><\/p>\n<p style=\"padding-left: 30px;\"><a class=\"link-to-pdf\" title=\"2017-2018-koshukai-ADA\" href=\"https:\/\/equilibreazur.fr\/azur\/wp-content\/uploads\/2017\/10\/2017-2018-koshukai-ADA.pdf\" target=\"_blank\" rel=\"attachment wp-att-7430 noopener\"><img loading=\"lazy\" decoding=\"async\" class=\"thumb-of-pdf alignnone wp-image-7431 size-thumbnail\" src=\"https:\/\/equilibreazur.fr\/azur\/wp-content\/uploads\/2017\/10\/2017-2018-koshukai-ADA-pdf-200x200.jpg\" alt=\"thumbnail of 2017-2018-koshukai-ADA\" width=\"200\" height=\"200\" \/><\/a><\/p>\n<p style=\"padding-left: 30px;\"><a href=\"https:\/\/equilibreazur.fr\/azur\/wp-content\/uploads\/2017\/10\/2017-2018-koshukai-ADA.pdf\" class=\"su-button su-button-style-default\" style=\"color:#FFFFFF;background-color:#2D89EF;border-color:#246ec0;border-radius:5px\" target=\"_self\"><span style=\"color:#FFFFFF;padding:0px 16px;font-size:13px;line-height:26px;border-color:#6cadf4;border-radius:5px;text-shadow:none\"> Affiche des stages mensuels<\/span><\/a>\n<p>&nbsp;<\/p>\n<p><img alt=\"\" loading=\"lazy\" decoding=\"async\" class=\"alignright size-full wp-image-4871\" src=\"https:\/\/equilibreazur.fr\/azur\/wp-content\/uploads\/2013\/06\/Aikido-Kinen-Aiki-Dojo-Azur-10-years-30.jpg\" alt=\"\" width=\"640\" height=\"359\" srcset=\"https:\/\/equilibreazur.fr\/azur\/wp-content\/uploads\/2013\/06\/Aikido-Kinen-Aiki-Dojo-Azur-10-years-30.jpg 640w, https:\/\/equilibreazur.fr\/azur\/wp-content\/uploads\/2013\/06\/Aikido-Kinen-Aiki-Dojo-Azur-10-years-30-370x208.jpg 370w, https:\/\/equilibreazur.fr\/azur\/wp-content\/uploads\/2013\/06\/Aikido-Kinen-Aiki-Dojo-Azur-10-years-30-150x84.jpg 150w, https:\/\/equilibreazur.fr\/azur\/wp-content\/uploads\/2013\/06\/Aikido-Kinen-Aiki-Dojo-Azur-10-years-30-400x224.jpg 400w\" sizes=\"auto, (max-width: 640px) 100vw, 640px\" \/><\/p>\n","protected":false},"excerpt":{"rendered":"<p>Dimanche 19\/11\/2017: Stage mensuel \u00ab\u00a0Aikido\u00a0\u00bb  en r\u00e9gion de Nice \/ Grasse \/ Valbonne &#8211; C\u00f4t\u00e9 d&rsquo;Azur avec Eric Savalli 5e Dan.<\/p>\n","protected":false},"author":2,"featured_media":7428,"comment_status":"open","ping_status":"open","sticky":false,"template":"","format":"standard","meta":{"_acf_changed":false,"_seopress_robots_primary_cat":"","_seopress_titles_title":"","_seopress_titles_desc":"","_seopress_robots_index":"","generate_page_header":"","footnotes":""},"categories":[142,197],"tags":[248,45,95,204],"class_list":["post-7492","post","type-post","status-publish","format-standard","has-post-thumbnail","hentry","category-news","category-stages-calendrier","tag-aikido","tag-e-savalli","tag-nice-grasse","tag-stage","infinite-scroll-item","masonry-post","generate-columns","tablet-grid-50","mobile-grid-100","grid-parent","grid-50"],"acf":[],"_links":{"self":[{"href":"https:\/\/equilibreazur.fr\/azur\/wp-json\/wp\/v2\/posts\/7492","targetHints":{"allow":["GET"]}}],"collection":[{"href":"https:\/\/equilibreazur.fr\/azur\/wp-json\/wp\/v2\/posts"}],"about":[{"href":"https:\/\/equilibreazur.fr\/azur\/wp-json\/wp\/v2\/types\/post"}],"author":[{"embeddable":true,"href":"https:\/\/equilibreazur.fr\/azur\/wp-json\/wp\/v2\/users\/2"}],"replies":[{"embeddable":true,"href":"https:\/\/equilibreazur.fr\/azur\/wp-json\/wp\/v2\/comments?post=7492"}],"version-history":[{"count":5,"href":"https:\/\/equilibreazur.fr\/azur\/wp-json\/wp\/v2\/posts\/7492\/revisions"}],"predecessor-version":[{"id":7505,"href":"https:\/\/equilibreazur.fr\/azur\/wp-json\/wp\/v2\/posts\/7492\/revisions\/7505"}],"wp:featuredmedia":[{"embeddable":true,"href":"https:\/\/equilibreazur.fr\/azur\/wp-json\/wp\/v2\/media\/7428"}],"wp:attachment":[{"href":"https:\/\/equilibreazur.fr\/azur\/wp-json\/wp\/v2\/media?parent=7492"}],"wp:term":[{"taxonomy":"category","embeddable":true,"href":"https:\/\/equilibreazur.fr\/azur\/wp-json\/wp\/v2\/categories?post=7492"},{"taxonomy":"post_tag","embeddable":true,"href":"https:\/\/equilibreazur.fr\/azur\/wp-json\/wp\/v2\/tags?post=7492"}],"curies":[{"name":"wp","href":"https:\/\/api.w.org\/{rel}","templated":true}]}}