{"id":7475,"date":"2017-11-04T16:57:51","date_gmt":"2017-11-04T16:57:51","guid":{"rendered":"https:\/\/equilibreazur.fr\/azur\/?p=7475"},"modified":"2017-11-05T14:07:03","modified_gmt":"2017-11-05T14:07:03","slug":"leslie-kaminoff","status":"publish","type":"post","link":"https:\/\/equilibreazur.fr\/azur\/news\/leslie-kaminoff\/","title":{"rendered":"Citation &#8211; Yoga &#8211; Leslie Kaminoff"},"content":{"rendered":"<p>Pour Leslie Kaminoff \u201c<strong>le yoga, ce n\u2019est pas faire des asanas \u2013 c\u2019est d\u00e9faire ce qui bloque les asanas<\/strong>. Pour qu\u2019une pratique posturale soit r\u00e9ellement une pratique de yoga, il faut bien comprendre que nous y remettons en question nos habitudes, en invoquant svadhyaya, c\u2019est-\u00e0-dire la connaissance de soi.\u201d<\/p>\n<p>J&rsquo;aime beaucoup cette id\u00e9e d&rsquo;enlever plut\u00f4t que de rajouter&#8230; cela me faire penser \u00e0 la citation de Michel Ange au sujet d&rsquo;une sculpture qu&rsquo;il avait faite d&rsquo;un ange&#8230;\u00a0\u201cJ&rsquo;ai vu un ange dans le marbre et j&rsquo;ai seulement cisel\u00e9 jusqu&rsquo;\u00e0 l&rsquo;en lib\u00e9rer.\u201d<\/p>\n","protected":false},"excerpt":{"rendered":"<p>Pour Leslie Kaminoff \u201cle yoga, ce n\u2019est pas faire des asanas \u2013 c\u2019est d\u00e9faire ce qui bloque les asanas. Pour qu\u2019une pratique posturale soit r\u00e9ellement une pratique de yoga, il faut bien comprendre que nous y remettons en question nos habitudes, en invoquant svadhyaya, c\u2019est-\u00e0-dire la connaissance de soi.\u201d<\/p>\n","protected":false},"author":2,"featured_media":7476,"comment_status":"open","ping_status":"closed","sticky":false,"template":"","format":"standard","meta":{"_acf_changed":false,"_seopress_robots_primary_cat":"","_seopress_titles_title":"","_seopress_titles_desc":"","_seopress_robots_index":"","generate_page_header":"","footnotes":""},"categories":[142,259,260],"tags":[261],"class_list":["post-7475","post","type-post","status-publish","format-standard","has-post-thumbnail","hentry","category-news","category-citation","category-quote-yoga","tag-l-kaminoff","infinite-scroll-item","masonry-post","generate-columns","tablet-grid-50","mobile-grid-100","grid-parent","grid-50"],"acf":[],"_links":{"self":[{"href":"https:\/\/equilibreazur.fr\/azur\/wp-json\/wp\/v2\/posts\/7475","targetHints":{"allow":["GET"]}}],"collection":[{"href":"https:\/\/equilibreazur.fr\/azur\/wp-json\/wp\/v2\/posts"}],"about":[{"href":"https:\/\/equilibreazur.fr\/azur\/wp-json\/wp\/v2\/types\/post"}],"author":[{"embeddable":true,"href":"https:\/\/equilibreazur.fr\/azur\/wp-json\/wp\/v2\/users\/2"}],"replies":[{"embeddable":true,"href":"https:\/\/equilibreazur.fr\/azur\/wp-json\/wp\/v2\/comments?post=7475"}],"version-history":[{"count":4,"href":"https:\/\/equilibreazur.fr\/azur\/wp-json\/wp\/v2\/posts\/7475\/revisions"}],"predecessor-version":[{"id":7497,"href":"https:\/\/equilibreazur.fr\/azur\/wp-json\/wp\/v2\/posts\/7475\/revisions\/7497"}],"wp:featuredmedia":[{"embeddable":true,"href":"https:\/\/equilibreazur.fr\/azur\/wp-json\/wp\/v2\/media\/7476"}],"wp:attachment":[{"href":"https:\/\/equilibreazur.fr\/azur\/wp-json\/wp\/v2\/media?parent=7475"}],"wp:term":[{"taxonomy":"category","embeddable":true,"href":"https:\/\/equilibreazur.fr\/azur\/wp-json\/wp\/v2\/categories?post=7475"},{"taxonomy":"post_tag","embeddable":true,"href":"https:\/\/equilibreazur.fr\/azur\/wp-json\/wp\/v2\/tags?post=7475"}],"curies":[{"name":"wp","href":"https:\/\/api.w.org\/{rel}","templated":true}]}}