{"id":7211,"date":"2016-11-19T09:44:51","date_gmt":"2016-11-19T09:44:51","guid":{"rendered":"https:\/\/equilibreazur.fr\/azur\/?p=7211"},"modified":"2017-07-09T09:47:13","modified_gmt":"2017-07-09T09:47:13","slug":"photos-du-japon","status":"publish","type":"post","link":"https:\/\/equilibreazur.fr\/azur\/news\/photos-du-japon\/","title":{"rendered":"Photos du Japon"},"content":{"rendered":"<div id=\"js_ac5\" class=\"_5pbx userContent\" data-ft=\"{&quot;tn&quot;:&quot;K&quot;}\">\n<p style=\"text-align: center;\">Nos adh\u00e9rents ont du talent&nbsp;!<\/p>\n<p style=\"text-align: center;\">Merci Simon\u00e9&nbsp;!<\/p>\n<p style=\"text-align: center;\">Photos du Japon (<a class=\"_58cn\" href=\"https:\/\/www.facebook.com\/hashtag\/tokyo?source=feed_text&amp;story_id=995362723909524\" data-ft=\"{&quot;tn&quot;:&quot;*N&quot;,&quot;type&quot;:104}\"><span class=\"_5afx\"><span class=\"_58cl _5afz\" aria-label=\"hashtag\">#<\/span><span class=\"_58cm\">Tokyo<\/span><\/span><\/a>) prises lors d&rsquo;un s\u00e9jour touristique par l&rsquo;un des adh\u00e9rents d&rsquo;Aiki Dojo Azur <a class=\"_58cn\" href=\"https:\/\/www.facebook.com\/hashtag\/nosadh%C3%A9rentsontdutalent?source=feed_text&amp;story_id=995362723909524\" data-ft=\"{&quot;tn&quot;:&quot;*N&quot;,&quot;type&quot;:104}\"><span class=\"_5afx\"><span class=\"_58cl _5afz\" aria-label=\"hashtag\">#<\/span><span class=\"_58cm\">NosAdh\u00e9rentsOntDuTalent<\/span><\/span><\/a> <a class=\"_58cn\" href=\"https:\/\/www.facebook.com\/hashtag\/globetrotter?source=feed_text&amp;story_id=995362723909524\" data-ft=\"{&quot;tn&quot;:&quot;*N&quot;,&quot;type&quot;:104}\"><span class=\"_5afx\"><span class=\"_58cl _5afz\" aria-label=\"hashtag\">#<\/span><span class=\"_58cm\">globeTrotter<\/span><\/span><\/a><\/p>\n<\/div>\n<p style=\"text-align: center;\"><iframe loading=\"lazy\" style=\"border: none; overflow: hidden;\" src=\"https:\/\/www.facebook.com\/plugins\/post.php?href=https%3A%2F%2Fwww.facebook.com%2FAikiDojoAzur%2Fposts%2F995362723909524&amp;width=500\" width=\"500\" height=\"645\" frameborder=\"0\" scrolling=\"no\"><\/iframe><\/p>\n","protected":false},"excerpt":{"rendered":"<p>Nos adh\u00e9rents ont du talent&nbsp;! Merci Simon\u00e9&nbsp;! Photos du Japon (#Tokyo) prises lors d&rsquo;un s\u00e9jour touristique par l&rsquo;un des adh\u00e9rents d&rsquo;Aiki Dojo Azur #NosAdh\u00e9rentsOntDuTalent #globeTrotter<\/p>\n","protected":false},"author":2,"featured_media":0,"comment_status":"open","ping_status":"closed","sticky":false,"template":"","format":"standard","meta":{"_acf_changed":false,"_seopress_robots_primary_cat":"","_seopress_titles_title":"","_seopress_titles_desc":"","_seopress_robots_index":"","generate_page_header":"","footnotes":""},"categories":[142],"tags":[258],"class_list":["post-7211","post","type-post","status-publish","format-standard","hentry","category-news","tag-nos-adherents-ont-du-talent","infinite-scroll-item","masonry-post","generate-columns","tablet-grid-50","mobile-grid-100","grid-parent","grid-50"],"acf":[],"_links":{"self":[{"href":"https:\/\/equilibreazur.fr\/azur\/wp-json\/wp\/v2\/posts\/7211","targetHints":{"allow":["GET"]}}],"collection":[{"href":"https:\/\/equilibreazur.fr\/azur\/wp-json\/wp\/v2\/posts"}],"about":[{"href":"https:\/\/equilibreazur.fr\/azur\/wp-json\/wp\/v2\/types\/post"}],"author":[{"embeddable":true,"href":"https:\/\/equilibreazur.fr\/azur\/wp-json\/wp\/v2\/users\/2"}],"replies":[{"embeddable":true,"href":"https:\/\/equilibreazur.fr\/azur\/wp-json\/wp\/v2\/comments?post=7211"}],"version-history":[{"count":1,"href":"https:\/\/equilibreazur.fr\/azur\/wp-json\/wp\/v2\/posts\/7211\/revisions"}],"predecessor-version":[{"id":7212,"href":"https:\/\/equilibreazur.fr\/azur\/wp-json\/wp\/v2\/posts\/7211\/revisions\/7212"}],"wp:attachment":[{"href":"https:\/\/equilibreazur.fr\/azur\/wp-json\/wp\/v2\/media?parent=7211"}],"wp:term":[{"taxonomy":"category","embeddable":true,"href":"https:\/\/equilibreazur.fr\/azur\/wp-json\/wp\/v2\/categories?post=7211"},{"taxonomy":"post_tag","embeddable":true,"href":"https:\/\/equilibreazur.fr\/azur\/wp-json\/wp\/v2\/tags?post=7211"}],"curies":[{"name":"wp","href":"https:\/\/api.w.org\/{rel}","templated":true}]}}