{"id":7148,"date":"2017-04-17T16:26:33","date_gmt":"2017-04-17T16:26:33","guid":{"rendered":"https:\/\/equilibreazur.fr\/azur\/?p=7148"},"modified":"2017-08-18T12:12:16","modified_gmt":"2017-08-18T12:12:16","slug":"2017-stage-national-ffab-diraf","status":"publish","type":"post","link":"https:\/\/equilibreazur.fr\/azur\/news\/2017-stage-national-ffab-diraf\/","title":{"rendered":"2e stage national FFAB &#8211; DIRAF&nbsp;\u00ab\u00a0Dento Iwama Ryu France\u00a0\u00bb &#8211; 27 mai 2017 &#8211; Rennes"},"content":{"rendered":"<p style=\"text-align: center;\">\n<p>Le second stage national DIRAF &#8211; le groupe&nbsp;\u00ab\u00a0Dento Iwama Ryu France\u00a0\u00bb qui a rejoint la FFAB il y a deux ans &#8211; est organis\u00e9 cette ann\u00e9e \u00e0 Rennes, au dojo Dokan.<\/p>\n<h2>Stage national &#8211; Samedi 27 mai 2017<\/h2>\n<p>Ce stage, validant dans le cadre des passages de grades dan CSDGE, est une occasion unique de retrouver 3 enseignants qui suivent assidument l\u2019enseignement de l\u2019\u00e9cole d&rsquo;Aikido d\u2019Iwama, chacun depuis des dizaines d&rsquo;ann\u00e9es ann\u00e9es&nbsp;:<\/p>\n<ul>\n<li>R\u00e9mi Hourdequin &#8211; Dojo Tenchi (75)<\/li>\n<li>Olivier Eberhardt &#8211; Dojo Dokan (35)<\/li>\n<li>Eric Savalli &#8211; Aiki Dojo Azur (06)<\/li>\n<\/ul>\n<h2><\/h2>\n<h2>Affiche du stage<\/h2>\n<p style=\"padding-left: 30px;\"><a href=\"https:\/\/equilibreazur.fr\/azur\/wp-content\/uploads\/2017\/04\/2017-05-stage-DIRAF-FFAB.pdf\"><img alt=\"\" loading=\"lazy\" decoding=\"async\" class=\"alignnone size-full wp-image-7151\" src=\"https:\/\/equilibreazur.fr\/azur\/wp-content\/uploads\/2017\/04\/2017-05-stage-DIRAF-FFAB.jpg\" alt=\"\" width=\"300\" height=\"424\" srcset=\"https:\/\/equilibreazur.fr\/azur\/wp-content\/uploads\/2017\/04\/2017-05-stage-DIRAF-FFAB.jpg 300w, https:\/\/equilibreazur.fr\/azur\/wp-content\/uploads\/2017\/04\/2017-05-stage-DIRAF-FFAB-262x370.jpg 262w\" sizes=\"auto, (max-width: 300px) 100vw, 300px\" \/><br \/>\n2017-05-stage-DIRAF-FFA<\/a><\/p>\n<h2>Information et R\u00e9servation<\/h2>\n<p>Contacter l&rsquo;organisateur pour toute information:<\/p>\n<p style=\"padding-left: 30px;\">06 88 17 37 71<\/p>\n<p style=\"padding-left: 30px;\">contactaikido.japon@gmail.com<\/p>\n<h2>H\u00e9bergement<\/h2>\n<p>Situ\u00e9 \u00e0 quelques dizaines de m\u00e8tres du dojo o\u00f9 aura lieu le stage, l&rsquo;hotel Campanile de Rennes Cleunay vous accueillera avec un tarif pr\u00e9f\u00e9rentiel: Pr\u00e9ciser que vous s\u00e9journer\u00a0pour un stage d&rsquo;art martial lors de votre r\u00e9servation.<\/p>\n<p>Plus de d\u00e9tails&nbsp;:\u00a0<a href=\"https:\/\/www.campanile.com\/ab\/fr\/hotels\/campanile-rennes-ouest-cleunay\">campanile.com &#8211; Campanile\u00a0Rennes\u00a0Ouest&nbsp;\u00a0Cleunay<\/a><\/p>\n<hr \/>\n<p style=\"text-align: center;\"><strong>Des questions au sujet de ce stage&nbsp;?&#8230;<\/strong><br \/>\nN&rsquo;h\u00e9sitez pas \u00e0 laisser un commentaire ci-dessous et<br \/>\n\u00e0 vous inscrire \u00e0 notre lettre d&rsquo;information.<\/p>\n<hr \/>\n<p style=\"text-align: center;\">\n","protected":false},"excerpt":{"rendered":"<p>Pour la 2eme saison du groupe  DIRAF (Dento Iwama Ryu France) au sein de la FFAB, le groupe organise le stage national \u00e0 Rennes, fin main 2017. Eric Savalli co-dirigera le stage avec R\u00e9mi Hourdequin et Olivier Eberhardt.<\/p>\n","protected":false},"author":2,"featured_media":7149,"comment_status":"open","ping_status":"closed","sticky":false,"template":"","format":"standard","meta":{"_acf_changed":false,"_seopress_robots_primary_cat":"","_seopress_titles_title":"","_seopress_titles_desc":"","_seopress_robots_index":"","generate_page_header":"","footnotes":""},"categories":[142,197],"tags":[45,235,97,256],"class_list":["post-7148","post","type-post","status-publish","format-standard","has-post-thumbnail","hentry","category-news","category-stages-calendrier","tag-e-savalli","tag-ffab","tag-o-eberhardt","tag-r-hourdequin","infinite-scroll-item","masonry-post","generate-columns","tablet-grid-50","mobile-grid-100","grid-parent","grid-50"],"acf":[],"_links":{"self":[{"href":"https:\/\/equilibreazur.fr\/azur\/wp-json\/wp\/v2\/posts\/7148","targetHints":{"allow":["GET"]}}],"collection":[{"href":"https:\/\/equilibreazur.fr\/azur\/wp-json\/wp\/v2\/posts"}],"about":[{"href":"https:\/\/equilibreazur.fr\/azur\/wp-json\/wp\/v2\/types\/post"}],"author":[{"embeddable":true,"href":"https:\/\/equilibreazur.fr\/azur\/wp-json\/wp\/v2\/users\/2"}],"replies":[{"embeddable":true,"href":"https:\/\/equilibreazur.fr\/azur\/wp-json\/wp\/v2\/comments?post=7148"}],"version-history":[{"count":6,"href":"https:\/\/equilibreazur.fr\/azur\/wp-json\/wp\/v2\/posts\/7148\/revisions"}],"predecessor-version":[{"id":7166,"href":"https:\/\/equilibreazur.fr\/azur\/wp-json\/wp\/v2\/posts\/7148\/revisions\/7166"}],"wp:featuredmedia":[{"embeddable":true,"href":"https:\/\/equilibreazur.fr\/azur\/wp-json\/wp\/v2\/media\/7149"}],"wp:attachment":[{"href":"https:\/\/equilibreazur.fr\/azur\/wp-json\/wp\/v2\/media?parent=7148"}],"wp:term":[{"taxonomy":"category","embeddable":true,"href":"https:\/\/equilibreazur.fr\/azur\/wp-json\/wp\/v2\/categories?post=7148"},{"taxonomy":"post_tag","embeddable":true,"href":"https:\/\/equilibreazur.fr\/azur\/wp-json\/wp\/v2\/tags?post=7148"}],"curies":[{"name":"wp","href":"https:\/\/api.w.org\/{rel}","templated":true}]}}