{"id":6930,"date":"2016-12-17T18:07:19","date_gmt":"2016-12-17T18:07:19","guid":{"rendered":"https:\/\/equilibreazur.fr\/azur\/?p=6930"},"modified":"2017-08-18T12:11:57","modified_gmt":"2017-08-18T12:11:57","slug":"2017-alessandro-tittarelli-nice-nissa","status":"publish","type":"post","link":"https:\/\/equilibreazur.fr\/azur\/stages-calendrier\/2017-alessandro-tittarelli-nice-nissa\/","title":{"rendered":"Juin 2017&nbsp;: Stage Alessandro Tittarelli &#8211; Nice \/ Chateauneuf Grasse"},"content":{"rendered":"<p style=\"text-align: center;\">[EN] French version: <a href=\"https:\/\/equilibreazur.fr\/azur\/stages-calendrier\/2017-alessandro-tittarelli-nice-nissa\/\">here<\/a><br \/>\n[FR] versione italiana:\u00a0<a href=\"https:\/\/equilibreazur.fr\/azur\/news\/2017-seminario-alessandro-tittarelli-nizza-monaco\/\">qui<\/a><\/p>\n<p style=\"text-align: center;\">\n<p style=\"text-align: center;\"><strong><span style=\"color: #ff0000;\">Stage AIKIDO TRADITIONNEL&nbsp;\u00ab\u00a0Dento Iwama Ryu\u00a0\u00bb<br \/>\n<\/span>\u00a0\u00e0 CH\u00c2TEAUNEUF de Grasse (Nice)<br \/>\n<\/strong>dirig\u00e9 par\u00a0<strong>Alessandro TITTARELLI\u00a0Sensei<\/strong><\/p>\n<p style=\"text-align: center;\"><img loading=\"lazy\" decoding=\"async\" class=\"alignnone size-full wp-image-6931\" src=\"https:\/\/equilibreazur.fr\/azur\/wp-content\/uploads\/2016\/12\/alessandro-tittarelli.jpg\" alt=\"Alessandro Tittarelli\" width=\"960\" height=\"580\" srcset=\"https:\/\/equilibreazur.fr\/azur\/wp-content\/uploads\/2016\/12\/alessandro-tittarelli.jpg 960w, https:\/\/equilibreazur.fr\/azur\/wp-content\/uploads\/2016\/12\/alessandro-tittarelli-370x224.jpg 370w, https:\/\/equilibreazur.fr\/azur\/wp-content\/uploads\/2016\/12\/alessandro-tittarelli-738x446.jpg 738w, https:\/\/equilibreazur.fr\/azur\/wp-content\/uploads\/2016\/12\/alessandro-tittarelli-600x363.jpg 600w\" sizes=\"auto, (max-width: 960px) 100vw, 960px\" \/><\/p>\n<p style=\"text-align: center;\"><strong>Samedi, Dimanche<br \/>\n03\/04\u00a0JUIN\u00a02017<\/strong><\/p>\n<table class=\"aligncenter\" style=\"width: 100%;\" border=\"0\" align=\"center\">\n<tbody>\n<tr>\n<td><strong>SEMINAR PAGE IN ENGLISH<img alt=\"flag - Uk English\" loading=\"lazy\" decoding=\"async\" class=\"size-full wp-image-6122 alignright\" src=\"https:\/\/equilibreazur.fr\/azur\/wp-content\/uploads\/2015\/07\/United-KingdomGreat-Britain.png\" alt=\"\" width=\"48\" height=\"48\" \/><\/strong><\/p>\n<p><span style=\"color: #ff0000;\">INFORMATION DETAILS WILL COME EARLY\u00a02017<\/span><\/p>\n<p><em>CHATEAUNEUF DE GRASSE\u00a0\u00a0is located in south-east of FRANCE in the<strong> French Riviera (C\u00f4te d\u2019Azur &#8211; Nice \/ Monaco)<\/strong>, at 40mn from Nice C\u00f4te d\u2019Azur airport (which is the second airport in France, with a hourly connection to PARIS with Air-France).<\/em><em><br \/>\n<\/em><br \/>\n<em>If you are coming by train or by plane, <strong>we will take care of you<\/strong>.<\/em>\u00a0<strong><em>No need to worry about transportation&#8230;<\/em><\/strong><br \/>\n<em>Its is not possible to sleep on the mats, at the dojo.<\/em><br \/>\n<em>If you would like to be hosted in a trainee\u2019s home, we will be pleased to do so.<\/em><br \/>\n<em><strong>Please, let us know asap by email<\/strong> (english spoken).<\/em><\/td>\n<\/tr>\n<\/tbody>\n<\/table>\n<p>Nous sommes tr\u00e8s heureux d&rsquo;annoncer la venue de\u00a0Alessandro TITTARELLI Sensei\u00a0pour ce premier stage en r\u00e9gion ni\u00e7oise\u00a0sur la C\u00f4te d&rsquo;Azur.<\/p>\n<p>Nous nous r\u00e9jouissons \u00e0 l&rsquo;id\u00e9e de vous voir participer \u00e0 ce stage\u00a0exceptionnel. C&rsquo;est v\u00f4tre pr\u00e9sence qui le rend possible. Si vous avez besoin de ma moindre assistance pour vos d\u00e9placements, merci de nous le dire, nous nous ferons un plaisir d&rsquo;assurer vos d\u00e9placements en voiture.<\/p>\n<p><iframe loading=\"lazy\" width=\"1200\" height=\"900\" src=\"https:\/\/www.youtube.com\/embed\/b3JtD6KRMZ0?feature=oembed\" frameborder=\"0\" allowfullscreen><\/iframe><\/p>\n<p><iframe loading=\"lazy\" width=\"1200\" height=\"675\" src=\"https:\/\/www.youtube.com\/embed\/xY4-zVEbJdw?feature=oembed\" frameborder=\"0\" allowfullscreen><\/iframe><\/p>\n<p><iframe loading=\"lazy\" width=\"1200\" height=\"675\" src=\"https:\/\/www.youtube.com\/embed\/mwQ-h1-Yd8Y?feature=oembed\" frameborder=\"0\" allowfullscreen><\/iframe><\/p>\n<p><strong>A retenir&#8230;<\/strong><\/p>\n<p style=\"padding-left: 30px;\"><strong>Stage \u00e0 Chateauneuf de Grasse 06-PACA<br \/>\n<\/strong>dirig\u00e9 par <strong>Alessandro TITTARELLI\u00a0Sensei<\/strong><\/p>\n<p style=\"padding-left: 30px;\">SAMEDI 03\u00a0JUIN,<br \/>\nDIMANCHE 04\u00a0JUIN<\/p>\n<p><strong>Programme et Horaire<\/strong><\/p>\n<p style=\"padding-left: 30px;\"><strong>Samedi matin<\/strong><br \/>\n09:30 \u2013 10:45 &#8211; Cours 1\u00a0&#8211;<br \/>\n10:45 \u2013 12:00 &#8211; Cours 2\u00a0&#8211;<\/p>\n<p style=\"padding-left: 30px;\">(pique-nique sur place \u00e0 pr\u00e9voir)<\/p>\n<p style=\"padding-left: 30px;\"><strong>Samedi apr\u00e8s-midi<\/strong><br \/>\n15:00 \u2013 16:15 &#8211; Cours 3\u00a0&#8211;<br \/>\n16:15 \u2013 17:30 &#8211;\u00a0Cours 4\u00a0&#8211;<\/p>\n<p style=\"padding-left: 30px;\">19:00 \u2013 Projection d&rsquo;un reportage sur l&rsquo;Aikido<br \/>\n20:00 \u2013 D\u00eener simple et convivial\u00a0sur place<br \/>\n<strong><br \/>\nDimanche (matin)<br \/>\n<\/strong>09:30 \u2013 10:45 &#8211; Cours 5\u00a0&#8211;<br \/>\n10:45 \u2013 12:00 &#8211; Cours 6\u00a0&#8211;<\/p>\n<p><strong>H\u00e9bergement<\/strong><\/p>\n<p style=\"padding-left: 30px;\"><strong>Chez l&rsquo;habitant<br \/>\n<\/strong>Il peut \u00eatre possible d&rsquo;\u00eatre <span style=\"color: #993300;\">h\u00e9berg\u00e9 par des adh\u00e9rents du dojo<\/span>.<br \/>\nPour cela, veuillez nous envoyer un <a href=\"mailto:contact@aikidojo.fr\" target=\"_blank\" rel=\"noopener noreferrer\">courriel<\/a> au plus vite car les places sont limit\u00e9es.<\/p>\n<p style=\"padding-left: 30px;\"><strong>H\u00f4tel<\/strong><br \/>\nH\u00f4tel Campagnile &#8211; Chateauneuf de Grasse<br \/>\n<span style=\"color: #993300;\">Mentionnez \u00e0 votre r\u00e9servation que vous venez pour un stage sportif pour b\u00e9n\u00e9ficier d&rsquo;une r\u00e9duction<\/span>.<br \/>\n<a title=\"H\u00f4tel pour le stage d'aikido\" href=\"http:\/\/www.campanile-grasse-chateauneuf.fr\/fr\/index.aspx\" target=\"_blank\" rel=\"noopener noreferrer\">http:\/\/www.campanile-grasse-chateauneuf.fr\/<\/a><\/p>\n<p style=\"padding-left: 30px;\"><strong>Camping<\/strong><br \/>\nCamping L&rsquo;Or\u00e9e d&rsquo;Azur<br \/>\n<a title=\"Camping pour le stage d'Aikido\" href=\"http:\/\/www.camping-loreedazur.fr\" target=\"_blank\" rel=\"noopener noreferrer\">http:\/\/www.camping-loreedazur.fr<\/a><\/p>\n<p><strong>Participation<\/strong><\/p>\n<ul>\n<li><strong>Stage complet + 1 d\u00eener<\/strong>\u00a0&nbsp;: \u20ac65<\/li>\n<li>Cours <strong>\u00a01\/2 journ\u00e9e<\/strong>\u00a0: \u20ac30<\/li>\n<li>Panier repas \u00e0 emporter le dimanche midi: <strong>\u20ac5<\/strong> (\u00e0 demander 7 jours avant le stage)<\/li>\n<\/ul>\n<p>&nbsp;<\/p>\n<p><strong>Vid\u00e9o et Photographie du stage<\/strong><\/p>\n<div style=\"padding-left: 30px;\">\ud83d\ude2f Enregistrements vid\u00e9os et photographiques ne sont pas autoris\u00e9s\u00a0durant les cours.<\/div>\n<div style=\"padding-left: 30px;\"><\/div>\n<p><strong>Lieux du stage&#8230;<\/strong><\/p>\n<div title=\"Page 2\">\n<p style=\"padding-left: 30px;\"><strong>1- Salle du Maset (Samedi &#8211; Saturday)<br \/>\n<\/strong>458 Route d&rsquo;Opio<br \/>\n06740 Chateauneuf<br \/>\n43,67607 \u2013 6,975<\/p>\n<p style=\"padding-left: 30px;\"><strong>2- Gymnase (Dimanche &#8211; Sunday)<br \/>\n<\/strong>Salle du Bois de St Jeaume<br \/>\nColl\u00e8ge du pr\u00e9 des roures<br \/>\n06740 Chateauneuf<br \/>\n43,67372 \u2013 6,99294<\/p>\n<p style=\"padding-left: 30px;\"><strong>3- Notre-Dame du Brusc (plein-air &#8211; outdoors)<br \/>\n<\/strong>351 Chemin de Notre Dame du Brusc<br \/>\n43,65416 \u2013 6,98548<\/p>\n<\/div>\n<p style=\"padding-left: 30px;\"><strong>Entra\u00eenement aux armes en plein-air&nbsp;!<\/strong><\/p>\n<p style=\"padding-left: 30px;\">Pr\u00e9voyez des chaussures de sport pour une pratique des armes en ext\u00e9rieur, sous les oliviers, si le temps le permet.<\/p>\n<p style=\"padding-left: 30px;\">GRASSE est situ\u00e9e au Sud Est de la FRANCE dans la r\u00e9gion Provence\u2013Alpes C\u00f4te d\u2019Azur (PACA) et \u00e0 40mn de l\u2019a\u00e9roport de Nice C\u00f4te d\u2019Azur (2eme a\u00e9roport de France, Navette NICE\/PARIS toutes les heures avec Air-France).<\/p>\n<p style=\"padding-left: 30px;\"><img loading=\"lazy\" decoding=\"async\" class=\"alignnone wp-image-4446\" title=\"pic\" src=\"https:\/\/equilibreazur.fr\/azur\/wp-content\/uploads\/2012\/09\/pic.jpg\" alt=\"French Riviera\" width=\"600\" height=\"417\" srcset=\"https:\/\/equilibreazur.fr\/azur\/wp-content\/uploads\/2012\/09\/pic.jpg 449w, https:\/\/equilibreazur.fr\/azur\/wp-content\/uploads\/2012\/09\/pic-150x104.jpg 150w, https:\/\/equilibreazur.fr\/azur\/wp-content\/uploads\/2012\/09\/pic-400x277.jpg 400w, https:\/\/equilibreazur.fr\/azur\/wp-content\/uploads\/2012\/09\/pic-370x257.jpg 370w\" sizes=\"auto, (max-width: 600px) 100vw, 600px\" \/><br \/>\n<span style=\"color: #808080;\">Photo: Manfred Steinbach\/shutterstock<\/span><\/p>\n<p><strong>Plus d&rsquo;information&#8230;<\/strong><\/p>\n<p style=\"padding-left: 30px;\">Attention, <strong>ces informations peuvent \u00e9voluer<\/strong>&nbsp;!<br \/>\nMerci de revenir consulter cette page, ou mieux, de vous <a title=\"newsletter aikido\" href=\"http:\/\/aikidoblog.net\/fr\/news\/lettre-information\/\" target=\"_blank\" rel=\"noopener noreferrer\">inscrire \u00e0 notre lettre d&rsquo;information<\/a>.<\/p>\n<p style=\"padding-left: 30px;\">Pr\u00e9voir des <strong>chaussures de sport en cas de pratique \u00e0 l&rsquo;ext\u00e9rieur<\/strong>&#8230;<br \/>\nce sera le cas <strong>si le soleil est au rendez-vous le samedi<\/strong>.<br \/>\nNotez le num\u00e9ro de l&rsquo;organisateur \u00e0 cet effet&#8230;\u00a0+33 (0)6 60 42 26 32<\/p>\n<p style=\"padding-left: 30px;\"><a href=\"mailto:azur@aikidojo.fr\" target=\"_blank\" rel=\"noopener noreferrer\">azur@aikidojo.fr<\/a><br \/>\nAiki Dojo Azur<br \/>\n+33 (0)6 60 42 26 32<\/p>\n<p>Attention,\u00a0<strong>ces informations peuvent \u00e9voluer<\/strong>\u00a0!<br \/>\nMerci de revenir consulter cette page, ou mieux, de vous inscrire \u00e0 notre lettre d&rsquo;information\u00a0:<\/p>\n[wysija_form id=1]\n","protected":false},"excerpt":{"rendered":"<p>Pour la premi\u00e8re fois, Alessandro TITTARELLI Sensei, \u00e9l\u00e8ve de feu Morihiro SAITO Sensei et proche \u00e9l\u00e8ve et repr\u00e9sentant de SAITO Hitohira Sensei, dirigera un stage dans le sud de la France, sur la french Riviera&#8230;<\/p>\n","protected":false},"author":2,"featured_media":6932,"comment_status":"open","ping_status":"open","sticky":false,"template":"","format":"standard","meta":{"_acf_changed":false,"_seopress_robots_primary_cat":"","_seopress_titles_title":"","_seopress_titles_desc":"","_seopress_robots_index":"","generate_page_header":"","footnotes":""},"categories":[197],"tags":[160,248,95,204],"class_list":["post-6930","post","type-post","status-publish","format-standard","has-post-thumbnail","hentry","category-stages-calendrier","tag-a-tittarelli","tag-aikido","tag-nice-grasse","tag-stage","infinite-scroll-item","masonry-post","generate-columns","tablet-grid-50","mobile-grid-100","grid-parent","grid-50"],"acf":[],"_links":{"self":[{"href":"https:\/\/equilibreazur.fr\/azur\/wp-json\/wp\/v2\/posts\/6930","targetHints":{"allow":["GET"]}}],"collection":[{"href":"https:\/\/equilibreazur.fr\/azur\/wp-json\/wp\/v2\/posts"}],"about":[{"href":"https:\/\/equilibreazur.fr\/azur\/wp-json\/wp\/v2\/types\/post"}],"author":[{"embeddable":true,"href":"https:\/\/equilibreazur.fr\/azur\/wp-json\/wp\/v2\/users\/2"}],"replies":[{"embeddable":true,"href":"https:\/\/equilibreazur.fr\/azur\/wp-json\/wp\/v2\/comments?post=6930"}],"version-history":[{"count":6,"href":"https:\/\/equilibreazur.fr\/azur\/wp-json\/wp\/v2\/posts\/6930\/revisions"}],"predecessor-version":[{"id":7189,"href":"https:\/\/equilibreazur.fr\/azur\/wp-json\/wp\/v2\/posts\/6930\/revisions\/7189"}],"wp:featuredmedia":[{"embeddable":true,"href":"https:\/\/equilibreazur.fr\/azur\/wp-json\/wp\/v2\/media\/6932"}],"wp:attachment":[{"href":"https:\/\/equilibreazur.fr\/azur\/wp-json\/wp\/v2\/media?parent=6930"}],"wp:term":[{"taxonomy":"category","embeddable":true,"href":"https:\/\/equilibreazur.fr\/azur\/wp-json\/wp\/v2\/categories?post=6930"},{"taxonomy":"post_tag","embeddable":true,"href":"https:\/\/equilibreazur.fr\/azur\/wp-json\/wp\/v2\/tags?post=6930"}],"curies":[{"name":"wp","href":"https:\/\/api.w.org\/{rel}","templated":true}]}}