{"id":6912,"date":"2016-12-11T16:25:32","date_gmt":"2016-12-11T16:25:32","guid":{"rendered":"https:\/\/equilibreazur.fr\/azur\/?p=6912"},"modified":"2017-08-18T12:16:49","modified_gmt":"2017-08-18T12:16:49","slug":"2017-stage-aikido-savalli-herserange-54","status":"publish","type":"post","link":"https:\/\/equilibreazur.fr\/azur\/news\/2017-stage-aikido-savalli-herserange-54\/","title":{"rendered":"01\/2017&nbsp;: Stage Aikido traditionnel \u00e0 Herserange (54)"},"content":{"rendered":"<p style=\"text-align: center;\">\n<h2 style=\"text-align: center;\"><strong>Stage AIKIDO &#8211; Eric Savalli<br \/>\n<sup>9\u00e8me<\/sup>\u00a0stage en Meurthe-et-Moselle (54)<br \/>\n<\/strong><strong>14-15\u00a0janvier 2017<\/strong><\/h2>\n<h3>Eric SAVALLI<\/h3>\n<p style=\"padding-left: 30px;\">Ce stage est organis\u00e9 par St\u00e9phane Hlavacek. Il sera dirig\u00e9 par\u00a0Eric Savalli, 5\u00e8me Dan FAA, 4\u00e8me Dan Dento Iwama Ryu et 4\u00e8me Dan Aikikai.<br \/>\nEric \u00e9tudie l\u2019Aikido depuis 1988 sous la direction de <strong>Daniel TOUTAIN Sensei<\/strong> (FAA &#8211; Fundamental Aikido Association) dont il est proche \u00e9l\u00e8ve. Il est r\u00e9guli\u00e8rement son assistant lors de stages en France ou \u00e0 l\u2019\u00e9tranger ainsi que lors de tournages pour la r\u00e9alisation de DVDs. Il suit \u00e9galement assidument l\u2019enseignement de <strong>SAITO Hitohira\u00a0Sensei<\/strong> (Iwama Shinshin Aiki Shurenkai) depuis 1993.<br \/>\nIl est l&rsquo;auteur du site consacr\u00e9 \u00e0 l&rsquo;aikido <a title=\"Blog Aikido\" href=\"http:\/\/aikidoblog.net\/\" target=\"_blank\" rel=\"noopener\">http:\/\/<strong>aikidoblog.net<\/strong><\/a> et enseigne dans les alpes-maritimes (06) au sein de l&rsquo;<a title=\"Club Aikido 06\" href=\"https:\/\/equilibreazur.fr\/azur\" target=\"_blank\" rel=\"noopener\">Aiki Dojo Azur<\/a>.<\/p>\n<h3>PROGRAMME<\/h3>\n<p style=\"padding-left: 30px;\"><strong>Samedi 14\u00a0janvier<\/strong><\/p>\n<p style=\"padding-left: 30px;\">10:00-11:00 <strong>Aiki-Ken 1<\/strong><br \/>\n11:00-12:00 <strong>Aiki-Ken 2<\/strong><\/p>\n<p style=\"padding-left: 30px;\">12:00 Pique-nique sur place\u00a0<strong>\u00e0 pr\u00e9voir<\/strong><\/p>\n<p style=\"padding-left: 30px;\">13:00-14:00 <strong>Taijutsu 1 <\/strong>(<strong>Ado<\/strong> et Adultes)<br \/>\n14:00-15:00 <strong>Taijutsu 2<\/strong><br \/>\n15:00-16:00 <strong>Special keiko\u00a0\u00a0<\/strong>(3eme Kyu et plus)<\/p>\n<p style=\"padding-left: 30px;\">Repas de stage (<span style=\"color: #800000;\">r\u00e9servation avant le 7\/01\/2017<\/span>)<\/p>\n<p style=\"padding-left: 30px;\"><strong>Dimanche 15\u00a0janvier<\/strong><\/p>\n<p style=\"padding-left: 30px;\">09:30-10:30\u00a0<strong>Aiki-Jo 1<\/strong><br \/>\n10:30-11:30 <strong>Aiki-Jo 2<\/strong><\/p>\n<h3>PARTICIPATION<\/h3>\n<p style=\"padding-left: 30px;\">Stage complet&nbsp;: \u20ac 55<br \/>\n1 cours&nbsp;: \u20ac 10<br \/>\nSpecial Keiko: \u20ac 10<\/p>\n<h3>LIEU DU STAGE<\/h3>\n<p style=\"padding-left: 30px;\">Dojo municipal<br \/>\nAvenue Baron d&rsquo;Huart<br \/>\n54 Herserange<\/p>\n<h3>INFORMATIONS<\/h3>\n<p style=\"padding-left: 30px;\">Stage ouvert \u00e0 tous. Certificat d\u2019assurance ou licence obligatoire.<br \/>\nPr\u00e9voir Ken et Jo et <strong>chaussures de sport<\/strong> en cas de pratique des armes hors tatamis.<\/p>\n<h3>AFFICHE DU STAGE \u00e0 TELECHARGER<\/h3>\n<p style=\"padding-left: 30px;\"><a href=\"https:\/\/equilibreazur.fr\/azur\/wp-content\/uploads\/2016\/12\/2017-02-Aikido-Herserange.pdf\"><img alt=\"\" loading=\"lazy\" decoding=\"async\" class=\"alignnone size-medium wp-image-6913\" src=\"https:\/\/equilibreazur.fr\/azur\/wp-content\/uploads\/2016\/12\/2017-02-Aikido-Herserange-261x370.jpg\" alt=\"\" width=\"261\" height=\"370\" srcset=\"https:\/\/equilibreazur.fr\/azur\/wp-content\/uploads\/2016\/12\/2017-02-Aikido-Herserange-261x370.jpg 261w, https:\/\/equilibreazur.fr\/azur\/wp-content\/uploads\/2016\/12\/2017-02-Aikido-Herserange.jpg 300w\" sizes=\"auto, (max-width: 261px) 100vw, 261px\" \/><br \/>\n2017-02-Aikido-Herserange<\/a><\/p>\n<h3>PLUS D&rsquo;INFO<\/h3>\n<ul>\n<li>Le site Aikido3f de St\u00e9phane&nbsp;:<br \/>\n<a href=\"http:\/\/aikido3f.com\" target=\"_blank\" rel=\"noopener\">http:\/\/aikido3f.com<\/a><\/li>\n<li>Une interview de St\u00e9phane&nbsp;:<br \/>\n<a href=\"http:\/\/aikidoblog.net\/fr\/interviews\/2010-12-stephane-hlavacek\/\">2010-12-interview-stephane-hlavacek<\/a><\/li>\n<\/ul>\n<p>Attention,\u00a0<strong>ces informations peuvent \u00e9voluer<\/strong>\u00a0!<br \/>\nMerci de revenir consulter cette page, ou mieux, de vous inscrire \u00e0 notre lettre d&rsquo;information\u00a0:<\/p>\n[wysija_form id=1]\n<p>Vous pouvez \u00e9galement contacter l&rsquo;organisateur.<\/p>\n<p>&nbsp;<\/p>\n<p>&nbsp;<\/p>\n<h3>[Mise \u00e0 jour 15\/01\/2015] PHOTOS DU STAGE<\/h3>\n<figure id=\"attachment_7059\" aria-describedby=\"caption-attachment-7059\" style=\"width: 728px\" class=\"wp-caption alignnone\"><img alt=\"\" loading=\"lazy\" decoding=\"async\" class=\"size-large wp-image-7059\" src=\"https:\/\/equilibreazur.fr\/azur\/wp-content\/uploads\/2016\/12\/Aikido-3f-stage-2017-01-15-13.31.30-738x492.jpg\" alt=\"\" width=\"738\" height=\"492\" srcset=\"https:\/\/equilibreazur.fr\/azur\/wp-content\/uploads\/2016\/12\/Aikido-3f-stage-2017-01-15-13.31.30-738x492.jpg 738w, https:\/\/equilibreazur.fr\/azur\/wp-content\/uploads\/2016\/12\/Aikido-3f-stage-2017-01-15-13.31.30-370x247.jpg 370w, https:\/\/equilibreazur.fr\/azur\/wp-content\/uploads\/2016\/12\/Aikido-3f-stage-2017-01-15-13.31.30-600x400.jpg 600w, https:\/\/equilibreazur.fr\/azur\/wp-content\/uploads\/2016\/12\/Aikido-3f-stage-2017-01-15-13.31.30.jpg 960w\" sizes=\"auto, (max-width: 738px) 100vw, 738px\" \/><figcaption id=\"caption-attachment-7059\" class=\"wp-caption-text\">Stage E. Savalli &#8211; Aikidoo3f 01\/2017<\/figcaption><\/figure>\n<figure id=\"attachment_7058\" aria-describedby=\"caption-attachment-7058\" style=\"width: 728px\" class=\"wp-caption alignnone\"><a href=\"https:\/\/equilibreazur.fr\/azur\/news\/2017-stage-aikido-savalli-herserange-54\/attachment\/stage-e-savalli-aikidoo3f-012017\/#main\"><img alt=\"\" loading=\"lazy\" decoding=\"async\" class=\"wp-image-7058 size-large\" src=\"https:\/\/equilibreazur.fr\/azur\/wp-content\/uploads\/2016\/12\/Aikido-3f-stage-2017-01-14-15.56.36-738x492.jpg\" width=\"738\" height=\"492\" srcset=\"https:\/\/equilibreazur.fr\/azur\/wp-content\/uploads\/2016\/12\/Aikido-3f-stage-2017-01-14-15.56.36-738x492.jpg 738w, https:\/\/equilibreazur.fr\/azur\/wp-content\/uploads\/2016\/12\/Aikido-3f-stage-2017-01-14-15.56.36-370x247.jpg 370w, https:\/\/equilibreazur.fr\/azur\/wp-content\/uploads\/2016\/12\/Aikido-3f-stage-2017-01-14-15.56.36-600x400.jpg 600w, https:\/\/equilibreazur.fr\/azur\/wp-content\/uploads\/2016\/12\/Aikido-3f-stage-2017-01-14-15.56.36.jpg 960w\" sizes=\"auto, (max-width: 738px) 100vw, 738px\" \/><\/a><figcaption id=\"caption-attachment-7058\" class=\"wp-caption-text\">Stage E. Savalli &#8211; Aikidoo3f 01\/2017<\/figcaption><\/figure>\n<figure id=\"attachment_7060\" aria-describedby=\"caption-attachment-7060\" style=\"width: 728px\" class=\"wp-caption alignnone\"><img alt=\"\" loading=\"lazy\" decoding=\"async\" class=\"size-large wp-image-7060\" src=\"https:\/\/equilibreazur.fr\/azur\/wp-content\/uploads\/2016\/12\/Aikido-3f-stage-2017-01-15-13.30.01-738x492.jpg\" alt=\"\" width=\"738\" height=\"492\" srcset=\"https:\/\/equilibreazur.fr\/azur\/wp-content\/uploads\/2016\/12\/Aikido-3f-stage-2017-01-15-13.30.01-738x492.jpg 738w, https:\/\/equilibreazur.fr\/azur\/wp-content\/uploads\/2016\/12\/Aikido-3f-stage-2017-01-15-13.30.01-370x247.jpg 370w, https:\/\/equilibreazur.fr\/azur\/wp-content\/uploads\/2016\/12\/Aikido-3f-stage-2017-01-15-13.30.01-600x400.jpg 600w, https:\/\/equilibreazur.fr\/azur\/wp-content\/uploads\/2016\/12\/Aikido-3f-stage-2017-01-15-13.30.01.jpg 960w\" sizes=\"auto, (max-width: 738px) 100vw, 738px\" \/><figcaption id=\"caption-attachment-7060\" class=\"wp-caption-text\">Stage E. Savalli &#8211; Aikidoo3f 01\/2017<\/figcaption><\/figure>\n<figure id=\"attachment_7061\" aria-describedby=\"caption-attachment-7061\" style=\"width: 728px\" class=\"wp-caption alignnone\"><img alt=\"\" loading=\"lazy\" decoding=\"async\" class=\"size-large wp-image-7061\" src=\"https:\/\/equilibreazur.fr\/azur\/wp-content\/uploads\/2016\/12\/Aikido-3f-stage-2017-01-14-16.56.20-738x492.jpg\" alt=\"\" width=\"738\" height=\"492\" srcset=\"https:\/\/equilibreazur.fr\/azur\/wp-content\/uploads\/2016\/12\/Aikido-3f-stage-2017-01-14-16.56.20-738x492.jpg 738w, https:\/\/equilibreazur.fr\/azur\/wp-content\/uploads\/2016\/12\/Aikido-3f-stage-2017-01-14-16.56.20-370x247.jpg 370w, https:\/\/equilibreazur.fr\/azur\/wp-content\/uploads\/2016\/12\/Aikido-3f-stage-2017-01-14-16.56.20-600x400.jpg 600w, https:\/\/equilibreazur.fr\/azur\/wp-content\/uploads\/2016\/12\/Aikido-3f-stage-2017-01-14-16.56.20.jpg 960w\" sizes=\"auto, (max-width: 738px) 100vw, 738px\" \/><figcaption id=\"caption-attachment-7061\" class=\"wp-caption-text\">Stage E. Savalli &#8211; Aikidoo3f 01\/2017<\/figcaption><\/figure>\n<figure id=\"attachment_7062\" aria-describedby=\"caption-attachment-7062\" style=\"width: 728px\" class=\"wp-caption alignnone\"><img alt=\"\" loading=\"lazy\" decoding=\"async\" class=\"size-large wp-image-7062\" src=\"https:\/\/equilibreazur.fr\/azur\/wp-content\/uploads\/2016\/12\/Aikido-3f-stage-2017-01-14-16.42.37-738x492.jpg\" alt=\"\" width=\"738\" height=\"492\" srcset=\"https:\/\/equilibreazur.fr\/azur\/wp-content\/uploads\/2016\/12\/Aikido-3f-stage-2017-01-14-16.42.37-738x492.jpg 738w, https:\/\/equilibreazur.fr\/azur\/wp-content\/uploads\/2016\/12\/Aikido-3f-stage-2017-01-14-16.42.37-370x247.jpg 370w, https:\/\/equilibreazur.fr\/azur\/wp-content\/uploads\/2016\/12\/Aikido-3f-stage-2017-01-14-16.42.37-600x400.jpg 600w, https:\/\/equilibreazur.fr\/azur\/wp-content\/uploads\/2016\/12\/Aikido-3f-stage-2017-01-14-16.42.37.jpg 960w\" sizes=\"auto, (max-width: 738px) 100vw, 738px\" \/><figcaption id=\"caption-attachment-7062\" class=\"wp-caption-text\">Stage E. Savalli &#8211; Aikidoo3f 01\/2017<\/figcaption><\/figure>\n<figure id=\"attachment_7063\" aria-describedby=\"caption-attachment-7063\" style=\"width: 728px\" class=\"wp-caption alignnone\"><img alt=\"\" loading=\"lazy\" decoding=\"async\" class=\"size-large wp-image-7063\" src=\"https:\/\/equilibreazur.fr\/azur\/wp-content\/uploads\/2016\/12\/Aikido-3f-stage-2017-01-14-16.30.08-738x492.jpg\" alt=\"\" width=\"738\" height=\"492\" srcset=\"https:\/\/equilibreazur.fr\/azur\/wp-content\/uploads\/2016\/12\/Aikido-3f-stage-2017-01-14-16.30.08-738x492.jpg 738w, https:\/\/equilibreazur.fr\/azur\/wp-content\/uploads\/2016\/12\/Aikido-3f-stage-2017-01-14-16.30.08-370x247.jpg 370w, https:\/\/equilibreazur.fr\/azur\/wp-content\/uploads\/2016\/12\/Aikido-3f-stage-2017-01-14-16.30.08-600x400.jpg 600w, https:\/\/equilibreazur.fr\/azur\/wp-content\/uploads\/2016\/12\/Aikido-3f-stage-2017-01-14-16.30.08.jpg 960w\" sizes=\"auto, (max-width: 738px) 100vw, 738px\" \/><figcaption id=\"caption-attachment-7063\" class=\"wp-caption-text\">Stage E. Savalli &#8211; Aikidoo3f 01\/2017<\/figcaption><\/figure>\n<figure id=\"attachment_7064\" aria-describedby=\"caption-attachment-7064\" style=\"width: 728px\" class=\"wp-caption alignnone\"><img alt=\"\" loading=\"lazy\" decoding=\"async\" class=\"wp-image-7064\" src=\"https:\/\/equilibreazur.fr\/azur\/wp-content\/uploads\/2016\/12\/Aikido-3f-stage-2017-01-14-16.09.49-675x675.jpg\" width=\"738\" height=\"738\" srcset=\"https:\/\/equilibreazur.fr\/azur\/wp-content\/uploads\/2016\/12\/Aikido-3f-stage-2017-01-14-16.09.49-675x675.jpg 675w, https:\/\/equilibreazur.fr\/azur\/wp-content\/uploads\/2016\/12\/Aikido-3f-stage-2017-01-14-16.09.49-200x200.jpg 200w, https:\/\/equilibreazur.fr\/azur\/wp-content\/uploads\/2016\/12\/Aikido-3f-stage-2017-01-14-16.09.49-370x370.jpg 370w, https:\/\/equilibreazur.fr\/azur\/wp-content\/uploads\/2016\/12\/Aikido-3f-stage-2017-01-14-16.09.49-600x600.jpg 600w, https:\/\/equilibreazur.fr\/azur\/wp-content\/uploads\/2016\/12\/Aikido-3f-stage-2017-01-14-16.09.49.jpg 960w\" sizes=\"auto, (max-width: 738px) 100vw, 738px\" \/><figcaption id=\"caption-attachment-7064\" class=\"wp-caption-text\">Stage E. Savalli &#8211; Aikidoo3f 01\/2017<\/figcaption><\/figure>\n<figure id=\"attachment_7065\" aria-describedby=\"caption-attachment-7065\" style=\"width: 728px\" class=\"wp-caption alignnone\"><img alt=\"Stage E. Savalli - Aikidoo3f\" loading=\"lazy\" decoding=\"async\" class=\"size-large wp-image-7065\" src=\"https:\/\/equilibreazur.fr\/azur\/wp-content\/uploads\/2016\/12\/Aikido-3f-stage-2017-01-14-15.58.06-738x492.jpg\" alt=\"\" width=\"738\" height=\"492\" srcset=\"https:\/\/equilibreazur.fr\/azur\/wp-content\/uploads\/2016\/12\/Aikido-3f-stage-2017-01-14-15.58.06-738x492.jpg 738w, https:\/\/equilibreazur.fr\/azur\/wp-content\/uploads\/2016\/12\/Aikido-3f-stage-2017-01-14-15.58.06-370x247.jpg 370w, https:\/\/equilibreazur.fr\/azur\/wp-content\/uploads\/2016\/12\/Aikido-3f-stage-2017-01-14-15.58.06-600x400.jpg 600w, https:\/\/equilibreazur.fr\/azur\/wp-content\/uploads\/2016\/12\/Aikido-3f-stage-2017-01-14-15.58.06.jpg 960w\" sizes=\"auto, (max-width: 738px) 100vw, 738px\" \/><figcaption id=\"caption-attachment-7065\" class=\"wp-caption-text\">Stage E. Savalli &#8211; Aikidoo3f 01\/2017<\/figcaption><\/figure>\n<figure id=\"attachment_7066\" aria-describedby=\"caption-attachment-7066\" style=\"width: 728px\" class=\"wp-caption alignnone\"><img alt=\"\" loading=\"lazy\" decoding=\"async\" class=\"size-large wp-image-7066\" src=\"https:\/\/equilibreazur.fr\/azur\/wp-content\/uploads\/2016\/12\/Aikido-3f-stage-2017-01-14-15.03.47-738x492.jpg\" alt=\"\" width=\"738\" height=\"492\" srcset=\"https:\/\/equilibreazur.fr\/azur\/wp-content\/uploads\/2016\/12\/Aikido-3f-stage-2017-01-14-15.03.47-738x492.jpg 738w, https:\/\/equilibreazur.fr\/azur\/wp-content\/uploads\/2016\/12\/Aikido-3f-stage-2017-01-14-15.03.47-370x247.jpg 370w, https:\/\/equilibreazur.fr\/azur\/wp-content\/uploads\/2016\/12\/Aikido-3f-stage-2017-01-14-15.03.47-600x400.jpg 600w, https:\/\/equilibreazur.fr\/azur\/wp-content\/uploads\/2016\/12\/Aikido-3f-stage-2017-01-14-15.03.47.jpg 960w\" sizes=\"auto, (max-width: 738px) 100vw, 738px\" \/><figcaption id=\"caption-attachment-7066\" class=\"wp-caption-text\">Stage E. Savalli &#8211; Aikidoo3f 01\/2017<\/figcaption><\/figure>\n<figure id=\"attachment_7067\" aria-describedby=\"caption-attachment-7067\" style=\"width: 728px\" class=\"wp-caption alignnone\"><img alt=\"\" loading=\"lazy\" decoding=\"async\" class=\"size-large wp-image-7067\" src=\"https:\/\/equilibreazur.fr\/azur\/wp-content\/uploads\/2016\/12\/Aikido-3f-stage-2017-01-14-15.02.38-738x492.jpg\" alt=\"\" width=\"738\" height=\"492\" srcset=\"https:\/\/equilibreazur.fr\/azur\/wp-content\/uploads\/2016\/12\/Aikido-3f-stage-2017-01-14-15.02.38-738x492.jpg 738w, https:\/\/equilibreazur.fr\/azur\/wp-content\/uploads\/2016\/12\/Aikido-3f-stage-2017-01-14-15.02.38-370x247.jpg 370w, https:\/\/equilibreazur.fr\/azur\/wp-content\/uploads\/2016\/12\/Aikido-3f-stage-2017-01-14-15.02.38-600x400.jpg 600w, https:\/\/equilibreazur.fr\/azur\/wp-content\/uploads\/2016\/12\/Aikido-3f-stage-2017-01-14-15.02.38.jpg 960w\" sizes=\"auto, (max-width: 738px) 100vw, 738px\" \/><figcaption id=\"caption-attachment-7067\" class=\"wp-caption-text\">Stage E. Savalli &#8211; Aikidoo3f 01\/2017<\/figcaption><\/figure>\n<figure id=\"attachment_7068\" aria-describedby=\"caption-attachment-7068\" style=\"width: 728px\" class=\"wp-caption alignnone\"><img alt=\"\" loading=\"lazy\" decoding=\"async\" class=\"size-large wp-image-7068\" src=\"https:\/\/equilibreazur.fr\/azur\/wp-content\/uploads\/2016\/12\/Aikido-3f-stage-2017-01-14-13.54.32-738x492.jpg\" alt=\"\" width=\"738\" height=\"492\" srcset=\"https:\/\/equilibreazur.fr\/azur\/wp-content\/uploads\/2016\/12\/Aikido-3f-stage-2017-01-14-13.54.32-738x492.jpg 738w, https:\/\/equilibreazur.fr\/azur\/wp-content\/uploads\/2016\/12\/Aikido-3f-stage-2017-01-14-13.54.32-370x247.jpg 370w, https:\/\/equilibreazur.fr\/azur\/wp-content\/uploads\/2016\/12\/Aikido-3f-stage-2017-01-14-13.54.32-600x400.jpg 600w, https:\/\/equilibreazur.fr\/azur\/wp-content\/uploads\/2016\/12\/Aikido-3f-stage-2017-01-14-13.54.32.jpg 960w\" sizes=\"auto, (max-width: 738px) 100vw, 738px\" \/><figcaption id=\"caption-attachment-7068\" class=\"wp-caption-text\">Stage E. Savalli &#8211; Aikidoo3f 01\/2017<\/figcaption><\/figure>\n<figure id=\"attachment_7069\" aria-describedby=\"caption-attachment-7069\" style=\"width: 728px\" class=\"wp-caption alignnone\"><img alt=\"\" loading=\"lazy\" decoding=\"async\" class=\"size-large wp-image-7069\" src=\"https:\/\/equilibreazur.fr\/azur\/wp-content\/uploads\/2016\/12\/Aikido-3f-stage-2017-01-14-13.56.46-738x492.jpg\" alt=\"\" width=\"738\" height=\"492\" srcset=\"https:\/\/equilibreazur.fr\/azur\/wp-content\/uploads\/2016\/12\/Aikido-3f-stage-2017-01-14-13.56.46-738x492.jpg 738w, https:\/\/equilibreazur.fr\/azur\/wp-content\/uploads\/2016\/12\/Aikido-3f-stage-2017-01-14-13.56.46-370x247.jpg 370w, https:\/\/equilibreazur.fr\/azur\/wp-content\/uploads\/2016\/12\/Aikido-3f-stage-2017-01-14-13.56.46-600x400.jpg 600w, https:\/\/equilibreazur.fr\/azur\/wp-content\/uploads\/2016\/12\/Aikido-3f-stage-2017-01-14-13.56.46.jpg 960w\" sizes=\"auto, (max-width: 738px) 100vw, 738px\" \/><figcaption id=\"caption-attachment-7069\" class=\"wp-caption-text\">Stage E. Savalli &#8211; Aikidoo3f 01\/2017<\/figcaption><\/figure>\n<figure id=\"attachment_7070\" aria-describedby=\"caption-attachment-7070\" style=\"width: 728px\" class=\"wp-caption alignnone\"><img alt=\"\" loading=\"lazy\" decoding=\"async\" class=\"size-large wp-image-7070\" src=\"https:\/\/equilibreazur.fr\/azur\/wp-content\/uploads\/2016\/12\/Aikido-3f-stage-2017-01-14-13.14.59-738x492.jpg\" alt=\"\" width=\"738\" height=\"492\" srcset=\"https:\/\/equilibreazur.fr\/azur\/wp-content\/uploads\/2016\/12\/Aikido-3f-stage-2017-01-14-13.14.59-738x492.jpg 738w, https:\/\/equilibreazur.fr\/azur\/wp-content\/uploads\/2016\/12\/Aikido-3f-stage-2017-01-14-13.14.59-370x247.jpg 370w, https:\/\/equilibreazur.fr\/azur\/wp-content\/uploads\/2016\/12\/Aikido-3f-stage-2017-01-14-13.14.59-600x400.jpg 600w, https:\/\/equilibreazur.fr\/azur\/wp-content\/uploads\/2016\/12\/Aikido-3f-stage-2017-01-14-13.14.59.jpg 960w\" sizes=\"auto, (max-width: 738px) 100vw, 738px\" \/><figcaption id=\"caption-attachment-7070\" class=\"wp-caption-text\">Stage E. Savalli &#8211; Aikidoo3f 01\/2017<\/figcaption><\/figure>\n<p>&nbsp;<\/p>\n","protected":false},"excerpt":{"rendered":"<p>9eme stage d&rsquo;Aikido \u00e0 Herserange (54) avec Eric Savalli, 5e Dan FAA, 4e Dan Iwama Shinshin Aiki Shurenkai, organis\u00e9 par l&rsquo;Aikido-3f &#8211; St\u00e9phane Hlavacek &#8211; Eric est \u00e9l\u00e8ve des ma\u00eetres D. TOUTAIN et SAITO H. et enseigne l&rsquo;Aikido depuis plus de 1988.<\/p>\n","protected":false},"author":2,"featured_media":6915,"comment_status":"open","ping_status":"open","sticky":false,"template":"","format":"standard","meta":{"_acf_changed":false,"_seopress_robots_primary_cat":"","_seopress_titles_title":"","_seopress_titles_desc":"","_seopress_robots_index":"","generate_page_header":"","footnotes":""},"categories":[142,197],"tags":[253,199,204],"class_list":["post-6912","post","type-post","status-publish","format-standard","has-post-thumbnail","hentry","category-news","category-stages-calendrier","tag-herserange","tag-s-hlavacek","tag-stage","infinite-scroll-item","masonry-post","generate-columns","tablet-grid-50","mobile-grid-100","grid-parent","grid-50"],"acf":[],"_links":{"self":[{"href":"https:\/\/equilibreazur.fr\/azur\/wp-json\/wp\/v2\/posts\/6912","targetHints":{"allow":["GET"]}}],"collection":[{"href":"https:\/\/equilibreazur.fr\/azur\/wp-json\/wp\/v2\/posts"}],"about":[{"href":"https:\/\/equilibreazur.fr\/azur\/wp-json\/wp\/v2\/types\/post"}],"author":[{"embeddable":true,"href":"https:\/\/equilibreazur.fr\/azur\/wp-json\/wp\/v2\/users\/2"}],"replies":[{"embeddable":true,"href":"https:\/\/equilibreazur.fr\/azur\/wp-json\/wp\/v2\/comments?post=6912"}],"version-history":[{"count":6,"href":"https:\/\/equilibreazur.fr\/azur\/wp-json\/wp\/v2\/posts\/6912\/revisions"}],"predecessor-version":[{"id":7279,"href":"https:\/\/equilibreazur.fr\/azur\/wp-json\/wp\/v2\/posts\/6912\/revisions\/7279"}],"wp:featuredmedia":[{"embeddable":true,"href":"https:\/\/equilibreazur.fr\/azur\/wp-json\/wp\/v2\/media\/6915"}],"wp:attachment":[{"href":"https:\/\/equilibreazur.fr\/azur\/wp-json\/wp\/v2\/media?parent=6912"}],"wp:term":[{"taxonomy":"category","embeddable":true,"href":"https:\/\/equilibreazur.fr\/azur\/wp-json\/wp\/v2\/categories?post=6912"},{"taxonomy":"post_tag","embeddable":true,"href":"https:\/\/equilibreazur.fr\/azur\/wp-json\/wp\/v2\/tags?post=6912"}],"curies":[{"name":"wp","href":"https:\/\/api.w.org\/{rel}","templated":true}]}}