{"id":6907,"date":"2016-12-11T15:27:20","date_gmt":"2016-12-11T15:27:20","guid":{"rendered":"https:\/\/equilibreazur.fr\/azur\/?p=6907"},"modified":"2017-08-18T12:15:41","modified_gmt":"2017-08-18T12:15:41","slug":"2016-18-decembre-stage-qi-gong-aikido-region-nice","status":"publish","type":"post","link":"https:\/\/equilibreazur.fr\/azur\/news\/2016-18-decembre-stage-qi-gong-aikido-region-nice\/","title":{"rendered":"2016 &#8211; 18 D\u00e9cembre \u2013 Stage Qi-Gong &#038; Aikido r\u00e9gion de Nice \/ Sophia-Antipolis"},"content":{"rendered":"<p style=\"text-align: center;\">\n<h3>Stage AIKIDO &amp; QI-GONG<\/h3>\n<p style=\"padding-left: 30px;\">Entrainements mensuels\u00a0d&rsquo;<strong>Aikido<\/strong> pour tous niveaux dirig\u00e9s par <strong>Eric\u00a0SAVALLI, 5e Dan Iwama Ryu,<\/strong> \u00e9l\u00e8ve de <strong>Daniel TOUTAIN Sensei depuis 1988<\/strong> et de <strong>SAITO Hitohira Sensei depuis 1993<\/strong>.\u00a0<a title=\"Enseignant Aikido\" href=\"https:\/\/equilibreazur.fr\/azur\/dojocho\">Plus d&rsquo;infos<\/a>\u00a0sur son parcours.<\/p>\n<p style=\"padding-left: 30px;\">Entrainement exceptionnel de <strong>Qi-Gong<\/strong> pour tous niveaux dirig\u00e9s par <strong>Laurence MANTELET<\/strong>, enseignante de Qi-Gong.<\/p>\n<h3>YOGA \/ MEDITATION<\/h3>\n<p><!--more--><\/p>\n<p style=\"padding-left: 30px;\">Les s\u00e9ances d&rsquo;entrainements d\u00e9butent et se terminent par une petite pratique de postures\u00a0de Yoga, favorisant des moments de pleine-pr\u00e9sence pour l&rsquo;esprit et d&rsquo;assouplissement pour le corps. Eric Savalli pratique le Yoga depuis 2007. Il est \u00e9l\u00e8ve de <a href=\"http:\/\/yoganath.net\" target=\"_blank\" rel=\"noopener\">Nathalie<strong>\u00a0<\/strong>MOULIS<\/a> (2007 &#8211; Atha Yoga) et Sonia<strong>\u00a0<\/strong>TOMIOKA-TOUTAIN (2015 &#8211; Asthanga Yoga).<\/p>\n<p style=\"padding-left: 30px;\">Par ailleurs, il pratique\u00a0la m\u00e9ditation de fa\u00e7on quotidienne depuis 2009.<\/p>\n<p style=\"text-align: center;\"><img loading=\"lazy\" decoding=\"async\" class=\"alignnone wp-image-5676 size-medium\" src=\"https:\/\/equilibreazur.fr\/azur\/wp-content\/uploads\/2014\/11\/2014-10-Chapigneulles-stage-esavalli-370x370.jpg\" alt=\"Stage Aikido 54-Champigneulles 10\/2014\" width=\"370\" height=\"370\" srcset=\"https:\/\/equilibreazur.fr\/azur\/wp-content\/uploads\/2014\/11\/2014-10-Chapigneulles-stage-esavalli-370x370.jpg 370w, https:\/\/equilibreazur.fr\/azur\/wp-content\/uploads\/2014\/11\/2014-10-Chapigneulles-stage-esavalli-200x200.jpg 200w, https:\/\/equilibreazur.fr\/azur\/wp-content\/uploads\/2014\/11\/2014-10-Chapigneulles-stage-esavalli.jpg 640w, https:\/\/equilibreazur.fr\/azur\/wp-content\/uploads\/2014\/11\/2014-10-Chapigneulles-stage-esavalli-600x600.jpg 600w, https:\/\/equilibreazur.fr\/azur\/wp-content\/uploads\/2014\/11\/2014-10-Chapigneulles-stage-esavalli-150x150.jpg 150w, https:\/\/equilibreazur.fr\/azur\/wp-content\/uploads\/2014\/11\/2014-10-Chapigneulles-stage-esavalli-400x400.jpg 400w\" sizes=\"auto, (max-width: 370px) 100vw, 370px\" \/><br \/>\nPhoto de stage \u2013\u00a0<a title=\"E. Savalli sous Twitter\" href=\"http:\/\/twitter.com\/ericsavalli\">@EricSavalli<\/a>\u00a0avec Alexandre LHUILLIER<br \/>\nphoto\u00a0\u00a9\u00a02014 e.savalli<\/p>\n<figure id=\"attachment_6574\" aria-describedby=\"caption-attachment-6574\" style=\"width: 360px\" class=\"wp-caption aligncenter\"><img loading=\"lazy\" decoding=\"async\" class=\"wp-image-6574 size-medium\" src=\"https:\/\/equilibreazur.fr\/azur\/wp-content\/uploads\/2015\/12\/2015-12-Qi-Gong-Laurence-Mantelet-370x370.jpg\" alt=\"Stage Aikido - Aiki Dojo Azur - Eric Savalli \/ Laurence Mantelet \/ Yvon Ambroise - 12\/2015\" width=\"370\" height=\"370\" srcset=\"https:\/\/equilibreazur.fr\/azur\/wp-content\/uploads\/2015\/12\/2015-12-Qi-Gong-Laurence-Mantelet-370x370.jpg 370w, https:\/\/equilibreazur.fr\/azur\/wp-content\/uploads\/2015\/12\/2015-12-Qi-Gong-Laurence-Mantelet-200x200.jpg 200w, https:\/\/equilibreazur.fr\/azur\/wp-content\/uploads\/2015\/12\/2015-12-Qi-Gong-Laurence-Mantelet-768x768.jpg 768w, https:\/\/equilibreazur.fr\/azur\/wp-content\/uploads\/2015\/12\/2015-12-Qi-Gong-Laurence-Mantelet-675x675.jpg 675w, https:\/\/equilibreazur.fr\/azur\/wp-content\/uploads\/2015\/12\/2015-12-Qi-Gong-Laurence-Mantelet-600x600.jpg 600w, https:\/\/equilibreazur.fr\/azur\/wp-content\/uploads\/2015\/12\/2015-12-Qi-Gong-Laurence-Mantelet.jpg 960w\" sizes=\"auto, (max-width: 370px) 100vw, 370px\" \/><figcaption id=\"caption-attachment-6574\" class=\"wp-caption-text\">Stage Qi-Gong\u00a0&#8211; Aiki Dojo Azur &#8211; Laurence Mantelet &#8211; 12\/2015<\/figcaption><\/figure>\n<h3>DATE<\/h3>\n<p style=\"padding-left: 30px;\">Stage AIKIDO + QI GONG<br \/>\n&nbsp;\u00ab\u00a0Episode 1\u00a0\u00bb\u00a0\ud83d\ude42 de la saison 2016-2017<br \/>\nDimanche<strong>\u00a018\u00a0d\u00e9cembre 2016<br \/>\n<\/strong><\/p>\n<h3>PROGRAMME<\/h3>\n<p style=\"padding-left: 30px;\">Le programe peut \u00eatre quelque peu modifi\u00e9 (par exemple armes le matin, Jo uniquement l&rsquo;apr\u00e8s-midi&#8230;)<\/p>\n<p style=\"padding-left: 30px;\"><strong><strong><strong>08h45\u00a0<span style=\"color: #999999;\">\u2013\u00a0<\/span><\/strong><strong>Nettoyage du dojo<\/strong><\/strong><\/strong><\/p>\n<p style=\"padding-left: 30px;\"><strong>09h00\u00a0<span style=\"color: #999999;\">\u2013 09h55<\/span> <a title=\"M\u00e9ditation\" href=\"http:\/\/aikidoblog.net\/chinkon\/\" target=\"_blank\" rel=\"noopener\">M\u00e9ditation<\/a><\/strong>\u00a0<strong>guid\u00e9e<\/strong> (30mn) &amp;\u00a0<strong><a href=\"http:\/\/aikidoblog.net\/fr\/articles\/aikido-yoga\/\" target=\"_blank\" rel=\"noopener\">Yoga<\/a><\/strong>\u00a0(30mn) &#8211; Optionel<br \/>\n<strong><strong>10h00\u00a0<span style=\"color: #999999;\">\u2013 10h55<\/span><\/strong> Aikido<\/strong>\u00a0: mains nues (60mn)<br \/>\n<strong>11h00 <span style=\"color: #999999;\">\u2013 11h55<\/span><\/strong> <strong>Qi&nbsp;Gong<\/strong>\u00a0(60mn)<\/p>\n<p style=\"padding-left: 30px;\"><span style=\"color: #808080;\"><strong>Repas l\u00e9ger\u00a0sur place<\/strong> (pr\u00e9voir le n\u00e9cessaire)<\/span><\/p>\n<p style=\"padding-left: 30px;\"><strong>12h45\u00a0<span style=\"color: #999999;\"><strong>\u2013<\/strong>\u00a013h30<\/span><\/strong> <strong>Aikido<\/strong>\u00a0:\u00a0Armes\u00a0(45mn)<br \/>\n<strong>13h30\u00a0<span style=\"color: #999999;\">\u2013\u00a014h15<\/span><\/strong> <strong>Qi&nbsp;Gong<\/strong>\u00a0: mains nues\u00a0(45mn)<br \/>\n<strong>14h15<\/strong> &#8211; <strong>Yoga<\/strong> (10mn)<\/p>\n<p style=\"padding-left: 30px;\"><span style=\"color: #808080;\">14h30 Passages de grades (se renseigner)<\/span><\/p>\n<h3>PARTICIPATION<\/h3>\n<p style=\"padding-left: 30px;\">Tout ou partie&nbsp;: 15\u00a0\u20ac<br \/>\n<span style=\"color: #888888;\">(famille&nbsp;: 5\u20ac\u00a0\u00e0 partir de la deuxi\u00e8me personne)<\/span><\/p>\n<h3>LIEU<\/h3>\n<p style=\"padding-left: 30px;\">Dojo de la <strong>salle Maset<\/strong><br \/>\nCh\u00e2teauneuf de Grasse \/ Region Nice-Grasse (06)<br \/>\nLe stage \u00e0 lieu \u00e0 proximit\u00e9 imm\u00e9diate d&rsquo;Opio, Le rouret, Roquefort, Valbonnne et Grasse.<\/p>\n<p style=\"padding-left: 30px;\">Plan avec Google Street&nbsp;: <a href=\"http:\/\/tinyurl.com\/aikido-maset\" target=\"_blank\" rel=\"noopener\"><strong>http:\/\/tinyurl.com\/aikido-maset<\/strong><\/a><\/p>\n<p style=\"padding-left: 30px;\"><small><a style=\"color: #0000ff; text-align: left;\" href=\"http:\/\/tinyurl.com\/aikido-maset\" target=\"_blank\" rel=\"noopener\"><img loading=\"lazy\" decoding=\"async\" class=\"aligncenter size-full wp-image-796\" title=\"salle-maset-chateauneuf\" src=\"http:\/\/aikidoblog.net\/wp-content\/uploads\/salle-maset-chateauneuf.png\" alt=\"Aikido \u00e0 Grasse - Chateauneuf - Stage mensuel\" width=\"450\" height=\"437\" \/><br \/>\n<\/a><\/small><\/p>\n<h3>INFORMATION<\/h3>\n<p style=\"padding-left: 30px;\"><strong>Cours d&rsquo;Aikido r\u00e9guliers<\/strong> (mensuels) donn\u00e9s sous la forme d&rsquo;un stage, ouverts \u00e0 tous les pratiquants d&rsquo;Aikido quelque soit leur \u00e9cole ou f\u00e9d\u00e9ration.<br \/>\n<strong>Cours de Qi-Gong exceptionnels<\/strong> id\u00e9als pour une initiation au Qi-Gong.<\/p>\n<p style=\"padding-left: 30px;\">Le stage d\u00e9bute par une petite session optionnelle de <strong><a title=\"M\u00e9ditation\" href=\"http:\/\/aikidoblog.net\/chinkon\/\" target=\"_blank\" rel=\"noopener\">M\u00e9ditation<\/a><\/strong>\u00a0et de <strong><a href=\"http:\/\/aikidoblog.net\/fr\/articles\/aikido-yoga\/\" target=\"_blank\" rel=\"noopener\">Yoga<\/a><\/strong>.<\/p>\n<h3>S&rsquo;EQUIPER CORRECTEMENT&#8230;<\/h3>\n<p style=\"padding-left: 30px;\"><strong>Pr\u00e9voir un coussin (ou un zafu)<\/strong> pour l&rsquo;assise durant la m\u00e9ditation (la m\u00e9ditation est guid\u00e9e, toutefois quelques \u00e9l\u00e9ments d&rsquo;instruction peuvent \u00eatre\u00a0donn\u00e9s si vous le souhaitez).<\/p>\n<p style=\"padding-left: 30px;\">Se munir de <strong>chaussures de sport<\/strong> en cas de pratique en plein air\u00a0(entra\u00eenement sous les oliviers en cas de beau temps&nbsp;;o))<\/p>\n<p style=\"padding-left: 30px;\">Des armes (Ken, Jo, Tanto) peuvent \u00eatre pr\u00eat\u00e9es en cas de besoin. Pr\u00e9venir \u00e0 l&rsquo;avance.<\/p>\n<h3>CONTACT<\/h3>\n<p style=\"padding-left: 30px;\"><a href=\"mailto:contact@aiki-dojo.fr\">contact@aiki-dojo.fr<\/a><br \/>\nAiki Dojo Azur<br \/>\n+33 (0)6 60 42 26 32<\/p>\n<h3>TELECHARGER L\u2019AFFICHE<\/h3>\n<p style=\"padding-left: 30px;\"><a title=\"Affiche Stage Aikido Iwama Ryu\" href=\"https:\/\/equilibreazur.fr\/azur\/!box\/stage\/2016-2017-koshukai-ADA.pdf\" target=\"_blank\" rel=\"noopener\"><img loading=\"lazy\" decoding=\"async\" class=\"alignnone wp-image-2895\" title=\"2011-2012-koshukai-ADA-small250\" src=\"http:\/\/aikidoblog.net\/wp-content\/uploads\/2011\/07\/2011-2012-koshukai-ADA-small250.png\" alt=\"Stage aikido - koshukai\" width=\"260\" height=\"184\" \/><\/a><\/p>\n<div class=\"mceTemp\" style=\"text-align: justify;\">\n<p><a href=\"https:\/\/equilibreazur.fr\/azur\/wp-content\/uploads\/2015\/11\/2010-03-06-10-14-00-aikido-koshukai-maset.jpg\"><img loading=\"lazy\" decoding=\"async\" class=\"wp-image-6340 size-large\" src=\"https:\/\/equilibreazur.fr\/azur\/wp-content\/uploads\/2015\/11\/2010-03-06-10-14-00-aikido-koshukai-maset-675x388.jpg\" alt=\"Stage Aikido Koshukai - Salle Maset - Mars 2010\" width=\"675\" height=\"388\" \/><\/a><\/p>\n<p><img loading=\"lazy\" decoding=\"async\" class=\"size-full wp-image-6423\" src=\"https:\/\/equilibreazur.fr\/azur\/wp-content\/uploads\/2015\/11\/2015-11-stage-aikido-masset.jpg\" alt=\"Stage Aikido - Aiki Dojo Azur - Eric Savalli - 11\/2015\" width=\"640\" height=\"360\" srcset=\"https:\/\/equilibreazur.fr\/azur\/wp-content\/uploads\/2015\/11\/2015-11-stage-aikido-masset.jpg 640w, https:\/\/equilibreazur.fr\/azur\/wp-content\/uploads\/2015\/11\/2015-11-stage-aikido-masset-370x208.jpg 370w, https:\/\/equilibreazur.fr\/azur\/wp-content\/uploads\/2015\/11\/2015-11-stage-aikido-masset-600x338.jpg 600w\" sizes=\"auto, (max-width: 640px) 100vw, 640px\" \/><\/p>\n<p><img loading=\"lazy\" decoding=\"async\" class=\"wp-image-6572 size-large\" src=\"https:\/\/equilibreazur.fr\/azur\/wp-content\/uploads\/2015\/12\/2015-12-Qi-Gong-Mantelet-738x415.jpg\" alt=\"2015-12-Qi&nbsp;Gong-Mantelet\" width=\"738\" height=\"415\" srcset=\"https:\/\/equilibreazur.fr\/azur\/wp-content\/uploads\/2015\/12\/2015-12-Qi-Gong-Mantelet-738x415.jpg 738w, https:\/\/equilibreazur.fr\/azur\/wp-content\/uploads\/2015\/12\/2015-12-Qi-Gong-Mantelet-370x208.jpg 370w, https:\/\/equilibreazur.fr\/azur\/wp-content\/uploads\/2015\/12\/2015-12-Qi-Gong-Mantelet-768x432.jpg 768w, https:\/\/equilibreazur.fr\/azur\/wp-content\/uploads\/2015\/12\/2015-12-Qi-Gong-Mantelet-600x338.jpg 600w, https:\/\/equilibreazur.fr\/azur\/wp-content\/uploads\/2015\/12\/2015-12-Qi-Gong-Mantelet.jpg 960w\" sizes=\"auto, (max-width: 738px) 100vw, 738px\" \/><\/p>\n<\/div>\n","protected":false},"excerpt":{"rendered":"<p>Dimanche 18\/12\/2016 :  Stage Aikido et Qi Gong \u00e0 Chateauneuf de Grasse, proche de Roquefort les pins et Opio en r\u00e9gion de Nice \/ Grasse \/ Valbonne &#8211; C\u00f4t\u00e9 d&rsquo;Azur &#8211; avec Laurence Mantelet et Eric Savalli <\/p>\n","protected":false},"author":2,"featured_media":6918,"comment_status":"open","ping_status":"open","sticky":false,"template":"","format":"standard","meta":{"_acf_changed":false,"_seopress_robots_primary_cat":"","_seopress_titles_title":"","_seopress_titles_desc":"Stage Qi Gong et Aikido (+Yoga+M\u00e9ditation) en r\u00e9gion de Nice \/ Grasse \/ Valbonne - C\u00f4t\u00e9 d&#039;Azur avec Eric Savalli et Laurence Mantelet (12\/2016)","_seopress_robots_index":"","generate_page_header":"","footnotes":""},"categories":[142,197],"tags":[248,45,212,95,213,120,204,201],"class_list":["post-6907","post","type-post","status-publish","format-standard","has-post-thumbnail","hentry","category-news","category-stages-calendrier","tag-aikido","tag-e-savalli","tag-l-mantelet","tag-nice-grasse","tag-qi-gong","tag-sophia-antipolis","tag-stage","tag-yoga","infinite-scroll-item","masonry-post","generate-columns","tablet-grid-50","mobile-grid-100","grid-parent","grid-50"],"acf":[],"_links":{"self":[{"href":"https:\/\/equilibreazur.fr\/azur\/wp-json\/wp\/v2\/posts\/6907","targetHints":{"allow":["GET"]}}],"collection":[{"href":"https:\/\/equilibreazur.fr\/azur\/wp-json\/wp\/v2\/posts"}],"about":[{"href":"https:\/\/equilibreazur.fr\/azur\/wp-json\/wp\/v2\/types\/post"}],"author":[{"embeddable":true,"href":"https:\/\/equilibreazur.fr\/azur\/wp-json\/wp\/v2\/users\/2"}],"replies":[{"embeddable":true,"href":"https:\/\/equilibreazur.fr\/azur\/wp-json\/wp\/v2\/comments?post=6907"}],"version-history":[{"count":5,"href":"https:\/\/equilibreazur.fr\/azur\/wp-json\/wp\/v2\/posts\/6907\/revisions"}],"predecessor-version":[{"id":7276,"href":"https:\/\/equilibreazur.fr\/azur\/wp-json\/wp\/v2\/posts\/6907\/revisions\/7276"}],"wp:featuredmedia":[{"embeddable":true,"href":"https:\/\/equilibreazur.fr\/azur\/wp-json\/wp\/v2\/media\/6918"}],"wp:attachment":[{"href":"https:\/\/equilibreazur.fr\/azur\/wp-json\/wp\/v2\/media?parent=6907"}],"wp:term":[{"taxonomy":"category","embeddable":true,"href":"https:\/\/equilibreazur.fr\/azur\/wp-json\/wp\/v2\/categories?post=6907"},{"taxonomy":"post_tag","embeddable":true,"href":"https:\/\/equilibreazur.fr\/azur\/wp-json\/wp\/v2\/tags?post=6907"}],"curies":[{"name":"wp","href":"https:\/\/api.w.org\/{rel}","templated":true}]}}