{"id":6858,"date":"2016-10-17T20:59:46","date_gmt":"2016-10-17T20:59:46","guid":{"rendered":"https:\/\/equilibreazur.fr\/azur\/?p=6858"},"modified":"2023-06-20T07:10:01","modified_gmt":"2023-06-20T07:10:01","slug":"un-jour-une-vie-jean-louis-boulard","status":"publish","type":"post","link":"https:\/\/equilibreazur.fr\/azur\/news\/un-jour-une-vie-jean-louis-boulard\/","title":{"rendered":"Un jour, une vie &#8211; Jean-Louis Boulard"},"content":{"rendered":"<p>Je sais que cette page ne me survivra pas longtemps, mais je tenais tout de m\u00eame \u00e0 laisser une trace, fut-ce telle br\u00e8ve, en hommage \u00e0 un ami qui fut un \u00e9l\u00e8ve (le premier m\u00eame \u00e0 qui j&rsquo;ai d\u00e9livr\u00e9 le grade de ceinture noire) et avant tout un ami.<\/p>\n<p>Jean-louis avait un coeur et une sensibilit\u00e9 comme j&rsquo;en ai rarement rencontr\u00e9s.<\/p>\n<p>Je l&rsquo;ai connu instituteur essayant de faire appliquer ses valeurs dans ses cours aupr\u00e8s\u00a0des jeunes enfants malgr\u00e9 le poids et le carcan\u00a0du syst\u00e8me \u00e9ducatif.<\/p>\n<p>Je l&rsquo;ai vu humaniste, me prenant dans ses bras pour me remercier de lui avoir fait d\u00e9couvrir l&rsquo;Aikido et de l&rsquo;avoir aider \u00e0 r\u00e9aliser l&rsquo;un de ses r\u00eaves&nbsp;: celui de transformer sa maison en&nbsp;\u00ab\u00a0<a href=\"https:\/\/www.youtube.com\/watch?v=_6hQTYk8O50\" target=\"_blank\" rel=\"noopener\">maison bleue<\/a>\u00a0\u00bb \u00e0 l&rsquo;occasion de stages d&rsquo;\u00e9t\u00e9 (stage avec Daniel TOUTAIN organis\u00e9s\u00a0alors dans le Tr\u00e9gor \u00e0 Lannion)&#8230; A l&rsquo;instar de son coeur, sa maison, les portes grandes ouvertes, \u00e9tait devenue le temps d&rsquo;un \u00e9t\u00e9, un lieu o\u00f9 l&rsquo;amiti\u00e9 et la fraternit\u00e9\u00a0r\u00e9gnaient\u00a0en ma\u00eetres au del\u00e0 des fronti\u00e8res.<\/p>\n<p>Mais ce n&rsquo;\u00e9tait pas l\u00e0 le seul r\u00eave que je l&rsquo;ai vu r\u00e9aliser. Passionn\u00e9 d&rsquo;\u00e9cologie de la premi\u00e8re heure, de solutions alternatives, de consommation raisonn\u00e9e et de solutions\u00a0respectueuses de l&rsquo;environnement.\u00a0Jean-Louis quitte l&rsquo;enseignement mais n&rsquo;a\u00a0pas abandonn\u00e9 l&rsquo;id\u00e9e de transmettre ses valeurs au plus grand nombre et en particulier \u00e0 la jeune g\u00e9n\u00e9ration. Il s&rsquo;attele \u00e0 un nouveau projet avec Carsten GREVE et d\u00e9cide de cr\u00e9er un parc d\u00e9di\u00e9 au respect de l&rsquo;environnement\u00a0:\u00a0<span class=\"lettrine\">L<\/span>&lsquo;\u00c9cocentre Tr\u00e9gor&nbsp;\u00ab\u00a0Spered all\u00a0\u00bb (l&rsquo;autre esprit\u00a0\u00bb en breton) est cr\u00e9\u00e9. Plusieurs ann\u00e9es&nbsp;\u00a0se sont \u00e9coul\u00e9es et aujourd&rsquo;hui ce site, situ\u00e9 non loin du fameux&nbsp;\u00ab\u00a0village gaulois\u00a0\u00bb de Pleumeur-Bodou, rayonne dans le Tr\u00e9gor. Bravo monsieur Jean-Louis.<\/p>\n<blockquote><p>\u00ab C&rsquo;est vrai que notre projet, au d\u00e9part, ressemble \u00e0 un pari un peu fou&nbsp;! Mais en ne s&rsquo;interdisant pas de r\u00eaver, on permet \u00e0 cette folie de prendre corps&nbsp;!&nbsp;\u00bb<br \/>\n&#8211; Jean-Louis Boulard.<\/p><\/blockquote>\n<p>La vie est trop courte, et chaque jour devrait \u00eatre v\u00e9cu comme le dernier. C&rsquo;est en substance la le\u00e7on du koan&nbsp;\u00ab\u00a0Un jour, une vie\u00a0\u00bb. C&rsquo;est aussi la le\u00e7on que tu nous laisses, toi qui as su mettre chaque jour de ta vie au service de tes r\u00eaves afin de les r\u00e9aliser&#8230; et ils \u00e9taient beaux.<\/p>\n<p>Merci l&rsquo;ami. Kenavo.<\/p>\n<figure id=\"attachment_6862\" aria-describedby=\"caption-attachment-6862\" style=\"width: 590px\" class=\"wp-caption aligncenter\"><img loading=\"lazy\" decoding=\"async\" class=\"wp-image-6862 size-full\" src=\"https:\/\/equilibreazur.fr\/azur\/wp-content\/uploads\/2016\/10\/jean-louis-boulard.jpg\" alt=\"jean-louis-boulard\" width=\"600\" height=\"600\" srcset=\"https:\/\/equilibreazur.fr\/azur\/wp-content\/uploads\/2016\/10\/jean-louis-boulard.jpg 600w, https:\/\/equilibreazur.fr\/azur\/wp-content\/uploads\/2016\/10\/jean-louis-boulard-200x200.jpg 200w, https:\/\/equilibreazur.fr\/azur\/wp-content\/uploads\/2016\/10\/jean-louis-boulard-370x370.jpg 370w\" sizes=\"auto, (max-width: 600px) 100vw, 600px\" \/><figcaption id=\"caption-attachment-6862\" class=\"wp-caption-text\">La passion de la transmission<\/figcaption><\/figure>\n<figure id=\"attachment_6872\" aria-describedby=\"caption-attachment-6872\" style=\"width: 728px\" class=\"wp-caption alignnone\"><img loading=\"lazy\" decoding=\"async\" class=\"wp-image-6872 size-large\" src=\"https:\/\/equilibreazur.fr\/azur\/wp-content\/uploads\/2016\/10\/eco-centre-tregor-738x452.jpg\" alt=\"Ecocentre Tregor\" width=\"738\" height=\"452\" srcset=\"https:\/\/equilibreazur.fr\/azur\/wp-content\/uploads\/2016\/10\/eco-centre-tregor-738x452.jpg 738w, https:\/\/equilibreazur.fr\/azur\/wp-content\/uploads\/2016\/10\/eco-centre-tregor-370x226.jpg 370w, https:\/\/equilibreazur.fr\/azur\/wp-content\/uploads\/2016\/10\/eco-centre-tregor-600x367.jpg 600w, https:\/\/equilibreazur.fr\/azur\/wp-content\/uploads\/2016\/10\/eco-centre-tregor.jpg 987w\" sizes=\"auto, (max-width: 738px) 100vw, 738px\" \/><figcaption id=\"caption-attachment-6872\" class=\"wp-caption-text\">L&rsquo;\u00e9cocentre Tregor<\/figcaption><\/figure>\n<figure id=\"attachment_6868\" aria-describedby=\"caption-attachment-6868\" style=\"width: 728px\" class=\"wp-caption aligncenter\"><img loading=\"lazy\" decoding=\"async\" class=\"wp-image-6868 size-large\" src=\"https:\/\/equilibreazur.fr\/azur\/wp-content\/uploads\/2016\/10\/2001-07-Jean-Louis-Boulard-738x553.jpg\" alt=\"Jean-Louis Boulard dans sa maison bleue en 2001\" width=\"738\" height=\"553\" srcset=\"https:\/\/equilibreazur.fr\/azur\/wp-content\/uploads\/2016\/10\/2001-07-Jean-Louis-Boulard-738x553.jpg 738w, https:\/\/equilibreazur.fr\/azur\/wp-content\/uploads\/2016\/10\/2001-07-Jean-Louis-Boulard-370x277.jpg 370w, https:\/\/equilibreazur.fr\/azur\/wp-content\/uploads\/2016\/10\/2001-07-Jean-Louis-Boulard-600x449.jpg 600w, https:\/\/equilibreazur.fr\/azur\/wp-content\/uploads\/2016\/10\/2001-07-Jean-Louis-Boulard.jpg 960w\" sizes=\"auto, (max-width: 738px) 100vw, 738px\" \/><figcaption id=\"caption-attachment-6868\" class=\"wp-caption-text\">Jean-Louis Boulard dans sa maison bleue (2001)<\/figcaption><\/figure>\n<figure id=\"attachment_6864\" aria-describedby=\"caption-attachment-6864\" style=\"width: 496px\" class=\"wp-caption aligncenter\"><img loading=\"lazy\" decoding=\"async\" class=\"wp-image-6864 size-large\" src=\"https:\/\/equilibreazur.fr\/azur\/wp-content\/uploads\/2016\/10\/2001-10-Iwama-japon-506x675.jpg\" alt=\"Jean-Louis, sur le chemin de retour d'une formation d'Aikido au Japon\" width=\"506\" height=\"675\" srcset=\"https:\/\/equilibreazur.fr\/azur\/wp-content\/uploads\/2016\/10\/2001-10-Iwama-japon-506x675.jpg 506w, https:\/\/equilibreazur.fr\/azur\/wp-content\/uploads\/2016\/10\/2001-10-Iwama-japon-278x370.jpg 278w, https:\/\/equilibreazur.fr\/azur\/wp-content\/uploads\/2016\/10\/2001-10-Iwama-japon-600x800.jpg 600w, https:\/\/equilibreazur.fr\/azur\/wp-content\/uploads\/2016\/10\/2001-10-Iwama-japon.jpg 720w\" sizes=\"auto, (max-width: 506px) 100vw, 506px\" \/><figcaption id=\"caption-attachment-6864\" class=\"wp-caption-text\">Jean-Louis, sur le chemin de retour d&rsquo;une formation d&rsquo;Aikido au Japon (2001)<\/figcaption><\/figure>\n<p>La c\u00e9r\u00e9monie religieuse sera c\u00e9l\u00e9br\u00e9e\u00a0jeudi 20 octobre, \u00e0 14 h 30,\u00a0en la chapelle Notre-Dame-de-la-Clart\u00e9.<\/p>\n<p><strong>Liens<\/strong><\/p>\n<ul>\n<li><a href=\"http:\/\/spered.all.free.fr\" target=\"_blank\" rel=\"noopener\"><span class=\"lettrine\">L<\/span>&lsquo;\u00c9cocentre Tr\u00e9gor<\/a>\u00a0\u00ab\u00a0Spered all\u00a0\u00bb [spered.all.free.fr]<\/li>\n<li>Article 2015&nbsp;\u00ab\u00a0<a href=\"http:\/\/www.ouest-france.fr\/bretagne\/lannion-22300\/jean-louis-co-fondateur-3602185\" target=\"_blank\" rel=\"noopener\">Jean-Louis Boulard &#8211; Co-fondateur<\/a>\u00a0\u00bb [ouest-france.fr]<\/li>\n<li><a href=\"https:\/\/www.youtube.com\/watch?v=tNqakkTKR-g\" target=\"_blank\" rel=\"noopener\">Vid\u00e9o de pr\u00e9sentation<\/a> du centre [youtube.com]<\/li>\n<li><a href=\"https:\/\/www.facebook.com\/396173553916498\/photos\/533820883485097\/\" target=\"_blank\" rel=\"noopener\">Page Facebook<\/a> du centre [facebook.com]<\/li>\n<li>Article 2013 Ouest-France <a href=\"http:\/\/www.ouest-france.fr\/lecocentre-spered-all-ouvre-ses-portes-dimanche-1002425\" target=\"_blank\" rel=\"noopener\">\u00ab\u00a0L&rsquo;\u00e9cocentre&nbsp;\u00ab spered all&nbsp;\u00bb ouvre ses portes dimanche\u00a0\u00bb<\/a> [ouest-france.fr]<\/li>\n<li>Article 2013 Le T\u00e9l\u00e9gramme <a href=\"http:\/\/www.letelegramme.fr\/local\/cotes-d-armor\/lannion-paimpol\/perrosguirec\/pleumeurbodou\/ecocentre-spered-all-leve-le-voile-dimanche-05-04-2013-2059242.php\" target=\"_blank\" rel=\"noopener\">\u00ab\u00a0L&rsquo;\u00e9cocentre. Spered all l\u00e8ve le voile dimanche\u00a0\u00bb<\/a>\u00a0[letelegramme.fr]<\/li>\n<li>Dojo <a href=\"http:\/\/www.aikido-tregor.net\">AIKI DOJO TREGOR<\/a> [aikido-france.net]<\/li>\n<\/ul>\n","protected":false},"excerpt":{"rendered":"<p>La vie est trop courte, et chaque jour devrait \u00eatre v\u00e9cu comme le dernier. C&rsquo;est en substance la le\u00e7on du koan \u00ab\u00a0Un jour, une vie\u00a0\u00bb. L&rsquo;\u00c9cocentre Tr\u00e9gor \u00ab\u00a0Spered all\u00a0\u00bb (l&rsquo;autre esprit\u00a0\u00bb en breton) fut co-cr\u00e9\u00e9 par Jean-Louis Boulard.<\/p>\n","protected":false},"author":2,"featured_media":6860,"comment_status":"open","ping_status":"closed","sticky":false,"template":"","format":"standard","meta":{"_acf_changed":false,"_seopress_robots_primary_cat":"","_seopress_titles_title":"","_seopress_titles_desc":"La vie est trop courte, et chaque jour devrait \u00eatre v\u00e9cu comme le dernier. C&#039;est en substance la le\u00e7on du koan &quot;Un jour, une vie&quot;. L&#039;\u00c9cocentre Tr\u00e9gor &quot;Spered all&quot; (l&#039;autre esprit&quot; en breton) fut co-cr\u00e9\u00e9 par Jean-Louis Boulard.","_seopress_robots_index":"","generate_page_header":"","footnotes":""},"categories":[142],"tags":[],"class_list":["post-6858","post","type-post","status-publish","format-standard","has-post-thumbnail","hentry","category-news","infinite-scroll-item","masonry-post","generate-columns","tablet-grid-50","mobile-grid-100","grid-parent","grid-50"],"acf":[],"_links":{"self":[{"href":"https:\/\/equilibreazur.fr\/azur\/wp-json\/wp\/v2\/posts\/6858","targetHints":{"allow":["GET"]}}],"collection":[{"href":"https:\/\/equilibreazur.fr\/azur\/wp-json\/wp\/v2\/posts"}],"about":[{"href":"https:\/\/equilibreazur.fr\/azur\/wp-json\/wp\/v2\/types\/post"}],"author":[{"embeddable":true,"href":"https:\/\/equilibreazur.fr\/azur\/wp-json\/wp\/v2\/users\/2"}],"replies":[{"embeddable":true,"href":"https:\/\/equilibreazur.fr\/azur\/wp-json\/wp\/v2\/comments?post=6858"}],"version-history":[{"count":5,"href":"https:\/\/equilibreazur.fr\/azur\/wp-json\/wp\/v2\/posts\/6858\/revisions"}],"predecessor-version":[{"id":9627,"href":"https:\/\/equilibreazur.fr\/azur\/wp-json\/wp\/v2\/posts\/6858\/revisions\/9627"}],"wp:featuredmedia":[{"embeddable":true,"href":"https:\/\/equilibreazur.fr\/azur\/wp-json\/wp\/v2\/media\/6860"}],"wp:attachment":[{"href":"https:\/\/equilibreazur.fr\/azur\/wp-json\/wp\/v2\/media?parent=6858"}],"wp:term":[{"taxonomy":"category","embeddable":true,"href":"https:\/\/equilibreazur.fr\/azur\/wp-json\/wp\/v2\/categories?post=6858"},{"taxonomy":"post_tag","embeddable":true,"href":"https:\/\/equilibreazur.fr\/azur\/wp-json\/wp\/v2\/tags?post=6858"}],"curies":[{"name":"wp","href":"https:\/\/api.w.org\/{rel}","templated":true}]}}