{"id":6822,"date":"2016-10-01T14:25:05","date_gmt":"2016-10-01T14:25:05","guid":{"rendered":"https:\/\/equilibreazur.fr\/azur\/?p=6822"},"modified":"2017-08-18T12:16:26","modified_gmt":"2017-08-18T12:16:26","slug":"2016-10-stage-aikido-taijutsu-mains-nues","status":"publish","type":"post","link":"https:\/\/equilibreazur.fr\/azur\/news\/2016-10-stage-aikido-taijutsu-mains-nues\/","title":{"rendered":"Stage annuel&nbsp;\u00ab\u00a0Taijutsu Koshukai\u00a0\u00bb (mains nues) le Dim. 16 octobre 2016"},"content":{"rendered":"<p style=\"text-align: center;\">\n<p><strong>AIKIDO<\/strong><\/p>\n<p style=\"padding-left: 30px;\"><img loading=\"lazy\" decoding=\"async\" class=\"size-full wp-image-1124 alignleft\" src=\"https:\/\/equilibreazur.fr\/azur\/wp-content\/uploads\/2010\/10\/logo-IRIA-56.gif\" alt=\"Logo Iwama Ryu International Academy\" width=\"56\" height=\"56\" \/>Eric Savalli\u00a0\u00e9tudie l\u2019Aikido depuis 1988 sous la direction de\u00a0<strong>Daniel TOUTAIN Sensei<\/strong>\u00a0(FAA &#8211; Fundamental Aikido Association) dont il est proche \u00e9l\u00e8ve. Ce dernier lui a d\u00e9cern\u00e9 le grade de\u00a05\u00e8me Dan Iwama Ryu en janvier\u00a02008.\u00a0Il est r\u00e9guli\u00e8rement son assistant lors de stages en France ou \u00e0 l\u2019\u00e9tranger. Il le fut \u00e9galement lors des tournages pour la r\u00e9alisation de DVDs [<a href=\"http:\/\/aikidoblog.net\/fr\/videos\/extraits-14dvd-toutain\/\" target=\"_blank\" rel=\"noopener\">lien DVD AikidoBlog<\/a>].<\/p>\n<p style=\"padding-left: 30px;\"><img loading=\"lazy\" decoding=\"async\" class=\"size-full wp-image-1123 alignleft\" src=\"https:\/\/equilibreazur.fr\/azur\/wp-content\/uploads\/2010\/10\/logo-iwama-shin-shin-aikishuren-56.gif\" alt=\"logo-iwama-shin-shin-aikishuren\" width=\"56\" height=\"56\" \/>Il suit \u00e9galement assidument l\u2019enseignement de\u00a0<strong>SAITO Hitohira\u00a0Sensei<\/strong>\u00a0(Iwama Shinshin Aiki Shurenkai) depuis 1993. SAITO Hitohira Sensei lui a d\u00e9cern\u00e9 le grade de 4\u00e8me Dan Iwama Shinshin Aiki Shuren kai en avril 2013.<\/p>\n<p style=\"padding-left: 30px;\"><a title=\"Enseignant Aikido\" href=\"https:\/\/equilibreazur.fr\/azur\/dojocho\">Plus d&rsquo;infos<\/a>\u00a0sur son parcours.<\/p>\n<p><strong>YOGA \/ MEDITATION<\/strong><\/p>\n<p style=\"padding-left: 30px;\">Les s\u00e9ances d&rsquo;entrainements d\u00e9butent et se terminent par une petite pratique de postures\u00a0de Yoga, favorisant des moments de pleine-pr\u00e9sence pour l&rsquo;esprit et d&rsquo;assouplissement pour le corps. Eric Savalli pratique le Yoga depuis 2007. Il est \u00e9l\u00e8ve de <a href=\"http:\/\/yoganath.net\" target=\"_blank\" rel=\"noopener\">Nathalie<strong>\u00a0<\/strong>MOULIS<\/a> (2007 &#8211; Atha Yoga) et Sonia<strong>\u00a0<\/strong>TOMIOKA-TOUTAIN (2015 &#8211; Asthanga Yoga).<\/p>\n<p style=\"padding-left: 30px;\">Par ailleurs, il pratique\u00a0la m\u00e9ditation de fa\u00e7on quotidienne depuis 2009.<\/p>\n<p style=\"text-align: center;\"><img loading=\"lazy\" decoding=\"async\" class=\"alignnone wp-image-5676 size-medium aligncenter\" src=\"https:\/\/equilibreazur.fr\/azur\/wp-content\/uploads\/2014\/11\/2014-10-Chapigneulles-stage-esavalli-478x478.jpg\" alt=\"Stage Aikido 54-Champigneulles 10\/2014\" width=\"478\" height=\"478\" \/><span style=\"color: #999999;\">Photo de stage \u2013\u00a0<a style=\"color: #999999;\" title=\"E. Savalli sous Twitter\" href=\"http:\/\/twitter.com\/ericsavalli\">@EricSavalli<\/a>\u00a0avec Alexandre LHUILLIER\u00a0\u2013 photo\u00a0\u00a9\u00a02014 e.savalli<\/span><\/p>\n<p><img loading=\"lazy\" decoding=\"async\" class=\"alignnone size-full wp-image-2894 aligncenter\" title=\"2011-stage-aikido-aikidojo\" src=\"http:\/\/aikidoblog.net\/wp-content\/uploads\/2011\/07\/2011-stage-aikido-aikidojo.png\" alt=\"Stage Aikido\" width=\"478\" height=\"246\" srcset=\"https:\/\/equilibreazur.fr\/azur\/wp-content\/uploads\/2011\/07\/2011-stage-aikido-aikidojo.png 478w, https:\/\/equilibreazur.fr\/azur\/wp-content\/uploads\/2011\/07\/2011-stage-aikido-aikidojo-370x190.png 370w\" sizes=\"auto, (max-width: 478px) 100vw, 478px\" \/><\/p>\n<p><strong>DATE<\/strong><\/p>\n<p style=\"padding-left: 30px;\">Dimanche<strong>\u00a016\u00a0octobre 2016<br \/>\n<\/strong><\/p>\n<p><strong>PROGRAMME<\/strong><\/p>\n<p style=\"padding-left: 30px;\"><strong><strong><strong>08h45\u00a0<span style=\"color: #999999;\">\u2013\u00a0<\/span><\/strong><strong>Pr\u00e9paration et nettoyage du dojo<\/strong><\/strong><\/strong><\/p>\n<p style=\"padding-left: 30px;\"><strong>09h00\u00a0<span style=\"color: #999999;\">\u2013 09h55<\/span> <a title=\"M\u00e9ditation\" href=\"http:\/\/aikidoblog.net\/chinkon\/\" target=\"_blank\" rel=\"noopener\">M\u00e9ditation<\/a><\/strong>\u00a0(30mn) &amp;\u00a0<strong><a href=\"http:\/\/aikidoblog.net\/fr\/articles\/aikido-yoga\/\" target=\"_blank\" rel=\"noopener\">Yoga<\/a><\/strong>\u00a0(30mn) &#8211; Optionel<br \/>\n<strong><strong>10h00\u00a0<span style=\"color: #999999;\">\u2013 10h55<\/span><\/strong> Taijutsu 1<\/strong>\u00a0: (60mn)<br \/>\n<strong>11h00 <span style=\"color: #999999;\">\u2013 11h55<\/span><\/strong> <strong>Taijutsu 2<\/strong>\u00a0: (60mn)<\/p>\n<p style=\"padding-left: 30px;\"><span style=\"color: #808080;\"><strong>Repas l\u00e9ger\u00a0sur place<\/strong> (pr\u00e9voir le n\u00e9cessaire)<\/span><\/p>\n<p style=\"padding-left: 30px;\"><strong>12h45\u00a0<span style=\"color: #999999;\"><strong>\u2013<\/strong>\u00a013h30<\/span><\/strong> <strong>Taijutsu 3<\/strong>\u00a0:\u00a0Armes\u00a0(45mn)<br \/>\n<strong>13h30\u00a0<span style=\"color: #999999;\">\u2013\u00a014h15<\/span><\/strong> <strong>Taijutsu 4<\/strong>\u00a0: mains nues\u00a0(45mn)<br \/>\n<strong>14h15<\/strong> &#8211; <strong>Yoga<\/strong> (10mn)<\/p>\n<p style=\"padding-left: 30px;\"><span style=\"color: #808080;\">14h30 Passages de grades (se renseigner)<\/span><\/p>\n<p><strong>PARTICIPATION<\/strong><\/p>\n<p style=\"padding-left: 30px;\">Tout ou partie&nbsp;: 15\u00a0\u20ac<br \/>\n<span style=\"color: #888888;\">(famille&nbsp;: 5\u20ac\u00a0\u00e0 partir de la deuxi\u00e8me personne)<\/span><\/p>\n<p><strong>LIEU<\/strong><\/p>\n<p style=\"padding-left: 30px;\">Dojo de la <strong>salle Maset<\/strong><br \/>\nCh\u00e2teauneuf de Grasse \/ Region Nice-Grasse (06)<br \/>\nLe stage \u00e0 lieu \u00e0 proximit\u00e9 imm\u00e9diate d&rsquo;Opio, Le rouret, Roquefort, Valbonnne et Grasse.<\/p>\n<p style=\"padding-left: 30px;\">Plan avec Google Street&nbsp;: <a href=\"http:\/\/tinyurl.com\/aikido-maset\" target=\"_blank\" rel=\"noopener\"><strong>http:\/\/tinyurl.com\/aikido-maset<\/strong><\/a><\/p>\n<p style=\"padding-left: 30px;\"><small><a style=\"color: #0000ff; text-align: left;\" href=\"http:\/\/tinyurl.com\/aikido-maset\" target=\"_blank\" rel=\"noopener\"><img loading=\"lazy\" decoding=\"async\" class=\"aligncenter size-full wp-image-796\" title=\"salle-maset-chateauneuf\" src=\"http:\/\/aikidoblog.net\/wp-content\/uploads\/salle-maset-chateauneuf.png\" alt=\"Aikido \u00e0 Grasse - Chateauneuf - Stage mensuel\" width=\"450\" height=\"437\" \/><br \/>\n<\/a><\/small><\/p>\n<p><strong>INFORMATION<\/strong><\/p>\n<p style=\"padding-left: 30px;\">Cours d&rsquo;Aikido <strong>Tous Niveaux<\/strong>\u00a0donn\u00e9s sous la forme d&rsquo;un stage, <strong>ouverts \u00e0 tous les pratiquants d&rsquo;Aikido<\/strong> quelque soit leur \u00e9cole ou f\u00e9d\u00e9ration.<\/p>\n<p style=\"padding-left: 30px;\">Le stage d\u00e9bute par une petite session optionnelle de <strong><a title=\"M\u00e9ditation\" href=\"http:\/\/aikidoblog.net\/chinkon\/\" target=\"_blank\" rel=\"noopener\">M\u00e9ditation<\/a><\/strong>\u00a0et de <strong><a href=\"http:\/\/aikidoblog.net\/fr\/articles\/aikido-yoga\/\" target=\"_blank\" rel=\"noopener\">Yoga<\/a><\/strong>.<br \/>\nPr\u00e9voir un coussin (ou un zafu) pour l&rsquo;assise durant la m\u00e9ditation (quelques \u00e9l\u00e9ments d&rsquo;instruction seront donn\u00e9s si vous d\u00e9butez).<\/p>\n<p><strong>CONTACT<\/strong><\/p>\n<p style=\"padding-left: 30px;\"><a href=\"mailto:contact@aiki-dojo.fr\">contact@aiki-dojo.fr<\/a><br \/>\nAiki Dojo Azur<br \/>\n+33 (0)6 60 42 26 32<\/p>\n<p><strong>TELECHARGER L&rsquo;AFFICHE<\/strong><\/p>\n<p style=\"padding-left: 30px;\"><a title=\"Affiche Stage Aikido Iwama Ryu\" href=\"https:\/\/equilibreazur.fr\/azur\/!box\/stage\/2016-2017-koshukai-ADA.pdf\" target=\"_blank\" rel=\"noopener\"><img loading=\"lazy\" decoding=\"async\" class=\"alignnone size-full wp-image-2895\" title=\"2011-2012-koshukai-ADA-small250\" src=\"http:\/\/aikidoblog.net\/wp-content\/uploads\/2011\/07\/2011-2012-koshukai-ADA-small250.png\" alt=\"Stage aikido - koshukai\" width=\"250\" height=\"177\" \/><\/a><\/p>\n<figure id=\"attachment_6853\" aria-describedby=\"caption-attachment-6853\" style=\"width: 728px\" class=\"wp-caption alignnone\"><img loading=\"lazy\" decoding=\"async\" class=\"size-large wp-image-6853\" src=\"https:\/\/equilibreazur.fr\/azur\/wp-content\/uploads\/2016\/10\/2016-02-ADA-salle-maset-738x492.jpg\" alt=\"Seminar with Daniel Toutain and Sonia Tomioka-Toutain\" width=\"738\" height=\"492\" srcset=\"https:\/\/equilibreazur.fr\/azur\/wp-content\/uploads\/2016\/10\/2016-02-ADA-salle-maset-738x492.jpg 738w, https:\/\/equilibreazur.fr\/azur\/wp-content\/uploads\/2016\/10\/2016-02-ADA-salle-maset-370x247.jpg 370w, https:\/\/equilibreazur.fr\/azur\/wp-content\/uploads\/2016\/10\/2016-02-ADA-salle-maset-600x400.jpg 600w, https:\/\/equilibreazur.fr\/azur\/wp-content\/uploads\/2016\/10\/2016-02-ADA-salle-maset.jpg 960w\" sizes=\"auto, (max-width: 738px) 100vw, 738px\" \/><figcaption id=\"caption-attachment-6853\" class=\"wp-caption-text\">Stage en f\u00e9vrier 2016 &#8211; AIKI DOJO AZUR<\/figcaption><\/figure>\n","protected":false},"excerpt":{"rendered":"<p>Samedi 16\/10\/2016: Stage annuel \u00ab\u00a0Aikido &#8211; TAIJUTSU Koshukai\u00a0\u00bb  en r\u00e9gion de Nice \/ Grasse \/ Valbonne &#8211; C\u00f4t\u00e9 d&rsquo;Azur avec Eric Savalli 5e Dan.<\/p>\n","protected":false},"author":2,"featured_media":6849,"comment_status":"open","ping_status":"open","sticky":false,"template":"","format":"standard","meta":{"_acf_changed":false,"_seopress_robots_primary_cat":"","_seopress_titles_title":"","_seopress_titles_desc":"","_seopress_robots_index":"","generate_page_header":"","footnotes":""},"categories":[142,197],"tags":[248,45,95,204,201],"class_list":["post-6822","post","type-post","status-publish","format-standard","has-post-thumbnail","hentry","category-news","category-stages-calendrier","tag-aikido","tag-e-savalli","tag-nice-grasse","tag-stage","tag-yoga","infinite-scroll-item","masonry-post","generate-columns","tablet-grid-50","mobile-grid-100","grid-parent","grid-50"],"acf":[],"_links":{"self":[{"href":"https:\/\/equilibreazur.fr\/azur\/wp-json\/wp\/v2\/posts\/6822","targetHints":{"allow":["GET"]}}],"collection":[{"href":"https:\/\/equilibreazur.fr\/azur\/wp-json\/wp\/v2\/posts"}],"about":[{"href":"https:\/\/equilibreazur.fr\/azur\/wp-json\/wp\/v2\/types\/post"}],"author":[{"embeddable":true,"href":"https:\/\/equilibreazur.fr\/azur\/wp-json\/wp\/v2\/users\/2"}],"replies":[{"embeddable":true,"href":"https:\/\/equilibreazur.fr\/azur\/wp-json\/wp\/v2\/comments?post=6822"}],"version-history":[{"count":6,"href":"https:\/\/equilibreazur.fr\/azur\/wp-json\/wp\/v2\/posts\/6822\/revisions"}],"predecessor-version":[{"id":7278,"href":"https:\/\/equilibreazur.fr\/azur\/wp-json\/wp\/v2\/posts\/6822\/revisions\/7278"}],"wp:featuredmedia":[{"embeddable":true,"href":"https:\/\/equilibreazur.fr\/azur\/wp-json\/wp\/v2\/media\/6849"}],"wp:attachment":[{"href":"https:\/\/equilibreazur.fr\/azur\/wp-json\/wp\/v2\/media?parent=6822"}],"wp:term":[{"taxonomy":"category","embeddable":true,"href":"https:\/\/equilibreazur.fr\/azur\/wp-json\/wp\/v2\/categories?post=6822"},{"taxonomy":"post_tag","embeddable":true,"href":"https:\/\/equilibreazur.fr\/azur\/wp-json\/wp\/v2\/tags?post=6822"}],"curies":[{"name":"wp","href":"https:\/\/api.w.org\/{rel}","templated":true}]}}