{"id":6631,"date":"2016-04-27T19:56:17","date_gmt":"2016-04-27T19:56:17","guid":{"rendered":"https:\/\/equilibreazur.fr\/azur\/?p=6631"},"modified":"2016-04-28T14:45:13","modified_gmt":"2016-04-28T14:45:13","slug":"2016-photo-aikido-mussidan","status":"publish","type":"post","link":"https:\/\/equilibreazur.fr\/azur\/news\/2016-photo-aikido-mussidan\/","title":{"rendered":"Photos de stage 04\/2016 &#8211; Eric Savalli \u00e0 Mussidan"},"content":{"rendered":"<p>Voici les photographies qui ont \u00e9t\u00e9 prises lors du <a href=\"https:\/\/equilibreazur.fr\/azur\/stages-calendrier\/2016-stage-aikido-mussidan-dordogne-24\/\">4eme Stage Aikido \u00e0\u00a0Mussidan Dordogne (24)<\/a>\u00a0&#8211; Avril 2016.<\/p>\n<p>Un grand merci aux personnes venues assister \u00e0 ce stage ainsi qu&rsquo;\u00e0 mon ami <strong>Patrick HUET<\/strong>, 4eme Dan UFA, passionn\u00e9 et chercheur en <a href=\"http:\/\/aikidoblog.net\">Aikido<\/a> dans son ADN&nbsp;\ud83d\ude42<\/p>\n<p>Le stage a eu lieu au dojo de Patrick, au sein de l&rsquo;association&nbsp;\u00ab\u00a0<strong>Ishin Dota\u00ef\u00a0\u00bb \u00e0 Mussidan.<\/strong><\/p>\n<p><!--more--><\/p>\n<div id='gallery-1' class='gallery galleryid-6631 gallery-columns-3 gallery-size-thumbnail'><figure class='gallery-item'>\n\t\t\t<div class='gallery-icon landscape'>\n\t\t\t\t<a href='https:\/\/equilibreazur.fr\/azur\/news\/2016-photo-aikido-mussidan\/attachment\/stage-aikido-a-mussidan-042016-avec-eric-savalli\/#main'><img loading=\"lazy\" decoding=\"async\" width=\"200\" height=\"200\" src=\"https:\/\/equilibreazur.fr\/azur\/wp-content\/uploads\/2016\/04\/2016-04-Mussidan-stage-1-200x200.jpg\" class=\"attachment-thumbnail size-thumbnail\" alt=\"Stage Aikido \u00e0 Mussidan 04\/2016 avec Eric Savalli\" aria-describedby=\"gallery-1-6632\" \/><\/a>\n\t\t\t<\/div>\n\t\t\t\t<figcaption class='wp-caption-text gallery-caption' id='gallery-1-6632'>\n\t\t\t\tStage Aikido \u00e0 Mussidan 04\/2016\n\t\t\t\t<\/figcaption><\/figure><figure class='gallery-item'>\n\t\t\t<div class='gallery-icon landscape'>\n\t\t\t\t<a href='https:\/\/equilibreazur.fr\/azur\/news\/2016-photo-aikido-mussidan\/attachment\/stage-aikido-a-mussidan-042016-avec-eric-savalli-2\/#main'><img loading=\"lazy\" decoding=\"async\" width=\"200\" height=\"200\" src=\"https:\/\/equilibreazur.fr\/azur\/wp-content\/uploads\/2016\/04\/2016-04-Mussidan-stage-2-200x200.jpg\" class=\"attachment-thumbnail size-thumbnail\" alt=\"\" aria-describedby=\"gallery-1-6633\" \/><\/a>\n\t\t\t<\/div>\n\t\t\t\t<figcaption class='wp-caption-text gallery-caption' id='gallery-1-6633'>\n\t\t\t\tStage Aikido \u00e0 Mussidan 04\/2016 avec Eric Savalli\n\t\t\t\t<\/figcaption><\/figure><figure class='gallery-item'>\n\t\t\t<div class='gallery-icon landscape'>\n\t\t\t\t<a href='https:\/\/equilibreazur.fr\/azur\/news\/2016-photo-aikido-mussidan\/attachment\/stage-aikido-a-mussidan-042016-avec-eric-savalli-3\/#main'><img loading=\"lazy\" decoding=\"async\" width=\"200\" height=\"200\" src=\"https:\/\/equilibreazur.fr\/azur\/wp-content\/uploads\/2016\/04\/2016-04-Mussidan-stage-3-200x200.jpg\" class=\"attachment-thumbnail size-thumbnail\" alt=\"\" aria-describedby=\"gallery-1-6634\" srcset=\"https:\/\/equilibreazur.fr\/azur\/wp-content\/uploads\/2016\/04\/2016-04-Mussidan-stage-3-200x200.jpg 200w, https:\/\/equilibreazur.fr\/azur\/wp-content\/uploads\/2016\/04\/2016-04-Mussidan-stage-3-266x266.jpg 266w\" sizes=\"auto, (max-width: 200px) 100vw, 200px\" \/><\/a>\n\t\t\t<\/div>\n\t\t\t\t<figcaption class='wp-caption-text gallery-caption' id='gallery-1-6634'>\n\t\t\t\tStage Aikido \u00e0 Mussidan 04\/2016 avec Eric Savalli\n\t\t\t\t<\/figcaption><\/figure><figure class='gallery-item'>\n\t\t\t<div class='gallery-icon landscape'>\n\t\t\t\t<a href='https:\/\/equilibreazur.fr\/azur\/news\/2016-photo-aikido-mussidan\/attachment\/stage-aikido-a-mussidan-042016-avec-eric-savalli-4\/#main'><img loading=\"lazy\" decoding=\"async\" width=\"200\" height=\"200\" src=\"https:\/\/equilibreazur.fr\/azur\/wp-content\/uploads\/2016\/04\/2016-04-Mussidan-stage-4-200x200.jpg\" class=\"attachment-thumbnail size-thumbnail\" alt=\"\" aria-describedby=\"gallery-1-6635\" \/><\/a>\n\t\t\t<\/div>\n\t\t\t\t<figcaption class='wp-caption-text gallery-caption' id='gallery-1-6635'>\n\t\t\t\tStage Aikido \u00e0 Mussidan 04\/2016 avec Eric Savalli\n\t\t\t\t<\/figcaption><\/figure><figure class='gallery-item'>\n\t\t\t<div class='gallery-icon landscape'>\n\t\t\t\t<a href='https:\/\/equilibreazur.fr\/azur\/news\/2016-photo-aikido-mussidan\/attachment\/stage-aikido-a-mussidan-042016-avec-eric-savalli-5\/#main'><img loading=\"lazy\" decoding=\"async\" width=\"200\" height=\"200\" src=\"https:\/\/equilibreazur.fr\/azur\/wp-content\/uploads\/2016\/04\/2016-04-Mussidan-stage-5-200x200.jpg\" class=\"attachment-thumbnail size-thumbnail\" alt=\"\" aria-describedby=\"gallery-1-6636\" \/><\/a>\n\t\t\t<\/div>\n\t\t\t\t<figcaption class='wp-caption-text gallery-caption' id='gallery-1-6636'>\n\t\t\t\tStage Aikido \u00e0 Mussidan 04\/2016 avec Eric Savalli\n\t\t\t\t<\/figcaption><\/figure><figure class='gallery-item'>\n\t\t\t<div class='gallery-icon landscape'>\n\t\t\t\t<a href='https:\/\/equilibreazur.fr\/azur\/news\/2016-photo-aikido-mussidan\/attachment\/stage-aikido-a-mussidan-042016-avec-eric-savalli-6\/#main'><img loading=\"lazy\" decoding=\"async\" width=\"200\" height=\"200\" src=\"https:\/\/equilibreazur.fr\/azur\/wp-content\/uploads\/2016\/04\/2016-04-Mussidan-stage-6-200x200.jpg\" class=\"attachment-thumbnail size-thumbnail\" alt=\"\" aria-describedby=\"gallery-1-6637\" \/><\/a>\n\t\t\t<\/div>\n\t\t\t\t<figcaption class='wp-caption-text gallery-caption' id='gallery-1-6637'>\n\t\t\t\tStage Aikido \u00e0 Mussidan 04\/2016 avec Eric Savalli\n\t\t\t\t<\/figcaption><\/figure><figure class='gallery-item'>\n\t\t\t<div class='gallery-icon landscape'>\n\t\t\t\t<a href='https:\/\/equilibreazur.fr\/azur\/news\/2016-photo-aikido-mussidan\/attachment\/stage-aikido-a-mussidan-042016-avec-eric-savalli-7\/#main'><img loading=\"lazy\" decoding=\"async\" width=\"200\" height=\"200\" src=\"https:\/\/equilibreazur.fr\/azur\/wp-content\/uploads\/2016\/04\/2016-04-Mussidan-stage-7-200x200.jpg\" class=\"attachment-thumbnail size-thumbnail\" alt=\"\" aria-describedby=\"gallery-1-6638\" srcset=\"https:\/\/equilibreazur.fr\/azur\/wp-content\/uploads\/2016\/04\/2016-04-Mussidan-stage-7-200x200.jpg 200w, https:\/\/equilibreazur.fr\/azur\/wp-content\/uploads\/2016\/04\/2016-04-Mussidan-stage-7-266x266.jpg 266w\" sizes=\"auto, (max-width: 200px) 100vw, 200px\" \/><\/a>\n\t\t\t<\/div>\n\t\t\t\t<figcaption class='wp-caption-text gallery-caption' id='gallery-1-6638'>\n\t\t\t\tStage Aikido \u00e0 Mussidan 04\/2016 avec Eric Savalli\n\t\t\t\t<\/figcaption><\/figure><figure class='gallery-item'>\n\t\t\t<div class='gallery-icon landscape'>\n\t\t\t\t<a href='https:\/\/equilibreazur.fr\/azur\/news\/2016-photo-aikido-mussidan\/attachment\/stage-aikido-a-mussidan-042016-avec-eric-savalli-8\/#main'><img loading=\"lazy\" decoding=\"async\" width=\"200\" height=\"200\" src=\"https:\/\/equilibreazur.fr\/azur\/wp-content\/uploads\/2016\/04\/2016-04-Mussidan-stage-8-200x200.jpg\" class=\"attachment-thumbnail size-thumbnail\" alt=\"\" aria-describedby=\"gallery-1-6639\" \/><\/a>\n\t\t\t<\/div>\n\t\t\t\t<figcaption class='wp-caption-text gallery-caption' id='gallery-1-6639'>\n\t\t\t\tStage Aikido \u00e0 Mussidan 04\/2016 avec Eric Savalli\n\t\t\t\t<\/figcaption><\/figure><figure class='gallery-item'>\n\t\t\t<div class='gallery-icon landscape'>\n\t\t\t\t<a href='https:\/\/equilibreazur.fr\/azur\/news\/2016-photo-aikido-mussidan\/attachment\/stage-aikido-a-mussidan-042016-avec-eric-savalli-9\/#main'><img loading=\"lazy\" decoding=\"async\" width=\"200\" height=\"200\" src=\"https:\/\/equilibreazur.fr\/azur\/wp-content\/uploads\/2016\/04\/2016-04-Mussidan-stage-9-200x200.jpg\" class=\"attachment-thumbnail size-thumbnail\" alt=\"\" aria-describedby=\"gallery-1-6640\" \/><\/a>\n\t\t\t<\/div>\n\t\t\t\t<figcaption class='wp-caption-text gallery-caption' id='gallery-1-6640'>\n\t\t\t\tStage Aikido \u00e0 Mussidan 04\/2016 avec Eric Savalli\n\t\t\t\t<\/figcaption><\/figure><figure class='gallery-item'>\n\t\t\t<div class='gallery-icon landscape'>\n\t\t\t\t<a href='https:\/\/equilibreazur.fr\/azur\/news\/2016-photo-aikido-mussidan\/attachment\/stage-aikido-a-mussidan-042016-avec-eric-savalli-10\/#main'><img loading=\"lazy\" decoding=\"async\" width=\"200\" height=\"200\" src=\"https:\/\/equilibreazur.fr\/azur\/wp-content\/uploads\/2016\/04\/2016-04-Mussidan-stage-10-200x200.jpg\" class=\"attachment-thumbnail size-thumbnail\" alt=\"\" aria-describedby=\"gallery-1-6641\" \/><\/a>\n\t\t\t<\/div>\n\t\t\t\t<figcaption class='wp-caption-text gallery-caption' id='gallery-1-6641'>\n\t\t\t\tStage Aikido \u00e0 Mussidan 04\/2016 avec Eric Savalli\n\t\t\t\t<\/figcaption><\/figure><figure class='gallery-item'>\n\t\t\t<div class='gallery-icon landscape'>\n\t\t\t\t<a href='https:\/\/equilibreazur.fr\/azur\/news\/2016-photo-aikido-mussidan\/attachment\/stage-aikido-a-mussidan-042016-avec-eric-savalli-11\/#main'><img loading=\"lazy\" decoding=\"async\" width=\"200\" height=\"200\" src=\"https:\/\/equilibreazur.fr\/azur\/wp-content\/uploads\/2016\/04\/2016-04-Mussidan-stage-11-200x200.jpg\" class=\"attachment-thumbnail size-thumbnail\" alt=\"\" aria-describedby=\"gallery-1-6642\" \/><\/a>\n\t\t\t<\/div>\n\t\t\t\t<figcaption class='wp-caption-text gallery-caption' id='gallery-1-6642'>\n\t\t\t\tStage Aikido \u00e0 Mussidan 04\/2016 avec Eric Savalli\n\t\t\t\t<\/figcaption><\/figure><figure class='gallery-item'>\n\t\t\t<div class='gallery-icon landscape'>\n\t\t\t\t<a href='https:\/\/equilibreazur.fr\/azur\/news\/2016-photo-aikido-mussidan\/attachment\/stage-aikido-a-mussidan-042016-avec-eric-savalli-12\/#main'><img loading=\"lazy\" decoding=\"async\" width=\"200\" height=\"200\" src=\"https:\/\/equilibreazur.fr\/azur\/wp-content\/uploads\/2016\/04\/2016-04-Mussidan-stage-12-200x200.jpg\" class=\"attachment-thumbnail size-thumbnail\" alt=\"\" aria-describedby=\"gallery-1-6643\" \/><\/a>\n\t\t\t<\/div>\n\t\t\t\t<figcaption class='wp-caption-text gallery-caption' id='gallery-1-6643'>\n\t\t\t\tStage Aikido \u00e0 Mussidan 04\/2016 avec Eric Savalli\n\t\t\t\t<\/figcaption><\/figure><figure class='gallery-item'>\n\t\t\t<div class='gallery-icon landscape'>\n\t\t\t\t<a href='https:\/\/equilibreazur.fr\/azur\/news\/2016-photo-aikido-mussidan\/attachment\/stage-aikido-a-mussidan-042016-avec-eric-savalli-13\/#main'><img loading=\"lazy\" decoding=\"async\" width=\"200\" height=\"200\" src=\"https:\/\/equilibreazur.fr\/azur\/wp-content\/uploads\/2016\/04\/2016-04-Mussidan-stage-13-200x200.jpg\" class=\"attachment-thumbnail size-thumbnail\" alt=\"\" aria-describedby=\"gallery-1-6644\" \/><\/a>\n\t\t\t<\/div>\n\t\t\t\t<figcaption class='wp-caption-text gallery-caption' id='gallery-1-6644'>\n\t\t\t\tStage Aikido \u00e0 Mussidan 04\/2016 avec Eric Savalli\n\t\t\t\t<\/figcaption><\/figure><figure class='gallery-item'>\n\t\t\t<div class='gallery-icon landscape'>\n\t\t\t\t<a href='https:\/\/equilibreazur.fr\/azur\/news\/2016-photo-aikido-mussidan\/attachment\/stage-aikido-a-mussidan-042016-avec-eric-savalli-14\/#main'><img loading=\"lazy\" decoding=\"async\" width=\"200\" height=\"200\" src=\"https:\/\/equilibreazur.fr\/azur\/wp-content\/uploads\/2016\/04\/2016-04-Mussidan-stage-14-200x200.jpg\" class=\"attachment-thumbnail size-thumbnail\" alt=\"\" aria-describedby=\"gallery-1-6645\" \/><\/a>\n\t\t\t<\/div>\n\t\t\t\t<figcaption class='wp-caption-text gallery-caption' id='gallery-1-6645'>\n\t\t\t\tStage Aikido \u00e0 Mussidan 04\/2016 avec Eric Savalli\n\t\t\t\t<\/figcaption><\/figure><figure class='gallery-item'>\n\t\t\t<div class='gallery-icon landscape'>\n\t\t\t\t<a href='https:\/\/equilibreazur.fr\/azur\/news\/2016-photo-aikido-mussidan\/attachment\/stage-aikido-a-mussidan-042016-avec-eric-savalli-15\/#main'><img loading=\"lazy\" decoding=\"async\" width=\"200\" height=\"200\" src=\"https:\/\/equilibreazur.fr\/azur\/wp-content\/uploads\/2016\/04\/2016-04-Mussidan-stage-15-200x200.jpg\" class=\"attachment-thumbnail size-thumbnail\" alt=\"\" aria-describedby=\"gallery-1-6646\" \/><\/a>\n\t\t\t<\/div>\n\t\t\t\t<figcaption class='wp-caption-text gallery-caption' id='gallery-1-6646'>\n\t\t\t\tStage Aikido \u00e0 Mussidan 04\/2016 avec Eric Savalli\n\t\t\t\t<\/figcaption><\/figure><figure class='gallery-item'>\n\t\t\t<div class='gallery-icon landscape'>\n\t\t\t\t<a href='https:\/\/equilibreazur.fr\/azur\/news\/2016-photo-aikido-mussidan\/attachment\/stage-aikido-a-mussidan-042016-avec-eric-savalli-16\/#main'><img loading=\"lazy\" decoding=\"async\" width=\"200\" height=\"200\" src=\"https:\/\/equilibreazur.fr\/azur\/wp-content\/uploads\/2016\/04\/2016-04-Mussidan-stage-16-200x200.jpg\" class=\"attachment-thumbnail size-thumbnail\" alt=\"\" aria-describedby=\"gallery-1-6647\" \/><\/a>\n\t\t\t<\/div>\n\t\t\t\t<figcaption class='wp-caption-text gallery-caption' id='gallery-1-6647'>\n\t\t\t\tStage Aikido \u00e0 Mussidan 04\/2016 avec Eric Savalli\n\t\t\t\t<\/figcaption><\/figure><figure class='gallery-item'>\n\t\t\t<div class='gallery-icon landscape'>\n\t\t\t\t<a href='https:\/\/equilibreazur.fr\/azur\/news\/2016-photo-aikido-mussidan\/attachment\/stage-aikido-a-mussidan-042016-avec-eric-savalli-17\/#main'><img loading=\"lazy\" decoding=\"async\" width=\"200\" height=\"200\" src=\"https:\/\/equilibreazur.fr\/azur\/wp-content\/uploads\/2016\/04\/2016-04-Mussidan-stage-17-200x200.jpg\" class=\"attachment-thumbnail size-thumbnail\" alt=\"\" aria-describedby=\"gallery-1-6648\" \/><\/a>\n\t\t\t<\/div>\n\t\t\t\t<figcaption class='wp-caption-text gallery-caption' id='gallery-1-6648'>\n\t\t\t\tStage Aikido \u00e0 Mussidan 04\/2016 avec Eric Savalli\n\t\t\t\t<\/figcaption><\/figure><figure class='gallery-item'>\n\t\t\t<div class='gallery-icon landscape'>\n\t\t\t\t<a href='https:\/\/equilibreazur.fr\/azur\/news\/2016-photo-aikido-mussidan\/attachment\/stage-aikido-a-mussidan-042016-avec-eric-savalli-18\/#main'><img loading=\"lazy\" decoding=\"async\" width=\"200\" height=\"200\" src=\"https:\/\/equilibreazur.fr\/azur\/wp-content\/uploads\/2016\/04\/2016-04-Mussidan-stage-18-200x200.jpg\" class=\"attachment-thumbnail size-thumbnail\" alt=\"\" aria-describedby=\"gallery-1-6649\" \/><\/a>\n\t\t\t<\/div>\n\t\t\t\t<figcaption class='wp-caption-text gallery-caption' id='gallery-1-6649'>\n\t\t\t\tStage Aikido \u00e0 Mussidan 04\/2016 avec Eric Savalli\n\t\t\t\t<\/figcaption><\/figure>\n\t\t<\/div>\n\n","protected":false},"excerpt":{"rendered":"<p>Voici les photographies qui ont \u00e9t\u00e9 prises lors du 4eme Stage Aikido \u00e0\u00a0Mussidan Dordogne (24)\u00a0&#8211; Avril 2016. Un grand merci aux personnes venues assister \u00e0 ce stage ainsi qu&rsquo;\u00e0 mon ami Patrick HUET, 4eme Dan UFA, passionn\u00e9 et chercheur en &#8230; <a title=\"Photos de stage 04\/2016 &#8211; Eric Savalli \u00e0 Mussidan\" class=\"read-more\" href=\"https:\/\/equilibreazur.fr\/azur\/news\/2016-photo-aikido-mussidan\/\" aria-label=\"En savoir plus sur Photos de stage 04\/2016 &#8211; Eric Savalli \u00e0 Mussidan\">Voir plus&#8230;<\/a><\/p>\n","protected":false},"author":2,"featured_media":6634,"comment_status":"open","ping_status":"closed","sticky":false,"template":"","format":"standard","meta":{"_acf_changed":false,"_seopress_robots_primary_cat":"","_seopress_titles_title":"","_seopress_titles_desc":"","_seopress_robots_index":"","generate_page_header":"","footnotes":""},"categories":[142],"tags":[248,202,214,102],"class_list":["post-6631","post","type-post","status-publish","format-standard","has-post-thumbnail","hentry","category-news","tag-aikido","tag-mussidan","tag-p-huet","tag-photo","infinite-scroll-item","masonry-post","generate-columns","tablet-grid-50","mobile-grid-100","grid-parent","grid-50"],"acf":[],"_links":{"self":[{"href":"https:\/\/equilibreazur.fr\/azur\/wp-json\/wp\/v2\/posts\/6631","targetHints":{"allow":["GET"]}}],"collection":[{"href":"https:\/\/equilibreazur.fr\/azur\/wp-json\/wp\/v2\/posts"}],"about":[{"href":"https:\/\/equilibreazur.fr\/azur\/wp-json\/wp\/v2\/types\/post"}],"author":[{"embeddable":true,"href":"https:\/\/equilibreazur.fr\/azur\/wp-json\/wp\/v2\/users\/2"}],"replies":[{"embeddable":true,"href":"https:\/\/equilibreazur.fr\/azur\/wp-json\/wp\/v2\/comments?post=6631"}],"version-history":[{"count":3,"href":"https:\/\/equilibreazur.fr\/azur\/wp-json\/wp\/v2\/posts\/6631\/revisions"}],"predecessor-version":[{"id":6665,"href":"https:\/\/equilibreazur.fr\/azur\/wp-json\/wp\/v2\/posts\/6631\/revisions\/6665"}],"wp:featuredmedia":[{"embeddable":true,"href":"https:\/\/equilibreazur.fr\/azur\/wp-json\/wp\/v2\/media\/6634"}],"wp:attachment":[{"href":"https:\/\/equilibreazur.fr\/azur\/wp-json\/wp\/v2\/media?parent=6631"}],"wp:term":[{"taxonomy":"category","embeddable":true,"href":"https:\/\/equilibreazur.fr\/azur\/wp-json\/wp\/v2\/categories?post=6631"},{"taxonomy":"post_tag","embeddable":true,"href":"https:\/\/equilibreazur.fr\/azur\/wp-json\/wp\/v2\/tags?post=6631"}],"curies":[{"name":"wp","href":"https:\/\/api.w.org\/{rel}","templated":true}]}}