{"id":6482,"date":"2016-01-27T14:28:18","date_gmt":"2016-01-27T14:28:18","guid":{"rendered":"https:\/\/equilibreazur.fr\/azur\/?p=6482"},"modified":"2017-03-14T14:43:25","modified_gmt":"2017-03-14T14:43:25","slug":"2016-aikido-seminar-nice-lewis-de-quiros","status":"publish","type":"post","link":"https:\/\/equilibreazur.fr\/azur\/news\/2016-aikido-seminar-nice-lewis-de-quiros\/","title":{"rendered":"2016-06&nbsp;: Aikido Seminar w\/ Lewis de Quiros &#8211; Nice \/ Chateauneuf Grasse"},"content":{"rendered":"<p style=\"text-align: center;\">\n<p style=\"text-align: center;\"><strong><span style=\"color: #ff0000;\">STAGE AIKIDO<\/span>\u00a0\u00e0 Chateauneuf de Grasse<br \/>\n<\/strong>dirig\u00e9 par\u00a0<span style=\"color: #ff0000;\"><strong>Lewis de QUIROS\u00a0Sensei<\/strong><\/span><\/p>\n<p style=\"text-align: center;\"><strong><span style=\"color: #ff0000;\">AIKIDO SEMINAR<\/span>\u00a0in Nice Area &#8211; Chateauneuf de Grasse<br \/>\n<\/strong>dirig\u00e9 par <span style=\"color: #ff0000;\"><strong>Lewis de QUIROS\u00a0Sensei<\/strong><\/span><\/p>\n<p style=\"text-align: center;\"><strong>Saturday,\u00a0Sunday<br \/>\n18\/19\u00a0JUNE\u00a02016<\/strong><\/p>\n<p style=\"text-align: center;\"><span style=\"color: #ff0000;\">IMPORTANT NOTICE&nbsp;!<\/span><\/p>\n<p style=\"text-align: center;\"><em><span style=\"color: #ff0000;\">REGISTRATION\u00a0!\u00a0It is very important to<br \/>\n<strong>let us know by email before the<br \/>\n1st of June\u00a0that you will participate<br \/>\n<\/strong>to book your place (specially for the meal).<\/span><br \/>\n<\/em><br \/>\nIl est important de\u00a0<strong>nous pr\u00e9venir par email<br \/>\nde votre pr\u00e9sence d\u2019ici le 1er\u00a0juin<br \/>\nafin de r\u00e9server votre place et votre repas<\/strong>.<\/p>\n<hr style=\"height: 1px; width: 100%;\" size=\"1\" width=\"80%\" \/>\n<table class=\"aligncenter\" style=\"width: 100%;\" border=\"0\" align=\"center\">\n<tbody>\n<tr>\n<td><em><img loading=\"lazy\" decoding=\"async\" class=\"alignleft\" title=\"ENGLISH\" src=\"https:\/\/equilibreazur.fr\/azur\/images\/flag\/en.png\" alt=\"\" width=\"32\" height=\"32\" \/>ENGLISH SPOKEN!<\/em><\/p>\n<p><span style=\"color: #ff0000;\"><em>REGISTRATION\u00a0!\u00a0It is very important to\u00a0<strong>let us know by email before the 1st of June\u00a0that you will participate<\/strong>\u00a0to book your place (specially for the meal).<\/em><\/span><\/p>\n<p><em>GRASSE is located in south-east of FRANCE in the<strong> French Riviera (C\u00f4te d\u2019Azur &#8211; Nice \/ Monaco)<\/strong>, at 40mn from Nice C\u00f4te d\u2019Azur airport (which is the second airport in France, with a hourly connection to PARIS with Air-France).<\/em><em><br \/>\n<\/em><br \/>\n<em>If you are coming by train or by plane, <span style=\"color: #ff0000;\"><strong>we can\u00a0take care of you<\/strong>.<\/span><\/em><span style=\"color: #ff0000;\">\u00a0<strong><em>No need to worry about transportation&#8230;<\/em><\/strong><\/span><br \/>\nAlso, <strong>there is a direct bus line coming from the Nice airport to the spot (Bus 500) for 1\u20ac50 only, 40mn trip<\/strong>.<br \/>\n<em>Its is not possible to sleep on the mats, at the dojo.<\/em><br \/>\n<em>If you would like to be hosted in a trainee\u2019s home, we will be pleased to do so.<\/em> <em>Please, let us know asap by email (english spoken).<\/em><\/td>\n<\/tr>\n<\/tbody>\n<\/table>\n<p><!--more--><\/p>\n<h2>Lewis Bernaldo de Quiros<\/h2>\n<p>Sensei Lewis Bernaldo de Quiros has been training intensively in aikido since 1984, between 1986 and 1993 in Japan with Morihiro Saito Sensei. He now lives in Spain and teaches on seminars throughout Europe. Longstanding experiences in: Judo, Shotokan Karate, Kyudo, Zen Meditation and Tea Ceremony.<\/p>\n<p>Lewis Sensei&rsquo;s official website: [<a href=\"http:\/\/traditionalaikido.eu\" target=\"_blank\">http:\/\/traditionalaikido.eu<\/a>]\n<p><iframe loading=\"lazy\" width=\"1200\" height=\"900\" src=\"https:\/\/www.youtube.com\/embed\/2yae6g48gbw?feature=oembed\" frameborder=\"0\" allowfullscreen><\/iframe><\/p>\n<p><iframe loading=\"lazy\" width=\"1200\" height=\"900\" src=\"https:\/\/www.youtube.com\/embed\/t9EpY6PirZw?feature=oembed\" frameborder=\"0\" allowfullscreen><\/iframe><\/p>\n<h2>Program &amp;\u00a0Schedule (may be changed)<\/h2>\n<p style=\"padding-left: 30px;\"><strong>Saturday &#8211; am<\/strong><br \/>\n10:00 \u2013 11:00 -1h-\u00a0<strong>Keiko 1<\/strong><br \/>\n11:00 \u2013 12:00 -1h-\u00a0 <strong>Keiko 2<\/strong><\/p>\n<p style=\"padding-left: 30px;\">(meal on the spot &#8211; <strong>Bring\u00a0your meal with you<\/strong>)<br \/>\n(pique-nique sur place &#8211; <strong>pr\u00e9voir son repas<\/strong>)<\/p>\n<p style=\"padding-left: 30px;\"><strong>Saturday &#8211; pm<br \/>\n<\/strong>14:30 \u2013 15:30\u00a0-1h- <strong>Keiko 3<\/strong><br \/>\n15:30 \u2013 16:30 -1h- <strong>Keiko 4<\/strong><span style=\"color: #999999;\">\u00a0<\/span><br \/>\n16:30 \u2013 17:30 -1h-&nbsp;\u00a0<strong>Keiko 5<\/strong><span style=\"color: #808080;\"> &#8211; Jo 13 Kata<\/span><\/p>\n<p style=\"padding-left: 30px;\">18:30 &#8211;\u00a0<strong>Movie\/Documentary about the Aikido<\/strong><br \/>\n19:30 &#8211; <strong>Simple and friendly meal on the spot\u00a0<\/strong><br \/>\n\ud83d\ude2f RESERVATION PAR EMAIL AVANT LE 1er\u00a0JUIN<br \/>\nou un suppl\u00e9ment sera demand\u00e9.<br \/>\n<span style=\"color: #ff0000;\">\ud83d\ude2f BOOK YOUR PLACE\u00a0BY EMAIL BY\u00a01st JUNE<br \/>\n<\/span>or an addionnal charge will appl<br \/>\n<strong><br \/>\nSunday am<br \/>\n<\/strong>09:30 \u2013 10:30\u00a0-1h-\u00a0<strong>Keiko 6<\/strong><br \/>\n10:30 \u2013 11:30 -1h-\u00a0 <strong>Keiko 7<br \/>\n<\/strong>11:30 \u2013 12:00 &#8211; 0h30 &#8211;<strong> Keiko 8\u00a0<\/strong><span style=\"color: #999999;\">&#8211; ninidori\/sannidori<\/span><span style=\"color: #999999;\"><br \/>\n<\/span><\/p>\n<p style=\"padding-left: 30px;\"><strong>Sunday\u00a0pm<\/strong><br \/>\nVisiting Gourdon!<\/p>\n<p style=\"padding-left: 30px;\">Gourdon is one of the most picturesque of all the perched villages, and one of the most touristic. It&rsquo;s rated as one of the\u00a0Plus Beaux Villages de France, and well deserves the title. The village is full of little boutiques with perfume products, a glass blower who creates intricate masterpieces and loves to talk, an early-17th-century fortress, and several large buses dropping off and picking up tourists. [<a href=\"http:\/\/www.beyond.fr\/villages\/gourdon.html\" target=\"_blank\">More info about Gourdon<\/a>]\n<h2>Hosting<\/h2>\n<div style=\"padding-left: 30px;\">\n<table>\n<tbody>\n<tr>\n<td style=\"padding-left: 30px;\"><strong>Hosted by an aikido-ka<\/strong><br \/>\nIt is possible to be hosted at home by one of the local aikido-ka. If you are interested, <a href=\"mailto:azur@aikidojo.fr\" target=\"_blank\">email<\/a> us as soon as possible since the number of places is\u00a0limited.<\/td>\n<\/tr>\n<tr>\n<td style=\"padding-left: 30px;\"><strong>Hotel <\/strong>(3km)<br \/>\nH\u00f4tel Campagnile &#8211; Chateauneuf de Grasse<br \/>\nWhen you are booking, inform the office that you are coming for a sport event so you can benefit of a price reduction.<br \/>\n<a title=\"H\u00f4tel pour le stage d'aikido\" href=\"http:\/\/www.campanile-grasse-chateauneuf.fr\/fr\/index.aspx\" target=\"_blank\">http:\/\/www.campanile-grasse-chateauneuf.fr\/<br \/>\n<\/a><strong>\/!\\ If you have no car, we can drive\u00a0you to and catch you at the hotel<\/strong>. (see bow to reach the spot hereafter)<\/td>\n<\/tr>\n<tr>\n<td style=\"padding-left: 30px;\"><strong>Camping<\/strong><br \/>\nCamping L&rsquo;Or\u00e9e d&rsquo;Azur<br \/>\n<a title=\"Camping pour le stage d'Aikido\" href=\"http:\/\/www.camping-loreedazur.fr\" target=\"_blank\">http:\/\/www.camping-loreedazur.fr<\/a><\/td>\n<\/tr>\n<\/tbody>\n<\/table>\n<\/div>\n<h2><\/h2>\n<p><iframe loading=\"lazy\" width=\"1200\" height=\"900\" src=\"https:\/\/www.youtube.com\/embed\/Hk-0JZSy97M?feature=oembed\" frameborder=\"0\" allowfullscreen><\/iframe><\/p>\n<p class=\"yt watch-title-container\" style=\"text-align: right;\"><span id=\"eow-title\" class=\"watch-title watch-editable\" dir=\"ltr\" style=\"color: #999999;\" title=\"1994 Rennes - Aikido iwama - Featured: Saito H. Sensei and Lewis de Quiros (Jo Dori)\">1994 Rennes &#8211; Aikido Seminar\u00a0&#8211; Saito H. Sensei &#8211; Uke:\u00a0Lewis de Quiros<\/span><\/p>\n<h2><\/h2>\n<div id='gallery-1' class='gallery galleryid-6482 gallery-columns-3 gallery-size-thumbnail'><figure class='gallery-item'>\n\t\t\t<div class='gallery-icon landscape'>\n\t\t\t\t<a href='https:\/\/equilibreazur.fr\/azur\/news\/2016-aikido-seminar-nice-lewis-de-quiros\/attachment\/121606_0228-lewis-de-quiros\/#main'><img loading=\"lazy\" decoding=\"async\" width=\"200\" height=\"200\" src=\"https:\/\/equilibreazur.fr\/azur\/wp-content\/uploads\/2016\/01\/121606_0228-lewis-de-quiros-200x200.jpg\" class=\"attachment-thumbnail size-thumbnail\" alt=\"\" aria-describedby=\"gallery-1-6494\" srcset=\"https:\/\/equilibreazur.fr\/azur\/wp-content\/uploads\/2016\/01\/121606_0228-lewis-de-quiros-200x200.jpg 200w, https:\/\/equilibreazur.fr\/azur\/wp-content\/uploads\/2016\/01\/121606_0228-lewis-de-quiros-60x60.jpg 60w\" sizes=\"auto, (max-width: 200px) 100vw, 200px\" \/><\/a>\n\t\t\t<\/div>\n\t\t\t\t<figcaption class='wp-caption-text gallery-caption' id='gallery-1-6494'>\n\t\t\t\tLewis de Quiros Sensei\n\t\t\t\t<\/figcaption><\/figure><figure class='gallery-item'>\n\t\t\t<div class='gallery-icon landscape'>\n\t\t\t\t<a href='https:\/\/equilibreazur.fr\/azur\/news\/2016-aikido-seminar-nice-lewis-de-quiros\/attachment\/stage-aikido-dinard-032014-lewis-de-quiros\/#main'><img loading=\"lazy\" decoding=\"async\" width=\"200\" height=\"200\" src=\"https:\/\/equilibreazur.fr\/azur\/wp-content\/uploads\/2016\/01\/1994-03-Dinard-Lewis-de-quiros-200x200.jpg\" class=\"attachment-thumbnail size-thumbnail\" alt=\"\" aria-describedby=\"gallery-1-6495\" srcset=\"https:\/\/equilibreazur.fr\/azur\/wp-content\/uploads\/2016\/01\/1994-03-Dinard-Lewis-de-quiros-200x200.jpg 200w, https:\/\/equilibreazur.fr\/azur\/wp-content\/uploads\/2016\/01\/1994-03-Dinard-Lewis-de-quiros-60x60.jpg 60w\" sizes=\"auto, (max-width: 200px) 100vw, 200px\" \/><\/a>\n\t\t\t<\/div>\n\t\t\t\t<figcaption class='wp-caption-text gallery-caption' id='gallery-1-6495'>\n\t\t\t\tStage Aikido Dinard &#8211; 03\/1994 Lewis de Quiros (photo e.savalli)\n\t\t\t\t<\/figcaption><\/figure><figure class='gallery-item'>\n\t\t\t<div class='gallery-icon landscape'>\n\t\t\t\t<a href='https:\/\/equilibreazur.fr\/azur\/news\/2016-aikido-seminar-nice-lewis-de-quiros\/attachment\/1996-08-rennes-lewis-de-quiros-tristao-da-cunha\/#main'><img loading=\"lazy\" decoding=\"async\" width=\"200\" height=\"200\" src=\"https:\/\/equilibreazur.fr\/azur\/wp-content\/uploads\/2016\/01\/1996-08-Rennes-Lewis-de-quiros-Tristao-Da-Cunha-200x200.jpg\" class=\"attachment-thumbnail size-thumbnail\" alt=\"\" aria-describedby=\"gallery-1-6496\" srcset=\"https:\/\/equilibreazur.fr\/azur\/wp-content\/uploads\/2016\/01\/1996-08-Rennes-Lewis-de-quiros-Tristao-Da-Cunha-200x200.jpg 200w, https:\/\/equilibreazur.fr\/azur\/wp-content\/uploads\/2016\/01\/1996-08-Rennes-Lewis-de-quiros-Tristao-Da-Cunha-60x60.jpg 60w\" sizes=\"auto, (max-width: 200px) 100vw, 200px\" \/><\/a>\n\t\t\t<\/div>\n\t\t\t\t<figcaption class='wp-caption-text gallery-caption' id='gallery-1-6496'>\n\t\t\t\tAikido Seminar-  Rennes &#8211; Hitohiro SAITO Sensei &#8211; Tristao Da Cunha &amp; Lewis De Quiros  (photo e.savalli)\n\t\t\t\t<\/figcaption><\/figure>\n\t\t<\/div>\n\n<h2>Fee \/ Booking<\/h2>\n<div style=\"padding-left: 30px;\">\n<table>\n<tbody>\n<tr>\n<td>\n<ul>\n<li>Classes\u00a01\/2 day\u00a0: \u20ac40<\/li>\n<li>Classes 2 x 1\/2 day<strong>\u00a0<\/strong>: \u20ac60<\/li>\n<li>Classes<strong>\u00a0Saturday\u00a0+ Sunday<\/strong>\u00a0:<strong>\u00a0\u20ac70<\/strong><\/li>\n<li><strong>Saturday-evening meal<br \/>\n<\/strong>(normal\/vegetarian)&nbsp;:\u00a0<strong>\u20ac10<\/strong><\/li>\n<\/ul>\n<\/td>\n<\/tr>\n<tr>\n<td><strong>\ud83d\ude2f\u00a0BOOK YOUR PLACE\u00a0BY\u00a0<a href=\"mailto:eric@aikidojo.fr\">EMAIL<\/a>\u00a0BY\u00a01st\u00a0JUNE<\/strong><\/td>\n<\/tr>\n<\/tbody>\n<\/table>\n<\/div>\n<h2>Photos \/ Video recording<\/h2>\n<div style=\"padding-left: 30px;\">\n<table>\n<tbody>\n<tr>\n<td style=\"width: 50%;\"><\/td>\n<td style=\"padding-left: 30px;\"><em>English<\/em><strong><em><img loading=\"lazy\" decoding=\"async\" class=\"alignleft\" title=\"ENGLISH\" src=\"https:\/\/equilibreazur.fr\/azur\/images\/flag\/en.png\" alt=\"\" width=\"32\" height=\"32\" \/><\/em><\/strong><\/td>\n<\/tr>\n<tr>\n<td style=\"vertical-align: top; padding-left: 30px;\">\ud83d\ude2f Enregistrements vid\u00e9os et photographiques <strong>ne sont pas autoris\u00e9s<\/strong>\u00a0durant les cours.<br \/>\nDes photographies seront prises par l&rsquo;organisateur et distribu\u00e9es aux int\u00e9ress\u00e9s et sur les r\u00e9seaux sociaux.<br \/>\nInformer \u00e0 l&rsquo;accueil une fois sur place si vous ne d\u00e9sirez pas appara\u00eetre sur les photos.<\/td>\n<td style=\"vertical-align: top; padding-left: 30px;\">\ud83d\ude2f <strong>Videos et photos are not allowed<\/strong>.<br \/>\nShots will be done during the seminar by the organisators and will be communicated to the participants and on social networks (you can tell you don&rsquo;t wish to appear at the welcome office)<\/td>\n<\/tr>\n<\/tbody>\n<\/table>\n<\/div>\n<h2>Download the flyer<\/h2>\n<p style=\"padding-left: 30px;\">Please, if you are a dojocho, print out the flyer and display\/share it among your student to support this project&#8230;<\/p>\n<p style=\"padding-left: 30px;\"><a href=\"https:\/\/equilibreazur.fr\/azur\/wp-content\/uploads\/2016\/01\/2016-06-Nice-Lewis-de-Quiros.pdf\" rel=\"\"><img loading=\"lazy\" decoding=\"async\" class=\"alignnone size-thumbnail wp-image-6562\" src=\"https:\/\/equilibreazur.fr\/azur\/wp-content\/uploads\/2016\/01\/2016-06-Nice-Lewis-de-Quiros-200x200.jpg\" alt=\"2016-06-Nice-Lewis-de-Quiros\" width=\"200\" height=\"200\" \/>2016-06-Nice-Lewis-deQuiros<\/a><\/p>\n<h2>Location<\/h2>\n<div title=\"Page 2\">\n<p style=\"padding-left: 30px;\"><strong>Plans d&rsquo;acc\u00e8s<\/strong>&nbsp;:<br \/>\n<a href=\"https:\/\/www.google.com\/maps\/d\/viewer?mid=z88ZSxIt-y98.k-zSPYmtTrv4\" target=\"_blank\">https:\/\/www.google.com\/maps\/d\/viewer?mid=z88ZSxIt-y98.k-zSPYmtTrv4<\/a><\/p>\n<div title=\"Page 2\">\n<p style=\"padding-left: 30px;\"><strong>Coll\u00e8ge de Le ROURET \/ CHATEAUNEUF\u00a0de GRASSE<br \/>\n<\/strong>The seminar will take place at Gymnase du Coll\u00e8ge de Chateauneuf de Grasse \/ Le Rouret.<\/p>\n<\/div>\n<\/div>\n<p style=\"padding-left: 30px;\">Salle du Bois de Saint Jeaume<br \/>\nGymnase du coll\u00e8ge<br \/>\n<strong>Chemin de Barnarac<\/strong><br \/>\n<strong>06650 LE ROURET<\/strong><\/p>\n<p style=\"padding-left: 30px;\"><a href=\"https:\/\/goo.gl\/maps\/TV4tq\" target=\"_blank\">https:\/\/goo.gl\/maps\/TV4tq<br \/>\n<\/a><br \/>\n<iframe loading=\"lazy\" src=\"https:\/\/www.google.com\/maps\/embed?pb=!1m0!3m2!1sfr!2sfr!4v1421426502993!6m8!1m7!1s1hWCe0i-wG2T90yWH5lrUg!2m2!1d43.673431!2d6.993002!3f327.7626653423456!4f-13.717081908514118!5f0.7820865974627469\" width=\"706\" height=\"450\" frameborder=\"0\"><\/iframe><small><br \/>\n<\/small><\/p>\n<p style=\"padding-left: 30px;\"><img loading=\"lazy\" decoding=\"async\" class=\"alignnone wp-image-4446\" title=\"pic\" src=\"https:\/\/equilibreazur.fr\/azur\/wp-content\/uploads\/2012\/09\/pic.jpg\" alt=\"French Riviera\" width=\"706\" height=\"491\" srcset=\"https:\/\/equilibreazur.fr\/azur\/wp-content\/uploads\/2012\/09\/pic.jpg 449w, https:\/\/equilibreazur.fr\/azur\/wp-content\/uploads\/2012\/09\/pic-150x104.jpg 150w, https:\/\/equilibreazur.fr\/azur\/wp-content\/uploads\/2012\/09\/pic-400x277.jpg 400w, https:\/\/equilibreazur.fr\/azur\/wp-content\/uploads\/2012\/09\/pic-370x257.jpg 370w\" sizes=\"auto, (max-width: 706px) 100vw, 706px\" \/><br \/>\n<span style=\"color: #808080;\">Photo: Manfred Steinbach\/shutterstock<\/span><\/p>\n<h2>Reaching the spot from the airport<\/h2>\n<p><img loading=\"lazy\" decoding=\"async\" class=\"size-medium wp-image-6619 alignright\" src=\"https:\/\/equilibreazur.fr\/azur\/wp-content\/uploads\/2016\/01\/nice-airport-vue-aerienne-370x247.jpg\" alt=\"nice airport - a\u00e9roport de nice\" width=\"370\" height=\"247\" srcset=\"https:\/\/equilibreazur.fr\/azur\/wp-content\/uploads\/2016\/01\/nice-airport-vue-aerienne-370x247.jpg 370w, https:\/\/equilibreazur.fr\/azur\/wp-content\/uploads\/2016\/01\/nice-airport-vue-aerienne.jpg 450w\" sizes=\"auto, (max-width: 370px) 100vw, 370px\" \/>If you are coming by plan and have no car, please let us know. We&rsquo;ll do our best to welcome you at the airport and bring your to your hosting place or the area where the seminar is taking place.<br \/>\nOrtherwise, there is a\u00a0<strong>very easy and convenient way<\/strong>\u00a0to reach the seminar place or the hotel mentioned above&#8230;<\/p>\n<p><b class=\"\"><br \/>\nDirect Bus 500 Nice-Grasse<\/b>,<br \/>\nDeparture from\u00a0<strong>Terminal 1<\/strong>\u00a0at the Nice airport (free shuffle from Terminal 2 to Terminal 1), direction to Grasse, there is a bus <strong>every 35 min<\/strong>. or so for <strong>\u20ac 1,5 only<\/strong>.<br \/>\nThe bus stops at LE ROURET and at CHATEAUNEUF DE GRASSE (where you&rsquo;ll have the Campanile Hotel):<br \/>\nSee\u00a0<a href=\"http:\/\/en.nice.aeroport.fr\/Passengers\/DIRECTIONS-PARKING\/Gestion-Bus-et-Navettes\/Bus-lines\/500-Nice-Grasse\" target=\"_blank\">BUS 500 details<\/a>\u00a0[english].<\/p>\n<div style=\"padding-left: 30px;\"><\/div>\n<h2>More\u00a0informations<\/h2>\n<p style=\"padding-left: 30px;\"><strong>Possible\u00a0training outdoor!<br \/>\nEntra\u00eenement aux armes en plein-air&nbsp;!<\/strong><\/p>\n<p style=\"padding-left: 30px;\">Take with you sport shoes for training outside, next to the olive trees as the weather will probably allow to do so!. 8)<\/p>\n<p style=\"padding-left: 30px;\">Attention, <strong>ces informations peuvent \u00e9voluer<\/strong>&nbsp;!<br \/>\nMerci de revenir consulter cette page, ou mieux, de vous <a title=\"newsletter aikido\" href=\"http:\/\/aikidoblog.net\/fr\/news\/lettre-information\/\" target=\"_blank\">inscrire \u00e0 notre lettre d&rsquo;information<\/a>.<\/p>\n<p style=\"padding-left: 30px;\"><a href=\"mailto:azur@aikidojo.fr\" target=\"_blank\">azur@aikidojo.fr<\/a><br \/>\nAiki Dojo Azur<br \/>\n+33 (0)6 60 42 26 32<\/p>\n<div style=\"padding-left: 30px;\"><span style=\"color: #ff0000;\">Please bring <strong>boken and jo<\/strong>!<\/span><\/div>\n<div style=\"padding-left: 30px;\"><span style=\"color: #ff0000;\"><strong>Insurance to be organised individually<\/strong>.<\/span><\/div>\n<p style=\"padding-left: 30px;\"><span style=\"color: #ff0000;\">Take care, all those information may slightly evolve.<\/span><br \/>\n<span style=\"color: #ff0000;\"> Come back regularly to check this page, and subscribe to our newsletter:<\/span><\/p>\n<p style=\"padding-left: 30px;\">[wysija_form id=1]\n","protected":false},"excerpt":{"rendered":"<p>Lewis de QUIROS Sensei is directing an Aikido Seminar in the French Riviera on June 2016. Lewis Sensei came for the first time France in 12-13 February 1994, invited at that time by Daniel TOUTAN Sensei. This is a great pleasure for Eric Savalli to invite him back in France 22 years later. For your sake, take part of this seminar!<\/p>\n<p>Lewis de QUIROS Sensei, \u00e9l\u00e8ve de feu Morihiro SAITO Sensei, sera de nouveau en France, 22 ans apr\u00e8s son premier stage en France, c&rsquo;\u00e9tait en 1994. Eric Savalli a le plaisir d&rsquo;inviter Lewis de QUIROS Sensei pour y diriger un stage d&rsquo;Aikido sur la French Riviera en juin 2016.<\/p>\n","protected":false},"author":2,"featured_media":6488,"comment_status":"open","ping_status":"open","sticky":false,"template":"","format":"standard","meta":{"_acf_changed":false,"_seopress_robots_primary_cat":"","_seopress_titles_title":"","_seopress_titles_desc":"Lewis de QUIROS Sensei is directing an Aikido Seminar in the French Riviera on June 2016. This is a great pleasure for Eric Savalli to invite him 22 years after his 1st seminar in France.","_seopress_robots_index":"","generate_page_header":"","footnotes":""},"categories":[142,197],"tags":[248,252,95,204],"class_list":["post-6482","post","type-post","status-publish","format-standard","has-post-thumbnail","hentry","category-news","category-stages-calendrier","tag-aikido","tag-l-dequiros","tag-nice-grasse","tag-stage","infinite-scroll-item","masonry-post","generate-columns","tablet-grid-50","mobile-grid-100","grid-parent","grid-50"],"acf":[],"_links":{"self":[{"href":"https:\/\/equilibreazur.fr\/azur\/wp-json\/wp\/v2\/posts\/6482","targetHints":{"allow":["GET"]}}],"collection":[{"href":"https:\/\/equilibreazur.fr\/azur\/wp-json\/wp\/v2\/posts"}],"about":[{"href":"https:\/\/equilibreazur.fr\/azur\/wp-json\/wp\/v2\/types\/post"}],"author":[{"embeddable":true,"href":"https:\/\/equilibreazur.fr\/azur\/wp-json\/wp\/v2\/users\/2"}],"replies":[{"embeddable":true,"href":"https:\/\/equilibreazur.fr\/azur\/wp-json\/wp\/v2\/comments?post=6482"}],"version-history":[{"count":6,"href":"https:\/\/equilibreazur.fr\/azur\/wp-json\/wp\/v2\/posts\/6482\/revisions"}],"predecessor-version":[{"id":7140,"href":"https:\/\/equilibreazur.fr\/azur\/wp-json\/wp\/v2\/posts\/6482\/revisions\/7140"}],"wp:featuredmedia":[{"embeddable":true,"href":"https:\/\/equilibreazur.fr\/azur\/wp-json\/wp\/v2\/media\/6488"}],"wp:attachment":[{"href":"https:\/\/equilibreazur.fr\/azur\/wp-json\/wp\/v2\/media?parent=6482"}],"wp:term":[{"taxonomy":"category","embeddable":true,"href":"https:\/\/equilibreazur.fr\/azur\/wp-json\/wp\/v2\/categories?post=6482"},{"taxonomy":"post_tag","embeddable":true,"href":"https:\/\/equilibreazur.fr\/azur\/wp-json\/wp\/v2\/tags?post=6482"}],"curies":[{"name":"wp","href":"https:\/\/api.w.org\/{rel}","templated":true}]}}