{"id":6237,"date":"2015-11-07T22:08:47","date_gmt":"2015-11-07T22:08:47","guid":{"rendered":"https:\/\/equilibreazur.fr\/azur\/?p=6237"},"modified":"2015-11-07T22:09:01","modified_gmt":"2015-11-07T22:09:01","slug":"2015-09-photos-stage-tristao-da-cunha","status":"publish","type":"post","link":"https:\/\/equilibreazur.fr\/azur\/news\/2015-09-photos-stage-tristao-da-cunha\/","title":{"rendered":"Photos de stage 09\/2015 &#8211; Tristao da Cunha"},"content":{"rendered":"<p>Voici les photographies prises par St\u00e9phane Bravin et Marie Brunel lors du <a href=\"https:\/\/equilibreazur.fr\/azur\/stages-calendrier\/2015-tristao-da-cunha-nice-nissa-france\/\">1er stage avec Tristao da Cunha Sensei<\/a> en r\u00e9gion de Nice.<\/p>\n<p>Elles sont \u00e9galement disponibles sur la <a href=\"https:\/\/www.facebook.com\/media\/set\/?set=a.769725656473233.1073741832.271862712926199&amp;type=1&amp;l=a5508e4eb5\">page Facebook d&rsquo;Aiki Dojo Azur<\/a>.<\/p>\n<p><a href=\"https:\/\/equilibreazur.fr\/azur\/wp-content\/uploads\/2015\/11\/2015-09-26-09-27-46-aiki-dojo-fr-tristao-da-cunha-40.jpg\"><img loading=\"lazy\" decoding=\"async\" class=\"size-large wp-image-6274\" src=\"https:\/\/equilibreazur.fr\/azur\/wp-content\/uploads\/2015\/11\/2015-09-26-09-27-46-aiki-dojo-fr-tristao-da-cunha-40-675x450.jpg\" alt=\"Seminar directed by Tristao Da Cunha Sensei - 09\/2015 - Organized by Aiki Dojo Azur \/ Eric Savalli\" width=\"675\" height=\"450\" \/><br \/>\n<\/a>Seminar directed by Tristao Da Cunha Sensei &#8211; 09\/2015 &#8211; Organized by Aiki Dojo Azur \/ Eric Savalli<\/p>\n<p><!--more--><\/p>\n<figure id=\"attachment_6324\" aria-describedby=\"caption-attachment-6324\" style=\"width: 665px\" class=\"wp-caption alignnone\"><a href=\"https:\/\/equilibreazur.fr\/azur\/wp-content\/uploads\/2015\/11\/2015-09-27-10-59-37-aiki-dojo-fr-tristao-da-cunha-73.jpg\"><img loading=\"lazy\" decoding=\"async\" class=\"size-large wp-image-6324\" src=\"https:\/\/equilibreazur.fr\/azur\/wp-content\/uploads\/2015\/11\/2015-09-27-10-59-37-aiki-dojo-fr-tristao-da-cunha-73-675x450.jpg\" alt=\"Seminar directed by Tristao Da Cunha Sensei - 09\/2015 - Organized by Aiki Dojo Azur \/ Eric Savalli\" width=\"675\" height=\"450\" \/><\/a><figcaption id=\"caption-attachment-6324\" class=\"wp-caption-text\">Seminar directed by Tristao Da Cunha Sensei &#8211; 09\/2015 &#8211; Organized by Aiki Dojo Azur \/ Eric Savalli<\/figcaption><\/figure>\n<figure id=\"attachment_6325\" aria-describedby=\"caption-attachment-6325\" style=\"width: 665px\" class=\"wp-caption alignnone\"><a href=\"https:\/\/equilibreazur.fr\/azur\/wp-content\/uploads\/2015\/11\/2015-09-27-10-59-50-aiki-dojo-fr-tristao-da-cunha-74.jpg\"><img loading=\"lazy\" decoding=\"async\" class=\"size-large wp-image-6325\" src=\"https:\/\/equilibreazur.fr\/azur\/wp-content\/uploads\/2015\/11\/2015-09-27-10-59-50-aiki-dojo-fr-tristao-da-cunha-74-675x450.jpg\" alt=\"Seminar directed by Tristao Da Cunha Sensei - 09\/2015 - Organized by Aiki Dojo Azur \/ Eric Savalli\" width=\"675\" height=\"450\" \/><\/a><figcaption id=\"caption-attachment-6325\" class=\"wp-caption-text\">Seminar directed by Tristao Da Cunha Sensei &#8211; 09\/2015 &#8211; Organized by Aiki Dojo Azur \/ Eric Savalli<\/figcaption><\/figure>\n<figure id=\"attachment_6323\" aria-describedby=\"caption-attachment-6323\" style=\"width: 665px\" class=\"wp-caption alignnone\"><a href=\"https:\/\/equilibreazur.fr\/azur\/wp-content\/uploads\/2015\/11\/2015-09-27-10-59-23-aiki-dojo-fr-tristao-da-cunha-72.jpg\"><img loading=\"lazy\" decoding=\"async\" class=\"size-large wp-image-6323\" src=\"https:\/\/equilibreazur.fr\/azur\/wp-content\/uploads\/2015\/11\/2015-09-27-10-59-23-aiki-dojo-fr-tristao-da-cunha-72-675x450.jpg\" alt=\"Seminar directed by Tristao Da Cunha Sensei - 09\/2015 - Organized by Aiki Dojo Azur \/ Eric Savalli\" width=\"675\" height=\"450\" \/><\/a><figcaption id=\"caption-attachment-6323\" class=\"wp-caption-text\">Seminar directed by Tristao Da Cunha Sensei &#8211; 09\/2015 &#8211; Organized by Aiki Dojo Azur \/ Eric Savalli<\/figcaption><\/figure>\n<figure id=\"attachment_6322\" aria-describedby=\"caption-attachment-6322\" style=\"width: 665px\" class=\"wp-caption alignnone\"><a href=\"https:\/\/equilibreazur.fr\/azur\/wp-content\/uploads\/2015\/11\/2015-09-27-10-58-42-aiki-dojo-fr-tristao-da-cunha-71.jpg\"><img loading=\"lazy\" decoding=\"async\" class=\"size-large wp-image-6322\" src=\"https:\/\/equilibreazur.fr\/azur\/wp-content\/uploads\/2015\/11\/2015-09-27-10-58-42-aiki-dojo-fr-tristao-da-cunha-71-675x450.jpg\" alt=\"Seminar directed by Tristao Da Cunha Sensei - 09\/2015 - Organized by Aiki Dojo Azur \/ Eric Savalli\" width=\"675\" height=\"450\" \/><\/a><figcaption id=\"caption-attachment-6322\" class=\"wp-caption-text\">Seminar directed by Tristao Da Cunha Sensei &#8211; 09\/2015 &#8211; Organized by Aiki Dojo Azur \/ Eric Savalli<\/figcaption><\/figure>\n<figure id=\"attachment_6321\" aria-describedby=\"caption-attachment-6321\" style=\"width: 665px\" class=\"wp-caption alignnone\"><a href=\"https:\/\/equilibreazur.fr\/azur\/wp-content\/uploads\/2015\/11\/2015-09-27-10-58-21-aiki-dojo-fr-tristao-da-cunha-70.jpg\"><img loading=\"lazy\" decoding=\"async\" class=\"size-large wp-image-6321\" src=\"https:\/\/equilibreazur.fr\/azur\/wp-content\/uploads\/2015\/11\/2015-09-27-10-58-21-aiki-dojo-fr-tristao-da-cunha-70-675x450.jpg\" alt=\"Seminar directed by Tristao Da Cunha Sensei - 09\/2015 - Organized by Aiki Dojo Azur \/ Eric Savalli\" width=\"675\" height=\"450\" \/><\/a><figcaption id=\"caption-attachment-6321\" class=\"wp-caption-text\">Seminar directed by Tristao Da Cunha Sensei &#8211; 09\/2015 &#8211; Organized by Aiki Dojo Azur \/ Eric Savalli<\/figcaption><\/figure>\n<figure id=\"attachment_6320\" aria-describedby=\"caption-attachment-6320\" style=\"width: 665px\" class=\"wp-caption alignnone\"><a href=\"https:\/\/equilibreazur.fr\/azur\/wp-content\/uploads\/2015\/11\/2015-09-27-10-58-04-aiki-dojo-fr-tristao-da-cunha-69.jpg\"><img loading=\"lazy\" decoding=\"async\" class=\"size-large wp-image-6320\" src=\"https:\/\/equilibreazur.fr\/azur\/wp-content\/uploads\/2015\/11\/2015-09-27-10-58-04-aiki-dojo-fr-tristao-da-cunha-69-675x450.jpg\" alt=\"Seminar directed by Tristao Da Cunha Sensei - 09\/2015 - Organized by Aiki Dojo Azur \/ Eric Savalli\" width=\"675\" height=\"450\" \/><\/a><figcaption id=\"caption-attachment-6320\" class=\"wp-caption-text\">Seminar directed by Tristao Da Cunha Sensei &#8211; 09\/2015 &#8211; Organized by Aiki Dojo Azur \/ Eric Savalli<\/figcaption><\/figure>\n<figure id=\"attachment_6319\" aria-describedby=\"caption-attachment-6319\" style=\"width: 665px\" class=\"wp-caption alignnone\"><a href=\"https:\/\/equilibreazur.fr\/azur\/wp-content\/uploads\/2015\/11\/2015-09-27-10-57-53-aiki-dojo-fr-tristao-da-cunha-68.jpg\"><img loading=\"lazy\" decoding=\"async\" class=\"size-large wp-image-6319\" src=\"https:\/\/equilibreazur.fr\/azur\/wp-content\/uploads\/2015\/11\/2015-09-27-10-57-53-aiki-dojo-fr-tristao-da-cunha-68-675x450.jpg\" alt=\"Seminar directed by Tristao Da Cunha Sensei - 09\/2015 - Organized by Aiki Dojo Azur \/ Eric Savalli\" width=\"675\" height=\"450\" \/><\/a><figcaption id=\"caption-attachment-6319\" class=\"wp-caption-text\">Seminar directed by Tristao Da Cunha Sensei &#8211; 09\/2015 &#8211; Organized by Aiki Dojo Azur \/ Eric Savalli<\/figcaption><\/figure>\n<figure id=\"attachment_6318\" aria-describedby=\"caption-attachment-6318\" style=\"width: 665px\" class=\"wp-caption alignnone\"><a href=\"https:\/\/equilibreazur.fr\/azur\/wp-content\/uploads\/2015\/11\/2015-09-27-10-57-36-aiki-dojo-fr-tristao-da-cunha-67.jpg\"><img loading=\"lazy\" decoding=\"async\" class=\"size-large wp-image-6318\" src=\"https:\/\/equilibreazur.fr\/azur\/wp-content\/uploads\/2015\/11\/2015-09-27-10-57-36-aiki-dojo-fr-tristao-da-cunha-67-675x449.jpg\" alt=\"Seminar directed by Tristao Da Cunha Sensei - 09\/2015 - Organized by Aiki Dojo Azur \/ Eric Savalli\" width=\"675\" height=\"449\" \/><\/a><figcaption id=\"caption-attachment-6318\" class=\"wp-caption-text\">Seminar directed by Tristao Da Cunha Sensei &#8211; 09\/2015 &#8211; Organized by Aiki Dojo Azur \/ Eric Savalli<\/figcaption><\/figure>\n<figure id=\"attachment_6317\" aria-describedby=\"caption-attachment-6317\" style=\"width: 665px\" class=\"wp-caption alignnone\"><a href=\"https:\/\/equilibreazur.fr\/azur\/wp-content\/uploads\/2015\/11\/2015-09-27-10-57-14-aiki-dojo-fr-tristao-da-cunha-66.jpg\"><img loading=\"lazy\" decoding=\"async\" class=\"size-large wp-image-6317\" src=\"https:\/\/equilibreazur.fr\/azur\/wp-content\/uploads\/2015\/11\/2015-09-27-10-57-14-aiki-dojo-fr-tristao-da-cunha-66-675x449.jpg\" alt=\"Seminar directed by Tristao Da Cunha Sensei - 09\/2015 - Organized by Aiki Dojo Azur \/ Eric Savalli\" width=\"675\" height=\"449\" \/><\/a><figcaption id=\"caption-attachment-6317\" class=\"wp-caption-text\">Seminar directed by Tristao Da Cunha Sensei &#8211; 09\/2015 &#8211; Organized by Aiki Dojo Azur \/ Eric Savalli<\/figcaption><\/figure>\n<figure id=\"attachment_6316\" aria-describedby=\"caption-attachment-6316\" style=\"width: 665px\" class=\"wp-caption alignnone\"><a href=\"https:\/\/equilibreazur.fr\/azur\/wp-content\/uploads\/2015\/11\/2015-09-27-10-57-01-aiki-dojo-fr-tristao-da-cunha-65.jpg\"><img loading=\"lazy\" decoding=\"async\" class=\"size-large wp-image-6316\" src=\"https:\/\/equilibreazur.fr\/azur\/wp-content\/uploads\/2015\/11\/2015-09-27-10-57-01-aiki-dojo-fr-tristao-da-cunha-65-675x450.jpg\" alt=\"Seminar directed by Tristao Da Cunha Sensei - 09\/2015 - Organized by Aiki Dojo Azur \/ Eric Savalli\" width=\"675\" height=\"450\" \/><\/a><figcaption id=\"caption-attachment-6316\" class=\"wp-caption-text\">Seminar directed by Tristao Da Cunha Sensei &#8211; 09\/2015 &#8211; Organized by Aiki Dojo Azur \/ Eric Savalli<\/figcaption><\/figure>\n<figure id=\"attachment_6315\" aria-describedby=\"caption-attachment-6315\" style=\"width: 665px\" class=\"wp-caption alignnone\"><a href=\"https:\/\/equilibreazur.fr\/azur\/wp-content\/uploads\/2015\/11\/2015-09-27-10-43-35-aiki-dojo-fr-tristao-da-cunha-64.jpg\"><img loading=\"lazy\" decoding=\"async\" class=\"size-large wp-image-6315\" src=\"https:\/\/equilibreazur.fr\/azur\/wp-content\/uploads\/2015\/11\/2015-09-27-10-43-35-aiki-dojo-fr-tristao-da-cunha-64-675x450.jpg\" alt=\"Seminar directed by Tristao Da Cunha Sensei - 09\/2015 - Organized by Aiki Dojo Azur \/ Eric Savalli\" width=\"675\" height=\"450\" \/><\/a><figcaption id=\"caption-attachment-6315\" class=\"wp-caption-text\">Seminar directed by Tristao Da Cunha Sensei &#8211; 09\/2015 &#8211; Organized by Aiki Dojo Azur \/ Eric Savalli<\/figcaption><\/figure>\n<figure id=\"attachment_6314\" aria-describedby=\"caption-attachment-6314\" style=\"width: 665px\" class=\"wp-caption alignnone\"><a href=\"https:\/\/equilibreazur.fr\/azur\/wp-content\/uploads\/2015\/11\/2015-09-27-10-40-53-aiki-dojo-fr-tristao-da-cunha-63.jpg\"><img loading=\"lazy\" decoding=\"async\" class=\"size-large wp-image-6314\" src=\"https:\/\/equilibreazur.fr\/azur\/wp-content\/uploads\/2015\/11\/2015-09-27-10-40-53-aiki-dojo-fr-tristao-da-cunha-63-675x450.jpg\" alt=\"Seminar directed by Tristao Da Cunha Sensei - 09\/2015 - Organized by Aiki Dojo Azur \/ Eric Savalli\" width=\"675\" height=\"450\" \/><\/a><figcaption id=\"caption-attachment-6314\" class=\"wp-caption-text\">Seminar directed by Tristao Da Cunha Sensei &#8211; 09\/2015 &#8211; Organized by Aiki Dojo Azur \/ Eric Savalli<\/figcaption><\/figure>\n<figure id=\"attachment_6313\" aria-describedby=\"caption-attachment-6313\" style=\"width: 665px\" class=\"wp-caption alignnone\"><a href=\"https:\/\/equilibreazur.fr\/azur\/wp-content\/uploads\/2015\/11\/2015-09-27-10-33-11-aiki-dojo-fr-tristao-da-cunha-93.jpg\"><img loading=\"lazy\" decoding=\"async\" class=\"size-large wp-image-6313\" src=\"https:\/\/equilibreazur.fr\/azur\/wp-content\/uploads\/2015\/11\/2015-09-27-10-33-11-aiki-dojo-fr-tristao-da-cunha-93-675x506.jpg\" alt=\"Seminar directed by Tristao Da Cunha Sensei - 09\/2015 - Organized by Aiki Dojo Azur \/ Eric Savalli\" width=\"675\" height=\"506\" \/><\/a><figcaption id=\"caption-attachment-6313\" class=\"wp-caption-text\">Seminar directed by Tristao Da Cunha Sensei &#8211; 09\/2015 &#8211; Organized by Aiki Dojo Azur \/ Eric Savalli<\/figcaption><\/figure>\n<figure id=\"attachment_6312\" aria-describedby=\"caption-attachment-6312\" style=\"width: 665px\" class=\"wp-caption alignnone\"><a href=\"https:\/\/equilibreazur.fr\/azur\/wp-content\/uploads\/2015\/11\/2015-09-27-10-30-46-aiki-dojo-fr-tristao-da-cunha-92.jpg\"><img loading=\"lazy\" decoding=\"async\" class=\"size-large wp-image-6312\" src=\"https:\/\/equilibreazur.fr\/azur\/wp-content\/uploads\/2015\/11\/2015-09-27-10-30-46-aiki-dojo-fr-tristao-da-cunha-92-675x506.jpg\" alt=\"Seminar directed by Tristao Da Cunha Sensei - 09\/2015 - Organized by Aiki Dojo Azur \/ Eric Savalli\" width=\"675\" height=\"506\" \/><\/a><figcaption id=\"caption-attachment-6312\" class=\"wp-caption-text\">Seminar directed by Tristao Da Cunha Sensei &#8211; 09\/2015 &#8211; Organized by Aiki Dojo Azur \/ Eric Savalli<\/figcaption><\/figure>\n<figure id=\"attachment_6311\" aria-describedby=\"caption-attachment-6311\" style=\"width: 665px\" class=\"wp-caption alignnone\"><a href=\"https:\/\/equilibreazur.fr\/azur\/wp-content\/uploads\/2015\/11\/2015-09-27-10-29-44-aiki-dojo-fr-tristao-da-cunha-91.jpg\"><img loading=\"lazy\" decoding=\"async\" class=\"size-large wp-image-6311\" src=\"https:\/\/equilibreazur.fr\/azur\/wp-content\/uploads\/2015\/11\/2015-09-27-10-29-44-aiki-dojo-fr-tristao-da-cunha-91-675x506.jpg\" alt=\"Seminar directed by Tristao Da Cunha Sensei - 09\/2015 - Organized by Aiki Dojo Azur \/ Eric Savalli\" width=\"675\" height=\"506\" \/><\/a><figcaption id=\"caption-attachment-6311\" class=\"wp-caption-text\">Seminar directed by Tristao Da Cunha Sensei &#8211; 09\/2015 &#8211; Organized by Aiki Dojo Azur \/ Eric Savalli<\/figcaption><\/figure>\n<figure id=\"attachment_6310\" aria-describedby=\"caption-attachment-6310\" style=\"width: 665px\" class=\"wp-caption alignnone\"><a href=\"https:\/\/equilibreazur.fr\/azur\/wp-content\/uploads\/2015\/11\/2015-09-27-10-27-35-aiki-dojo-fr-tristao-da-cunha-90.jpg\"><img loading=\"lazy\" decoding=\"async\" class=\"size-large wp-image-6310\" src=\"https:\/\/equilibreazur.fr\/azur\/wp-content\/uploads\/2015\/11\/2015-09-27-10-27-35-aiki-dojo-fr-tristao-da-cunha-90-675x506.jpg\" alt=\"Seminar directed by Tristao Da Cunha Sensei - 09\/2015 - Organized by Aiki Dojo Azur \/ Eric Savalli\" width=\"675\" height=\"506\" \/><\/a><figcaption id=\"caption-attachment-6310\" class=\"wp-caption-text\">Seminar directed by Tristao Da Cunha Sensei &#8211; 09\/2015 &#8211; Organized by Aiki Dojo Azur \/ Eric Savalli<\/figcaption><\/figure>\n<figure id=\"attachment_6309\" aria-describedby=\"caption-attachment-6309\" style=\"width: 665px\" class=\"wp-caption alignnone\"><a href=\"https:\/\/equilibreazur.fr\/azur\/wp-content\/uploads\/2015\/11\/2015-09-27-10-26-44-aiki-dojo-fr-tristao-da-cunha-89.jpg\"><img loading=\"lazy\" decoding=\"async\" class=\"size-large wp-image-6309\" src=\"https:\/\/equilibreazur.fr\/azur\/wp-content\/uploads\/2015\/11\/2015-09-27-10-26-44-aiki-dojo-fr-tristao-da-cunha-89-675x450.jpg\" alt=\"Seminar directed by Tristao Da Cunha Sensei - 09\/2015 - Organized by Aiki Dojo Azur \/ Eric Savalli\" width=\"675\" height=\"450\" \/><\/a><figcaption id=\"caption-attachment-6309\" class=\"wp-caption-text\">Seminar directed by Tristao Da Cunha Sensei &#8211; 09\/2015 &#8211; Organized by Aiki Dojo Azur \/ Eric Savalli<\/figcaption><\/figure>\n<figure id=\"attachment_6308\" aria-describedby=\"caption-attachment-6308\" style=\"width: 665px\" class=\"wp-caption alignnone\"><a href=\"https:\/\/equilibreazur.fr\/azur\/wp-content\/uploads\/2015\/11\/2015-09-27-10-25-41-aiki-dojo-fr-tristao-da-cunha-88.jpg\"><img loading=\"lazy\" decoding=\"async\" class=\"size-large wp-image-6308\" src=\"https:\/\/equilibreazur.fr\/azur\/wp-content\/uploads\/2015\/11\/2015-09-27-10-25-41-aiki-dojo-fr-tristao-da-cunha-88-675x449.jpg\" alt=\"Seminar directed by Tristao Da Cunha Sensei - 09\/2015 - Organized by Aiki Dojo Azur \/ Eric Savalli\" width=\"675\" height=\"449\" \/><\/a><figcaption id=\"caption-attachment-6308\" class=\"wp-caption-text\">Seminar directed by Tristao Da Cunha Sensei &#8211; 09\/2015 &#8211; Organized by Aiki Dojo Azur \/ Eric Savalli<\/figcaption><\/figure>\n<figure id=\"attachment_6307\" aria-describedby=\"caption-attachment-6307\" style=\"width: 665px\" class=\"wp-caption alignnone\"><a href=\"https:\/\/equilibreazur.fr\/azur\/wp-content\/uploads\/2015\/11\/2015-09-27-10-24-22-aiki-dojo-fr-tristao-da-cunha-62.jpg\"><img loading=\"lazy\" decoding=\"async\" class=\"size-large wp-image-6307\" src=\"https:\/\/equilibreazur.fr\/azur\/wp-content\/uploads\/2015\/11\/2015-09-27-10-24-22-aiki-dojo-fr-tristao-da-cunha-62-675x450.jpg\" alt=\"Seminar directed by Tristao Da Cunha Sensei - 09\/2015 - Organized by Aiki Dojo Azur \/ Eric Savalli\" width=\"675\" height=\"450\" \/><\/a><figcaption id=\"caption-attachment-6307\" class=\"wp-caption-text\">Seminar directed by Tristao Da Cunha Sensei &#8211; 09\/2015 &#8211; Organized by Aiki Dojo Azur \/ Eric Savalli<\/figcaption><\/figure>\n<figure id=\"attachment_6306\" aria-describedby=\"caption-attachment-6306\" style=\"width: 665px\" class=\"wp-caption alignnone\"><a href=\"https:\/\/equilibreazur.fr\/azur\/wp-content\/uploads\/2015\/11\/2015-09-27-10-24-20-aiki-dojo-fr-tristao-da-cunha-61.jpg\"><img loading=\"lazy\" decoding=\"async\" class=\"size-large wp-image-6306\" src=\"https:\/\/equilibreazur.fr\/azur\/wp-content\/uploads\/2015\/11\/2015-09-27-10-24-20-aiki-dojo-fr-tristao-da-cunha-61-675x450.jpg\" alt=\"Seminar directed by Tristao Da Cunha Sensei - 09\/2015 - Organized by Aiki Dojo Azur \/ Eric Savalli\" width=\"675\" height=\"450\" \/><\/a><figcaption id=\"caption-attachment-6306\" class=\"wp-caption-text\">Seminar directed by Tristao Da Cunha Sensei &#8211; 09\/2015 &#8211; Organized by Aiki Dojo Azur \/ Eric Savalli<\/figcaption><\/figure>\n<figure id=\"attachment_6305\" aria-describedby=\"caption-attachment-6305\" style=\"width: 665px\" class=\"wp-caption alignnone\"><a href=\"https:\/\/equilibreazur.fr\/azur\/wp-content\/uploads\/2015\/11\/2015-09-27-10-23-52-aiki-dojo-fr-tristao-da-cunha-87.jpg\"><img loading=\"lazy\" decoding=\"async\" class=\"size-large wp-image-6305\" src=\"https:\/\/equilibreazur.fr\/azur\/wp-content\/uploads\/2015\/11\/2015-09-27-10-23-52-aiki-dojo-fr-tristao-da-cunha-87-675x450.jpg\" alt=\"Seminar directed by Tristao Da Cunha Sensei - 09\/2015 - Organized by Aiki Dojo Azur \/ Eric Savalli\" width=\"675\" height=\"450\" \/><\/a><figcaption id=\"caption-attachment-6305\" class=\"wp-caption-text\">Seminar directed by Tristao Da Cunha Sensei &#8211; 09\/2015 &#8211; Organized by Aiki Dojo Azur \/ Eric Savalli<\/figcaption><\/figure>\n<figure id=\"attachment_6304\" aria-describedby=\"caption-attachment-6304\" style=\"width: 665px\" class=\"wp-caption alignnone\"><a href=\"https:\/\/equilibreazur.fr\/azur\/wp-content\/uploads\/2015\/11\/2015-09-27-10-22-21-aiki-dojo-fr-tristao-da-cunha-86.jpg\"><img loading=\"lazy\" decoding=\"async\" class=\"size-large wp-image-6304\" src=\"https:\/\/equilibreazur.fr\/azur\/wp-content\/uploads\/2015\/11\/2015-09-27-10-22-21-aiki-dojo-fr-tristao-da-cunha-86-675x506.jpg\" alt=\"Seminar directed by Tristao Da Cunha Sensei - 09\/2015 - Organized by Aiki Dojo Azur \/ Eric Savalli\" width=\"675\" height=\"506\" \/><\/a><figcaption id=\"caption-attachment-6304\" class=\"wp-caption-text\">Seminar directed by Tristao Da Cunha Sensei &#8211; 09\/2015 &#8211; Organized by Aiki Dojo Azur \/ Eric Savalli<\/figcaption><\/figure>\n<figure id=\"attachment_6303\" aria-describedby=\"caption-attachment-6303\" style=\"width: 665px\" class=\"wp-caption alignnone\"><a href=\"https:\/\/equilibreazur.fr\/azur\/wp-content\/uploads\/2015\/11\/2015-09-27-09-14-25-aiki-dojo-fr-tristao-da-cunha-60.jpg\"><img loading=\"lazy\" decoding=\"async\" class=\"size-large wp-image-6303\" src=\"https:\/\/equilibreazur.fr\/azur\/wp-content\/uploads\/2015\/11\/2015-09-27-09-14-25-aiki-dojo-fr-tristao-da-cunha-60-675x450.jpg\" alt=\"Seminar directed by Tristao Da Cunha Sensei - 09\/2015 - Organized by Aiki Dojo Azur \/ Eric Savalli\" width=\"675\" height=\"450\" \/><\/a><figcaption id=\"caption-attachment-6303\" class=\"wp-caption-text\">Seminar directed by Tristao Da Cunha Sensei &#8211; 09\/2015 &#8211; Organized by Aiki Dojo Azur \/ Eric Savalli<\/figcaption><\/figure>\n<figure id=\"attachment_6301\" aria-describedby=\"caption-attachment-6301\" style=\"width: 665px\" class=\"wp-caption alignnone\"><a href=\"https:\/\/equilibreazur.fr\/azur\/wp-content\/uploads\/2015\/11\/2015-09-26-18-12-26-aiki-dojo-fr-tristao-da-cunha-58.jpg\"><img loading=\"lazy\" decoding=\"async\" class=\"size-large wp-image-6301\" src=\"https:\/\/equilibreazur.fr\/azur\/wp-content\/uploads\/2015\/11\/2015-09-26-18-12-26-aiki-dojo-fr-tristao-da-cunha-58-675x450.jpg\" alt=\"Seminar directed by Tristao Da Cunha Sensei - 09\/2015 - Organized by Aiki Dojo Azur \/ Eric Savalli\" width=\"675\" height=\"450\" \/><\/a><figcaption id=\"caption-attachment-6301\" class=\"wp-caption-text\">Seminar directed by Tristao Da Cunha Sensei &#8211; 09\/2015 &#8211; Organized by Aiki Dojo Azur \/ Eric Savalli<\/figcaption><\/figure>\n<figure id=\"attachment_6302\" aria-describedby=\"caption-attachment-6302\" style=\"width: 665px\" class=\"wp-caption alignnone\"><a href=\"https:\/\/equilibreazur.fr\/azur\/wp-content\/uploads\/2015\/11\/2015-09-27-09-02-13-aiki-dojo-fr-tristao-da-cunha-59.jpg\"><img loading=\"lazy\" decoding=\"async\" class=\"size-large wp-image-6302\" src=\"https:\/\/equilibreazur.fr\/azur\/wp-content\/uploads\/2015\/11\/2015-09-27-09-02-13-aiki-dojo-fr-tristao-da-cunha-59-675x449.jpg\" alt=\"Seminar directed by Tristao Da Cunha Sensei - 09\/2015 - Organized by Aiki Dojo Azur \/ Eric Savalli\" width=\"675\" height=\"449\" \/><\/a><figcaption id=\"caption-attachment-6302\" class=\"wp-caption-text\">Seminar directed by Tristao Da Cunha Sensei &#8211; 09\/2015 &#8211; Organized by Aiki Dojo Azur \/ Eric Savalli<\/figcaption><\/figure>\n<figure id=\"attachment_6300\" aria-describedby=\"caption-attachment-6300\" style=\"width: 665px\" class=\"wp-caption alignnone\"><a href=\"https:\/\/equilibreazur.fr\/azur\/wp-content\/uploads\/2015\/11\/2015-09-26-18-11-59-aiki-dojo-fr-tristao-da-cunha-57.jpg\"><img loading=\"lazy\" decoding=\"async\" class=\"size-large wp-image-6300\" src=\"https:\/\/equilibreazur.fr\/azur\/wp-content\/uploads\/2015\/11\/2015-09-26-18-11-59-aiki-dojo-fr-tristao-da-cunha-57-675x449.jpg\" alt=\"Seminar directed by Tristao Da Cunha Sensei - 09\/2015 - Organized by Aiki Dojo Azur \/ Eric Savalli\" width=\"675\" height=\"449\" \/><\/a><figcaption id=\"caption-attachment-6300\" class=\"wp-caption-text\">Seminar directed by Tristao Da Cunha Sensei &#8211; 09\/2015 &#8211; Organized by Aiki Dojo Azur \/ Eric Savalli<\/figcaption><\/figure>\n<figure id=\"attachment_6299\" aria-describedby=\"caption-attachment-6299\" style=\"width: 665px\" class=\"wp-caption alignnone\"><a href=\"https:\/\/equilibreazur.fr\/azur\/wp-content\/uploads\/2015\/11\/2015-09-26-16-29-08-aiki-dojo-fr-tristao-da-cunha-56.jpg\"><img loading=\"lazy\" decoding=\"async\" class=\"size-large wp-image-6299\" src=\"https:\/\/equilibreazur.fr\/azur\/wp-content\/uploads\/2015\/11\/2015-09-26-16-29-08-aiki-dojo-fr-tristao-da-cunha-56-675x450.jpg\" alt=\"Seminar directed by Tristao Da Cunha Sensei - 09\/2015 - Organized by Aiki Dojo Azur \/ Eric Savalli\" width=\"675\" height=\"450\" \/><\/a><figcaption id=\"caption-attachment-6299\" class=\"wp-caption-text\">Seminar directed by Tristao Da Cunha Sensei &#8211; 09\/2015 &#8211; Organized by Aiki Dojo Azur \/ Eric Savalli<\/figcaption><\/figure>\n<figure id=\"attachment_6298\" aria-describedby=\"caption-attachment-6298\" style=\"width: 665px\" class=\"wp-caption alignnone\"><a href=\"https:\/\/equilibreazur.fr\/azur\/wp-content\/uploads\/2015\/11\/2015-09-26-16-07-57-aiki-dojo-fr-tristao-da-cunha-55.jpg\"><img loading=\"lazy\" decoding=\"async\" class=\"size-large wp-image-6298\" src=\"https:\/\/equilibreazur.fr\/azur\/wp-content\/uploads\/2015\/11\/2015-09-26-16-07-57-aiki-dojo-fr-tristao-da-cunha-55-675x450.jpg\" alt=\"Seminar directed by Tristao Da Cunha Sensei - 09\/2015 - Organized by Aiki Dojo Azur \/ Eric Savalli\" width=\"675\" height=\"450\" \/><\/a><figcaption id=\"caption-attachment-6298\" class=\"wp-caption-text\">Seminar directed by Tristao Da Cunha Sensei &#8211; 09\/2015 &#8211; Organized by Aiki Dojo Azur \/ Eric Savalli<\/figcaption><\/figure>\n<figure id=\"attachment_6297\" aria-describedby=\"caption-attachment-6297\" style=\"width: 665px\" class=\"wp-caption alignnone\"><a href=\"https:\/\/equilibreazur.fr\/azur\/wp-content\/uploads\/2015\/11\/2015-09-26-16-04-17-aiki-dojo-fr-tristao-da-cunha-54.jpg\"><img loading=\"lazy\" decoding=\"async\" class=\"size-large wp-image-6297\" src=\"https:\/\/equilibreazur.fr\/azur\/wp-content\/uploads\/2015\/11\/2015-09-26-16-04-17-aiki-dojo-fr-tristao-da-cunha-54-675x449.jpg\" alt=\"Seminar directed by Tristao Da Cunha Sensei - 09\/2015 - Organized by Aiki Dojo Azur \/ Eric Savalli\" width=\"675\" height=\"449\" \/><\/a><figcaption id=\"caption-attachment-6297\" class=\"wp-caption-text\">Seminar directed by Tristao Da Cunha Sensei &#8211; 09\/2015 &#8211; Organized by Aiki Dojo Azur \/ Eric Savalli<\/figcaption><\/figure>\n<figure id=\"attachment_6296\" aria-describedby=\"caption-attachment-6296\" style=\"width: 665px\" class=\"wp-caption alignnone\"><a href=\"https:\/\/equilibreazur.fr\/azur\/wp-content\/uploads\/2015\/11\/2015-09-26-15-50-37-aiki-dojo-fr-tristao-da-cunha-53.jpg\"><img loading=\"lazy\" decoding=\"async\" class=\"size-large wp-image-6296\" src=\"https:\/\/equilibreazur.fr\/azur\/wp-content\/uploads\/2015\/11\/2015-09-26-15-50-37-aiki-dojo-fr-tristao-da-cunha-53-675x450.jpg\" alt=\"Seminar directed by Tristao Da Cunha Sensei - 09\/2015 - Organized by Aiki Dojo Azur \/ Eric Savalli\" width=\"675\" height=\"450\" \/><\/a><figcaption id=\"caption-attachment-6296\" class=\"wp-caption-text\">Seminar directed by Tristao Da Cunha Sensei &#8211; 09\/2015 &#8211; Organized by Aiki Dojo Azur \/ Eric Savalli<\/figcaption><\/figure>\n<figure id=\"attachment_6295\" aria-describedby=\"caption-attachment-6295\" style=\"width: 665px\" class=\"wp-caption alignnone\"><a href=\"https:\/\/equilibreazur.fr\/azur\/wp-content\/uploads\/2015\/11\/2015-09-26-15-16-58-aiki-dojo-fr-tristao-da-cunha-52.jpg\"><img loading=\"lazy\" decoding=\"async\" class=\"size-large wp-image-6295\" src=\"https:\/\/equilibreazur.fr\/azur\/wp-content\/uploads\/2015\/11\/2015-09-26-15-16-58-aiki-dojo-fr-tristao-da-cunha-52-675x450.jpg\" alt=\"Seminar directed by Tristao Da Cunha Sensei - 09\/2015 - Organized by Aiki Dojo Azur \/ Eric Savalli\" width=\"675\" height=\"450\" \/><\/a><figcaption id=\"caption-attachment-6295\" class=\"wp-caption-text\">Seminar directed by Tristao Da Cunha Sensei &#8211; 09\/2015 &#8211; Organized by Aiki Dojo Azur \/ Eric Savalli<\/figcaption><\/figure>\n<figure id=\"attachment_6294\" aria-describedby=\"caption-attachment-6294\" style=\"width: 439px\" class=\"wp-caption alignnone\"><a href=\"https:\/\/equilibreazur.fr\/azur\/wp-content\/uploads\/2015\/11\/2015-09-26-15-15-13-aiki-dojo-fr-tristao-da-cunha-51.jpg\"><img loading=\"lazy\" decoding=\"async\" class=\"size-large wp-image-6294\" src=\"https:\/\/equilibreazur.fr\/azur\/wp-content\/uploads\/2015\/11\/2015-09-26-15-15-13-aiki-dojo-fr-tristao-da-cunha-51-449x675.jpg\" alt=\"Seminar directed by Tristao Da Cunha Sensei - 09\/2015 - Organized by Aiki Dojo Azur \/ Eric Savalli\" width=\"449\" height=\"675\" srcset=\"https:\/\/equilibreazur.fr\/azur\/wp-content\/uploads\/2015\/11\/2015-09-26-15-15-13-aiki-dojo-fr-tristao-da-cunha-51-449x675.jpg 449w, https:\/\/equilibreazur.fr\/azur\/wp-content\/uploads\/2015\/11\/2015-09-26-15-15-13-aiki-dojo-fr-tristao-da-cunha-51-246x370.jpg 246w, https:\/\/equilibreazur.fr\/azur\/wp-content\/uploads\/2015\/11\/2015-09-26-15-15-13-aiki-dojo-fr-tristao-da-cunha-51-600x901.jpg 600w, https:\/\/equilibreazur.fr\/azur\/wp-content\/uploads\/2015\/11\/2015-09-26-15-15-13-aiki-dojo-fr-tristao-da-cunha-51.jpg 639w\" sizes=\"auto, (max-width: 449px) 100vw, 449px\" \/><\/a><figcaption id=\"caption-attachment-6294\" class=\"wp-caption-text\">Seminar directed by Tristao Da Cunha Sensei &#8211; 09\/2015 &#8211; Organized by Aiki Dojo Azur \/ Eric Savalli<\/figcaption><\/figure>\n<figure id=\"attachment_6293\" aria-describedby=\"caption-attachment-6293\" style=\"width: 665px\" class=\"wp-caption alignnone\"><a href=\"https:\/\/equilibreazur.fr\/azur\/wp-content\/uploads\/2015\/11\/2015-09-26-14-50-23-aiki-dojo-fr-tristao-da-cunha-76.jpg\"><img loading=\"lazy\" decoding=\"async\" class=\"size-large wp-image-6293\" src=\"https:\/\/equilibreazur.fr\/azur\/wp-content\/uploads\/2015\/11\/2015-09-26-14-50-23-aiki-dojo-fr-tristao-da-cunha-76-675x450.jpg\" alt=\"Seminar directed by Tristao Da Cunha Sensei - 09\/2015 - Organized by Aiki Dojo Azur \/ Eric Savalli\" width=\"675\" height=\"450\" \/><\/a><figcaption id=\"caption-attachment-6293\" class=\"wp-caption-text\">Seminar directed by Tristao Da Cunha Sensei &#8211; 09\/2015 &#8211; Organized by Aiki Dojo Azur \/ Eric Savalli<\/figcaption><\/figure>\n<figure id=\"attachment_6292\" aria-describedby=\"caption-attachment-6292\" style=\"width: 665px\" class=\"wp-caption alignnone\"><a href=\"https:\/\/equilibreazur.fr\/azur\/wp-content\/uploads\/2015\/11\/2015-09-26-14-49-58-aiki-dojo-fr-tristao-da-cunha-85.jpg\"><img loading=\"lazy\" decoding=\"async\" class=\"size-large wp-image-6292\" src=\"https:\/\/equilibreazur.fr\/azur\/wp-content\/uploads\/2015\/11\/2015-09-26-14-49-58-aiki-dojo-fr-tristao-da-cunha-85-675x450.jpg\" alt=\"Seminar directed by Tristao Da Cunha Sensei - 09\/2015 - Organized by Aiki Dojo Azur \/ Eric Savalli\" width=\"675\" height=\"450\" \/><\/a><figcaption id=\"caption-attachment-6292\" class=\"wp-caption-text\">Seminar directed by Tristao Da Cunha Sensei &#8211; 09\/2015 &#8211; Organized by Aiki Dojo Azur \/ Eric Savalli<\/figcaption><\/figure>\n<figure id=\"attachment_6290\" aria-describedby=\"caption-attachment-6290\" style=\"width: 665px\" class=\"wp-caption alignnone\"><a href=\"https:\/\/equilibreazur.fr\/azur\/wp-content\/uploads\/2015\/11\/2015-09-26-14-44-32-aiki-dojo-fr-tristao-da-cunha-83.jpg\"><img loading=\"lazy\" decoding=\"async\" class=\"size-large wp-image-6290\" src=\"https:\/\/equilibreazur.fr\/azur\/wp-content\/uploads\/2015\/11\/2015-09-26-14-44-32-aiki-dojo-fr-tristao-da-cunha-83-675x506.jpg\" alt=\"Seminar directed by Tristao Da Cunha Sensei - 09\/2015 - Organized by Aiki Dojo Azur \/ Eric Savalli\" width=\"675\" height=\"506\" \/><\/a><figcaption id=\"caption-attachment-6290\" class=\"wp-caption-text\">Seminar directed by Tristao Da Cunha Sensei &#8211; 09\/2015 &#8211; Organized by Aiki Dojo Azur \/ Eric Savalli<\/figcaption><\/figure>\n<figure id=\"attachment_6291\" aria-describedby=\"caption-attachment-6291\" style=\"width: 665px\" class=\"wp-caption alignnone\"><a href=\"https:\/\/equilibreazur.fr\/azur\/wp-content\/uploads\/2015\/11\/2015-09-26-14-46-09-aiki-dojo-fr-tristao-da-cunha-84.jpg\"><img loading=\"lazy\" decoding=\"async\" class=\"size-large wp-image-6291\" src=\"https:\/\/equilibreazur.fr\/azur\/wp-content\/uploads\/2015\/11\/2015-09-26-14-46-09-aiki-dojo-fr-tristao-da-cunha-84-675x450.jpg\" alt=\"Seminar directed by Tristao Da Cunha Sensei - 09\/2015 - Organized by Aiki Dojo Azur \/ Eric Savalli\" width=\"675\" height=\"450\" \/><\/a><figcaption id=\"caption-attachment-6291\" class=\"wp-caption-text\">Seminar directed by Tristao Da Cunha Sensei &#8211; 09\/2015 &#8211; Organized by Aiki Dojo Azur \/ Eric Savalli<\/figcaption><\/figure>\n<figure id=\"attachment_6289\" aria-describedby=\"caption-attachment-6289\" style=\"width: 665px\" class=\"wp-caption alignnone\"><a href=\"https:\/\/equilibreazur.fr\/azur\/wp-content\/uploads\/2015\/11\/2015-09-26-14-43-28-aiki-dojo-fr-tristao-da-cunha-82.jpg\"><img loading=\"lazy\" decoding=\"async\" class=\"size-large wp-image-6289\" src=\"https:\/\/equilibreazur.fr\/azur\/wp-content\/uploads\/2015\/11\/2015-09-26-14-43-28-aiki-dojo-fr-tristao-da-cunha-82-675x450.jpg\" alt=\"Seminar directed by Tristao Da Cunha Sensei - 09\/2015 - Organized by Aiki Dojo Azur \/ Eric Savalli\" width=\"675\" height=\"450\" \/><\/a><figcaption id=\"caption-attachment-6289\" class=\"wp-caption-text\">Seminar directed by Tristao Da Cunha Sensei &#8211; 09\/2015 &#8211; Organized by Aiki Dojo Azur \/ Eric Savalli<\/figcaption><\/figure>\n<figure id=\"attachment_6288\" aria-describedby=\"caption-attachment-6288\" style=\"width: 665px\" class=\"wp-caption alignnone\"><a href=\"https:\/\/equilibreazur.fr\/azur\/wp-content\/uploads\/2015\/11\/2015-09-26-14-38-04-aiki-dojo-fr-tristao-da-cunha-81.jpg\"><img loading=\"lazy\" decoding=\"async\" class=\"size-large wp-image-6288\" src=\"https:\/\/equilibreazur.fr\/azur\/wp-content\/uploads\/2015\/11\/2015-09-26-14-38-04-aiki-dojo-fr-tristao-da-cunha-81-675x450.jpg\" alt=\"Seminar directed by Tristao Da Cunha Sensei - 09\/2015 - Organized by Aiki Dojo Azur \/ Eric Savalli\" width=\"675\" height=\"450\" \/><\/a><figcaption id=\"caption-attachment-6288\" class=\"wp-caption-text\">Seminar directed by Tristao Da Cunha Sensei &#8211; 09\/2015 &#8211; Organized by Aiki Dojo Azur \/ Eric Savalli<\/figcaption><\/figure>\n<figure id=\"attachment_6287\" aria-describedby=\"caption-attachment-6287\" style=\"width: 665px\" class=\"wp-caption alignnone\"><a href=\"https:\/\/equilibreazur.fr\/azur\/wp-content\/uploads\/2015\/11\/2015-09-26-14-33-44-aiki-dojo-fr-tristao-da-cunha-80.jpg\"><img loading=\"lazy\" decoding=\"async\" class=\"size-large wp-image-6287\" src=\"https:\/\/equilibreazur.fr\/azur\/wp-content\/uploads\/2015\/11\/2015-09-26-14-33-44-aiki-dojo-fr-tristao-da-cunha-80-675x450.jpg\" alt=\"Seminar directed by Tristao Da Cunha Sensei - 09\/2015 - Organized by Aiki Dojo Azur \/ Eric Savalli\" width=\"675\" height=\"450\" \/><\/a><figcaption id=\"caption-attachment-6287\" class=\"wp-caption-text\">Seminar directed by Tristao Da Cunha Sensei &#8211; 09\/2015 &#8211; Organized by Aiki Dojo Azur \/ Eric Savalli<\/figcaption><\/figure>\n<figure id=\"attachment_6286\" aria-describedby=\"caption-attachment-6286\" style=\"width: 665px\" class=\"wp-caption alignnone\"><a href=\"https:\/\/equilibreazur.fr\/azur\/wp-content\/uploads\/2015\/11\/2015-09-26-14-29-26-aiki-dojo-fr-tristao-da-cunha-79.jpg\"><img loading=\"lazy\" decoding=\"async\" class=\"size-large wp-image-6286\" src=\"https:\/\/equilibreazur.fr\/azur\/wp-content\/uploads\/2015\/11\/2015-09-26-14-29-26-aiki-dojo-fr-tristao-da-cunha-79-675x450.jpg\" alt=\"Seminar directed by Tristao Da Cunha Sensei - 09\/2015 - Organized by Aiki Dojo Azur \/ Eric Savalli\" width=\"675\" height=\"450\" \/><\/a><figcaption id=\"caption-attachment-6286\" class=\"wp-caption-text\">Seminar directed by Tristao Da Cunha Sensei &#8211; 09\/2015 &#8211; Organized by Aiki Dojo Azur \/ Eric Savalli<\/figcaption><\/figure>\n<figure id=\"attachment_6285\" aria-describedby=\"caption-attachment-6285\" style=\"width: 665px\" class=\"wp-caption alignnone\"><a href=\"https:\/\/equilibreazur.fr\/azur\/wp-content\/uploads\/2015\/11\/2015-09-26-14-24-28-aiki-dojo-fr-tristao-da-cunha-78.jpg\"><img loading=\"lazy\" decoding=\"async\" class=\"size-large wp-image-6285\" src=\"https:\/\/equilibreazur.fr\/azur\/wp-content\/uploads\/2015\/11\/2015-09-26-14-24-28-aiki-dojo-fr-tristao-da-cunha-78-675x449.jpg\" alt=\"Seminar directed by Tristao Da Cunha Sensei - 09\/2015 - Organized by Aiki Dojo Azur \/ Eric Savalli\" width=\"675\" height=\"449\" \/><\/a><figcaption id=\"caption-attachment-6285\" class=\"wp-caption-text\">Seminar directed by Tristao Da Cunha Sensei &#8211; 09\/2015 &#8211; Organized by Aiki Dojo Azur \/ Eric Savalli<\/figcaption><\/figure>\n<figure id=\"attachment_6284\" aria-describedby=\"caption-attachment-6284\" style=\"width: 665px\" class=\"wp-caption alignnone\"><a href=\"https:\/\/equilibreazur.fr\/azur\/wp-content\/uploads\/2015\/11\/2015-09-26-14-19-19-aiki-dojo-fr-tristao-da-cunha-50.jpg\"><img loading=\"lazy\" decoding=\"async\" class=\"size-large wp-image-6284\" src=\"https:\/\/equilibreazur.fr\/azur\/wp-content\/uploads\/2015\/11\/2015-09-26-14-19-19-aiki-dojo-fr-tristao-da-cunha-50-675x450.jpg\" alt=\"Seminar directed by Tristao Da Cunha Sensei - 09\/2015 - Organized by Aiki Dojo Azur \/ Eric Savalli\" width=\"675\" height=\"450\" \/><\/a><figcaption id=\"caption-attachment-6284\" class=\"wp-caption-text\">Seminar directed by Tristao Da Cunha Sensei &#8211; 09\/2015 &#8211; Organized by Aiki Dojo Azur \/ Eric Savalli<\/figcaption><\/figure>\n<figure id=\"attachment_6282\" aria-describedby=\"caption-attachment-6282\" style=\"width: 665px\" class=\"wp-caption alignnone\"><a href=\"https:\/\/equilibreazur.fr\/azur\/wp-content\/uploads\/2015\/11\/2015-09-26-13-47-05-aiki-dojo-fr-tristao-da-cunha-47.jpg\"><img loading=\"lazy\" decoding=\"async\" class=\"size-large wp-image-6282\" src=\"https:\/\/equilibreazur.fr\/azur\/wp-content\/uploads\/2015\/11\/2015-09-26-13-47-05-aiki-dojo-fr-tristao-da-cunha-47-675x380.jpg\" alt=\"Seminar directed by Tristao Da Cunha Sensei - 09\/2015 - Organized by Aiki Dojo Azur \/ Eric Savalli\" width=\"675\" height=\"380\" \/><\/a><figcaption id=\"caption-attachment-6282\" class=\"wp-caption-text\">Seminar directed by Tristao Da Cunha Sensei &#8211; 09\/2015 &#8211; Organized by Aiki Dojo Azur \/ Eric Savalli<\/figcaption><\/figure>\n<figure id=\"attachment_6283\" aria-describedby=\"caption-attachment-6283\" style=\"width: 665px\" class=\"wp-caption alignnone\"><a href=\"https:\/\/equilibreazur.fr\/azur\/wp-content\/uploads\/2015\/11\/2015-09-26-13-58-58-aiki-dojo-fr-tristao-da-cunha-48.jpg\"><img loading=\"lazy\" decoding=\"async\" class=\"size-large wp-image-6283\" src=\"https:\/\/equilibreazur.fr\/azur\/wp-content\/uploads\/2015\/11\/2015-09-26-13-58-58-aiki-dojo-fr-tristao-da-cunha-48-675x449.jpg\" alt=\"Seminar directed by Tristao Da Cunha Sensei - 09\/2015 - Organized by Aiki Dojo Azur \/ Eric Savalli\" width=\"675\" height=\"449\" \/><\/a><figcaption id=\"caption-attachment-6283\" class=\"wp-caption-text\">Seminar directed by Tristao Da Cunha Sensei &#8211; 09\/2015 &#8211; Organized by Aiki Dojo Azur \/ Eric Savalli<\/figcaption><\/figure>\n<figure id=\"attachment_6281\" aria-describedby=\"caption-attachment-6281\" style=\"width: 665px\" class=\"wp-caption alignnone\"><a href=\"https:\/\/equilibreazur.fr\/azur\/wp-content\/uploads\/2015\/11\/2015-09-26-12-37-31-aiki-dojo-fr-tristao-da-cunha-46.jpg\"><img loading=\"lazy\" decoding=\"async\" class=\"size-large wp-image-6281\" src=\"https:\/\/equilibreazur.fr\/azur\/wp-content\/uploads\/2015\/11\/2015-09-26-12-37-31-aiki-dojo-fr-tristao-da-cunha-46-675x450.jpg\" alt=\"Seminar directed by Tristao Da Cunha Sensei - 09\/2015 - Organized by Aiki Dojo Azur \/ Eric Savalli\" width=\"675\" height=\"450\" \/><\/a><figcaption id=\"caption-attachment-6281\" class=\"wp-caption-text\">Seminar directed by Tristao Da Cunha Sensei &#8211; 09\/2015 &#8211; Organized by Aiki Dojo Azur \/ Eric Savalli<\/figcaption><\/figure>\n<figure id=\"attachment_6280\" aria-describedby=\"caption-attachment-6280\" style=\"width: 665px\" class=\"wp-caption alignnone\"><a href=\"https:\/\/equilibreazur.fr\/azur\/wp-content\/uploads\/2015\/11\/2015-09-26-12-02-49-aiki-dojo-fr-tristao-da-cunha-45.jpg\"><img loading=\"lazy\" decoding=\"async\" class=\"size-large wp-image-6280\" src=\"https:\/\/equilibreazur.fr\/azur\/wp-content\/uploads\/2015\/11\/2015-09-26-12-02-49-aiki-dojo-fr-tristao-da-cunha-45-675x449.jpg\" alt=\"Seminar directed by Tristao Da Cunha Sensei - 09\/2015 - Organized by Aiki Dojo Azur \/ Eric Savalli\" width=\"675\" height=\"449\" \/><\/a><figcaption id=\"caption-attachment-6280\" class=\"wp-caption-text\">Seminar directed by Tristao Da Cunha Sensei &#8211; 09\/2015 &#8211; Organized by Aiki Dojo Azur \/ Eric Savalli<\/figcaption><\/figure>\n<figure id=\"attachment_6279\" aria-describedby=\"caption-attachment-6279\" style=\"width: 665px\" class=\"wp-caption alignnone\"><a href=\"https:\/\/equilibreazur.fr\/azur\/wp-content\/uploads\/2015\/11\/2015-09-26-10-41-25-aiki-dojo-fr-tristao-da-cunha-44.jpg\"><img loading=\"lazy\" decoding=\"async\" class=\"size-large wp-image-6279\" src=\"https:\/\/equilibreazur.fr\/azur\/wp-content\/uploads\/2015\/11\/2015-09-26-10-41-25-aiki-dojo-fr-tristao-da-cunha-44-675x450.jpg\" alt=\"Seminar directed by Tristao Da Cunha Sensei - 09\/2015 - Organized by Aiki Dojo Azur \/ Eric Savalli\" width=\"675\" height=\"450\" \/><\/a><figcaption id=\"caption-attachment-6279\" class=\"wp-caption-text\">Seminar directed by Tristao Da Cunha Sensei &#8211; 09\/2015 &#8211; Organized by Aiki Dojo Azur \/ Eric Savalli<\/figcaption><\/figure>\n<figure id=\"attachment_6278\" aria-describedby=\"caption-attachment-6278\" style=\"width: 665px\" class=\"wp-caption alignnone\"><a href=\"https:\/\/equilibreazur.fr\/azur\/wp-content\/uploads\/2015\/11\/2015-09-26-10-21-58-aiki-dojo-fr-tristao-da-cunha-43.jpg\"><img loading=\"lazy\" decoding=\"async\" class=\"size-large wp-image-6278\" src=\"https:\/\/equilibreazur.fr\/azur\/wp-content\/uploads\/2015\/11\/2015-09-26-10-21-58-aiki-dojo-fr-tristao-da-cunha-43-675x380.jpg\" alt=\"Seminar directed by Tristao Da Cunha Sensei - 09\/2015 - Organized by Aiki Dojo Azur \/ Eric Savalli\" width=\"675\" height=\"380\" \/><\/a><figcaption id=\"caption-attachment-6278\" class=\"wp-caption-text\">Seminar directed by Tristao Da Cunha Sensei &#8211; 09\/2015 &#8211; Organized by Aiki Dojo Azur \/ Eric Savalli<\/figcaption><\/figure>\n<figure id=\"attachment_6277\" aria-describedby=\"caption-attachment-6277\" style=\"width: 665px\" class=\"wp-caption alignnone\"><a href=\"https:\/\/equilibreazur.fr\/azur\/wp-content\/uploads\/2015\/11\/2015-09-26-10-20-24-aiki-dojo-fr-tristao-da-cunha-42.jpg\"><img loading=\"lazy\" decoding=\"async\" class=\"size-large wp-image-6277\" src=\"https:\/\/equilibreazur.fr\/azur\/wp-content\/uploads\/2015\/11\/2015-09-26-10-20-24-aiki-dojo-fr-tristao-da-cunha-42-675x380.jpg\" alt=\"Seminar directed by Tristao Da Cunha Sensei - 09\/2015 - Organized by Aiki Dojo Azur \/ Eric Savalli\" width=\"675\" height=\"380\" \/><\/a><figcaption id=\"caption-attachment-6277\" class=\"wp-caption-text\">Seminar directed by Tristao Da Cunha Sensei &#8211; 09\/2015 &#8211; Organized by Aiki Dojo Azur \/ Eric Savalli<\/figcaption><\/figure>\n<figure id=\"attachment_6276\" aria-describedby=\"caption-attachment-6276\" style=\"width: 665px\" class=\"wp-caption alignnone\"><a href=\"https:\/\/equilibreazur.fr\/azur\/wp-content\/uploads\/2015\/11\/2015-09-26-10-05-09-aiki-dojo-fr-tristao-da-cunha-77.jpg\"><img loading=\"lazy\" decoding=\"async\" class=\"size-large wp-image-6276\" src=\"https:\/\/equilibreazur.fr\/azur\/wp-content\/uploads\/2015\/11\/2015-09-26-10-05-09-aiki-dojo-fr-tristao-da-cunha-77-675x450.jpg\" alt=\"Seminar directed by Tristao Da Cunha Sensei - 09\/2015 - Organized by Aiki Dojo Azur \/ Eric Savalli\" width=\"675\" height=\"450\" \/><\/a><figcaption id=\"caption-attachment-6276\" class=\"wp-caption-text\">Seminar directed by Tristao Da Cunha Sensei &#8211; 09\/2015 &#8211; Organized by Aiki Dojo Azur \/ Eric Savalli<\/figcaption><\/figure>\n<figure id=\"attachment_6275\" aria-describedby=\"caption-attachment-6275\" style=\"width: 665px\" class=\"wp-caption alignnone\"><a href=\"https:\/\/equilibreazur.fr\/azur\/wp-content\/uploads\/2015\/11\/2015-09-26-09-53-53-aiki-dojo-fr-tristao-da-cunha-41.jpg\"><img loading=\"lazy\" decoding=\"async\" class=\"size-large wp-image-6275\" src=\"https:\/\/equilibreazur.fr\/azur\/wp-content\/uploads\/2015\/11\/2015-09-26-09-53-53-aiki-dojo-fr-tristao-da-cunha-41-675x450.jpg\" alt=\"Seminar directed by Tristao Da Cunha Sensei - 09\/2015 - Organized by Aiki Dojo Azur \/ Eric Savalli\" width=\"675\" height=\"450\" \/><\/a><figcaption id=\"caption-attachment-6275\" class=\"wp-caption-text\">Seminar directed by Tristao Da Cunha Sensei &#8211; 09\/2015 &#8211; Organized by Aiki Dojo Azur \/ Eric Savalli<\/figcaption><\/figure>\n","protected":false},"excerpt":{"rendered":"<p>Voici les photographies prises par St\u00e9phane Bravin et Marie Brunel lors du 1er stage avec Tristao da Cunha Sensei en r\u00e9gion de Nice. Elles sont \u00e9galement disponibles sur la page Facebook d&rsquo;Aiki Dojo Azur. Seminar directed by Tristao Da Cunha &#8230; <a title=\"Photos de stage 09\/2015 &#8211; Tristao da Cunha\" class=\"read-more\" href=\"https:\/\/equilibreazur.fr\/azur\/news\/2015-09-photos-stage-tristao-da-cunha\/\" aria-label=\"En savoir plus sur Photos de stage 09\/2015 &#8211; Tristao da Cunha\">Voir plus&#8230;<\/a><\/p>\n","protected":false},"author":2,"featured_media":6295,"comment_status":"open","ping_status":"closed","sticky":false,"template":"","format":"standard","meta":{"_acf_changed":false,"_seopress_robots_primary_cat":"","_seopress_titles_title":"","_seopress_titles_desc":"","_seopress_robots_index":"","generate_page_header":"","footnotes":""},"categories":[142],"tags":[161,248,95,102,126],"class_list":["post-6237","post","type-post","status-publish","format-standard","has-post-thumbnail","hentry","category-news","tag-club-azur-paca","tag-aikido","tag-nice-grasse","tag-photo","tag-tdacunha","infinite-scroll-item","masonry-post","generate-columns","tablet-grid-50","mobile-grid-100","grid-parent","grid-50"],"acf":[],"_links":{"self":[{"href":"https:\/\/equilibreazur.fr\/azur\/wp-json\/wp\/v2\/posts\/6237","targetHints":{"allow":["GET"]}}],"collection":[{"href":"https:\/\/equilibreazur.fr\/azur\/wp-json\/wp\/v2\/posts"}],"about":[{"href":"https:\/\/equilibreazur.fr\/azur\/wp-json\/wp\/v2\/types\/post"}],"author":[{"embeddable":true,"href":"https:\/\/equilibreazur.fr\/azur\/wp-json\/wp\/v2\/users\/2"}],"replies":[{"embeddable":true,"href":"https:\/\/equilibreazur.fr\/azur\/wp-json\/wp\/v2\/comments?post=6237"}],"version-history":[{"count":4,"href":"https:\/\/equilibreazur.fr\/azur\/wp-json\/wp\/v2\/posts\/6237\/revisions"}],"predecessor-version":[{"id":6328,"href":"https:\/\/equilibreazur.fr\/azur\/wp-json\/wp\/v2\/posts\/6237\/revisions\/6328"}],"wp:featuredmedia":[{"embeddable":true,"href":"https:\/\/equilibreazur.fr\/azur\/wp-json\/wp\/v2\/media\/6295"}],"wp:attachment":[{"href":"https:\/\/equilibreazur.fr\/azur\/wp-json\/wp\/v2\/media?parent=6237"}],"wp:term":[{"taxonomy":"category","embeddable":true,"href":"https:\/\/equilibreazur.fr\/azur\/wp-json\/wp\/v2\/categories?post=6237"},{"taxonomy":"post_tag","embeddable":true,"href":"https:\/\/equilibreazur.fr\/azur\/wp-json\/wp\/v2\/tags?post=6237"}],"curies":[{"name":"wp","href":"https:\/\/api.w.org\/{rel}","templated":true}]}}