{"id":6209,"date":"2015-09-20T18:20:16","date_gmt":"2015-09-20T18:20:16","guid":{"rendered":"https:\/\/equilibreazur.fr\/azur\/?p=6209"},"modified":"2015-09-20T18:21:45","modified_gmt":"2015-09-20T18:21:45","slug":"2015-09-cours-aikido-au-soleil-sophia-antipolis","status":"publish","type":"post","link":"https:\/\/equilibreazur.fr\/azur\/news\/2015-09-cours-aikido-au-soleil-sophia-antipolis\/","title":{"rendered":"Cours Aikido au soleil \u00e0 Sophia-Antipolis"},"content":{"rendered":"<p>A partir du Lundi 21 septembre 2015, les cours d&rsquo;arme de l&rsquo;Aikido ont lieu au soleil en tenue d\u00e9contract\u00e9e&nbsp;!<\/p>\n<p><img loading=\"lazy\" decoding=\"async\" class=\"alignnone wp-image-6210\" src=\"https:\/\/equilibreazur.fr\/azur\/wp-content\/uploads\/2015\/09\/ADA-sophia-antipolis-aikido-675x388.jpeg\" alt=\"ADA-sophia-antipolis-aikido\" width=\"735\" height=\"423\" \/><\/p>\n<p>Pour plus de pr\u00e9cisions pour nous retrouver \u00e0 Sophia-Antipolis, consulter <a href=\"https:\/\/equilibreazur.fr\/azur\/aikido-azur\/plan-acces-valbonne\/\">cette page&nbsp;\ud83d\ude09<\/a><\/p>\n<p>Les armes se pratiquent traditionnellement \u00e0 l&rsquo;ext\u00e9rieur&#8230; pour s&rsquo;en convaincre si besoin, voici une photo du fondateur s&rsquo;entra\u00eenant avec son fid\u00e8le \u00e9l\u00e8ve SAITO Morihiro Sensei dans les champs, pr\u00e8s du Dojo, \u00e0 Iwama au Japon.<br \/>\n<img loading=\"lazy\" decoding=\"async\" class=\"alignnone wp-image-4786\" src=\"https:\/\/equilibreazur.fr\/azur\/wp-content\/uploads\/2013\/04\/1960-tanrenuchi-o-sensei-morihiro-saito-iwama.jpg\" alt=\"1960-tanrenuchi-o-sensei-morihiro-saito-iwama\" width=\"735\" height=\"411\" srcset=\"https:\/\/equilibreazur.fr\/azur\/wp-content\/uploads\/2013\/04\/1960-tanrenuchi-o-sensei-morihiro-saito-iwama.jpg 640w, https:\/\/equilibreazur.fr\/azur\/wp-content\/uploads\/2013\/04\/1960-tanrenuchi-o-sensei-morihiro-saito-iwama-478x267.jpg 478w, https:\/\/equilibreazur.fr\/azur\/wp-content\/uploads\/2013\/04\/1960-tanrenuchi-o-sensei-morihiro-saito-iwama-150x83.jpg 150w, https:\/\/equilibreazur.fr\/azur\/wp-content\/uploads\/2013\/04\/1960-tanrenuchi-o-sensei-morihiro-saito-iwama-400x223.jpg 400w\" sizes=\"auto, (max-width: 735px) 100vw, 735px\" \/><\/p>\n<p>Petites s\u00e9ances \u00e0 l&rsquo;ext\u00e9rieur des murs.. pour le plus grand bien de la t\u00eate et du corps&#8230;<img loading=\"lazy\" decoding=\"async\" class=\"alignnone wp-image-6211\" src=\"https:\/\/equilibreazur.fr\/azur\/wp-content\/uploads\/2015\/09\/2010-10-aikido-ADA-Sophia-Antipolis-675x379.jpg\" alt=\"2010-10-aikido-ADA-Sophia-Antipolis\" width=\"735\" height=\"413\" \/><br \/>\n<span style=\"color: #999999;\">(photo 2010 &#8211; Aiki Dojo Azur &#8211; Sophia Antipolis entre midi et deux)<\/span><\/p>\n","protected":false},"excerpt":{"rendered":"<p>A partir du Lundi 21 septembre 2015, les cours d&rsquo;arme de l&rsquo;Aikido ont lieu au soleil en tenue d\u00e9contract\u00e9e ! Les armes se pratiquent traditionnellement \u00e0 l&rsquo;ext\u00e9rieur&#8230; pour s&rsquo;en convaincre si besoin, voici une photo du fondateur s&rsquo;entra\u00eenant avec son fid\u00e8le \u00e9l\u00e8ve SAITO Morihiro Sensei dans les champs, pr\u00e8s du Dojo, \u00e0 Iwama au Japon.<\/p>\n","protected":false},"author":2,"featured_media":0,"comment_status":"open","ping_status":"closed","sticky":false,"template":"","format":"standard","meta":{"_acf_changed":false,"_seopress_robots_primary_cat":"","_seopress_titles_title":"","_seopress_titles_desc":"","_seopress_robots_index":"","generate_page_header":"","footnotes":""},"categories":[142],"tags":[248,120],"class_list":["post-6209","post","type-post","status-publish","format-standard","hentry","category-news","tag-aikido","tag-sophia-antipolis","infinite-scroll-item","masonry-post","generate-columns","tablet-grid-50","mobile-grid-100","grid-parent","grid-50"],"acf":[],"_links":{"self":[{"href":"https:\/\/equilibreazur.fr\/azur\/wp-json\/wp\/v2\/posts\/6209","targetHints":{"allow":["GET"]}}],"collection":[{"href":"https:\/\/equilibreazur.fr\/azur\/wp-json\/wp\/v2\/posts"}],"about":[{"href":"https:\/\/equilibreazur.fr\/azur\/wp-json\/wp\/v2\/types\/post"}],"author":[{"embeddable":true,"href":"https:\/\/equilibreazur.fr\/azur\/wp-json\/wp\/v2\/users\/2"}],"replies":[{"embeddable":true,"href":"https:\/\/equilibreazur.fr\/azur\/wp-json\/wp\/v2\/comments?post=6209"}],"version-history":[{"count":2,"href":"https:\/\/equilibreazur.fr\/azur\/wp-json\/wp\/v2\/posts\/6209\/revisions"}],"predecessor-version":[{"id":6213,"href":"https:\/\/equilibreazur.fr\/azur\/wp-json\/wp\/v2\/posts\/6209\/revisions\/6213"}],"wp:attachment":[{"href":"https:\/\/equilibreazur.fr\/azur\/wp-json\/wp\/v2\/media?parent=6209"}],"wp:term":[{"taxonomy":"category","embeddable":true,"href":"https:\/\/equilibreazur.fr\/azur\/wp-json\/wp\/v2\/categories?post=6209"},{"taxonomy":"post_tag","embeddable":true,"href":"https:\/\/equilibreazur.fr\/azur\/wp-json\/wp\/v2\/tags?post=6209"}],"curies":[{"name":"wp","href":"https:\/\/api.w.org\/{rel}","templated":true}]}}