{"id":5829,"date":"2015-07-18T17:03:48","date_gmt":"2015-07-18T17:03:48","guid":{"rendered":"https:\/\/equilibreazur.fr\/azur\/?p=5829"},"modified":"2016-03-14T18:03:48","modified_gmt":"2016-03-14T18:03:48","slug":"2015-04-article-pour-pratiquer-aikido","status":"publish","type":"post","link":"https:\/\/equilibreazur.fr\/azur\/news\/2015-04-article-pour-pratiquer-aikido\/","title":{"rendered":"2015-08 Article Pour pratiquer d&rsquo;Aikido"},"content":{"rendered":"<p>Article sur paru sur&nbsp;\u00ab\u00a0<a href=\"http:\/\/www.ville-chateauneuf.fr\" target=\"_blank\">Chateauneuf info<\/a> &#8211; La revue municipale des Ch\u00e2teauneuvois\u00a0\u00bb num\u00e9ro de printemps\u00a02015&#8230;<\/p>\n<h1><b>Pour pratiquer l&rsquo;Aikido&#8230;<\/b><\/h1>\n<p><a href=\"https:\/\/equilibreazur.fr\/azur\/wp-content\/uploads\/2015\/07\/2015-04-Chateauneuf.png\"><img loading=\"lazy\" decoding=\"async\" class=\"alignnone size-medium wp-image-5830\" src=\"https:\/\/equilibreazur.fr\/azur\/wp-content\/uploads\/2015\/07\/2015-04-Chateauneuf-478x233.png\" alt=\"2015-04-Chateauneuf\" width=\"478\" height=\"233\" srcset=\"https:\/\/equilibreazur.fr\/azur\/wp-content\/uploads\/2015\/07\/2015-04-Chateauneuf-478x233.png 478w, https:\/\/equilibreazur.fr\/azur\/wp-content\/uploads\/2015\/07\/2015-04-Chateauneuf-675x329.png 675w, https:\/\/equilibreazur.fr\/azur\/wp-content\/uploads\/2015\/07\/2015-04-Chateauneuf-600x292.png 600w, https:\/\/equilibreazur.fr\/azur\/wp-content\/uploads\/2015\/07\/2015-04-Chateauneuf.png 971w\" sizes=\"auto, (max-width: 478px) 100vw, 478px\" \/><\/a><\/p>\n<div class=\"page\" title=\"Page 22\">\n<div class=\"section\">\n<div class=\"layoutArea\">\n<div class=\"column\">\n<p>Fin janvier 2015 a eu lieu le <a href=\"https:\/\/equilibreazur.fr\/azur\/news\/2015-stage-toutain-nice-chateauneuf-grasse\/\">10e stage international d&rsquo;a\u00efkido<\/a> organis\u00e9 \u00e0 Ch\u00e2teauneuf par Aiki Dojo Azur et dirig\u00e9 par Daniel Toutain sensei, 6e dan Japon, expert en a\u00efkido avec plus de 40 ans de pratique et d\u2019enseignement. Le stage s&rsquo;est d\u00e9roul\u00e9 au Gymnase du Bois de Saint-Jeaume et \u00e0 la salle du MASET. Le stage accueillait des participants venant des dojos de Marseille, de Corse, de Nice, mais aussi de Milan, de Turin, et de Londres.<\/p>\n<\/div>\n<\/div>\n<div class=\"layoutArea\">\n<div class=\"column\">\n<p>3 \u00e9l\u00e8ves du dojo de Ch\u00e2teauneuf ont re\u00e7u leur 2e dan d\u2019a\u00efkido&nbsp;! F\u00e9licitations \u00e0 eux&nbsp;!<\/p>\n<\/div>\n<\/div>\n<div class=\"layoutArea\">\n<div class=\"column\">\n<p>Le club A\u00efki Dojo Azur accueillera \u00e0 nouveau Daniel Toutain sensei en 2016.<\/p>\n<\/div>\n<\/div>\n<\/div>\n<\/div>\n<p><!--more--><\/p>\n<div class=\"page\" title=\"Page 22\">\n<div class=\"section\">\n<div class=\"layoutArea\">\n<div class=\"column\">\n<p><a href=\"https:\/\/equilibreazur.fr\/azur\/wp-content\/uploads\/2015\/01\/2015-01-seminar-toutain-11.jpg\"><img loading=\"lazy\" decoding=\"async\" class=\"alignnone size-medium wp-image-5648\" src=\"https:\/\/equilibreazur.fr\/azur\/wp-content\/uploads\/2015\/01\/2015-01-seminar-toutain-11-478x319.jpg\" alt=\"Stage Aikido Daniel Toutain - Aiki Dojo Azur -&nbsp;\u00a9 eric savalli\" width=\"478\" height=\"319\" \/><\/a><\/p>\n<blockquote><p>\u00ab La finalit\u00e9 de l\u2019aikido est de s\u2019harmoniser au divin et d\u2019\u0153uvrer\u00a0pour un monde meilleur.&nbsp;\u00bb<br \/>\n&#8211; Morhirei UESHIBA<\/p><\/blockquote>\n<p><a href=\"https:\/\/equilibreazur.fr\/azur\/wp-content\/uploads\/2015\/01\/2015-01-seminar-toutain-25.jpg\"><img loading=\"lazy\" decoding=\"async\" class=\"alignnone size-medium wp-image-5634\" src=\"https:\/\/equilibreazur.fr\/azur\/wp-content\/uploads\/2015\/01\/2015-01-seminar-toutain-25-478x319.jpg\" alt=\"Stage Aikido - AIKI DOJO AZUR 01\/2015 - Daniel TOUTAIN&nbsp;\u00a9 E.Savalli\" width=\"478\" height=\"319\" \/><\/a><\/p>\n<p>Aiki Dojo Azur dispense l\u2019enseignement de l\u2019Aikido traditionnel d\u2019Iwama, tous les jeudis et vendredis soir \u00e0 la salle du gymnase du bois de Saint-Jeaume, ainsi que les mardis midi \u00e0 Sophia Antipolis.<\/p>\n<div class=\"page\" title=\"Page 22\">\n<div class=\"section\">\n<div class=\"layoutArea\">\n<div class=\"column\">\n<p>\u00c0 partir de 13 ans, hommes\/femmes, accueil des d\u00e9butants toute l\u2019ann\u00e9e, pas de comp\u00e9tition.<\/p>\n<p>Plus d&rsquo;infos sur le site officiel du dojo:\u00a0<a href=\"https:\/\/equilibreazur.fr\/azur\">aiki<span style=\"color: #ff0000;\">dojo<\/span>.fr\/azur<\/a><\/p>\n<p>&nbsp;<\/p>\n<\/div>\n<\/div>\n<\/div>\n<\/div>\n<\/div>\n<\/div>\n<\/div>\n<\/div>\n","protected":false},"excerpt":{"rendered":"<p>Article sur le club d&rsquo;Aikido paru sur \u00ab\u00a0Chateauneuf info &#8211; La revue municipale des Ch\u00e2teauneuvois\u00a0\u00bb num\u00e9ro de printemps 2015. Pour pratiquer l&rsquo;Aikido&#8230;<\/p>\n","protected":false},"author":2,"featured_media":5628,"comment_status":"open","ping_status":"open","sticky":false,"template":"","format":"standard","meta":{"_acf_changed":false,"_seopress_robots_primary_cat":"","_seopress_titles_title":"","_seopress_titles_desc":"","_seopress_robots_index":"","generate_page_header":"","footnotes":""},"categories":[142],"tags":[161,251,249,95],"class_list":["post-5829","post","type-post","status-publish","format-standard","has-post-thumbnail","hentry","category-news","tag-club-azur-paca","tag-article-presse","tag-chateauneuf-info","tag-nice-grasse","infinite-scroll-item","masonry-post","generate-columns","tablet-grid-50","mobile-grid-100","grid-parent","grid-50"],"acf":[],"_links":{"self":[{"href":"https:\/\/equilibreazur.fr\/azur\/wp-json\/wp\/v2\/posts\/5829","targetHints":{"allow":["GET"]}}],"collection":[{"href":"https:\/\/equilibreazur.fr\/azur\/wp-json\/wp\/v2\/posts"}],"about":[{"href":"https:\/\/equilibreazur.fr\/azur\/wp-json\/wp\/v2\/types\/post"}],"author":[{"embeddable":true,"href":"https:\/\/equilibreazur.fr\/azur\/wp-json\/wp\/v2\/users\/2"}],"replies":[{"embeddable":true,"href":"https:\/\/equilibreazur.fr\/azur\/wp-json\/wp\/v2\/comments?post=5829"}],"version-history":[{"count":6,"href":"https:\/\/equilibreazur.fr\/azur\/wp-json\/wp\/v2\/posts\/5829\/revisions"}],"predecessor-version":[{"id":6605,"href":"https:\/\/equilibreazur.fr\/azur\/wp-json\/wp\/v2\/posts\/5829\/revisions\/6605"}],"wp:featuredmedia":[{"embeddable":true,"href":"https:\/\/equilibreazur.fr\/azur\/wp-json\/wp\/v2\/media\/5628"}],"wp:attachment":[{"href":"https:\/\/equilibreazur.fr\/azur\/wp-json\/wp\/v2\/media?parent=5829"}],"wp:term":[{"taxonomy":"category","embeddable":true,"href":"https:\/\/equilibreazur.fr\/azur\/wp-json\/wp\/v2\/categories?post=5829"},{"taxonomy":"post_tag","embeddable":true,"href":"https:\/\/equilibreazur.fr\/azur\/wp-json\/wp\/v2\/tags?post=5829"}],"curies":[{"name":"wp","href":"https:\/\/api.w.org\/{rel}","templated":true}]}}