{"id":5823,"date":"2015-07-18T16:45:12","date_gmt":"2015-07-18T16:45:12","guid":{"rendered":"https:\/\/equilibreazur.fr\/azur\/?p=5823"},"modified":"2015-08-30T09:45:33","modified_gmt":"2015-08-30T09:45:33","slug":"2015-08-article-aikido-tonfa","status":"publish","type":"post","link":"https:\/\/equilibreazur.fr\/azur\/news\/2015-08-article-aikido-tonfa\/","title":{"rendered":"2015-08 Article Aikido et Tonfa"},"content":{"rendered":"<p>Article sur le Tonfa paru sur&nbsp;\u00ab\u00a0<a href=\"http:\/\/www.ville-chateauneuf.fr\" target=\"_blank\">Chateauneuf info<\/a> &#8211; La revue municipale des Ch\u00e2teauneuvois\u00a0\u00bb num\u00e9ro d&rsquo;\u00e9t\u00e9 2015&#8230;<\/p>\n<h1><b>A\u00efkido&nbsp;: d\u00e9couverte du&nbsp;\u00ab Tonfa&nbsp;\u00bb<\/b><\/h1>\n<p><a href=\"https:\/\/equilibreazur.fr\/azur\/wp-content\/uploads\/2015\/07\/2015-08-Chateauneuf-Infos-aikido.png\"><img loading=\"lazy\" decoding=\"async\" class=\" wp-image-5824 size-medium aligncenter\" src=\"https:\/\/equilibreazur.fr\/azur\/wp-content\/uploads\/2015\/07\/2015-08-Chateauneuf-Infos-aikido-478x205.png\" alt=\"2015-08-Chateauneuf-Infos-aikido\" width=\"478\" height=\"205\" srcset=\"https:\/\/equilibreazur.fr\/azur\/wp-content\/uploads\/2015\/07\/2015-08-Chateauneuf-Infos-aikido-478x205.png 478w, https:\/\/equilibreazur.fr\/azur\/wp-content\/uploads\/2015\/07\/2015-08-Chateauneuf-Infos-aikido-675x290.png 675w, https:\/\/equilibreazur.fr\/azur\/wp-content\/uploads\/2015\/07\/2015-08-Chateauneuf-Infos-aikido-600x257.png 600w, https:\/\/equilibreazur.fr\/azur\/wp-content\/uploads\/2015\/07\/2015-08-Chateauneuf-Infos-aikido.png 809w\" sizes=\"auto, (max-width: 478px) 100vw, 478px\" \/><\/a><\/p>\n<p>Le club d\u2019A\u00efkido&nbsp;\u00ab Aiki Dojo Azur&nbsp;\u00bb a fini la saison des\u00a0stages en beaut\u00e9 puisqu\u2019elle a eu le plaisir d\u2019inviter vincent Devlaeminck. Ce dernier qui venait de Franche-Comt\u00e9 a donn\u00e9 un <a href=\"https:\/\/equilibreazur.fr\/azur\/news\/2015-04-infos-stage-self-defense-tonfa\/\">stage d\u2019une journ\u00e9e sur le maniement du Tonfa<\/a>, arme traditionnelle japonaise, utilis\u00e9e par la police am\u00e9ricaine.<\/p>\n<p><!--more-->Les applications des formes de corps de l\u2019A\u00efkido sont multiples et vari\u00e9es. vincent utilise en effet l\u2019A\u00efkido traditionnel et le Tonfa dans sa vie professionnelle: ancien militaire de carri\u00e8re, il est r\u00e9serviste chez les gendarmes et donne des cours d\u2019entra\u00eenement \u00e0 ses coll\u00e8gues. Une vid\u00e9o du stage sera disponible prochainement sur le site de l\u2019association&nbsp;: <a href=\"https:\/\/equilibreazur.fr\/azur\">aiki<span style=\"color: #ff0000;\">dojo<\/span>.fr\/azur<\/a><\/p>\n<p>Rendez-vous \u00e0 la rentr\u00e9e pour les inscriptions (lors du forum des associations ou sur place aux heures des cours \u00e0 Ch\u00e2teauneuf dans la salle attenante au gymnase du Bois de Saint-Jeaume).<\/p>\n<figure id=\"attachment_5782\" aria-describedby=\"caption-attachment-5782\" style=\"width: 468px\" class=\"wp-caption alignnone\"><img loading=\"lazy\" decoding=\"async\" class=\"size-medium wp-image-5782\" src=\"https:\/\/equilibreazur.fr\/azur\/wp-content\/uploads\/2015\/07\/2015-06-14-Aikido-Tonfa-11-478x319.jpg\" alt=\"Stage Aikido &amp; Tonfa - Vincent DEVLAEMINCK - Eric SAVALLI\" width=\"478\" height=\"319\" srcset=\"https:\/\/equilibreazur.fr\/azur\/wp-content\/uploads\/2015\/07\/2015-06-14-Aikido-Tonfa-11-478x319.jpg 478w, https:\/\/equilibreazur.fr\/azur\/wp-content\/uploads\/2015\/07\/2015-06-14-Aikido-Tonfa-11-675x450.jpg 675w, https:\/\/equilibreazur.fr\/azur\/wp-content\/uploads\/2015\/07\/2015-06-14-Aikido-Tonfa-11-600x400.jpg 600w, https:\/\/equilibreazur.fr\/azur\/wp-content\/uploads\/2015\/07\/2015-06-14-Aikido-Tonfa-11.jpg 960w\" sizes=\"auto, (max-width: 478px) 100vw, 478px\" \/><figcaption id=\"caption-attachment-5782\" class=\"wp-caption-text\">Stage Aikido &amp; Tonfa &#8211; Vincent DEVLAEMINCK &#8211; Eric SAVALLI<\/figcaption><\/figure>\n<figure id=\"attachment_5784\" aria-describedby=\"caption-attachment-5784\" style=\"width: 468px\" class=\"wp-caption alignnone\"><img loading=\"lazy\" decoding=\"async\" class=\"size-medium wp-image-5784\" src=\"https:\/\/equilibreazur.fr\/azur\/wp-content\/uploads\/2015\/07\/2015-06-14-Aikido-Tonfa-13-478x269.jpg\" alt=\"Stage Aikido &amp; Tonfa - Vincent DEVLAEMINCK - Eric SAVALLI\" width=\"478\" height=\"269\" srcset=\"https:\/\/equilibreazur.fr\/azur\/wp-content\/uploads\/2015\/07\/2015-06-14-Aikido-Tonfa-13-478x269.jpg 478w, https:\/\/equilibreazur.fr\/azur\/wp-content\/uploads\/2015\/07\/2015-06-14-Aikido-Tonfa-13-675x380.jpg 675w, https:\/\/equilibreazur.fr\/azur\/wp-content\/uploads\/2015\/07\/2015-06-14-Aikido-Tonfa-13-600x338.jpg 600w, https:\/\/equilibreazur.fr\/azur\/wp-content\/uploads\/2015\/07\/2015-06-14-Aikido-Tonfa-13.jpg 960w\" sizes=\"auto, (max-width: 478px) 100vw, 478px\" \/><figcaption id=\"caption-attachment-5784\" class=\"wp-caption-text\">Stage Aikido &amp; Tonfa &#8211; Vincent DEVLAEMINCK &#8211; Eric SAVALLI<\/figcaption><\/figure>\n<p>&nbsp;<\/p>\n","protected":false},"excerpt":{"rendered":"<p>Article sur le Tonfa paru sur \u00ab\u00a0Chateauneuf info &#8211; La revue municipale des Ch\u00e2teauneuvois\u00a0\u00bb num\u00e9ro d&rsquo;\u00e9t\u00e9 2015. Le club d\u2019A\u00efkido \u00ab Aiki Dojo Azur \u00bb a fini la saison des stages en beaut\u00e9 puisqu\u2019elle a eu le plaisir d\u2019inviter vincent Devlaeminck. Ce dernier qui venait de Franche-Comt\u00e9 a donn\u00e9 un stage d\u2019une journ\u00e9e sur le maniement du Tonfa, arme traditionnelle japonaise, utilis\u00e9e par la police am\u00e9ricaine.<\/p>\n","protected":false},"author":2,"featured_media":5779,"comment_status":"open","ping_status":"open","sticky":false,"template":"","format":"standard","meta":{"_acf_changed":false,"_seopress_robots_primary_cat":"","_seopress_titles_title":"","_seopress_titles_desc":"","_seopress_robots_index":"","generate_page_header":"","footnotes":""},"categories":[142],"tags":[251,249,245],"class_list":["post-5823","post","type-post","status-publish","format-standard","has-post-thumbnail","hentry","category-news","tag-article-presse","tag-chateauneuf-info","tag-v-devlaeminck","infinite-scroll-item","masonry-post","generate-columns","tablet-grid-50","mobile-grid-100","grid-parent","grid-50"],"acf":[],"_links":{"self":[{"href":"https:\/\/equilibreazur.fr\/azur\/wp-json\/wp\/v2\/posts\/5823","targetHints":{"allow":["GET"]}}],"collection":[{"href":"https:\/\/equilibreazur.fr\/azur\/wp-json\/wp\/v2\/posts"}],"about":[{"href":"https:\/\/equilibreazur.fr\/azur\/wp-json\/wp\/v2\/types\/post"}],"author":[{"embeddable":true,"href":"https:\/\/equilibreazur.fr\/azur\/wp-json\/wp\/v2\/users\/2"}],"replies":[{"embeddable":true,"href":"https:\/\/equilibreazur.fr\/azur\/wp-json\/wp\/v2\/comments?post=5823"}],"version-history":[{"count":4,"href":"https:\/\/equilibreazur.fr\/azur\/wp-json\/wp\/v2\/posts\/5823\/revisions"}],"predecessor-version":[{"id":5828,"href":"https:\/\/equilibreazur.fr\/azur\/wp-json\/wp\/v2\/posts\/5823\/revisions\/5828"}],"wp:featuredmedia":[{"embeddable":true,"href":"https:\/\/equilibreazur.fr\/azur\/wp-json\/wp\/v2\/media\/5779"}],"wp:attachment":[{"href":"https:\/\/equilibreazur.fr\/azur\/wp-json\/wp\/v2\/media?parent=5823"}],"wp:term":[{"taxonomy":"category","embeddable":true,"href":"https:\/\/equilibreazur.fr\/azur\/wp-json\/wp\/v2\/categories?post=5823"},{"taxonomy":"post_tag","embeddable":true,"href":"https:\/\/equilibreazur.fr\/azur\/wp-json\/wp\/v2\/tags?post=5823"}],"curies":[{"name":"wp","href":"https:\/\/api.w.org\/{rel}","templated":true}]}}