{"id":5813,"date":"2015-07-16T21:31:21","date_gmt":"2015-07-16T21:31:21","guid":{"rendered":"https:\/\/equilibreazur.fr\/azur\/?p=5813"},"modified":"2015-07-29T19:48:09","modified_gmt":"2015-07-29T19:48:09","slug":"2014-09-video-association-aikido","status":"publish","type":"post","link":"https:\/\/equilibreazur.fr\/azur\/news\/2014-09-video-association-aikido\/","title":{"rendered":"Vid\u00e9o de d\u00e9monstration Aikido &#8211; Forum 2014"},"content":{"rendered":"<p>Voici donc les images de la petite d\u00e9monstration d&rsquo;Aikido qui fut donn\u00e9e par Eric\u00a0Savalli et ses \u00e9l\u00e8ves \u00e0 Opio (06)\u00a0dans le cadre du <a href=\"https:\/\/equilibreazur.fr\/azur\/news\/2015-rdv-dimanche-06-septembre-2014-forums-des-associations\/\">forum des associations<\/a>\u00a0qui rassemblait toutes les associations de Opio, Chateauneuf de grasse et Bar sur Loup.<\/p>\n<p><!--more--><\/p>\n<p><img loading=\"lazy\" decoding=\"async\" class=\"alignnone size-medium wp-image-5819\" src=\"https:\/\/equilibreazur.fr\/azur\/wp-content\/uploads\/2015\/07\/2014-09-07-10-52-46-IMG_3230-478x269.jpg\" alt=\"Forum des associations \u00e0 Opio (06)\" width=\"478\" height=\"269\" \/><\/p>\n<p>Un grand merci\u00a0et de vives f\u00e9licitions aux\u00a0participants&nbsp;!<\/p>\n<p><iframe loading=\"lazy\" width=\"1200\" height=\"675\" src=\"https:\/\/www.youtube.com\/embed\/aMLLfXXBD0Q?feature=oembed\" frameborder=\"0\" allow=\"autoplay; encrypted-media\" allowfullscreen><\/iframe><\/p>\n<p>Cette vid\u00e9o a \u00e9t\u00e9 aussi rajout\u00e9e&#8230;<\/p>\n<ul>\n<li>sur la <a title=\"Videos\" href=\"https:\/\/equilibreazur.fr\/azur\/videos\/\">pages des vid\u00e9os<\/a> d&rsquo;Aiki Dojo Azur<\/li>\n<li>sur <a title=\"Demo Olympiades Cheateauneuf\" href=\"https:\/\/www.youtube.com\/watch?v=aMLLfXXBD0Q\" target=\"_blank\">YouTube<\/a><\/li>\n<li>sur\u00a0<a href=\"https:\/\/vimeo.com\/133702325\" target=\"_blank\">Vimeo<\/a><\/li>\n<\/ul>\n<div>N&rsquo;h\u00e9sitez pas \u00e0 la partager avec vos amis&nbsp;!<\/div>\n","protected":false},"excerpt":{"rendered":"<p>Images de la petite d\u00e9monstration d&rsquo;Aikido qui fut donn\u00e9e par Eric Savalli et ses \u00e9l\u00e8ves \u00e0 Opio (06) dans le cadre du forum des associations qui rassemblait toutes les associations de Opio, Chateauneuf de grasse et Bar sur Loup.<\/p>\n","protected":false},"author":2,"featured_media":5815,"comment_status":"open","ping_status":"open","sticky":false,"template":"","format":"standard","meta":{"_acf_changed":false,"_seopress_robots_primary_cat":"","_seopress_titles_title":"","_seopress_titles_desc":"","_seopress_robots_index":"","generate_page_header":"","footnotes":""},"categories":[142],"tags":[205],"class_list":["post-5813","post","type-post","status-publish","format-standard","has-post-thumbnail","hentry","category-news","tag-video","infinite-scroll-item","masonry-post","generate-columns","tablet-grid-50","mobile-grid-100","grid-parent","grid-50"],"acf":[],"_links":{"self":[{"href":"https:\/\/equilibreazur.fr\/azur\/wp-json\/wp\/v2\/posts\/5813","targetHints":{"allow":["GET"]}}],"collection":[{"href":"https:\/\/equilibreazur.fr\/azur\/wp-json\/wp\/v2\/posts"}],"about":[{"href":"https:\/\/equilibreazur.fr\/azur\/wp-json\/wp\/v2\/types\/post"}],"author":[{"embeddable":true,"href":"https:\/\/equilibreazur.fr\/azur\/wp-json\/wp\/v2\/users\/2"}],"replies":[{"embeddable":true,"href":"https:\/\/equilibreazur.fr\/azur\/wp-json\/wp\/v2\/comments?post=5813"}],"version-history":[{"count":6,"href":"https:\/\/equilibreazur.fr\/azur\/wp-json\/wp\/v2\/posts\/5813\/revisions"}],"predecessor-version":[{"id":5877,"href":"https:\/\/equilibreazur.fr\/azur\/wp-json\/wp\/v2\/posts\/5813\/revisions\/5877"}],"wp:featuredmedia":[{"embeddable":true,"href":"https:\/\/equilibreazur.fr\/azur\/wp-json\/wp\/v2\/media\/5815"}],"wp:attachment":[{"href":"https:\/\/equilibreazur.fr\/azur\/wp-json\/wp\/v2\/media?parent=5813"}],"wp:term":[{"taxonomy":"category","embeddable":true,"href":"https:\/\/equilibreazur.fr\/azur\/wp-json\/wp\/v2\/categories?post=5813"},{"taxonomy":"post_tag","embeddable":true,"href":"https:\/\/equilibreazur.fr\/azur\/wp-json\/wp\/v2\/tags?post=5813"}],"curies":[{"name":"wp","href":"https:\/\/api.w.org\/{rel}","templated":true}]}}