{"id":578,"date":"2009-11-28T17:57:21","date_gmt":"2009-11-28T17:57:21","guid":{"rendered":"https:\/\/equilibreazur.fr\/azur\/non-classe\/plan-sophia-antipolis-valmasque"},"modified":"2015-08-30T08:26:57","modified_gmt":"2015-08-30T08:26:57","slug":"plan-sophia-antipolis-valmasque","status":"publish","type":"post","link":"https:\/\/equilibreazur.fr\/azur\/aikido-azur\/plan-sophia-antipolis-valmasque\/","title":{"rendered":"Plan d&rsquo;acc\u00e8s &#8211; la Valmasque"},"content":{"rendered":"<p>Les cours d&rsquo;Aikido qui ont lieu au Parc de la Valmasque sous les arbres permettent de s&rsquo;entrainer \u00e0 l&rsquo;abri du soleil (pendant les heures d&rsquo;\u00e9t\u00e9) \u00e0 Sophia-Antipolis &#8211; Provence Alpes C\u00f4te d&rsquo;Azur, entre Grasse et Nice.<\/p>\n<p>Attention, \u00e0 <strong>ne pas confondre<\/strong> avec la p\u00e9riode hivernale, o\u00f9 les cours ont lieu <a href=\"https:\/\/equilibreazur.fr\/azur\/aikido-azur\/plan-acces-valbonne\">au soleil<\/a>, au centre sportif et de loisirs.<\/p>\n<p style=\"text-align: center;\"><img loading=\"lazy\" decoding=\"async\" class=\"size-full wp-image-1087 alignnone aligncenter\" title=\"20041005-aikido-sophia-valmasque\" src=\"https:\/\/equilibreazur.fr\/azur\/wp-content\/uploads\/20041005-aikido-sophia-valmasque.jpg\" alt=\"Aikido - Sophia-Antipolis - Valmasque\" width=\"478\" height=\"269\" \/><span style=\"color: #888888;\">Cours en plein-air en tenue de ville&#8230; et sous les arbres durant l&rsquo;\u00e9t\u00e9 &#8211; 2004<\/span><\/p>\n<p>&nbsp;<\/p>\n<p>Les entra\u00eenements d&rsquo;<strong>Aikido \u00e0 Sophia-Antipolis<\/strong> ont lieu en \u00e9t\u00e9 sous les arbres de la Valmasque,\u00a0<strong>Route foresti\u00e8re de la Valmasque<\/strong>&#8230;<\/p>\n<p><a href=\"https:\/\/equilibreazur.fr\/azur\/wp-content\/uploads\/2009\/11\/aikido-sophia-antipolis.jpg\"><img loading=\"lazy\" decoding=\"async\" class=\" size-full wp-image-5854 aligncenter\" src=\"https:\/\/equilibreazur.fr\/azur\/wp-content\/uploads\/2009\/11\/aikido-sophia-antipolis.jpg\" alt=\"plan aikido-sophia-antipolis\" width=\"600\" height=\"306\" srcset=\"https:\/\/equilibreazur.fr\/azur\/wp-content\/uploads\/2009\/11\/aikido-sophia-antipolis.jpg 600w, https:\/\/equilibreazur.fr\/azur\/wp-content\/uploads\/2009\/11\/aikido-sophia-antipolis-370x189.jpg 370w\" sizes=\"auto, (max-width: 600px) 100vw, 600px\" \/><\/a><\/p>\n<p>Les infos \u00e0 retenir&nbsp;:<\/p>\n<ul>\n<li>Cours Aiki-Ken et Aiki-Jo -Bukiwaza- en plein air (except\u00e9 les jours de pluie)<\/li>\n<li>Cours toute l&rsquo;ann\u00e9e (sauf en Ao\u00fbt)<\/li>\n<li>Etude du shuriken en Juillet<\/li>\n<li>Cours le midi (12h30-13h30 environ)<\/li>\n<li>Parking sur place<\/li>\n<li>Tenue de ville d\u00e9contract\u00e9e<\/li>\n<\/ul>\n<p>Vue&nbsp;\u00ab\u00a0StreetView\u00a0\u00bb et Satellite avec Google Maps&nbsp;:<\/p>\n<p><center><br \/>\n<iframe loading=\"lazy\" src=\"http:\/\/maps.google.fr\/maps?f=q&amp;source=embed&amp;hl=fr&amp;geocode=&amp;q=aikido+sophia&amp;sll=43.676225,6.975888&amp;sspn=0.000775,0.000795&amp;ie=UTF8&amp;hq=aikido+sophia&amp;hnear=&amp;t=h&amp;layer=c&amp;cbll=43.611804,7.044318&amp;panoid=etlUodl6fTdTg01cGnzsxQ&amp;cbp=11,106.93,,0,6.47&amp;ll=43.608861,7.044597&amp;spn=0.014853,0.020514&amp;z=15&amp;output=svembed\" width=\"478\" height=\"478\" frameborder=\"0\" marginwidth=\"0\" marginheight=\"0\" scrolling=\"no\"><\/iframe><br \/>\n<small><a style=\"color: #0000ff; text-align: left;\" href=\"http:\/\/maps.google.fr\/maps?f=q&amp;source=embed&amp;hl=fr&amp;geocode=&amp;q=aikido+sophia&amp;sll=43.676225,6.975888&amp;sspn=0.000775,0.000795&amp;ie=UTF8&amp;hq=aikido+sophia&amp;hnear=&amp;t=h&amp;layer=c&amp;cbll=43.611804,7.044318&amp;panoid=etlUodl6fTdTg01cGnzsxQ&amp;cbp=11,106.93,,0,6.47&amp;ll=43.608861,7.044597&amp;spn=0.014853,0.020514&amp;z=15\">Agrandir le plan<\/a><\/small><\/center>Voici un petit film r\u00e9alis\u00e9 sur place en Septembre 2010&#8230;<\/p>\n<p><iframe loading=\"lazy\" width=\"1200\" height=\"675\" src=\"https:\/\/www.youtube.com\/embed\/PlOZTI74KxY?feature=oembed\" frameborder=\"0\" allowfullscreen><\/iframe><\/p>\n","protected":false},"excerpt":{"rendered":"<p>Les cours d&rsquo;Aikido qui ont lieu au Parc de la Valmasque sous les arbres permettent de s&rsquo;entrainer \u00e0 l&rsquo;abri du soleil (pendant les heures d&rsquo;\u00e9t\u00e9) \u00e0 Sophia-Antipolis &#8211; Provence Alpes C\u00f4te d&rsquo;Azur, entre Grasse et Nice.<\/p>\n","protected":false},"author":2,"featured_media":1087,"comment_status":"open","ping_status":"open","sticky":false,"template":"","format":"standard","meta":{"_acf_changed":false,"_seopress_robots_primary_cat":"","_seopress_titles_title":"","_seopress_titles_desc":"","_seopress_robots_index":"","generate_page_header":"","footnotes":""},"categories":[144],"tags":[161,103],"class_list":["post-578","post","type-post","status-publish","format-standard","has-post-thumbnail","hentry","category-aikido-azur","tag-club-azur-paca","tag-plan","infinite-scroll-item","masonry-post","generate-columns","tablet-grid-50","mobile-grid-100","grid-parent","grid-50"],"acf":[],"_links":{"self":[{"href":"https:\/\/equilibreazur.fr\/azur\/wp-json\/wp\/v2\/posts\/578","targetHints":{"allow":["GET"]}}],"collection":[{"href":"https:\/\/equilibreazur.fr\/azur\/wp-json\/wp\/v2\/posts"}],"about":[{"href":"https:\/\/equilibreazur.fr\/azur\/wp-json\/wp\/v2\/types\/post"}],"author":[{"embeddable":true,"href":"https:\/\/equilibreazur.fr\/azur\/wp-json\/wp\/v2\/users\/2"}],"replies":[{"embeddable":true,"href":"https:\/\/equilibreazur.fr\/azur\/wp-json\/wp\/v2\/comments?post=578"}],"version-history":[{"count":6,"href":"https:\/\/equilibreazur.fr\/azur\/wp-json\/wp\/v2\/posts\/578\/revisions"}],"predecessor-version":[{"id":5911,"href":"https:\/\/equilibreazur.fr\/azur\/wp-json\/wp\/v2\/posts\/578\/revisions\/5911"}],"wp:featuredmedia":[{"embeddable":true,"href":"https:\/\/equilibreazur.fr\/azur\/wp-json\/wp\/v2\/media\/1087"}],"wp:attachment":[{"href":"https:\/\/equilibreazur.fr\/azur\/wp-json\/wp\/v2\/media?parent=578"}],"wp:term":[{"taxonomy":"category","embeddable":true,"href":"https:\/\/equilibreazur.fr\/azur\/wp-json\/wp\/v2\/categories?post=578"},{"taxonomy":"post_tag","embeddable":true,"href":"https:\/\/equilibreazur.fr\/azur\/wp-json\/wp\/v2\/tags?post=578"}],"curies":[{"name":"wp","href":"https:\/\/api.w.org\/{rel}","templated":true}]}}