{"id":577,"date":"2009-09-02T18:06:00","date_gmt":"2009-09-02T18:06:00","guid":{"rendered":"https:\/\/equilibreazur.fr\/azur\/non-classe\/affiche"},"modified":"2016-09-04T17:12:54","modified_gmt":"2016-09-04T17:12:54","slug":"affiche","status":"publish","type":"post","link":"https:\/\/equilibreazur.fr\/azur\/aikido-azur\/affiche\/","title":{"rendered":"Affiche de l\u2019association"},"content":{"rendered":"<p>Affiche de communication&nbsp;!<\/p>\n<p><a title=\"Affiche Aikido\" href=\"https:\/\/equilibreazur.fr\/azur\/!box\/2015-08-AikiDojo-AfficheA3.pdf\" target=\"_blank\"><img loading=\"lazy\" decoding=\"async\" class=\"alignleft wp-image-5392 size-full\" src=\"https:\/\/equilibreazur.fr\/azur\/wp-content\/uploads\/2012\/02\/PDF_Download.png\" alt=\"T\u00e9l\u00e9charger le fichier PDF\" width=\"80\" height=\"80\" \/><\/a><br \/>\nPour voir et t\u00e9l\u00e9charger l&rsquo;affiche (format PDF), cliquer sur le lien ci-dessous&nbsp;:<br \/>\n<a title=\"Affiche d'Aikido\" href=\"https:\/\/equilibreazur.fr\/azur\/!box\/2015-08-AikiDojo-AfficheA3.pdf\" target=\"_blank\">AikiDojo-AfficheA3.pdf<\/a><\/p>\n<p>L&rsquo;affiche de l&rsquo;association Aiki Dojo Azur au format A3&#8230; Elle peut \u00eatre t\u00e9l\u00e9charg\u00e9e pour consultation et impression (fichier PDF) dans la taille qui vous convient&nbsp;: A2, A3, A4&#8230; Cette affiche est mise \u00e0 jour chaque d\u00e9but de saison sportive (Septembre-Juin).<\/p>\n<p>Aidez-nous en diffusant l&rsquo;information&nbsp;!&#8230;<\/p>\n<ul>\n<li>T\u00e9l\u00e9charger l&rsquo;affiche pour l&rsquo;imprimer et la pr\u00e9senter <strong>sur votre lieu de travail<\/strong><\/li>\n<li>T\u00e9l\u00e9charger l&rsquo;affiche\u00a0pour la <strong>diffuser \u00e0 vos amis par email<\/strong><\/li>\n<\/ul>\n","protected":false},"excerpt":{"rendered":"<p>L&rsquo;affiche de l&rsquo;association Aiki Dojo Azur au format A3&#8230; Elle peut \u00eatre t\u00e9l\u00e9charg\u00e9e pour consultation et impression (fichier PDF) dans la taille qui vous convient : A2, A3, A4&#8230; Cette affiche est mise \u00e0 jour chaque d\u00e9but de saison sportive (Septembre-Juin).<\/p>\n","protected":false},"author":2,"featured_media":2161,"comment_status":"open","ping_status":"open","sticky":false,"template":"","format":"standard","meta":{"_acf_changed":false,"_seopress_robots_primary_cat":"","_seopress_titles_title":"","_seopress_titles_desc":"","_seopress_robots_index":"","generate_page_header":"","footnotes":""},"categories":[144],"tags":[161,207,95,101],"class_list":["post-577","post","type-post","status-publish","format-standard","has-post-thumbnail","hentry","category-aikido-azur","tag-club-azur-paca","tag-le-rouret","tag-nice-grasse","tag-pdf","infinite-scroll-item","masonry-post","generate-columns","tablet-grid-50","mobile-grid-100","grid-parent","grid-50"],"acf":[],"_links":{"self":[{"href":"https:\/\/equilibreazur.fr\/azur\/wp-json\/wp\/v2\/posts\/577","targetHints":{"allow":["GET"]}}],"collection":[{"href":"https:\/\/equilibreazur.fr\/azur\/wp-json\/wp\/v2\/posts"}],"about":[{"href":"https:\/\/equilibreazur.fr\/azur\/wp-json\/wp\/v2\/types\/post"}],"author":[{"embeddable":true,"href":"https:\/\/equilibreazur.fr\/azur\/wp-json\/wp\/v2\/users\/2"}],"replies":[{"embeddable":true,"href":"https:\/\/equilibreazur.fr\/azur\/wp-json\/wp\/v2\/comments?post=577"}],"version-history":[{"count":6,"href":"https:\/\/equilibreazur.fr\/azur\/wp-json\/wp\/v2\/posts\/577\/revisions"}],"predecessor-version":[{"id":6807,"href":"https:\/\/equilibreazur.fr\/azur\/wp-json\/wp\/v2\/posts\/577\/revisions\/6807"}],"wp:featuredmedia":[{"embeddable":true,"href":"https:\/\/equilibreazur.fr\/azur\/wp-json\/wp\/v2\/media\/2161"}],"wp:attachment":[{"href":"https:\/\/equilibreazur.fr\/azur\/wp-json\/wp\/v2\/media?parent=577"}],"wp:term":[{"taxonomy":"category","embeddable":true,"href":"https:\/\/equilibreazur.fr\/azur\/wp-json\/wp\/v2\/categories?post=577"},{"taxonomy":"post_tag","embeddable":true,"href":"https:\/\/equilibreazur.fr\/azur\/wp-json\/wp\/v2\/tags?post=577"}],"curies":[{"name":"wp","href":"https:\/\/api.w.org\/{rel}","templated":true}]}}