{"id":5757,"date":"2015-07-04T16:00:00","date_gmt":"2015-07-04T16:00:00","guid":{"rendered":"https:\/\/equilibreazur.fr\/azur\/?p=5757"},"modified":"2016-09-04T10:48:55","modified_gmt":"2016-09-04T10:48:55","slug":"2016-stage-aikido-haucourt-st-charles","status":"publish","type":"post","link":"https:\/\/equilibreazur.fr\/azur\/stages-calendrier\/2016-stage-aikido-haucourt-st-charles\/","title":{"rendered":"03\/2016&nbsp;: Stage Aikido traditionnel \u00e0 Herserange (54)"},"content":{"rendered":"<p style=\"text-align: center;\">\n<h2 style=\"text-align: center;\"><strong>Stage AIKIDO &#8211; Eric Savalli<br \/>\n8<sup>\u00e8me<\/sup>\u00a0stage en Meurthe-et-Moselle (54)<br \/>\n<\/strong><strong>19-20 mars 2016<\/strong><\/h2>\n<p><img loading=\"lazy\" decoding=\"async\" class=\"\" src=\"http:\/\/aikidoblog.net\/images\/stories\/articles\/people\/2009-12-Stage-Aikido-Herserange.jpg\" alt=\"2009-12-Stage-Aikido-Herserange\" width=\"708\" height=\"332\" \/><br \/>\n<span style=\"color: #888888;\"> E.Savalli et S.Hlavacek &#8211; Stage \u00e0 Herserange 12\/2009<\/span><\/p>\n<h3>Eric SAVALLI<\/h3>\n<p style=\"padding-left: 30px;\">Ce stage est organis\u00e9 par St\u00e9phane Hlavacek. Il sera dirig\u00e9 par\u00a0Eric Savalli, 5\u00e8me Dan FAA, 4\u00e8me Dan Dento Iwama Ryu et 4\u00e8me Dan Aikikai.<br \/>\nEric \u00e9tudie l\u2019Aikido depuis 1988 sous la direction de <strong>Daniel TOUTAIN Sensei<\/strong> (FAA &#8211; Fundamental Aikido Association) dont il est proche \u00e9l\u00e8ve. Il est r\u00e9guli\u00e8rement son assistant lors de stages en France ou \u00e0 l\u2019\u00e9tranger ainsi que lors de tournages pour la r\u00e9alisation de DVDs. Il suit \u00e9galement assidument l\u2019enseignement de <strong>SAITO Hitohira\u00a0Sensei<\/strong> (Iwama Shinshin Aiki Shurenkai) depuis 1993.<br \/>\nIl est l&rsquo;auteur du site consacr\u00e9 \u00e0 l&rsquo;aikido <a title=\"Blog Aikido\" href=\"http:\/\/aikidoblog.net\/\" target=\"_blank\">http:\/\/<strong>aikidoblog.net<\/strong><\/a> et enseigne dans les alpes-maritimes (06) au sein de l&rsquo;<a title=\"Club Aikido 06\" href=\"https:\/\/equilibreazur.fr\/azur\" target=\"_blank\">Aiki Dojo Azur<\/a>.<\/p>\n<h3>PROGRAMME<\/h3>\n<p style=\"padding-left: 30px;\"><strong>Samedi 19\u00a0mars<\/strong><\/p>\n<p style=\"padding-left: 30px;\">10:00-11:00 <strong>Aiki-Ken 1<\/strong><br \/>\n11:00-12:00 <strong>Aiki-Ken 2<\/strong><\/p>\n<p style=\"padding-left: 30px;\">12:00 Pique-nique sur place\u00a0<strong>\u00e0 pr\u00e9voir<\/strong><\/p>\n<p style=\"padding-left: 30px;\">13:00-14:00 <strong>Taijutsu 1 <\/strong>(<strong>Ado<\/strong> et Adultes)<br \/>\n14:00-15:00 <strong>Taijutsu 2<\/strong><br \/>\n15:00-16:00 <strong>Special keiko\u00a0\u00a0<\/strong>(3eme Kyu et plus)<\/p>\n<p style=\"padding-left: 30px;\"><strong>Dimanche 20\u00a0mars<\/strong><\/p>\n<p style=\"padding-left: 30px;\">09:30-10:30\u00a0<strong>Aiki-Jo 1<\/strong><br \/>\n10:30-11:30 <strong>Aiki-Jo 2<\/strong><\/p>\n<h3>PARTICIPATION<\/h3>\n<p style=\"padding-left: 30px;\">Stage complet&nbsp;: \u20ac 55<br \/>\n1 cours&nbsp;: \u20ac 10<\/p>\n<h3>LIEU DU STAGE<\/h3>\n<p style=\"padding-left: 30px;\">Dojo municipal<br \/>\nAvenue Baron d&rsquo;Huart<br \/>\n54 Herserange<\/p>\n<h3>INFORMATIONS<\/h3>\n<p style=\"padding-left: 30px;\">Stage ouvert \u00e0 tous. Certificat d\u2019assurance ou licence obligatoire.<br \/>\nPr\u00e9voir Ken et Jo et <strong>chaussures de sport<\/strong> en cas de pratique des armes hors tatamis.<\/p>\n<h3>AFFICHE DU STAGE \u00e0 TELECHARGER<\/h3>\n<p style=\"padding-left: 30px;\"><a href=\"https:\/\/equilibreazur.fr\/azur\/wp-content\/uploads\/2015\/07\/2016-03-Aikido-Herserange.pdf\" rel=\"\"><img loading=\"lazy\" decoding=\"async\" class=\"size-full wp-image-5331 alignnone\" src=\"https:\/\/equilibreazur.fr\/azur\/wp-content\/uploads\/2014\/01\/2014-05-Haucourt-54.gif\" alt=\"2014-05-Haucourt-54\" width=\"150\" height=\"212\" \/><br \/>\n2016-03-Aikido-erserange<\/a><\/p>\n<h3>PLUS D&rsquo;INFO<\/h3>\n<p><!--more--><\/p>\n<ul>\n<li>Le site Aikido3f de St\u00e9phane&nbsp;:<br \/>\n<a href=\"http:\/\/aikido3f.com\" target=\"_blank\">http:\/\/aikido3f.com<\/a><\/li>\n<li>Une interview de St\u00e9phane&nbsp;:<br \/>\n<a href=\"http:\/\/aikidoblog.net\/fr\/interviews\/2010-12-stephane-hlavacek\/\">2010-12-interview-stephane-hlavacek<\/a><\/li>\n<\/ul>\n<p>Attention,\u00a0<strong>ces informations peuvent \u00e9voluer<\/strong>\u00a0!<br \/>\nMerci de revenir consulter cette page, ou mieux, de vous inscrire \u00e0 notre lettre d&rsquo;information\u00a0:<\/p>\n[wysija_form id=1]\n<p>&nbsp;<\/p>\n","protected":false},"excerpt":{"rendered":"<p>8eme stage d&rsquo;Aikido \u00e0 Haucourt Saint-Charles avec Eric Savalli, 5e Dan FAA, 4e Dan Iwama Shinshin Aiki Shurenkai, organis\u00e9 par l&rsquo;Aikido-3f &#8211; St\u00e9phane Hlavacek &#8211; Eric est \u00e9l\u00e8ve des ma\u00eetres D. TOUTAIN et SAITO H. et enseigne l&rsquo;Aikido depuis plus de 1988.<\/p>\n","protected":false},"author":2,"featured_media":6566,"comment_status":"open","ping_status":"open","sticky":false,"template":"","format":"standard","meta":{"_acf_changed":false,"_seopress_robots_primary_cat":"","_seopress_titles_title":"","_seopress_titles_desc":"8eme stage d&#039;Aikido avec Eric Savalli, 5e Dan, \u00e0 l&#039;Aikido-3f, \u00e0 Herserange. Eric est \u00e9l\u00e8ve des ma\u00eetres D. TOUTAIN et SAITO H. et enseigne l&#039;Aikido","_seopress_robots_index":"","generate_page_header":"","footnotes":""},"categories":[197],"tags":[253,199,204],"class_list":["post-5757","post","type-post","status-publish","format-standard","has-post-thumbnail","hentry","category-stages-calendrier","tag-herserange","tag-s-hlavacek","tag-stage","infinite-scroll-item","masonry-post","generate-columns","tablet-grid-50","mobile-grid-100","grid-parent","grid-50"],"acf":[],"_links":{"self":[{"href":"https:\/\/equilibreazur.fr\/azur\/wp-json\/wp\/v2\/posts\/5757","targetHints":{"allow":["GET"]}}],"collection":[{"href":"https:\/\/equilibreazur.fr\/azur\/wp-json\/wp\/v2\/posts"}],"about":[{"href":"https:\/\/equilibreazur.fr\/azur\/wp-json\/wp\/v2\/types\/post"}],"author":[{"embeddable":true,"href":"https:\/\/equilibreazur.fr\/azur\/wp-json\/wp\/v2\/users\/2"}],"replies":[{"embeddable":true,"href":"https:\/\/equilibreazur.fr\/azur\/wp-json\/wp\/v2\/comments?post=5757"}],"version-history":[{"count":6,"href":"https:\/\/equilibreazur.fr\/azur\/wp-json\/wp\/v2\/posts\/5757\/revisions"}],"predecessor-version":[{"id":6603,"href":"https:\/\/equilibreazur.fr\/azur\/wp-json\/wp\/v2\/posts\/5757\/revisions\/6603"}],"wp:featuredmedia":[{"embeddable":true,"href":"https:\/\/equilibreazur.fr\/azur\/wp-json\/wp\/v2\/media\/6566"}],"wp:attachment":[{"href":"https:\/\/equilibreazur.fr\/azur\/wp-json\/wp\/v2\/media?parent=5757"}],"wp:term":[{"taxonomy":"category","embeddable":true,"href":"https:\/\/equilibreazur.fr\/azur\/wp-json\/wp\/v2\/categories?post=5757"},{"taxonomy":"post_tag","embeddable":true,"href":"https:\/\/equilibreazur.fr\/azur\/wp-json\/wp\/v2\/tags?post=5757"}],"curies":[{"name":"wp","href":"https:\/\/api.w.org\/{rel}","templated":true}]}}