{"id":5755,"date":"2015-07-04T15:56:50","date_gmt":"2015-07-04T15:56:50","guid":{"rendered":"https:\/\/equilibreazur.fr\/azur\/?p=5755"},"modified":"2016-09-04T10:47:07","modified_gmt":"2016-09-04T10:47:07","slug":"2016-stage-toutain-nice-chateauneuf-grasse","status":"publish","type":"post","link":"https:\/\/equilibreazur.fr\/azur\/news\/2016-stage-toutain-nice-chateauneuf-grasse\/","title":{"rendered":"2016-02&nbsp;: Stage R\u00e9gional Aikido\/Yoga avec D. TOUTAIN &#8211; Nice \/ Chateauneuf Grasse"},"content":{"rendered":"<p style=\"text-align: center;\">\n<p style=\"text-align: center;\"><strong><span style=\"color: #ff0000;\">Xe\u00a0Stage annuel AIKIDO<\/span>\u00a0\u00e0 Chateauneuf de Grasse<br \/>\n<\/strong>dirig\u00e9 par\u00a0<strong>Daniel TOUTAIN Sensei<\/strong><\/p>\n<p style=\"text-align: center;\"><strong><span style=\"color: #ff0000;\">1er\u00a0Stage annuel Asthanga YOGA<\/span>\u00a0\u00e0 Chateauneuf de Grasse<br \/>\n<\/strong>dirig\u00e9 par\u00a0<strong>Sonia<\/strong><strong>\u00a0TOMIOKA-TOUTAIN<\/strong><\/p>\n<p style=\"text-align: center;\"><strong>Samedi, Dimanche<br \/>\n<del>23\/24 JANVIER\u00a02016<\/del><br \/>\n13\/14 FEVRIER 2016<\/strong><\/p>\n<p style=\"text-align: center;\"><a href=\"https:\/\/equilibreazur.fr\/azur\/wp-content\/uploads\/2015\/07\/2016-02-Stage-Aikido-Yoga-Nice-DToutain-STomioka.pdf\" target=\"_blank\"><img loading=\"lazy\" decoding=\"async\" class=\"size-large wp-image-6407 alignnone\" src=\"https:\/\/equilibreazur.fr\/azur\/wp-content\/uploads\/2015\/07\/2016-stages-aikido-nice-DToutain-960-738x369.jpg\" alt=\"Stage \u00e0 Nice 2016 avec Daniel Toutain Sensei\" width=\"738\" height=\"369\" srcset=\"https:\/\/equilibreazur.fr\/azur\/wp-content\/uploads\/2015\/07\/2016-stages-aikido-nice-DToutain-960-738x369.jpg 738w, https:\/\/equilibreazur.fr\/azur\/wp-content\/uploads\/2015\/07\/2016-stages-aikido-nice-DToutain-960-370x185.jpg 370w, https:\/\/equilibreazur.fr\/azur\/wp-content\/uploads\/2015\/07\/2016-stages-aikido-nice-DToutain-960-600x300.jpg 600w, https:\/\/equilibreazur.fr\/azur\/wp-content\/uploads\/2015\/07\/2016-stages-aikido-nice-DToutain-960.jpg 960w\" sizes=\"auto, (max-width: 738px) 100vw, 738px\" \/><\/a><\/p>\n<p style=\"text-align: center;\"><span style=\"color: #ff0000;\">RESERVATION&nbsp;!<\/span><br \/>\n<span style=\"color: #ff0000;\">Il est important de\u00a0<strong>nous pr\u00e9venir par email<br \/>\nde votre pr\u00e9sence d\u2019ici le 1er f\u00e9vrier<br \/>\nafin de r\u00e9server votre place et votre repas<\/strong>.<\/span><\/p>\n<hr style=\"height: 1px; width: 100%;\" size=\"1\" width=\"80%\" \/>\n<table class=\"aligncenter\" style=\"width: 100%;\" border=\"0\" align=\"center\">\n<tbody>\n<tr>\n<td><em><img loading=\"lazy\" decoding=\"async\" class=\"alignleft\" title=\"ENGLISH\" src=\"https:\/\/equilibreazur.fr\/azur\/images\/flag\/en.png\" alt=\"\" width=\"32\" height=\"32\" \/>ENGLISH SPOKEN!<\/em><\/p>\n<p><span style=\"color: #ff0000;\"><em>REGISTRATION\u00a0!\u00a0It is very important to\u00a0<strong>let us know by email before the 1st of February that you will participate<\/strong>\u00a0to book your place (specially for the meal).<\/em><\/span><\/p>\n<p><em>GRASSE is located in south-east of FRANCE in the<strong> French Riviera (C\u00f4te d\u2019Azur &#8211; Nice \/ Monaco)<\/strong>, at 40mn from Nice C\u00f4te d\u2019Azur airport (which is the second airport in France, with a hourly connection to PARIS with Air-France).<\/em><br \/>\n<em>As the keiko are on friday and saturday, you could enjoy the area on sunday&#8230; or follow Sensei who is directing a&nbsp;\u00a0seminar on Sunday in Paris area.<br \/>\n<\/em><br \/>\n<em>If you are coming by train or by plane, <span style=\"color: #ff0000;\"><strong>we will take care of you<\/strong>.<\/span><\/em><span style=\"color: #ff0000;\">\u00a0<strong><em>No need to worry about transportation&#8230;<\/em><\/strong><\/span><br \/>\n<em>Its is not possible to sleep on the mats, at the dojo.<\/em><br \/>\n<em>If you would like to be hosted in a trainee\u2019s home, we will be pleased to do so.<\/em><br \/>\n<em>Please, let us know asap by email (english spoken).<\/em><br \/>\n<em>&#8230; please contact us asap.<\/em><\/td>\n<\/tr>\n<\/tbody>\n<\/table>\n<p><!--more--><\/p>\n<hr style=\"height: 1px; width: 100%;\" size=\"1\" width=\"80%\" \/>\n<p><span style=\"text-align: left;\">Comme chaque ann\u00e9e et pour la 10\u00e8me saison cons\u00e9cutive, <\/span><a style=\"text-align: left;\" title=\"Aiki Dojo\" href=\"https:\/\/equilibreazur.fr\/azur\/\">Aiki Dojo Azur<\/a><span style=\"text-align: left;\"> organise un stage exceptionnel de 3\u00a0jours d&rsquo;Aikido du\u00a0Vendredi\u00a025\u00a0\u00a0au\u00a0Dimanche\u00a027\u00a0 janvier\u00a02015, \u00e0 <\/span><strong style=\"text-align: left;\">Chateauneuf de Grasse<\/strong><span style=\"text-align: left;\"> (06-Alpes Maritimes &#8211; R\u00e9gion de Nice) avec <\/span><strong style=\"text-align: left;\"><a title=\"Daniel Toutain Sensei\" href=\"http:\/\/aikidoblog.net\/fr\/aikido\/sensei\/daniel-toutain\/\">Daniel\u00a0TOUTAIN Sensei<\/a>, 6eme Dan d&rsquo;Aikido (Aikikai de Japon et Saito Sensei)<\/strong><span style=\"text-align: left;\">.<\/span><\/p>\n<p style=\"text-align: left;\">Daniel TOUTAIN, expert en Aikido avec plus de 40 ans de pratique et d&rsquo;enseignement, fut \u00e9l\u00e8ve direct de feu <strong>SAITO\u00a0Morihei\u00a0Sensei<\/strong> et son repr\u00e9sentant en France. Avant lui, Daniel\u00a0TOUTAIN \u00e9tait assistant de <strong>Ma\u00eetre\u00a0NORO<\/strong> puis de <strong>Ma\u00eetre\u00a0TAMURA<\/strong>.\u00a0Il dirige depuis longue date des stages \u00e0 travers toute l&rsquo;Europe et au del\u00e0. Il est le responsable technique et fondateur de la&nbsp;\u00ab\u00a0Fundamental Aikido Association\u00a0\u00bb &#8211; FAA.<br \/>\n<strong>Ce stage exceptionnel est ouvert \u00e0 tous les pratiquants d&rsquo;Aikido, y compris les d\u00e9butants.<\/strong><\/p>\n<p><img loading=\"lazy\" decoding=\"async\" class=\"alignnone wp-image-2750\" title=\"Aikido Iwama Ryu - Auray Summer Camp - 08\/2009\" src=\"http:\/\/aikidoblog.net\/wp-content\/uploads\/2011\/07\/2009-08-DToutain-Auray-portrait.jpg\" alt=\"Daniel Toutain - Stage Aikido\" width=\"960\" height=\"960\" srcset=\"https:\/\/equilibreazur.fr\/azur\/wp-content\/uploads\/2011\/07\/2009-08-DToutain-Auray-portrait.jpg 478w, https:\/\/equilibreazur.fr\/azur\/wp-content\/uploads\/2011\/07\/2009-08-DToutain-Auray-portrait-200x200.jpg 200w, https:\/\/equilibreazur.fr\/azur\/wp-content\/uploads\/2011\/07\/2009-08-DToutain-Auray-portrait-370x370.jpg 370w, https:\/\/equilibreazur.fr\/azur\/wp-content\/uploads\/2011\/07\/2009-08-DToutain-Auray-portrait-300x300.jpg 300w\" sizes=\"auto, (max-width: 960px) 100vw, 960px\" \/><br \/>\n<span style=\"color: #888888;\">Daniel TOUTAIN &#8211; Auray 2009 &#8211; photo&nbsp;\u00a9 2oo9 esavalli<\/span><\/p>\n<p><iframe loading=\"lazy\" width=\"1200\" height=\"675\" src=\"https:\/\/www.youtube.com\/embed\/W4fLGVjyAE8?feature=oembed\" frameborder=\"0\" allowfullscreen><\/iframe><\/p>\n<p>(voir d&rsquo;<a title=\"Vid\u00e9os Daniel TOUTAIN\" href=\"http:\/\/aikidoblog.net\/fr\/videos\/extraits-14dvd-toutain\/\" target=\"_blank\">autres vid\u00e9os<\/a> de Daniel TOUTAIN sur AikidoBlog.net)<\/p>\n<p><strong>A retenir&#8230;<\/strong><\/p>\n<p style=\"padding-left: 30px;\"><strong>Stage annuel \u00e0 Chateauneuf de Grasse 06-PACA<br \/>\n<\/strong>dirig\u00e9 par <strong>Daniel TOUTAIN Sensei<\/strong><\/p>\n<p style=\"padding-left: 30px;\"><strong>SAMEDI 13 FEVRIER 2016<\/strong><strong>,<br \/>\n<\/strong><strong>DIMANCHE\u00a014\u00a0<\/strong><\/p>\n<p><img loading=\"lazy\" decoding=\"async\" class=\"alignnone wp-image-5584\" src=\"https:\/\/equilibreazur.fr\/azur\/wp-content\/uploads\/2014\/10\/131130-stage-nice-toutain-478x318.jpg\" alt=\"Stage Aikido - Daniel Toutain - Cheateauneuf de Grasse 06\" width=\"960\" height=\"640\" \/><\/p>\n<p><strong>Programme et Horaire<\/strong><\/p>\n<p style=\"padding-left: 30px;\"><strong>Samedi\u00a0matin<br \/>\n<span style=\"color: #3366ff;\">\/1\/ Salle MASET<\/span>\u00a0Chateauneuf<\/strong><br \/>\n10:00 \u2013 11:00 -1h- <strong>Bukiwaza<\/strong> <strong>Ken<\/strong><br \/>\n11:00 \u2013 12:00 -1h-\u00a0 <strong>Taijutsu\u00a0<\/strong><span style=\"color: #999999;\">&#8211; Sankyo &amp; Yonkyo<\/span><br \/>\n12:00 \u2013\u00a012:30 -30min-\u00a0 <strong>Yoga<\/strong><span style=\"color: #999999;\"><strong>\u00a0<\/strong>&#8211; Sun Salutation &#8211; Forme A\/B<\/span><\/p>\n<p style=\"padding-left: 30px;\">(pique-nique sur place &#8211; <strong>pr\u00e9voir son repas<\/strong>)<br \/>\n(meal on the spot &#8211; <strong>Bring\u00a0your meal with you<\/strong>)<\/p>\n<p style=\"padding-left: 30px;\"><strong>Samedi apr\u00e8s-midi<br \/>\n<span style=\"color: #3366ff;\">\/2\/ Coll\u00e8ge<\/span>\u00a0Le Rouret \/ Chateauneuf<\/strong><br \/>\n14:00 \u2013 15:15 -1h15- <strong>Bukiwaza<\/strong> <strong>Jo<\/strong><span style=\"color: #999999;\"> &#8211; Jo no Suburi<\/span><br \/>\n15:15 \u2013 16:30 -1h15- <strong>Taijutsu<\/strong> &#8211; <span style=\"color: #999999;\">Kotegaeshi &amp; Hanmi handachi waza <\/span><br \/>\n16:30 \u2013 17:30 -1h-&nbsp;\u00a0\u00a0 <strong>Yoga<\/strong> &#8211;<\/p>\n<p style=\"padding-left: 30px;\">18:30 &#8211; <strong>Film sur l&rsquo;Aikido<\/strong><br \/>\n19:30 &#8211; <strong>Repas simple et convivial\u00a0<\/strong> sur place<br \/>\n\ud83d\ude2f <span style=\"color: #ff0000;\"><strong>RESERVATION PAR EMAIL AVANT LE 07\u00a0FEV<\/strong><\/span>.<br \/>\n\ud83d\ude2f <strong><span style=\"color: #ff0000;\">BOOK YOUR PLACE\u00a0BY EMAIL BY 07\u00a0FEB<\/span><\/strong>.<br \/>\n<strong><br \/>\nDimanche 01\/12<br \/>\n<span style=\"color: #3366ff;\">\/2\/ Coll\u00e8ge<\/span>\u00a0Le Rouret \/ Chateauneuf<br \/>\n<\/strong>09:30 \u2013 10:30 -1h-\u00a0<strong>Bukiwaza Tanto<\/strong><br \/>\n10:30 \u2013 11:30 -1h-\u00a0 <strong>Taijutsu\u00a0<\/strong><span style=\"color: #999999;\">&#8211; ninidori\/sannidori<\/span><br \/>\n11:30 \u2013\u00a012:15\u00a0-45min- <strong>Yoga<\/strong><span style=\"color: #999999;\"><strong>\u00a0<\/strong>&#8211; Sun Salutation &#8211; Forme A\/B<br \/>\n<\/span><\/p>\n<p style=\"padding-left: 30px;\"><strong>5&nbsp;\u00a0minutes de pause<\/strong> sont pr\u00e9vues entre chaque cours.<\/p>\n<p><strong>H\u00e9bergement \/ <em>Hosting<\/em><\/strong><\/p>\n<div style=\"padding-left: 30px;\">\n<table>\n<tbody>\n<tr>\n<td style=\"width: 50%;\"><\/td>\n<td style=\"padding-left: 30px;\"><em>English<\/em><em><img loading=\"lazy\" decoding=\"async\" class=\"alignleft\" title=\"ENGLISH\" src=\"https:\/\/equilibreazur.fr\/azur\/images\/flag\/en.png\" alt=\"\" width=\"32\" height=\"32\" \/><\/em><\/td>\n<\/tr>\n<tr>\n<td style=\"padding-left: 30px;\"><strong>Chez l&rsquo;habitant<br \/>\n<\/strong>Il peut \u00eatre possible d&rsquo;\u00eatre h\u00e9berg\u00e9 par des adh\u00e9rents du dojo.<br \/>\nPour cela, veuillez nous envoyer un <a href=\"mailto:azur@aikidojo.fr\" target=\"_blank\">courriel<\/a> au plus vite car les places sont limit\u00e9es.<\/td>\n<td style=\"padding-left: 30px;\"><strong>Hosted by an aikido-ka<\/strong><br \/>\nIt is possible to be hosted at home by one of the local aikido-ka. If you are interested, <a href=\"mailto:azur@aikidojo.fr\" target=\"_blank\">email<\/a> us as soon as possible since the number of places is\u00a0limited.<\/td>\n<\/tr>\n<tr>\n<td style=\"vertical-align: top; padding-left: 30px;\"><strong>H\u00f4tel<\/strong> (3km)<br \/>\nH\u00f4tel Campagnile &#8211; Chateauneuf de Grasse<br \/>\nMentionnez \u00e0 votre r\u00e9servation que vous venez pour un stage sportif pour b\u00e9n\u00e9ficier d&rsquo;une r\u00e9duction.<br \/>\n<a title=\"H\u00f4tel pour le stage d'aikido\" href=\"http:\/\/www.campanile-grasse-chateauneuf.fr\/fr\/index.aspx\" target=\"_blank\">http:\/\/www.campanile-grasse-chateauneuf.fr\/<\/a><\/td>\n<td style=\"padding-left: 30px;\"><strong>Hotel <\/strong>(3km)<br \/>\nH\u00f4tel Campagnile &#8211; Chateauneuf de Grasse<br \/>\nWhen you are booking, inform the office that you are coming for a sport event so you can benefit of a price reduction.<br \/>\n<a title=\"H\u00f4tel pour le stage d'aikido\" href=\"http:\/\/www.campanile-grasse-chateauneuf.fr\/fr\/index.aspx\" target=\"_blank\">http:\/\/www.campanile-grasse-chateauneuf.fr\/<\/a>If you have no car, we can bring you to and catch you at the hotel.<\/td>\n<\/tr>\n<tr>\n<td style=\"padding-left: 30px;\"><strong>Camping<\/strong><br \/>\nCamping L&rsquo;Or\u00e9e d&rsquo;Azur<br \/>\n<a title=\"Camping pour le stage d'Aikido\" href=\"http:\/\/www.camping-loreedazur.fr\" target=\"_blank\">http:\/\/www.camping-loreedazur.fr<\/a><\/td>\n<td style=\"padding-left: 30px;\"><strong>Camping<\/strong><br \/>\nCamping L&rsquo;Or\u00e9e d&rsquo;Azur<br \/>\n<a title=\"Camping pour le stage d'Aikido\" href=\"http:\/\/www.camping-loreedazur.fr\" target=\"_blank\">http:\/\/www.camping-loreedazur.fr<\/a><\/td>\n<\/tr>\n<\/tbody>\n<\/table>\n<\/div>\n<p><strong>Participation \/ Reservation<br \/>\n<em>Fee \/ Booking<\/em><\/strong><\/p>\n<div style=\"padding-left: 30px;\">\n<table>\n<tbody>\n<tr>\n<td style=\"width: 50%;\"><\/td>\n<td><strong><em><strong><em><img loading=\"lazy\" decoding=\"async\" class=\"alignleft\" title=\"ENGLISH\" src=\"https:\/\/equilibreazur.fr\/azur\/images\/flag\/en.png\" alt=\"\" width=\"32\" height=\"32\" \/><\/em><\/strong><\/em><\/strong><em>English<\/em><\/td>\n<\/tr>\n<tr>\n<td style=\"width: 50%;\">\n<ul>\n<li>Cours de une\u00a01\/2 journ\u00e9e\u00a0: \u20ac40<\/li>\n<li>Cours de deux\u00a01\/2 journ\u00e9es<strong>\u00a0<\/strong>: \u20ac60<\/li>\n<li>Cours <strong>Samedi + Dimanche<\/strong>\u00a0:<strong>\u00a0\u20ac70<\/strong><\/li>\n<li><strong>Repas <\/strong>(normal\/v\u00e9g\u00e9tarien)<br \/>\ndu samedi soir&nbsp;:\u00a0<strong>\u20ac7<\/strong><\/li>\n<\/ul>\n<\/td>\n<td>\n<ul>\n<li>Classes\u00a01\/2 day\u00a0: \u20ac40<\/li>\n<li>Classes 2 x 1\/2 day<strong>\u00a0<\/strong>: \u20ac60<\/li>\n<li>Classes<strong>\u00a0Saturday\u00a0+ Sunday<\/strong>\u00a0:<strong>\u00a0\u20ac70<\/strong><\/li>\n<li><strong>Saturday-evening meal<br \/>\n<\/strong>(normal\/vegetarian)&nbsp;:\u00a0<strong>\u20ac7<\/strong><\/li>\n<\/ul>\n<\/td>\n<\/tr>\n<tr>\n<td style=\"width: 50%;\"><strong>\ud83d\ude2f RESERVATION PAR <a href=\"mailto:eric@aikidojo.fr\">EMAIL<\/a> AVANT LE 1er FEV<\/strong><\/td>\n<td><strong>\ud83d\ude2f\u00a0BOOK YOUR PLACE\u00a0BY\u00a0<a href=\"mailto:eric@aikidojo.fr\">EMAIL<\/a>\u00a0BY\u00a01st\u00a0FEB<\/strong><\/td>\n<\/tr>\n<\/tbody>\n<\/table>\n<\/div>\n<p><strong>Vid\u00e9o et Photographie du stage<\/strong><\/p>\n<div style=\"padding-left: 30px;\">\n<table>\n<tbody>\n<tr>\n<td style=\"width: 50%;\"><\/td>\n<td style=\"padding-left: 30px;\"><em>English<\/em><strong><em><img loading=\"lazy\" decoding=\"async\" class=\"alignleft\" title=\"ENGLISH\" src=\"https:\/\/equilibreazur.fr\/azur\/images\/flag\/en.png\" alt=\"\" width=\"32\" height=\"32\" \/><\/em><\/strong><\/td>\n<\/tr>\n<tr>\n<td style=\"vertical-align: top; padding-left: 30px;\">\ud83d\ude2f Enregistrements vid\u00e9os et photographiques <strong>ne sont pas autoris\u00e9s<\/strong>\u00a0durant les cours.<br \/>\nDes photographies seront prises par l&rsquo;organisateur et distribu\u00e9es aux int\u00e9ress\u00e9s et sur les r\u00e9seaux sociaux.<br \/>\nInformer \u00e0 l&rsquo;accueil une fois sur place si vous ne d\u00e9sirez pas appara\u00eetre sur les photos.<\/td>\n<td style=\"vertical-align: top; padding-left: 30px;\">\ud83d\ude2f <strong>Videos et photos are not allowed<\/strong>.<br \/>\nShots will be done during the seminar by the organisators and will be communicated to the participants and on social networks (you can tell you don&rsquo;t wish to appear at the welcome office)<\/td>\n<\/tr>\n<\/tbody>\n<\/table>\n<\/div>\n<div style=\"padding-left: 30px;\"><\/div>\n<p><strong>T\u00e9l\u00e9charger l&rsquo;affiche&#8230;<\/strong><\/p>\n<p style=\"padding-left: 30px;\"><a href=\"https:\/\/equilibreazur.fr\/azur\/wp-content\/uploads\/2015\/07\/2016-02-Stage-Aikido-Yoga-Nice-DToutain-STomioka.pdf\"><img loading=\"lazy\" decoding=\"async\" class=\"size-full wp-image-6425 alignnone\" src=\"https:\/\/equilibreazur.fr\/azur\/wp-content\/uploads\/2015\/07\/2016-02-Stage-Aikido-Yoga-Nice-DToutain-STomioka-vignette.jpg\" alt=\"2016-02-Stage-Aikido-Yoga-Nice-DToutain-STomioka-vignette\" width=\"300\" height=\"213\" \/><br \/>\n2016-02-Stage-Aikido-Yoga-Nice-DToutain-STomioka<\/a><\/p>\n<p><strong>Lieux du stage&#8230;<\/strong><\/p>\n<div title=\"Page 2\">\n<p style=\"padding-left: 30px;\"><strong>Plans d&rsquo;acc\u00e8s<\/strong>&nbsp;:<br \/>\n<a href=\"https:\/\/www.google.com\/maps\/d\/viewer?mid=z88ZSxIt-y98.k-zSPYmtTrv4\" target=\"_blank\">https:\/\/www.google.com\/maps\/d\/viewer?mid=z88ZSxIt-y98.k-zSPYmtTrv4<\/a><\/p>\n<div title=\"Page 2\">\n<p style=\"padding-left: 30px;\"><strong>\/1\/\u00a0Salle MASET &#8211;\u00a0CHATEAUNEUF\u00a0de GRASSE<\/strong><\/p>\n<\/div>\n<p style=\"padding-left: 30px;\">Le Samedi matin seulement, le stage aura lieu \u00e0 la Salle MASET.<br \/>\nUn parking permet de garer les voitures.<\/p>\n<div style=\"padding-left: 30px;\"><strong>349 Route d&rsquo;Opio<\/strong><\/div>\n<div style=\"padding-left: 30px;\"><strong>06740 Ch\u00e2teauneuf-Grasse<\/strong><\/div>\n<p style=\"padding-left: 30px;\"><a href=\"https:\/\/goo.gl\/maps\/xPL8j\" target=\"_blank\">https:\/\/goo.gl\/maps\/xPL8j<\/a><\/p>\n<p style=\"padding-left: 30px;\"><iframe loading=\"lazy\" src=\"https:\/\/www.google.com\/maps\/embed?pb=!1m0!3m2!1sfr!2sfr!4v1421428079476!6m8!1m7!1s-fc6uQlRd4W5cQEcMNwHoQ!2m2!1d43.676219!2d6.975628!3f74.82151752093483!4f-19.888957037017875!5f0.7820865974627469\" width=\"600\" height=\"450\" frameborder=\"0\"><\/iframe><\/p>\n<p style=\"padding-left: 30px;\"><strong>\/2\/ Coll\u00e8ge de Le ROURET \/ CHATEAUNEUF\u00a0de GRASSE<\/strong><\/p>\n<\/div>\n<p style=\"padding-left: 30px;\">En dehors du samedi matin, le stage aura lieu \u00e0 la salle du Gymnase du Coll\u00e8ge de Chateauneuf de Grasse \/ Le Rouret.<br \/>\nCette salle porte le nom&nbsp;\u00ab\u00a0Salle du Bois de Saint Jeaume\u00a0\u00bb.<br \/>\nLe gymnase en situ\u00e9 en face du coll\u00e8ge, il est quelque peu cach\u00e9 par les arbres mais tr\u00e8s facile \u00e0 trouver.<br \/>\nLes installations sont comme neuves, avec vestiaires et douches. Un parking permet de garer les voitures.<\/p>\n<p style=\"padding-left: 30px;\"><strong>Salle du Bois de Saint Jeaume<\/strong><br \/>\n<strong>Gymnase du coll\u00e8ge<\/strong><br \/>\n<strong>Chemin de Barnarac<\/strong><br \/>\n<strong>06650 LE ROURET<\/strong><\/p>\n<p style=\"padding-left: 30px;\">La\u00a0salle du gymnase\u00a0avec GoogleMaps (La salle se situe chemin de Barnarac)\u00a0:<br \/>\n<a href=\"https:\/\/goo.gl\/maps\/TV4tq\" target=\"_blank\">https:\/\/goo.gl\/maps\/TV4tq<br \/>\n<\/a><br \/>\n<iframe loading=\"lazy\" src=\"https:\/\/www.google.com\/maps\/embed?pb=!1m0!3m2!1sfr!2sfr!4v1421426502993!6m8!1m7!1s1hWCe0i-wG2T90yWH5lrUg!2m2!1d43.673431!2d6.993002!3f327.7626653423456!4f-13.717081908514118!5f0.7820865974627469\" width=\"600\" height=\"450\" frameborder=\"0\"><\/iframe><small><br \/>\n<\/small><\/p>\n<p style=\"padding-left: 30px;\"><strong>3\/ Entra\u00eenement aux armes en plein-air&nbsp;!<\/strong><\/p>\n<p style=\"padding-left: 30px;\">Pr\u00e9voyez des chaussures de sport pour une pratique des armes en ext\u00e9rieur, sous les oliviers, si le temps le permet.<\/p>\n<p style=\"padding-left: 30px;\">GRASSE est situ\u00e9e au Sud Est de la FRANCE dans la r\u00e9gion Provence\u2013Alpes C\u00f4te d\u2019Azur (PACA) et \u00e0 40mn de l\u2019a\u00e9roport de Nice C\u00f4te d\u2019Azur (2eme a\u00e9roport de France, Navette NICE\/PARIS toutes les heures avec Air-France).<\/p>\n<p style=\"padding-left: 30px;\"><img loading=\"lazy\" decoding=\"async\" class=\"size-full wp-image-4446 alignnone\" title=\"pic\" src=\"https:\/\/equilibreazur.fr\/azur\/wp-content\/uploads\/2012\/09\/pic.jpg\" alt=\"French Riviera\" width=\"449\" height=\"312\" srcset=\"https:\/\/equilibreazur.fr\/azur\/wp-content\/uploads\/2012\/09\/pic.jpg 449w, https:\/\/equilibreazur.fr\/azur\/wp-content\/uploads\/2012\/09\/pic-150x104.jpg 150w, https:\/\/equilibreazur.fr\/azur\/wp-content\/uploads\/2012\/09\/pic-400x277.jpg 400w, https:\/\/equilibreazur.fr\/azur\/wp-content\/uploads\/2012\/09\/pic-370x257.jpg 370w\" sizes=\"auto, (max-width: 449px) 100vw, 449px\" \/><br \/>\n<span style=\"color: #808080;\">Photo: Manfred Steinbach\/shutterstock<\/span><\/p>\n<p><strong>Plus d&rsquo;information&#8230;<\/strong><\/p>\n<p style=\"padding-left: 30px;\">Attention, <strong>ces informations peuvent \u00e9voluer<\/strong>&nbsp;!<br \/>\nMerci de revenir consulter cette page, ou mieux, de vous <a title=\"newsletter aikido\" href=\"http:\/\/aikidoblog.net\/fr\/news\/lettre-information\/\" target=\"_blank\">inscrire \u00e0 notre lettre d&rsquo;information<\/a>.<\/p>\n<p style=\"padding-left: 30px;\">Pr\u00e9voir des <strong>chaussures de sport en cas de pratique \u00e0 l&rsquo;ext\u00e9rieur<\/strong>&#8230;<br \/>\nce sera le cas <strong>si le soleil est au rendez-vous le samedi<\/strong>.<br \/>\nNotez le num\u00e9ro de l&rsquo;organisateur \u00e0 cet effet&#8230;\u00a0+33 (0)6 60 42 26 32<\/p>\n<p style=\"padding-left: 30px;\"><a href=\"mailto:azur@aikidojo.fr\" target=\"_blank\">azur@aikidojo.fr<\/a><br \/>\nAiki Dojo Azur<br \/>\n+33 (0)6 60 42 26 32<\/p>\n<p><strong>Quelques photos de\u00a0stages des saisons pass\u00e9es&nbsp;!<\/strong><\/p>\n<div id='gallery-1' class='gallery galleryid-5755 gallery-columns-3 gallery-size-thumbnail'><figure class='gallery-item'>\n\t\t\t<div class='gallery-icon landscape'>\n\t\t\t\t<a href='https:\/\/equilibreazur.fr\/azur\/stages-calendrier\/2013-stage-aikido-toutain-nice\/attachment\/stage-aikido-daniel-toutain-cheateauneuf-de-grasse-06\/#main'><img loading=\"lazy\" decoding=\"async\" width=\"200\" height=\"200\" src=\"https:\/\/equilibreazur.fr\/azur\/wp-content\/uploads\/2013\/10\/2013-12-01-12-54-20-IMG_2746-200x200.jpg\" class=\"attachment-thumbnail size-thumbnail\" alt=\"\" aria-describedby=\"gallery-1-5155\" \/><\/a>\n\t\t\t<\/div>\n\t\t\t\t<figcaption class='wp-caption-text gallery-caption' id='gallery-1-5155'>\n\t\t\t\t12\/2013\n\t\t\t\t<\/figcaption><\/figure><figure class='gallery-item'>\n\t\t\t<div class='gallery-icon landscape'>\n\t\t\t\t<a href='https:\/\/equilibreazur.fr\/azur\/stages-calendrier\/2013-stage-aikido-toutain-nice\/attachment\/stage-aikido-daniel-toutain-cheateauneuf-de-grasse-06-3\/#main'><img loading=\"lazy\" decoding=\"async\" width=\"200\" height=\"200\" src=\"https:\/\/equilibreazur.fr\/azur\/wp-content\/uploads\/2013\/10\/2013-11-30-12-15-01-IMG_2594-200x200.jpg\" class=\"attachment-thumbnail size-thumbnail\" alt=\"\" aria-describedby=\"gallery-1-5157\" \/><\/a>\n\t\t\t<\/div>\n\t\t\t\t<figcaption class='wp-caption-text gallery-caption' id='gallery-1-5157'>\n\t\t\t\t12\/2013\n\t\t\t\t<\/figcaption><\/figure><figure class='gallery-item'>\n\t\t\t<div class='gallery-icon landscape'>\n\t\t\t\t<a href='https:\/\/equilibreazur.fr\/azur\/stages-calendrier\/2013-stage-aikido-toutain-nice\/attachment\/stage-aikido-daniel-toutain-cheateauneuf-de-grasse-06-5\/#main'><img loading=\"lazy\" decoding=\"async\" width=\"200\" height=\"200\" src=\"https:\/\/equilibreazur.fr\/azur\/wp-content\/uploads\/2013\/10\/2013-11-30-12-26-14-IMG_2626-200x200.jpg\" class=\"attachment-thumbnail size-thumbnail\" alt=\"\" aria-describedby=\"gallery-1-5159\" \/><\/a>\n\t\t\t<\/div>\n\t\t\t\t<figcaption class='wp-caption-text gallery-caption' id='gallery-1-5159'>\n\t\t\t\t12\/2013\n\t\t\t\t<\/figcaption><\/figure><figure class='gallery-item'>\n\t\t\t<div class='gallery-icon landscape'>\n\t\t\t\t<a href='https:\/\/equilibreazur.fr\/azur\/stages-calendrier\/2013-stage-aikido-toutain-nice\/attachment\/stage-aikido-daniel-toutain-cheateauneuf-de-grasse-06-9\/#main'><img loading=\"lazy\" decoding=\"async\" width=\"200\" height=\"200\" src=\"https:\/\/equilibreazur.fr\/azur\/wp-content\/uploads\/2013\/10\/2013-12-01-12-01-53-IMG_2730-200x200.jpg\" class=\"attachment-thumbnail size-thumbnail\" alt=\"\" aria-describedby=\"gallery-1-5163\" \/><\/a>\n\t\t\t<\/div>\n\t\t\t\t<figcaption class='wp-caption-text gallery-caption' id='gallery-1-5163'>\n\t\t\t\tD.Toutain &#038; S.Bravin (Ajaccio) 12\/2013 \n\t\t\t\t<\/figcaption><\/figure><figure class='gallery-item'>\n\t\t\t<div class='gallery-icon landscape'>\n\t\t\t\t<a href='https:\/\/equilibreazur.fr\/azur\/stages-calendrier\/2013-stage-aikido-toutain-nice\/attachment\/stage-aikido-daniel-toutain-cheateauneuf-de-grasse-06-10\/#main'><img loading=\"lazy\" decoding=\"async\" width=\"200\" height=\"200\" src=\"https:\/\/equilibreazur.fr\/azur\/wp-content\/uploads\/2013\/10\/2013-12-01-12-52-40-IMG_2742-200x200.jpg\" class=\"attachment-thumbnail size-thumbnail\" alt=\"\" \/><\/a>\n\t\t\t<\/div><\/figure><figure class='gallery-item'>\n\t\t\t<div class='gallery-icon landscape'>\n\t\t\t\t<a href='https:\/\/equilibreazur.fr\/azur\/stages-calendrier\/2013-stage-aikido-toutain-nice\/attachment\/stage-aikido-daniel-toutain-cheateauneuf-de-grasse-06-13\/#main'><img loading=\"lazy\" decoding=\"async\" width=\"200\" height=\"200\" src=\"https:\/\/equilibreazur.fr\/azur\/wp-content\/uploads\/2013\/10\/2013-11-30-11-08-40-IMG_2424-200x200.jpg\" class=\"attachment-thumbnail size-thumbnail\" alt=\"\" \/><\/a>\n\t\t\t<\/div><\/figure><figure class='gallery-item'>\n\t\t\t<div class='gallery-icon landscape'>\n\t\t\t\t<a href='https:\/\/equilibreazur.fr\/azur\/stages-calendrier\/2013-stage-aikido-toutain-nice\/attachment\/stage-aikido-daniel-toutain-cheateauneuf-de-grasse-06-15\/#main'><img loading=\"lazy\" decoding=\"async\" width=\"200\" height=\"200\" src=\"https:\/\/equilibreazur.fr\/azur\/wp-content\/uploads\/2013\/10\/2013-11-30-11-38-04-IMG_2498-200x200.jpg\" class=\"attachment-thumbnail size-thumbnail\" alt=\"\" \/><\/a>\n\t\t\t<\/div><\/figure><figure class='gallery-item'>\n\t\t\t<div class='gallery-icon landscape'>\n\t\t\t\t<a href='https:\/\/equilibreazur.fr\/azur\/stages-calendrier\/2013-stage-aikido-toutain-nice\/attachment\/stage-aikido-daniel-toutain-cheateauneuf-de-grasse-06-16\/#main'><img loading=\"lazy\" decoding=\"async\" width=\"200\" height=\"200\" src=\"https:\/\/equilibreazur.fr\/azur\/wp-content\/uploads\/2013\/10\/2013-11-30-12-01-00-IMG_2551-200x200.jpg\" class=\"attachment-thumbnail size-thumbnail\" alt=\"\" aria-describedby=\"gallery-1-5170\" \/><\/a>\n\t\t\t<\/div>\n\t\t\t\t<figcaption class='wp-caption-text gallery-caption' id='gallery-1-5170'>\n\t\t\t\tD.Toutain &#038; E.Savalli (Nice) 12\/2013\n\t\t\t\t<\/figcaption><\/figure><figure class='gallery-item'>\n\t\t\t<div class='gallery-icon landscape'>\n\t\t\t\t<a href='https:\/\/equilibreazur.fr\/azur\/stages-calendrier\/2013-stage-aikido-toutain-nice\/attachment\/stage-aikido-daniel-toutain-cheateauneuf-de-grasse-06-17\/#main'><img loading=\"lazy\" decoding=\"async\" width=\"200\" height=\"200\" src=\"https:\/\/equilibreazur.fr\/azur\/wp-content\/uploads\/2013\/10\/2013-11-30-12-13-10-IMG_2588-200x200.jpg\" class=\"attachment-thumbnail size-thumbnail\" alt=\"\" aria-describedby=\"gallery-1-5171\" \/><\/a>\n\t\t\t<\/div>\n\t\t\t\t<figcaption class='wp-caption-text gallery-caption' id='gallery-1-5171'>\n\t\t\t\tD.Toutain &#038; S.Long (Marseille) 12\/2013\n\t\t\t\t<\/figcaption><\/figure><figure class='gallery-item'>\n\t\t\t<div class='gallery-icon landscape'>\n\t\t\t\t<a href='https:\/\/equilibreazur.fr\/azur\/news\/2015-stage-toutain-nice-chateauneuf-grasse\/attachment\/2004-toutain-nice\/#main'><img loading=\"lazy\" decoding=\"async\" width=\"200\" height=\"200\" src=\"https:\/\/equilibreazur.fr\/azur\/wp-content\/uploads\/2014\/10\/2004-toutain-nice-200x200.jpg\" class=\"attachment-thumbnail size-thumbnail\" alt=\"\" aria-describedby=\"gallery-1-5495\" \/><\/a>\n\t\t\t<\/div>\n\t\t\t\t<figcaption class='wp-caption-text gallery-caption' id='gallery-1-5495'>\n\t\t\t\t1er Stage &#8211; 09\/2004\n\t\t\t\t<\/figcaption><\/figure><figure class='gallery-item'>\n\t\t\t<div class='gallery-icon landscape'>\n\t\t\t\t<a href='https:\/\/equilibreazur.fr\/azur\/news\/2015-stage-toutain-nice-chateauneuf-grasse\/attachment\/2005-10-toutain-nice-grasse\/#main'><img loading=\"lazy\" decoding=\"async\" width=\"200\" height=\"200\" src=\"https:\/\/equilibreazur.fr\/azur\/wp-content\/uploads\/2014\/10\/2005-10-toutain-nice-grasse-200x200.jpg\" class=\"attachment-thumbnail size-thumbnail\" alt=\"\" aria-describedby=\"gallery-1-5496\" \/><\/a>\n\t\t\t<\/div>\n\t\t\t\t<figcaption class='wp-caption-text gallery-caption' id='gallery-1-5496'>\n\t\t\t\t10\/2005 Grasse\n\t\t\t\t<\/figcaption><\/figure><figure class='gallery-item'>\n\t\t\t<div class='gallery-icon landscape'>\n\t\t\t\t<a href='https:\/\/equilibreazur.fr\/azur\/news\/2015-stage-toutain-nice-chateauneuf-grasse\/attachment\/2011-10-toutain-chateauneuf-dame-brusc-2\/#main'><img loading=\"lazy\" decoding=\"async\" width=\"200\" height=\"200\" src=\"https:\/\/equilibreazur.fr\/azur\/wp-content\/uploads\/2014\/10\/2011-10-toutain-chateauneuf-dame-brusc-2-200x200.jpg\" class=\"attachment-thumbnail size-thumbnail\" alt=\"\" aria-describedby=\"gallery-1-5497\" \/><\/a>\n\t\t\t<\/div>\n\t\t\t\t<figcaption class='wp-caption-text gallery-caption' id='gallery-1-5497'>\n\t\t\t\t10\/2011 Notre Dame du Brusc\n\t\t\t\t<\/figcaption><\/figure><figure class='gallery-item'>\n\t\t\t<div class='gallery-icon landscape'>\n\t\t\t\t<a href='https:\/\/equilibreazur.fr\/azur\/news\/2015-stage-toutain-nice-chateauneuf-grasse\/attachment\/stage-aikido-102011-draguignan\/#main'><img loading=\"lazy\" decoding=\"async\" width=\"200\" height=\"200\" src=\"https:\/\/equilibreazur.fr\/azur\/wp-content\/uploads\/2014\/10\/2011-10-toutain-chateauneuf-dame-brusc-200x200.jpg\" class=\"attachment-thumbnail size-thumbnail\" alt=\"\" aria-describedby=\"gallery-1-5498\" \/><\/a>\n\t\t\t<\/div>\n\t\t\t\t<figcaption class='wp-caption-text gallery-caption' id='gallery-1-5498'>\n\t\t\t\t10\/2011 Notre Dame du Brusc\n\t\t\t\t<\/figcaption><\/figure><figure class='gallery-item'>\n\t\t\t<div class='gallery-icon landscape'>\n\t\t\t\t<a href='https:\/\/equilibreazur.fr\/azur\/news\/2015-stage-toutain-nice-chateauneuf-grasse\/attachment\/2006-10-toutain-stage-grasse\/#main'><img loading=\"lazy\" decoding=\"async\" width=\"200\" height=\"200\" src=\"https:\/\/equilibreazur.fr\/azur\/wp-content\/uploads\/2014\/10\/2006-10-toutain-stage-grasse-200x200.jpg\" class=\"attachment-thumbnail size-thumbnail\" alt=\"\" aria-describedby=\"gallery-1-5499\" \/><\/a>\n\t\t\t<\/div>\n\t\t\t\t<figcaption class='wp-caption-text gallery-caption' id='gallery-1-5499'>\n\t\t\t\t10\/2006 D.Toutain &#038; Y.Besan\u00e7on\n\t\t\t\t<\/figcaption><\/figure><figure class='gallery-item'>\n\t\t\t<div class='gallery-icon landscape'>\n\t\t\t\t<a href='https:\/\/equilibreazur.fr\/azur\/news\/2015-stage-toutain-nice-chateauneuf-grasse\/attachment\/2007-10-stage-grassedraguignan\/#main'><img loading=\"lazy\" decoding=\"async\" width=\"200\" height=\"200\" src=\"https:\/\/equilibreazur.fr\/azur\/wp-content\/uploads\/2014\/10\/2007-10-toutain-stage-nice-200x200.jpg\" class=\"attachment-thumbnail size-thumbnail\" alt=\"\" aria-describedby=\"gallery-1-5500\" \/><\/a>\n\t\t\t<\/div>\n\t\t\t\t<figcaption class='wp-caption-text gallery-caption' id='gallery-1-5500'>\n\t\t\t\t10\/2007 A\u00e9roport de Nice\n\t\t\t\t<\/figcaption><\/figure><figure class='gallery-item'>\n\t\t\t<div class='gallery-icon landscape'>\n\t\t\t\t<a href='https:\/\/equilibreazur.fr\/azur\/news\/2015-stage-toutain-nice-chateauneuf-grasse\/attachment\/stage-daniel-toutain-chateauneuf-06-14112009\/#main'><img loading=\"lazy\" decoding=\"async\" width=\"200\" height=\"200\" src=\"https:\/\/equilibreazur.fr\/azur\/wp-content\/uploads\/2014\/10\/2009-11-toutain-college-le-rouret-200x200.jpg\" class=\"attachment-thumbnail size-thumbnail\" alt=\"\" aria-describedby=\"gallery-1-5501\" \/><\/a>\n\t\t\t<\/div>\n\t\t\t\t<figcaption class='wp-caption-text gallery-caption' id='gallery-1-5501'>\n\t\t\t\t11\/2009 College du Rouret\n\t\t\t\t<\/figcaption><\/figure><figure class='gallery-item'>\n\t\t\t<div class='gallery-icon landscape'>\n\t\t\t\t<a href='https:\/\/equilibreazur.fr\/azur\/news\/2015-stage-toutain-nice-chateauneuf-grasse\/attachment\/stage-chateauneuf-daniel-toutain\/#main'><img loading=\"lazy\" decoding=\"async\" width=\"200\" height=\"200\" src=\"https:\/\/equilibreazur.fr\/azur\/wp-content\/uploads\/2014\/10\/2010-10-toutain-masset-2-200x200.jpg\" class=\"attachment-thumbnail size-thumbnail\" alt=\"\" aria-describedby=\"gallery-1-5502\" \/><\/a>\n\t\t\t<\/div>\n\t\t\t\t<figcaption class='wp-caption-text gallery-caption' id='gallery-1-5502'>\n\t\t\t\t10\/2010 Salle MASET\n\t\t\t\t<\/figcaption><\/figure><figure class='gallery-item'>\n\t\t\t<div class='gallery-icon landscape'>\n\t\t\t\t<a href='https:\/\/equilibreazur.fr\/azur\/news\/2015-stage-toutain-nice-chateauneuf-grasse\/attachment\/stage-chateauneuf-daniel-toutain-2\/#main'><img loading=\"lazy\" decoding=\"async\" width=\"200\" height=\"200\" src=\"https:\/\/equilibreazur.fr\/azur\/wp-content\/uploads\/2014\/10\/2010-10-toutain-masset-200x200.jpg\" class=\"attachment-thumbnail size-thumbnail\" alt=\"\" aria-describedby=\"gallery-1-5503\" \/><\/a>\n\t\t\t<\/div>\n\t\t\t\t<figcaption class='wp-caption-text gallery-caption' id='gallery-1-5503'>\n\t\t\t\t10\/2010 Salle MASET\n\t\t\t\t<\/figcaption><\/figure>\n\t\t<\/div>\n\n<p>Attention,\u00a0<strong>ces informations peuvent \u00e9voluer<\/strong>\u00a0!<br \/>\nMerci de revenir consulter cette page, ou mieux, de vous inscrire \u00e0 notre lettre d&rsquo;information\u00a0:<\/p>\n[wysija_form id=1]\n","protected":false},"excerpt":{"rendered":"<p>Comme chaque ann\u00e9e et pour la 10\u00e8me saison cons\u00e9cutive, stage annuel en r\u00e9gion PACA avec Daniel TOUTAIN Sensei et organis\u00e9 par Eric SAVALLI &#8211; Aiki Dojo Azur. janvier 2015.<\/p>\n","protected":false},"author":2,"featured_media":0,"comment_status":"open","ping_status":"open","sticky":false,"template":"","format":"standard","meta":{"_acf_changed":false,"_seopress_robots_primary_cat":"","_seopress_titles_title":"","_seopress_titles_desc":"Stage annuel d&#039;Aikido en r\u00e9gion de Nice \/ PACA avec Daniel TOUTAIN Sensei, \u00e9l\u00e8ve des ma\u00eetres NORO, TAMURA et SAITO Sensei. F\u00e9vrier 2016. Yoga avec Sonia T.","_seopress_robots_index":"","generate_page_header":"","footnotes":""},"categories":[142,197],"tags":[248,39,95,204],"class_list":["post-5755","post","type-post","status-publish","format-standard","hentry","category-news","category-stages-calendrier","tag-aikido","tag-dtoutain","tag-nice-grasse","tag-stage","infinite-scroll-item","masonry-post","generate-columns","tablet-grid-50","mobile-grid-100","grid-parent","grid-50"],"acf":[],"_links":{"self":[{"href":"https:\/\/equilibreazur.fr\/azur\/wp-json\/wp\/v2\/posts\/5755","targetHints":{"allow":["GET"]}}],"collection":[{"href":"https:\/\/equilibreazur.fr\/azur\/wp-json\/wp\/v2\/posts"}],"about":[{"href":"https:\/\/equilibreazur.fr\/azur\/wp-json\/wp\/v2\/types\/post"}],"author":[{"embeddable":true,"href":"https:\/\/equilibreazur.fr\/azur\/wp-json\/wp\/v2\/users\/2"}],"replies":[{"embeddable":true,"href":"https:\/\/equilibreazur.fr\/azur\/wp-json\/wp\/v2\/comments?post=5755"}],"version-history":[{"count":6,"href":"https:\/\/equilibreazur.fr\/azur\/wp-json\/wp\/v2\/posts\/5755\/revisions"}],"predecessor-version":[{"id":6500,"href":"https:\/\/equilibreazur.fr\/azur\/wp-json\/wp\/v2\/posts\/5755\/revisions\/6500"}],"wp:attachment":[{"href":"https:\/\/equilibreazur.fr\/azur\/wp-json\/wp\/v2\/media?parent=5755"}],"wp:term":[{"taxonomy":"category","embeddable":true,"href":"https:\/\/equilibreazur.fr\/azur\/wp-json\/wp\/v2\/categories?post=5755"},{"taxonomy":"post_tag","embeddable":true,"href":"https:\/\/equilibreazur.fr\/azur\/wp-json\/wp\/v2\/tags?post=5755"}],"curies":[{"name":"wp","href":"https:\/\/api.w.org\/{rel}","templated":true}]}}