{"id":5751,"date":"2015-07-04T15:45:37","date_gmt":"2015-07-04T15:45:37","guid":{"rendered":"https:\/\/equilibreazur.fr\/azur\/?p=5751"},"modified":"2016-10-01T14:34:55","modified_gmt":"2016-10-01T14:34:55","slug":"2015-rdv-dimanche-06-septembre-2014-forums-des-associations","status":"publish","type":"post","link":"https:\/\/equilibreazur.fr\/azur\/news\/2015-rdv-dimanche-06-septembre-2014-forums-des-associations\/","title":{"rendered":"RdV Dimanche 06 Septembre 2015 &#8211; forums des associations sportives"},"content":{"rendered":"<div style=\"text-align: center;\"><span style=\"color: #ff0000;\"><\/span><\/div>\n<p style=\"text-align: center;\"><strong>FORUM INTERCOMMUNAL<\/strong><strong> DES<br \/>\nASSOCIATIONS<\/strong>&nbsp;!<\/p>\n<p style=\"text-align: center;\"><span style=\"color: #ff0000;\"><strong>LE BAR SUR LOUP\u00a0(06)<\/strong><\/span><\/p>\n<div style=\"text-align: center;\">Parc de Loisirs<\/div>\n<div style=\"text-align: center;\"><strong>Dimanche 06 septembre 2015<br \/>\nde 09h \u00e0 17h30<\/strong><\/div>\n<div style=\"text-align: center;\"><strong><br \/>\n<\/strong><\/div>\n<div style=\"text-align: center;\">avec la participation des communes du<strong><br \/>\nChateauneuf de Grasse, Opio, Gourdon et Opio<\/strong><\/div>\n<p>Le\u00a0forum intercommunal des associations a lieu cette ann\u00e9e \u00e0 BAR SUR LOUP \u00e0 la papeterie.<\/p>\n<p>AIKI DOJO AZUR sera bien-s\u00fbr pr\u00e9sente lors de cette journ\u00e9e et vous convie \u00e0 vous rendre sur son stand. Nous r\u00e9pondrons \u00e0 vos questions.<\/p>\n<div style=\"text-align: left;\">D\u00e9posez votre email sur le coin sup\u00e9rieur droit de cette page\u00a0\u00a0afin d&rsquo;\u00eatre tenu au courant des informations concernant cette journ\u00e9e \u00e0 ne pas manquer gr\u00e2ce \u00e0 notre lettre d&rsquo;information&nbsp;!<\/div>\n<div style=\"text-align: center;\"><\/div>\n<div style=\"text-align: center;\"><img loading=\"lazy\" decoding=\"async\" class=\"alignnone size-full wp-image-5896\" src=\"https:\/\/equilibreazur.fr\/azur\/wp-content\/uploads\/2015\/07\/2012-09-09-forum-Bar-sur-Loup.jpg\" alt=\"Stand Aikido Forum des assocations \u00e0 Bar s\/Loup\" width=\"700\" height=\"467\" srcset=\"https:\/\/equilibreazur.fr\/azur\/wp-content\/uploads\/2015\/07\/2012-09-09-forum-Bar-sur-Loup.jpg 700w, https:\/\/equilibreazur.fr\/azur\/wp-content\/uploads\/2015\/07\/2012-09-09-forum-Bar-sur-Loup-478x319.jpg 478w, https:\/\/equilibreazur.fr\/azur\/wp-content\/uploads\/2015\/07\/2012-09-09-forum-Bar-sur-Loup-675x450.jpg 675w, https:\/\/equilibreazur.fr\/azur\/wp-content\/uploads\/2015\/07\/2012-09-09-forum-Bar-sur-Loup-600x400.jpg 600w\" sizes=\"auto, (max-width: 700px) 100vw, 700px\" \/><br \/>\n<span style=\"color: #888888;\">Stand r\u00e9alis\u00e9 en 09\/2012 au Forum des Association, \u00e0 Bar Sur Loup\u00a0(06)<\/span><\/div>\n<p style=\"text-align: center;\"><strong>Une <span style=\"color: #ff0000;\"><span style=\"background-color: #ffff99;\">d\u00e9monstration\u00a0d&rsquo;Aikido sera donn\u00e9e \u00e0 11h40<\/span><\/span><\/strong>.<\/p>\n<p style=\"text-align: center;\"><img loading=\"lazy\" decoding=\"async\" class=\"alignnone size-full wp-image-5893\" src=\"https:\/\/equilibreazur.fr\/azur\/wp-content\/uploads\/2015\/07\/2012-09-09-arts-martiaux-Bar-sur-Loup.jpg\" alt=\"D\u00e9monstration arts martiaux - Forum des assocations \u00e0 Bar s\/Loup\" width=\"700\" height=\"467\" srcset=\"https:\/\/equilibreazur.fr\/azur\/wp-content\/uploads\/2015\/07\/2012-09-09-arts-martiaux-Bar-sur-Loup.jpg 700w, https:\/\/equilibreazur.fr\/azur\/wp-content\/uploads\/2015\/07\/2012-09-09-arts-martiaux-Bar-sur-Loup-478x319.jpg 478w, https:\/\/equilibreazur.fr\/azur\/wp-content\/uploads\/2015\/07\/2012-09-09-arts-martiaux-Bar-sur-Loup-675x450.jpg 675w, https:\/\/equilibreazur.fr\/azur\/wp-content\/uploads\/2015\/07\/2012-09-09-arts-martiaux-Bar-sur-Loup-600x400.jpg 600w\" sizes=\"auto, (max-width: 700px) 100vw, 700px\" \/><\/p>\n<p style=\"text-align: center;\"><img loading=\"lazy\" decoding=\"async\" class=\"alignnone size-full wp-image-5897\" src=\"https:\/\/equilibreazur.fr\/azur\/wp-content\/uploads\/2015\/07\/2012-09-09-judo-Bar-sur-Loup.jpg\" alt=\"Judo au Forum des assocations \u00e0 Bar s\/Loup\" width=\"700\" height=\"467\" srcset=\"https:\/\/equilibreazur.fr\/azur\/wp-content\/uploads\/2015\/07\/2012-09-09-judo-Bar-sur-Loup.jpg 700w, https:\/\/equilibreazur.fr\/azur\/wp-content\/uploads\/2015\/07\/2012-09-09-judo-Bar-sur-Loup-478x319.jpg 478w, https:\/\/equilibreazur.fr\/azur\/wp-content\/uploads\/2015\/07\/2012-09-09-judo-Bar-sur-Loup-675x450.jpg 675w, https:\/\/equilibreazur.fr\/azur\/wp-content\/uploads\/2015\/07\/2012-09-09-judo-Bar-sur-Loup-600x400.jpg 600w\" sizes=\"auto, (max-width: 700px) 100vw, 700px\" \/><br \/>\n<span style=\"color: #888888;\">D\u00e9monstrations r\u00e9alis\u00e9es\u00a0en 09\/2012 au Forum des Associations \u00e0 Bar Sur Loup\u00a0(06)<\/span><\/p>\n<div>\n<p>Au programme de cette journ\u00e9e festive et sportives, de nombreuses animations&#8230; dont&#8230;<\/p>\n<p>&#8211; d\u00e9monstration de hip hop <strong>HIP HOP OPIO<\/strong><br \/>\n&#8211; d\u00e9monstration de\u00a0<strong>JUDO<br \/>\n<\/strong>&#8211; <strong><span style=\"color: #ff0000;\">11h40\u00a0<\/span><\/strong>: d\u00e9monstration<strong>\u00a0<span style=\"color: #ff0000;\">AIKIDO &#8211; Aiki Dojo Azur<\/span><\/strong><br \/>\n&#8211;\u00a0d\u00e9monstration gymnastique <strong>AGV<\/strong><br \/>\n&#8211; et bien d&rsquo;autres d\u00e9monstration encore&nbsp;!<\/p>\n<p>&nbsp;<\/p>\n<p>Compilation de la d\u00e9monstration r\u00e9alis\u00e9e par AIKI DOJO AZUR, lors des\u00a0<a title=\"7eme Olympiades \u00e0 Chateauneuf de Grasse\" href=\"https:\/\/equilibreazur.fr\/azur\/news\/2012-06-olympiade-chateauneuf\/\">Olympiades 2012<\/a>\u00a0de Chateauneuf de Grasse\u00a0(06) en Juin 2012. Eric Savalli \u00e9tait alors en stage en Italie.<\/p>\n<p><iframe loading=\"lazy\" width=\"1200\" height=\"675\" src=\"https:\/\/www.youtube.com\/embed\/oHn3oE3Mnt0?feature=oembed\" frameborder=\"0\" allowfullscreen><\/iframe><\/p>\n<p>D\u00e9monstration donn\u00e9e la saison derni\u00e8re \u00e0 Opio&#8230;<\/p>\n<p><iframe loading=\"lazy\" width=\"1200\" height=\"675\" src=\"https:\/\/www.youtube.com\/embed\/aMLLfXXBD0Q?feature=oembed\" frameborder=\"0\" allowfullscreen><\/iframe><\/p>\n<\/div>\n","protected":false},"excerpt":{"rendered":"<p>Cette ann\u00e9e encore, AIKI DOJO AZUR vous donne rendez-vous au Forum intercommunal des Associations qui aura lieu pour cette rentr\u00e9e 2015-2016 \u00e0 BAR SUR LOUP le 06 Septembre 2015. Une d\u00e9monstration d&rsquo;Aikido y sera donn\u00e9e durant la journ\u00e9e.<\/p>\n","protected":false},"author":2,"featured_media":5892,"comment_status":"open","ping_status":"open","sticky":false,"template":"","format":"standard","meta":{"_acf_changed":false,"_seopress_robots_primary_cat":"","_seopress_titles_title":"RdV le 05-Sept 2010 au Forum des Associations - Aiki - Dojo .fr","_seopress_titles_desc":"","_seopress_robots_index":"","generate_page_header":"","footnotes":""},"categories":[142,197],"tags":[49,95,99,213],"class_list":["post-5751","post","type-post","status-publish","format-standard","has-post-thumbnail","hentry","category-news","category-stages-calendrier","tag-forum-association-sport","tag-nice-grasse","tag-opio","tag-qi-gong","infinite-scroll-item","masonry-post","generate-columns","tablet-grid-50","mobile-grid-100","grid-parent","grid-50"],"acf":[],"_links":{"self":[{"href":"https:\/\/equilibreazur.fr\/azur\/wp-json\/wp\/v2\/posts\/5751","targetHints":{"allow":["GET"]}}],"collection":[{"href":"https:\/\/equilibreazur.fr\/azur\/wp-json\/wp\/v2\/posts"}],"about":[{"href":"https:\/\/equilibreazur.fr\/azur\/wp-json\/wp\/v2\/types\/post"}],"author":[{"embeddable":true,"href":"https:\/\/equilibreazur.fr\/azur\/wp-json\/wp\/v2\/users\/2"}],"replies":[{"embeddable":true,"href":"https:\/\/equilibreazur.fr\/azur\/wp-json\/wp\/v2\/comments?post=5751"}],"version-history":[{"count":6,"href":"https:\/\/equilibreazur.fr\/azur\/wp-json\/wp\/v2\/posts\/5751\/revisions"}],"predecessor-version":[{"id":5906,"href":"https:\/\/equilibreazur.fr\/azur\/wp-json\/wp\/v2\/posts\/5751\/revisions\/5906"}],"wp:featuredmedia":[{"embeddable":true,"href":"https:\/\/equilibreazur.fr\/azur\/wp-json\/wp\/v2\/media\/5892"}],"wp:attachment":[{"href":"https:\/\/equilibreazur.fr\/azur\/wp-json\/wp\/v2\/media?parent=5751"}],"wp:term":[{"taxonomy":"category","embeddable":true,"href":"https:\/\/equilibreazur.fr\/azur\/wp-json\/wp\/v2\/categories?post=5751"},{"taxonomy":"post_tag","embeddable":true,"href":"https:\/\/equilibreazur.fr\/azur\/wp-json\/wp\/v2\/tags?post=5751"}],"curies":[{"name":"wp","href":"https:\/\/api.w.org\/{rel}","templated":true}]}}