{"id":575,"date":"2009-05-30T17:53:44","date_gmt":"2009-05-30T17:53:44","guid":{"rendered":"https:\/\/equilibreazur.fr\/azur\/non-classe\/logo"},"modified":"2023-02-27T09:28:06","modified_gmt":"2023-02-27T09:28:06","slug":"logo","status":"publish","type":"post","link":"https:\/\/equilibreazur.fr\/azur\/aikido-azur\/logo\/","title":{"rendered":"Logo (Kamon)"},"content":{"rendered":"\n<figure class=\"wp-block-image alignwide size-large\"><img alt=\"\" loading=\"lazy\" decoding=\"async\" width=\"675\" height=\"675\" src=\"https:\/\/equilibreazur.fr\/azur\/wp-content\/uploads\/2009\/05\/logos-ADA-square-2021-675x675.png\" alt=\"\" class=\"wp-image-9470\" srcset=\"https:\/\/equilibreazur.fr\/azur\/wp-content\/uploads\/2009\/05\/logos-ADA-square-2021-675x675.png 675w, https:\/\/equilibreazur.fr\/azur\/wp-content\/uploads\/2009\/05\/logos-ADA-square-2021-370x370.png 370w, https:\/\/equilibreazur.fr\/azur\/wp-content\/uploads\/2009\/05\/logos-ADA-square-2021-200x200.png 200w, https:\/\/equilibreazur.fr\/azur\/wp-content\/uploads\/2009\/05\/logos-ADA-square-2021.png 720w\" sizes=\"auto, (max-width: 675px) 100vw, 675px\" \/><\/figure>\n\n\n\n<p>L&#8217;embl\u00e8me actuel de&nbsp;\u00ab\u00a0Aiki Dojo Azur\u00a0\u00bb a \u00e9t\u00e9 con\u00e7u originellement par notre ami Tom&nbsp;GRUNDMANN en Avril 2009.<\/p>\n\n\n\n<p>Ce logo est construit autour des 3 symboles de l&rsquo;Aikido:<\/p>\n\n\n\n<ul class=\"wp-block-list\">\n<li>Le <strong>triangle<\/strong> \/ Sankaku <strong>\u4e09\u89d2<\/strong>&nbsp;(Iku Musubi) &#8211; Intellect, Mission, Future, Gaz<\/li>\n\n\n\n<li>Le <strong>cercle<\/strong> \/ ens\u014d \u5186\u76f8 (Taru Musubi) &#8211; Emotion, Perfection, Present, Liquide<\/li>\n\n\n\n<li>Le <strong>carr\u00e9<\/strong> \/ Chokusen <strong>\u56db\u89d2<\/strong>&nbsp;(Tamatsume Musubi) &#8211; Concentration, Beaut\u00e9, Pass\u00e9, Solide<\/li>\n<\/ul>\n\n\n\n<figure class=\"wp-block-image alignwide size-full\"><img alt=\"\" loading=\"lazy\" decoding=\"async\" width=\"640\" height=\"469\" src=\"https:\/\/equilibreazur.fr\/azur\/wp-content\/uploads\/2023\/02\/circle-square-triangle.jpg\" alt=\"\" class=\"wp-image-9449\" srcset=\"https:\/\/equilibreazur.fr\/azur\/wp-content\/uploads\/2023\/02\/circle-square-triangle.jpg 640w, https:\/\/equilibreazur.fr\/azur\/wp-content\/uploads\/2023\/02\/circle-square-triangle-370x271.jpg 370w\" sizes=\"auto, (max-width: 640px) 100vw, 640px\" \/><\/figure>\n\n\n\n<figure class=\"wp-block-image alignwide size-full\"><img alt=\"\" loading=\"lazy\" decoding=\"async\" width=\"428\" height=\"312\" src=\"https:\/\/equilibreazur.fr\/azur\/wp-content\/uploads\/2023\/02\/sankaku-enso-chokusen-o-sensei.jpg\" alt=\"\" class=\"wp-image-9448\" srcset=\"https:\/\/equilibreazur.fr\/azur\/wp-content\/uploads\/2023\/02\/sankaku-enso-chokusen-o-sensei.jpg 428w, https:\/\/equilibreazur.fr\/azur\/wp-content\/uploads\/2023\/02\/sankaku-enso-chokusen-o-sensei-370x270.jpg 370w\" sizes=\"auto, (max-width: 428px) 100vw, 428px\" \/><figcaption class=\"wp-element-caption\">\u00ab\u00a0<em>La seule fa\u00e7on pour moi d&rsquo;expliquer l&rsquo;Aikido est en dessinant un triangle, un cercle et un carr\u00e9\u00a0\u00bb <\/em>&#8211; O&rsquo;Sensei<\/figcaption><\/figure>\n\n\n\n<p>Il symbolise \u00e9galement les 8 directions de d\u00e9placements (que l&rsquo;on retrouve \u00e9galement dans le logo d&rsquo;<strong>Iwama Shinshin Aiki Shurenkai<\/strong>) et fait un clin d&rsquo;oeil au drapeau japonnais par son cercle rouge central. Quand \u00e0 lui, l&rsquo;anneau circulaire gris fait r\u00e9f\u00e9rence au logo de l&rsquo;<strong>Iwama Ryu International Academy<\/strong>&nbsp;(aujourd&rsquo;hui&nbsp;\u00ab\u00a0FAA Fundamental Aikido Association\u00a0\u00bb).<\/p>\n\n\n\n[Mise \u00e0 jour 09\/2017]\n\n\n\n<p>Le logo est modifi\u00e9 afin d&rsquo;\u00eatre monochrome et pouvoir ainsi \u00eatre un v\u00e9ritable Kamon (\u5bb6\u7d0b)&nbsp;[<a href=\"https:\/\/en.wikipedia.org\/wiki\/Mon_(emblem)\" target=\"_blank\" rel=\"noreferrer noopener\">lien Kamon Wikipedia<\/a>].<\/p>\n\n\n\n<div class=\"wp-block-columns is-layout-flex wp-container-core-columns-is-layout-9d6595d7 wp-block-columns-is-layout-flex\">\n<div class=\"wp-block-column is-layout-flow wp-block-column-is-layout-flow\"><div class=\"wp-block-image\">\n<figure class=\"aligncenter size-full\"><img alt=\"\" loading=\"lazy\" decoding=\"async\" width=\"500\" height=\"500\" src=\"https:\/\/equilibreazur.fr\/azur\/wp-content\/uploads\/2009\/05\/logo-aikido-aikidojo-2017-09-kamon-500.gif\" alt=\"\" class=\"wp-image-7256\"\/><figcaption class=\"wp-element-caption\">Equilibre Azur<\/figcaption><\/figure>\n<\/div><\/div>\n\n\n\n<div class=\"wp-block-column is-layout-flow wp-block-column-is-layout-flow\"><div class=\"wp-block-image\">\n<figure class=\"aligncenter size-full\"><img alt=\"\" loading=\"lazy\" decoding=\"async\" width=\"720\" height=\"540\" src=\"https:\/\/equilibreazur.fr\/azur\/wp-content\/uploads\/2021\/05\/logo-ADA-aikido-720.gif\" alt=\"\" class=\"wp-image-8754\"\/><figcaption class=\"wp-element-caption\">Logo Aiki Dojo Azur<\/figcaption><\/figure>\n<\/div><\/div>\n\n\n\n<div class=\"wp-block-column is-layout-flow wp-block-column-is-layout-flow\"><div class=\"wp-block-image\">\n<figure class=\"aligncenter size-full\"><img loading=\"lazy\" decoding=\"async\" width=\"720\" height=\"540\" src=\"https:\/\/equilibreazur.fr\/azur\/wp-content\/uploads\/2020\/09\/logos-ADA-yoga-azur-720.gif\" alt=\"Yoga Azur\" class=\"wp-image-7647\"\/><figcaption class=\"wp-element-caption\">Logo Yoga Azur<\/figcaption><\/figure>\n<\/div><\/div>\n<\/div>\n\n\n\n<div class=\"wp-block-group\"><div class=\"wp-block-group__inner-container is-layout-constrained wp-block-group-is-layout-constrained\">\n<div class=\"wp-block-media-text alignwide is-stacked-on-mobile is-vertically-aligned-top\" style=\"grid-template-columns:28% auto\"><figure class=\"wp-block-media-text__media\"><img alt=\"\" loading=\"lazy\" decoding=\"async\" width=\"675\" height=\"675\" src=\"https:\/\/equilibreazur.fr\/azur\/wp-content\/uploads\/2023\/02\/asthanga-kamon-300-675x675.jpg\" alt=\"\" class=\"wp-image-9474 size-full\" srcset=\"https:\/\/equilibreazur.fr\/azur\/wp-content\/uploads\/2023\/02\/asthanga-kamon-300-675x675.jpg 675w, https:\/\/equilibreazur.fr\/azur\/wp-content\/uploads\/2023\/02\/asthanga-kamon-300-370x370.jpg 370w, https:\/\/equilibreazur.fr\/azur\/wp-content\/uploads\/2023\/02\/asthanga-kamon-300-200x200.jpg 200w, https:\/\/equilibreazur.fr\/azur\/wp-content\/uploads\/2023\/02\/asthanga-kamon-300.jpg 1024w\" sizes=\"auto, (max-width: 675px) 100vw, 675px\" \/><\/figure><div class=\"wp-block-media-text__content\">\n<p><strong>Yoga<\/strong>&#8230; les <strong>8 membres (ou piliers) du Yoga<\/strong> sont symbolis\u00e9s&nbsp;:<br>1-Yama\/comportement \u00e9thique,<br>2-Niyama\/auto-discipline,<br>3-Asana\/postures, <br>4-Pranayama\/Souffle,<br>5-Pratyaha\/l\u00e2cher-prise,<br>6-Dharana\/concentration,<br>7-Dhyana\/M\u00e9ditation,<br>8-Samadhi\/Extase-Plein-pr\u00e9sence) <\/p>\n\n\n\n<p><strong>Aikido<\/strong>\u2026 Les<strong> 8 directions<\/strong> (allusion \u00e0 la coupe dans les 8 directions: 2 axes cardinaux: Devant\/Derri\u00e8re, Gauche\/Droite, et les 2 axes en diagonale) sont repr\u00e9sent\u00e9es.<\/p>\n<\/div><\/div>\n<\/div><\/div>\n\n\n[Mise \u00e0 jour 09\/2012] Avec SAITO Morihiro Sensei et son fils SAITO Hitohiro Sensei<\/p>\n<p><img alt=\"\" loading=\"lazy\" decoding=\"async\" class=\"alignnone size-full wp-image-7258 aligncenter\" src=\"https:\/\/equilibreazur.fr\/azur\/wp-content\/uploads\/2009\/05\/logo-aikidojoazur-2012-09.png\" alt=\"\" width=\"300\" height=\"300\" srcset=\"https:\/\/equilibreazur.fr\/azur\/wp-content\/uploads\/2009\/05\/logo-aikidojoazur-2012-09.png 300w, https:\/\/equilibreazur.fr\/azur\/wp-content\/uploads\/2009\/05\/logo-aikidojoazur-2012-09-200x200.png 200w\" sizes=\"auto, (max-width: 300px) 100vw, 300px\" \/><\/p>\n<p><\/p>\n[Mise \u00e0 jour 09\/2010]\n<p><img alt=\"\" loading=\"lazy\" decoding=\"async\" class=\"size-full wp-image-7257 aligncenter\" src=\"https:\/\/equilibreazur.fr\/azur\/wp-content\/uploads\/2009\/05\/logo-aikido-aikidojo-2010-small-white.png\" alt=\"\" width=\"300\" height=\"300\" srcset=\"https:\/\/equilibreazur.fr\/azur\/wp-content\/uploads\/2009\/05\/logo-aikido-aikidojo-2010-small-white.png 300w, https:\/\/equilibreazur.fr\/azur\/wp-content\/uploads\/2009\/05\/logo-aikido-aikidojo-2010-small-white-200x200.png 200w\" sizes=\"auto, (max-width: 300px) 100vw, 300px\" \/><\/p>\n[version 2009]\n<p><img loading=\"lazy\" decoding=\"async\" class=\"aligncenter\" src=\"https:\/\/equilibreazur.fr\/azur\/images\/stories\/articles\/aikido\/logo-aikidoazur-2009.png\" alt=\"logo-aikidoazur-2009\" width=\"300\" height=\"300\"><\/p>\n<p>Voici compar\u00e9s le projet original et le projet abouti&#8230;<\/p>\n<p><img loading=\"lazy\" decoding=\"async\" class=\"aligncenter\" src=\"https:\/\/equilibreazur.fr\/azur\/images\/stories\/articles\/aikido\/design-logo.png\" alt=\"design-logo\" width=\"478\" height=\"243\"><\/p>\n<p>Le logo original du dojo avait \u00e9t\u00e9 cr\u00e9\u00e9 par <strong>Mah\u00e9 Boudeau<\/strong>, designer,&nbsp; d\u00e9but 2000&nbsp;:<\/p>\n<p><img loading=\"lazy\" decoding=\"async\" class=\"aligncenter\" src=\"https:\/\/equilibreazur.fr\/azur\/images\/stories\/logo\/logo2005-150dpi-100px.jpg\" alt=\"logo2005-150dpi-100px\" width=\"140\" height=\"118\"><\/p>\n<p>Les logos de <em>Iwama Ryu International Academy<\/em> et <em>Iwama Shinshin Aiki Shurenkai<\/em>&nbsp;:<\/p>\n<p style=\"text-align: center;\"><img loading=\"lazy\" decoding=\"async\" class=\"alignnone wp-image-1124\" src=\"https:\/\/equilibreazur.fr\/azur\/wp-content\/uploads\/2010\/10\/logo-IRIA-56.gif\" alt=\"Logo Iwama Ryu International Academy\" width=\"100\" height=\"100\">&nbsp;<img loading=\"lazy\" decoding=\"async\" class=\"\" src=\"https:\/\/equilibreazur.fr\/azur\/images\/stories\/logo\/iwama-shin-shin-aikishuren56.gif\" alt=\"iwama-shin-shin-aikishuren56\" width=\"100\" height=\"100\"><\/p>","protected":false},"excerpt":{"rendered":"<p>L&#8217;embl\u00e8me de \u00ab\u00a0Aiki Dojo .fr\u00a0\u00bb a \u00e9t\u00e9 initialement con\u00e7u par Tom Grundmann en Avril 2009.<br \/>\nCe logo est construit autour des symboles de l&rsquo;Aikido: Le triangle \/ Le cercle \/ Le carr\u00e9. Il symbolise \u00e9galement les 8 directions de d\u00e9placement (en Aikido) et les 8 piliers (ou membres) du Yoga.<\/p>\n","protected":false},"author":2,"featured_media":7254,"comment_status":"open","ping_status":"open","sticky":false,"template":"","format":"standard","meta":{"_acf_changed":false,"_seopress_robots_primary_cat":"","_seopress_titles_title":"","_seopress_titles_desc":"","_seopress_robots_index":"","generate_page_header":"","footnotes":""},"categories":[144],"tags":[161],"class_list":["post-575","post","type-post","status-publish","format-standard","has-post-thumbnail","hentry","category-aikido-azur","tag-club-azur-paca","infinite-scroll-item","masonry-post","generate-columns","tablet-grid-50","mobile-grid-100","grid-parent","grid-50"],"acf":[],"_links":{"self":[{"href":"https:\/\/equilibreazur.fr\/azur\/wp-json\/wp\/v2\/posts\/575","targetHints":{"allow":["GET"]}}],"collection":[{"href":"https:\/\/equilibreazur.fr\/azur\/wp-json\/wp\/v2\/posts"}],"about":[{"href":"https:\/\/equilibreazur.fr\/azur\/wp-json\/wp\/v2\/types\/post"}],"author":[{"embeddable":true,"href":"https:\/\/equilibreazur.fr\/azur\/wp-json\/wp\/v2\/users\/2"}],"replies":[{"embeddable":true,"href":"https:\/\/equilibreazur.fr\/azur\/wp-json\/wp\/v2\/comments?post=575"}],"version-history":[{"count":6,"href":"https:\/\/equilibreazur.fr\/azur\/wp-json\/wp\/v2\/posts\/575\/revisions"}],"predecessor-version":[{"id":9481,"href":"https:\/\/equilibreazur.fr\/azur\/wp-json\/wp\/v2\/posts\/575\/revisions\/9481"}],"wp:featuredmedia":[{"embeddable":true,"href":"https:\/\/equilibreazur.fr\/azur\/wp-json\/wp\/v2\/media\/7254"}],"wp:attachment":[{"href":"https:\/\/equilibreazur.fr\/azur\/wp-json\/wp\/v2\/media?parent=575"}],"wp:term":[{"taxonomy":"category","embeddable":true,"href":"https:\/\/equilibreazur.fr\/azur\/wp-json\/wp\/v2\/categories?post=575"},{"taxonomy":"post_tag","embeddable":true,"href":"https:\/\/equilibreazur.fr\/azur\/wp-json\/wp\/v2\/tags?post=575"}],"curies":[{"name":"wp","href":"https:\/\/api.w.org\/{rel}","templated":true}]}}