{"id":566,"date":"2009-10-26T08:42:16","date_gmt":"2009-10-26T08:42:16","guid":{"rendered":"http:\/\/aiki-dojo.fr\/heures-ete.html"},"modified":"2012-02-11T22:03:07","modified_gmt":"2012-02-11T22:03:07","slug":"heures-ete","status":"publish","type":"post","link":"https:\/\/equilibreazur.fr\/azur\/hot-news\/heures-ete\/","title":{"rendered":"P\u00e9riode estivale\u2026 changement de lieu"},"content":{"rendered":"<p><img loading=\"lazy\" decoding=\"async\" style=\"margin-right: 10px; float: left;\" src=\"https:\/\/equilibreazur.fr\/azur\/images\/stories\/blog\/aikidojoazur.jpg\" alt=\"aikidojoazur\" width=\"56\" height=\"56\" \/><\/p>\n<p>P\u00e9riode estivale&#8230;\u00a0<strong style=\"font-weight: bold;\">changement de lieu <\/strong>!<\/p>\n<p>Les cours du mardi midi en plein air ont lieu sous les arbres \u00e0 la Valmasque en dehors de la p\u00e9riode hivernale&#8230; \u00e0 proximit\u00e9 du rond point des Bouillides dans le sous-bois de l&rsquo;autre c\u00f4t\u00e9 de la route par rapport \u00e0 l&rsquo;auberge de la source.<\/p>\n<p>Voir le <a href=\"https:\/\/equilibreazur.fr\/azur\/aikido-azur\/plan-sophia-antipolis-valmasque\">plan d&rsquo;acc\u00e8s<\/a>.<\/p>\n","protected":false},"excerpt":{"rendered":"<p>P\u00e9riode estivale&#8230; changement de lieu !<br \/>\nLes cours du mardi midi en plein air ont lieu sous les arbres en dehors de la p\u00e9riode hivernale.<\/p>\n","protected":false},"author":2,"featured_media":1125,"comment_status":"open","ping_status":"open","sticky":false,"template":"","format":"standard","meta":{"_acf_changed":false,"_seopress_robots_primary_cat":"","_seopress_titles_title":"","_seopress_titles_desc":"","_seopress_robots_index":"","generate_page_header":"","footnotes":""},"categories":[143],"tags":[],"class_list":["post-566","post","type-post","status-publish","format-standard","has-post-thumbnail","hentry","category-hot-news","infinite-scroll-item","masonry-post","generate-columns","tablet-grid-50","mobile-grid-100","grid-parent","grid-50"],"acf":[],"_links":{"self":[{"href":"https:\/\/equilibreazur.fr\/azur\/wp-json\/wp\/v2\/posts\/566","targetHints":{"allow":["GET"]}}],"collection":[{"href":"https:\/\/equilibreazur.fr\/azur\/wp-json\/wp\/v2\/posts"}],"about":[{"href":"https:\/\/equilibreazur.fr\/azur\/wp-json\/wp\/v2\/types\/post"}],"author":[{"embeddable":true,"href":"https:\/\/equilibreazur.fr\/azur\/wp-json\/wp\/v2\/users\/2"}],"replies":[{"embeddable":true,"href":"https:\/\/equilibreazur.fr\/azur\/wp-json\/wp\/v2\/comments?post=566"}],"version-history":[{"count":1,"href":"https:\/\/equilibreazur.fr\/azur\/wp-json\/wp\/v2\/posts\/566\/revisions"}],"predecessor-version":[{"id":4071,"href":"https:\/\/equilibreazur.fr\/azur\/wp-json\/wp\/v2\/posts\/566\/revisions\/4071"}],"wp:featuredmedia":[{"embeddable":true,"href":"https:\/\/equilibreazur.fr\/azur\/wp-json\/wp\/v2\/media\/1125"}],"wp:attachment":[{"href":"https:\/\/equilibreazur.fr\/azur\/wp-json\/wp\/v2\/media?parent=566"}],"wp:term":[{"taxonomy":"category","embeddable":true,"href":"https:\/\/equilibreazur.fr\/azur\/wp-json\/wp\/v2\/categories?post=566"},{"taxonomy":"post_tag","embeddable":true,"href":"https:\/\/equilibreazur.fr\/azur\/wp-json\/wp\/v2\/tags?post=566"}],"curies":[{"name":"wp","href":"https:\/\/api.w.org\/{rel}","templated":true}]}}