{"id":565,"date":"2009-10-26T08:42:16","date_gmt":"2009-10-26T08:42:16","guid":{"rendered":"http:\/\/aiki-dojo.fr\/heures-hiver.html"},"modified":"2012-02-11T22:03:18","modified_gmt":"2012-02-11T22:03:18","slug":"heures-hiver","status":"publish","type":"post","link":"https:\/\/equilibreazur.fr\/azur\/hot-news\/heures-hiver\/","title":{"rendered":"P\u00e9riode hivernale\u2026 changement de lieu"},"content":{"rendered":"<p><img loading=\"lazy\" decoding=\"async\" style=\"margin-right: 10px; float: left;\" src=\"https:\/\/equilibreazur.fr\/azur\/images\/stories\/blog\/aikidojoazur.jpg\" alt=\"aikidojoazur\" width=\"56\" height=\"56\" \/><\/p>\n<p>Changement de saison&#8230; <strong>changement de lieu <\/strong>!<\/p>\n<p>Les cours du mardi midi en plein air <strong>ont lieu au soleil <\/strong>pendant la p\u00e9riode hivernale.<\/p>\n<p><!--more--><\/p>\n<p>Les cours du mardi midi en plein air ont lieu au soleil pendant la p\u00e9riode hivernale&#8230; \u00e0 proximit\u00e9 du rond point des Bouillides et \u00e0 deux pas de l&rsquo;auberge de la source, \u00e0 c\u00f4t\u00e9 des terrains de sport proches du C.I.V.<\/p>\n<p>Voir le\u00a0<a href=\"https:\/\/equilibreazur.fr\/azur\/aikido-azur\/plan-acces-valbonne\">plan d&rsquo;acc\u00e8s<\/a>.<\/p>\n<p><img loading=\"lazy\" decoding=\"async\" class=\"alignnone size-full wp-image-3006\" title=\"civ-sophia-arts-martiaux\" src=\"https:\/\/equilibreazur.fr\/azur\/wp-content\/uploads\/2009\/10\/civ-sophia-arts-martiaux.jpg\" alt=\"Aikido CIV Sophia Antipolis\" width=\"478\" height=\"275\" srcset=\"https:\/\/equilibreazur.fr\/azur\/wp-content\/uploads\/2009\/10\/civ-sophia-arts-martiaux.jpg 478w, https:\/\/equilibreazur.fr\/azur\/wp-content\/uploads\/2009\/10\/civ-sophia-arts-martiaux-370x213.jpg 370w\" sizes=\"auto, (max-width: 478px) 100vw, 478px\" \/><\/p>\n<p>Voir le <a href=\"https:\/\/equilibreazur.fr\/azur\/aikido-azur\/plan-acces-valbonne\">plan d&rsquo;acc\u00e8s<\/a>.<\/p>\n","protected":false},"excerpt":{"rendered":"<p>Changement de saison&#8230; changement de lieu !<br \/>\nLes cours du mardi midi en plein air ont lieu au soleil pendant la p\u00e9riode hivernale&#8230;<\/p>\n","protected":false},"author":2,"featured_media":3006,"comment_status":"open","ping_status":"open","sticky":false,"template":"","format":"standard","meta":{"_acf_changed":false,"_seopress_robots_primary_cat":"","_seopress_titles_title":"","_seopress_titles_desc":"","_seopress_robots_index":"","generate_page_header":"","footnotes":""},"categories":[143],"tags":[],"class_list":["post-565","post","type-post","status-publish","format-standard","has-post-thumbnail","hentry","category-hot-news","infinite-scroll-item","masonry-post","generate-columns","tablet-grid-50","mobile-grid-100","grid-parent","grid-50"],"acf":[],"_links":{"self":[{"href":"https:\/\/equilibreazur.fr\/azur\/wp-json\/wp\/v2\/posts\/565","targetHints":{"allow":["GET"]}}],"collection":[{"href":"https:\/\/equilibreazur.fr\/azur\/wp-json\/wp\/v2\/posts"}],"about":[{"href":"https:\/\/equilibreazur.fr\/azur\/wp-json\/wp\/v2\/types\/post"}],"author":[{"embeddable":true,"href":"https:\/\/equilibreazur.fr\/azur\/wp-json\/wp\/v2\/users\/2"}],"replies":[{"embeddable":true,"href":"https:\/\/equilibreazur.fr\/azur\/wp-json\/wp\/v2\/comments?post=565"}],"version-history":[{"count":2,"href":"https:\/\/equilibreazur.fr\/azur\/wp-json\/wp\/v2\/posts\/565\/revisions"}],"predecessor-version":[{"id":4075,"href":"https:\/\/equilibreazur.fr\/azur\/wp-json\/wp\/v2\/posts\/565\/revisions\/4075"}],"wp:featuredmedia":[{"embeddable":true,"href":"https:\/\/equilibreazur.fr\/azur\/wp-json\/wp\/v2\/media\/3006"}],"wp:attachment":[{"href":"https:\/\/equilibreazur.fr\/azur\/wp-json\/wp\/v2\/media?parent=565"}],"wp:term":[{"taxonomy":"category","embeddable":true,"href":"https:\/\/equilibreazur.fr\/azur\/wp-json\/wp\/v2\/categories?post=565"},{"taxonomy":"post_tag","embeddable":true,"href":"https:\/\/equilibreazur.fr\/azur\/wp-json\/wp\/v2\/tags?post=565"}],"curies":[{"name":"wp","href":"https:\/\/api.w.org\/{rel}","templated":true}]}}