{"id":560,"date":"2010-08-20T16:48:55","date_gmt":"2010-08-20T16:48:55","guid":{"rendered":"https:\/\/equilibreazur.fr\/azur\/non-classe\/cest-la-rentree-2010-2011"},"modified":"2013-10-12T17:21:03","modified_gmt":"2013-10-12T17:21:03","slug":"cest-la-rentree-2010-2011","status":"publish","type":"post","link":"https:\/\/equilibreazur.fr\/azur\/news\/cest-la-rentree-2010-2011\/","title":{"rendered":"C&rsquo;est la rentr\u00e9e 2010-2011&nbsp;!"},"content":{"rendered":"<p><img loading=\"lazy\" decoding=\"async\" style=\"float: left; margin-right: 10px;\" src=\"https:\/\/equilibreazur.fr\/azur\/images\/stories\/blog\/dojo.jpg\" alt=\"dojo\" width=\"56\" height=\"56\" \/>Le premier cours de la saison 2010-2011 aura lieu \u00e0 <strong>Chateauneuf de Grasse<\/strong> <strong>le Jeudi 2 Septembre<\/strong> \u00e0 la salle du bois de St Jeaume en soir\u00e9e (\u00e0 partir de 18h30).<\/p>\n<p>Vous pouvez passer nous voir d\u00e8s le premier cours, et tout au long de l&rsquo;ann\u00e9e. Vous serez la ou le bienvenu(e).<\/p>\n<p style=\"margin-top: 10px; margin-bottom: 15px;\">Pour plus d&rsquo;information, veuillez consulter&#8230;<\/p>\n<ul style=\"padding-left: 15px; margin-left: 2px;\">\n<li style=\"margin-bottom: 1em;\">nos\u00a0<a style=\"text-decoration: none;\" href=\"https:\/\/equilibreazur.fr\/azur\/cours-aikido-horaires\">horaires de cours<\/a>,<\/li>\n<li style=\"margin-bottom: 1em;\">nos\u00a0<a style=\"text-decoration: none;\" href=\"https:\/\/equilibreazur.fr\/azur\/inscription\">tarifs et conditions d&rsquo;inscription<\/a> au club,<\/li>\n<li style=\"margin-bottom: 1em;\">les\u00a0<a style=\"text-decoration: none;\" href=\"http:\/\/aiki-dojo.fr\/stages-aikido\">stages que nous organisons<\/a> ou auxquels nous participons,<\/li>\n<\/ul>\n<p style=\"margin-top: 10px; margin-bottom: 15px;\">Pour toute question, n&rsquo;h\u00e9sitez pas \u00e0\u00a0<a style=\"text-decoration: none;\" href=\"https:\/\/equilibreazur.fr\/azur\/contactez-nous\/\">nous contacter<\/a>.<\/p>\n<p style=\"margin-top: 10px; margin-bottom: 15px;\">A tr\u00e8s bient\u00f4t&nbsp;!<br \/>\nBonnes activit\u00e9s physiques et morales \u00e0 tous&nbsp;!<\/p>\n<p><img loading=\"lazy\" decoding=\"async\" src=\"https:\/\/equilibreazur.fr\/azur\/images\/stories\/articles\/people\/20091409_TakemusuAiki-vol4.jpg\" alt=\"20091409_TakemusuAiki-vol4\" width=\"478\" height=\"268\" \/><\/p>\n","protected":false},"excerpt":{"rendered":"<p>Le premier cours de la saison 2010-2011 aura lieu \u00e0 Chateauneuf de Grasse le Jeudi 2 Septembre \u00e0 la salle du bois de St Jeaume en soir\u00e9e (\u00e0 partir de 18h30). Vous pouvez passer nous voir d\u00e8s le premier cours, &#8230; <a title=\"C&rsquo;est la rentr\u00e9e 2010-2011&nbsp;!\" class=\"read-more\" href=\"https:\/\/equilibreazur.fr\/azur\/news\/cest-la-rentree-2010-2011\/\" aria-label=\"En savoir plus sur C&rsquo;est la rentr\u00e9e 2010-2011&nbsp;!\">Voir plus&#8230;<\/a><\/p>\n","protected":false},"author":2,"featured_media":0,"comment_status":"open","ping_status":"open","sticky":false,"template":"","format":"standard","meta":{"_acf_changed":false,"_seopress_robots_primary_cat":"","_seopress_titles_title":"","_seopress_titles_desc":"","_seopress_robots_index":"","generate_page_header":"","footnotes":""},"categories":[142],"tags":[161],"class_list":["post-560","post","type-post","status-publish","format-standard","hentry","category-news","tag-club-azur-paca","infinite-scroll-item","masonry-post","generate-columns","tablet-grid-50","mobile-grid-100","grid-parent","grid-50"],"acf":[],"_links":{"self":[{"href":"https:\/\/equilibreazur.fr\/azur\/wp-json\/wp\/v2\/posts\/560","targetHints":{"allow":["GET"]}}],"collection":[{"href":"https:\/\/equilibreazur.fr\/azur\/wp-json\/wp\/v2\/posts"}],"about":[{"href":"https:\/\/equilibreazur.fr\/azur\/wp-json\/wp\/v2\/types\/post"}],"author":[{"embeddable":true,"href":"https:\/\/equilibreazur.fr\/azur\/wp-json\/wp\/v2\/users\/2"}],"replies":[{"embeddable":true,"href":"https:\/\/equilibreazur.fr\/azur\/wp-json\/wp\/v2\/comments?post=560"}],"version-history":[{"count":4,"href":"https:\/\/equilibreazur.fr\/azur\/wp-json\/wp\/v2\/posts\/560\/revisions"}],"predecessor-version":[{"id":5083,"href":"https:\/\/equilibreazur.fr\/azur\/wp-json\/wp\/v2\/posts\/560\/revisions\/5083"}],"wp:attachment":[{"href":"https:\/\/equilibreazur.fr\/azur\/wp-json\/wp\/v2\/media?parent=560"}],"wp:term":[{"taxonomy":"category","embeddable":true,"href":"https:\/\/equilibreazur.fr\/azur\/wp-json\/wp\/v2\/categories?post=560"},{"taxonomy":"post_tag","embeddable":true,"href":"https:\/\/equilibreazur.fr\/azur\/wp-json\/wp\/v2\/tags?post=560"}],"curies":[{"name":"wp","href":"https:\/\/api.w.org\/{rel}","templated":true}]}}