{"id":555,"date":"2010-06-07T20:49:23","date_gmt":"2010-06-07T20:49:23","guid":{"rendered":"https:\/\/equilibreazur.fr\/azur\/non-classe\/rdv-09-2010-forum-associations"},"modified":"2010-06-07T20:49:23","modified_gmt":"2010-06-07T20:49:23","slug":"rdv-09-2010-forum-associations","status":"publish","type":"post","link":"https:\/\/equilibreazur.fr\/azur\/news\/rdv-09-2010-forum-associations\/","title":{"rendered":"RdV le 05-Sept 2010 au Forum des Associations"},"content":{"rendered":"<div style=\"text-align: left;\"><img loading=\"lazy\" decoding=\"async\" style=\"margin-right: 10px; float: left;\" src=\"https:\/\/equilibreazur.fr\/azur\/images\/stories\/blog\/aikidojoazur.jpg\" alt=\"aikidojoazur\" width=\"56\" height=\"56\" \/> Comme chaque ann\u00e9e, AIKI DOJO AZUR vous donne rendez-vous au Forum intercommunal des Associations&#8230;.<\/div>\n<div style=\"text-align: left;\"><!--more--><\/div>\n<div style=\"text-align: center;\"><strong>FORUM INTERCOMMUNAL<\/strong><strong> DES<br \/>\nASSOCIATIONS<\/strong>&nbsp;!<\/div>\n<div style=\"text-align: center;\"><strong><br \/>\nCHATEAUNEUF DE GRASSE<br \/>\n<\/strong>Plateau San Bastian<\/div>\n<div style=\"text-align: center;\"><strong>Dimanche 5 septembre 2010<br \/>\nde 10h \u00e0 17h30<\/strong><\/div>\n<div style=\"text-align: center;\"><strong><br \/>\n<\/strong><\/div>\n<div style=\"text-align: center;\">avec la participation des communes du<strong><br \/>\nBar-sur-Loup, Gourdon et Opio<\/strong><\/div>\n<p>La commune du Ch\u00e2teauneuf de Grasse a cette ann\u00e9e le privil\u00e8ge d\u2019organiser le forum intercommunal des associations. Aussi, nous vous invitons \u00e0 nous rejoindre pour partager cette journ\u00e9e festive. De nombreuses animations dont le programme d\u00e9taill\u00e9 <em>(informations \u00e0 venir ici m\u00eame&#8230; prochainement) <\/em>n\u2019est pas encore arr\u00eat\u00e9 seront offertes \u00e0 tous les habitants de nos communes.<\/p>\n<p>AIKI DOJO AZUR sera pr\u00e9sente lors de cette journ\u00e9e et vous convie \u00e0 son stand pour r\u00e9pondre \u00e0 vos questions.<\/p>\n<p><img loading=\"lazy\" decoding=\"async\" src=\"https:\/\/equilibreazur.fr\/azur\/images\/stories\/articles\/news\/080907_forum_aikido_chateauneuf2.jpg\" alt=\"080907_forum_aikido_chateauneuf2\" width=\"478\" height=\"269\" \/><br \/>\n<span style=\"color: #888888;\">Stand r\u00e9alis\u00e9 en 09\/2008 au Forum des Association \u00e0 Opio (06)<\/span><\/p>\n<p>Une d\u00e9monstration d&rsquo;Aikido aura lieu pendant la journ\u00e9e.<\/p>\n<p><img loading=\"lazy\" decoding=\"async\" class=\"alignnone\" src=\"https:\/\/equilibreazur.fr\/azur\/images\/stories\/articles\/news\/080907_forum_aikido_chateauneuf.jpg\" alt=\"080907_forum_aikido_chateauneuf\" width=\"478\" height=\"270\" \/><br \/>\n<span style=\"color: #888888;\">D\u00e9monstration r\u00e9alis\u00e9e en 08\/2008 au Forum des Associations \u00e0 Opio (06)<\/span><\/p>\n<div>D\u00e9posez votre email sur notre <a>page d&rsquo;accueil<\/a> afin d&rsquo;\u00eatre tenu au courant des informations concernant cette journ\u00e9e \u00e0 ne pas manquer&nbsp;!<\/div>\n<p style=\"margin-top: 10px; margin-bottom: 15px;\">[flv]http:\/\/AikiDojoAzur.free.fr\/VideoAikiDojo\/2009-09-Forum-BarSurLoup.flv[\/flv]<span style=\"color: #888888;\"><br \/>\nD\u00e9monstration r\u00e9alis\u00e9e en septembre 2009<br \/>\nlors du forum des associations \u00e0 Le Bar Sur Loup (06)<\/span><\/p>\n","protected":false},"excerpt":{"rendered":"<p>Comme chaque ann\u00e9e, AIKI DOJO AZUR vous donne rendez-vous au Forum intercommunal des Associations qui aura lieu \u00e0 Chateauneuf de Grasse en Septembre 2010.<\/p>\n","protected":false},"author":2,"featured_media":0,"comment_status":"open","ping_status":"open","sticky":false,"template":"","format":"standard","meta":{"_acf_changed":false,"_seopress_robots_primary_cat":"","_seopress_titles_title":"RdV le 05-Sept 2010 au Forum des Associations - Aiki - Dojo .fr","_seopress_titles_desc":"","_seopress_robots_index":"","generate_page_header":"","footnotes":""},"categories":[142],"tags":[49,95],"class_list":["post-555","post","type-post","status-publish","format-standard","hentry","category-news","tag-forum-association-sport","tag-nice-grasse","infinite-scroll-item","masonry-post","generate-columns","tablet-grid-50","mobile-grid-100","grid-parent","grid-50"],"acf":[],"_links":{"self":[{"href":"https:\/\/equilibreazur.fr\/azur\/wp-json\/wp\/v2\/posts\/555","targetHints":{"allow":["GET"]}}],"collection":[{"href":"https:\/\/equilibreazur.fr\/azur\/wp-json\/wp\/v2\/posts"}],"about":[{"href":"https:\/\/equilibreazur.fr\/azur\/wp-json\/wp\/v2\/types\/post"}],"author":[{"embeddable":true,"href":"https:\/\/equilibreazur.fr\/azur\/wp-json\/wp\/v2\/users\/2"}],"replies":[{"embeddable":true,"href":"https:\/\/equilibreazur.fr\/azur\/wp-json\/wp\/v2\/comments?post=555"}],"version-history":[{"count":0,"href":"https:\/\/equilibreazur.fr\/azur\/wp-json\/wp\/v2\/posts\/555\/revisions"}],"wp:attachment":[{"href":"https:\/\/equilibreazur.fr\/azur\/wp-json\/wp\/v2\/media?parent=555"}],"wp:term":[{"taxonomy":"category","embeddable":true,"href":"https:\/\/equilibreazur.fr\/azur\/wp-json\/wp\/v2\/categories?post=555"},{"taxonomy":"post_tag","embeddable":true,"href":"https:\/\/equilibreazur.fr\/azur\/wp-json\/wp\/v2\/tags?post=555"}],"curies":[{"name":"wp","href":"https:\/\/api.w.org\/{rel}","templated":true}]}}