{"id":5511,"date":"2014-10-05T15:43:39","date_gmt":"2014-10-05T15:43:39","guid":{"rendered":"https:\/\/equilibreazur.fr\/azur\/?p=5511"},"modified":"2015-07-04T15:51:56","modified_gmt":"2015-07-04T15:51:56","slug":"2014-novembre-stage-aikido","status":"publish","type":"post","link":"https:\/\/equilibreazur.fr\/azur\/stages-calendrier\/2014-novembre-stage-aikido\/","title":{"rendered":"2014 &#8211; novembre \u2013 Stage"},"content":{"rendered":"<p style=\"text-align: center;\">\n<p><strong>AIKIDO<\/strong><\/p>\n<p style=\"padding-left: 30px;\">Entrainements mensuels\u00a0<strong>d&rsquo;Aikido<\/strong> pour tous niveaux dirig\u00e9s par <strong>Eric SAVALLI, 5e Dan Iwama Ryu,<\/strong> \u00e9l\u00e8ve de <strong>Daniel TOUTAIN Sensei depuis 1988<\/strong> et de <strong>SAITO Hitohira Sensei depuis 1993<\/strong>.\u00a0<a title=\"Enseignant Aikido\" href=\"https:\/\/equilibreazur.fr\/azur\/dojocho\">Plus d&rsquo;infos<\/a>\u00a0sur son parcours.<\/p>\n<p><strong>QI-GONG<\/strong><\/p>\n<p style=\"padding-left: 30px;\">Ces s\u00e9ances sont plut\u00f4t des s\u00e9ances d\u2019initiation, elles sont ouvertes \u00e0 toutes et tous, non r\u00e9serv\u00e9es aux pratiquants d\u2019Aikido\u2026 vous y \u00eates donc convi\u00e9(e) et y serez le\/la bienvenu(e).<br \/>\nS\u00e9ances de QI Gong dispens\u00e9es par <strong>Laurence MANTELET<\/strong>,&nbsp;\u00a0association&nbsp;\u00ab\u00a0<strong>La Voie du Qi\u00a0\u00bb <\/strong>Sophia-Antipolis.<\/p>\n<p>&nbsp;<\/p>\n<p><span style=\"color: #888888;\"><img loading=\"lazy\" decoding=\"async\" class=\"alignnone size-medium wp-image-5563\" src=\"https:\/\/equilibreazur.fr\/azur\/wp-content\/uploads\/2014\/10\/2014-10-12-Aikido-Chapigneulles-nancy-478x318.jpg\" alt=\"Stage Aikido 54-Champigneulles 10\/2014\" width=\"478\" height=\"318\" \/><br \/>\nPhoto de stage &#8211; Eric\u00a0SAVALLI et\u00a0Alexandre LHUILLIER\u00a0&#8211; 10\/2014<\/span><\/p>\n<p><img loading=\"lazy\" decoding=\"async\" class=\"alignnone size-full wp-image-2894\" title=\"2011-stage-aikido-aikidojo\" src=\"http:\/\/aikidoblog.net\/wp-content\/uploads\/2011\/07\/2011-stage-aikido-aikidojo.png\" alt=\"Stage Aikido\" width=\"478\" height=\"246\" srcset=\"https:\/\/equilibreazur.fr\/azur\/wp-content\/uploads\/2011\/07\/2011-stage-aikido-aikidojo.png 478w, https:\/\/equilibreazur.fr\/azur\/wp-content\/uploads\/2011\/07\/2011-stage-aikido-aikidojo-370x190.png 370w\" sizes=\"auto, (max-width: 478px) 100vw, 478px\" \/><\/p>\n<p>&nbsp;<\/p>\n<p><strong>DATE<\/strong><\/p>\n<p style=\"padding-left: 30px;\">Dimanche<strong>\u00a030\u00a0novembre 2014<br \/>\n<\/strong><\/p>\n<p><strong>PROGRAMME<\/strong><\/p>\n<p style=\"padding-left: 30px;\"><strong><strong><strong>08h30\u00a0<\/strong><strong>Nettoyage du dojo<\/strong><\/strong><\/strong><\/p>\n<p style=\"padding-left: 30px;\"><span style=\"color: #888888;\"><strong>08h45\u00a0\u2013 09h45<\/strong> <a title=\"M\u00e9ditation\" href=\"http:\/\/aikidoblog.net\/chinkon\/\" target=\"_blank\"><strong>M\u00e9ditation<\/strong><\/a>\u00a0\/\u00a0ChinKon<\/span><br \/>\n<strong><strong>09h00\u00a0\u2013 09h55<\/strong>\u00a0<strong>Buki Waza<\/strong><\/strong>\u00a0: Aiki-<strong>Ken<\/strong><strong><br \/>\n10h00 \u2013 10h55<\/strong>\u00a0<strong>Buki Waza<\/strong>\u00a0: Aiki-<strong>Jo<\/strong><br \/>\n<strong>11h00 \u2013 11h55<\/strong> <strong>Taijutsu<\/strong>\u00a0: mains nues<\/p>\n<p style=\"padding-left: 30px;\"><span style=\"color: #000000;\"><strong>12h00 \u2013\u00a012h30\/45 Qi&nbsp;Gong<\/strong>\u00a0avec <strong>Laurence MANTELET<\/strong>\u00a0 (optionnel)<\/span><\/p>\n<p style=\"padding-left: 30px;\"><span style=\"color: #808080;\">Repas ensemble pour ceux qui le souhaite.<\/span><\/p>\n<p style=\"padding-left: 30px;\"><span style=\"color: #000000;\">Entrainement <strong>pr\u00e9paration Grades Kyu, Shodan et Nidan<\/strong> (optionel)<\/span><br \/>\n<span style=\"color: #808080;\"> <strong>14h00 <strong>\u2013<\/strong>\u00a014h45<\/strong>\u00a0Entra\u00eenement &#8211; Ateliers 1<\/span><br \/>\n<span style=\"color: #808080;\"> <strong>14h45 \u2013\u00a015h30<\/strong>\u00a0Entra\u00eenement &#8211; Ateliers 2<\/span><br \/>\n<span style=\"color: #808080;\"> 15h30 Passages de grades (exclusivement en Janvier \/ Avril \/ Juin)<\/span><\/p>\n<p><strong>PARTICIPATION<\/strong><\/p>\n<p style=\"padding-left: 30px;\">Tout ou partie&nbsp;: 15\u00a0\u20ac<br \/>\n<span style=\"color: #888888;\">(famille&nbsp;: 5\u20ac\u00a0\u00e0 partir de la deuxi\u00e8me personne)<\/span><\/p>\n<p style=\"padding-left: 30px;\">Qi-Gong seulement: 5\u20ac<\/p>\n<p><strong>LIEU<\/strong><\/p>\n<p style=\"padding-left: 30px;\">Dojo de la <strong>salle Maset<\/strong><br \/>\nCh\u00e2teauneuf de Grasse \/ Region Nice-Grasse (06)<br \/>\nLe stage \u00e0 lieu \u00e0 proximit\u00e9 imm\u00e9diate d&rsquo;Opio, Le rouret, Roquefort, Valbonnne et Grasse.<\/p>\n<p style=\"padding-left: 30px;\">Plan avec Google Street&nbsp;: <a href=\"http:\/\/tinyurl.com\/aikido-maset\" target=\"_blank\"><strong>http:\/\/tinyurl.com\/aikido-maset<\/strong><\/a><\/p>\n<p style=\"padding-left: 30px;\"><small><a style=\"color: #0000ff; text-align: left;\" href=\"http:\/\/tinyurl.com\/aikido-maset\" target=\"_blank\"><img loading=\"lazy\" decoding=\"async\" class=\"aligncenter size-full wp-image-796\" title=\"salle-maset-chateauneuf\" src=\"http:\/\/aikidoblog.net\/wp-content\/uploads\/salle-maset-chateauneuf.png\" alt=\"Aikido \u00e0 Grasse - Chateauneuf - Stage mensuel\" width=\"450\" height=\"437\" \/><br \/>\n<\/a><\/small><\/p>\n<p><strong>INFORMATION<\/strong><\/p>\n<p style=\"padding-left: 30px;\">Cours d&rsquo;Aikido r\u00e9guliers (mensuels) donn\u00e9s sous la forme d&rsquo;un stage, ouverts \u00e0 tous les pratiquants d&rsquo;Aikido quelque soit leur \u00e9cole ou f\u00e9d\u00e9ration.<br \/>\nLe stage d\u00e9bute par une petite session de <strong><a title=\"M\u00e9ditation\" href=\"http:\/\/aikidoblog.net\/chinkon\/\" target=\"_blank\">M\u00e9ditation<\/a><\/strong>. Pr\u00e9voir un coussin (ou un zafu).\u00a0Il\u00a0n&rsquo;est pas oblig\u00e9 de pratiquer cette session de m\u00e9ditation.<br \/>\nSe munir de <strong>chaussures de sport<\/strong> en cas de pratique en plein air.<\/p>\n<p style=\"padding-left: 30px;\">(entra\u00eenement sous les oliviers en cas de beau temps&nbsp;;o))<\/p>\n<p style=\"padding-left: 30px;\">Des armes (Ken, Jo, Tanto) peuvent \u00eatre pr\u00eat\u00e9es en cas de besoin. Pr\u00e9venir \u00e0 l&rsquo;avance.<\/p>\n<p><strong>CONTACT<\/strong><\/p>\n<p style=\"padding-left: 30px;\"><a href=\"mailto:contact@aiki-dojo.fr\">contact@aiki-dojo.fr<\/a><br \/>\nAiki Dojo Azur<br \/>\n+33 (0)6 60 42 26 32<\/p>\n<p><strong>TELECHARGER L&rsquo;AFFICHE 2014-2015<\/strong><\/p>\n<p style=\"padding-left: 30px;\"><a title=\"Affiche Stage Aikido Iwama Ryu\" href=\"https:\/\/equilibreazur.fr\/azur\/!box\/stage\/2014-2015-koshukai-ADA.pdf\" target=\"_blank\"><img loading=\"lazy\" decoding=\"async\" class=\"alignnone size-full wp-image-2895\" title=\"2011-2012-koshukai-ADA-small250\" src=\"http:\/\/aikidoblog.net\/wp-content\/uploads\/2011\/07\/2011-2012-koshukai-ADA-small250.png\" alt=\"Stage aikido - koshukai\" width=\"250\" height=\"177\" \/><\/a><\/p>\n","protected":false},"excerpt":{"rendered":"<p>Dimanche 30\/11\/2014: Stage mensuel d&rsquo;Aikido en r\u00e9gion de Nice \/ Grasse \/ Valbonne &#8211; C\u00f4t\u00e9 d&rsquo;Azur &#8211; avec Eric Savalli 5e Dan, et session de Qi-Gong avec Laurence Mantelet<\/p>\n","protected":false},"author":2,"featured_media":2894,"comment_status":"open","ping_status":"open","sticky":false,"template":"","format":"standard","meta":{"_acf_changed":false,"_seopress_robots_primary_cat":"","_seopress_titles_title":"","_seopress_titles_desc":"Samedi 05\/05\/2012: Stage mensuel d&#039;Aikido en r\u00e9gion de Nice \/ Grasse \/ Valbonne - C\u00f4t\u00e9 d&#039;Azur avec Eric Savalli 5e Dan.","_seopress_robots_index":"","generate_page_header":"","footnotes":""},"categories":[197],"tags":[248,45,95,213,204],"class_list":["post-5511","post","type-post","status-publish","format-standard","has-post-thumbnail","hentry","category-stages-calendrier","tag-aikido","tag-e-savalli","tag-nice-grasse","tag-qi-gong","tag-stage","infinite-scroll-item","masonry-post","generate-columns","tablet-grid-50","mobile-grid-100","grid-parent","grid-50"],"acf":[],"_links":{"self":[{"href":"https:\/\/equilibreazur.fr\/azur\/wp-json\/wp\/v2\/posts\/5511","targetHints":{"allow":["GET"]}}],"collection":[{"href":"https:\/\/equilibreazur.fr\/azur\/wp-json\/wp\/v2\/posts"}],"about":[{"href":"https:\/\/equilibreazur.fr\/azur\/wp-json\/wp\/v2\/types\/post"}],"author":[{"embeddable":true,"href":"https:\/\/equilibreazur.fr\/azur\/wp-json\/wp\/v2\/users\/2"}],"replies":[{"embeddable":true,"href":"https:\/\/equilibreazur.fr\/azur\/wp-json\/wp\/v2\/comments?post=5511"}],"version-history":[{"count":6,"href":"https:\/\/equilibreazur.fr\/azur\/wp-json\/wp\/v2\/posts\/5511\/revisions"}],"predecessor-version":[{"id":5564,"href":"https:\/\/equilibreazur.fr\/azur\/wp-json\/wp\/v2\/posts\/5511\/revisions\/5564"}],"wp:featuredmedia":[{"embeddable":true,"href":"https:\/\/equilibreazur.fr\/azur\/wp-json\/wp\/v2\/media\/2894"}],"wp:attachment":[{"href":"https:\/\/equilibreazur.fr\/azur\/wp-json\/wp\/v2\/media?parent=5511"}],"wp:term":[{"taxonomy":"category","embeddable":true,"href":"https:\/\/equilibreazur.fr\/azur\/wp-json\/wp\/v2\/categories?post=5511"},{"taxonomy":"post_tag","embeddable":true,"href":"https:\/\/equilibreazur.fr\/azur\/wp-json\/wp\/v2\/tags?post=5511"}],"curies":[{"name":"wp","href":"https:\/\/api.w.org\/{rel}","templated":true}]}}