{"id":5483,"date":"2014-10-05T10:44:15","date_gmt":"2014-10-05T10:44:15","guid":{"rendered":"https:\/\/equilibreazur.fr\/azur\/?p=5483"},"modified":"2015-07-04T15:53:22","modified_gmt":"2015-07-04T15:53:22","slug":"2015-stage-toutain-nice-chateauneuf-grasse","status":"publish","type":"post","link":"https:\/\/equilibreazur.fr\/azur\/news\/2015-stage-toutain-nice-chateauneuf-grasse\/","title":{"rendered":"Janv 2015&nbsp;: Stage R\u00e9gional avec D. TOUTAIN &#8211; Nice \/ Chateauneuf Grasse"},"content":{"rendered":"<p style=\"text-align: center;\">\n<p style=\"text-align: center;\"><strong><span style=\"color: #ff0000;\">Xe\u00a0Stage annuel<\/span> \u00e0 Chateauneuf de Grasse<br \/>\n<\/strong>dirig\u00e9 par\u00a0<strong>Daniel TOUTAIN Sensei<\/strong><\/p>\n<p style=\"text-align: center;\"><strong>Vendredi,\u00a0Samedi, Dimanche<br \/>\n23\/24\/25 JANVIER\u00a02015<\/strong><\/p>\n<p>(<span style=\"color: #3366ff;\">Coll\u00e8ge\u00a0<\/span>et\u00a0<span style=\"color: #3366ff;\">Salle MASET<\/span> de Chateauneuf de Grasse)<\/p>\n<hr style=\"height: 1px; width: 100%;\" size=\"1\" width=\"80%\" \/>\n<table class=\"aligncenter\" style=\"width: 100%;\" border=\"0\" align=\"center\">\n<tbody>\n<tr>\n<td><em><img loading=\"lazy\" decoding=\"async\" class=\"alignleft\" title=\"ENGLISH\" src=\"https:\/\/equilibreazur.fr\/azur\/images\/flag\/en.png\" alt=\"\" width=\"32\" height=\"32\" \/>GRASSE is located in south-east of FRANCE in the<strong> French Riviera (C\u00f4te d\u2019Azur &#8211; Nice \/ Monaco)<\/strong>, at 40mn from Nice C\u00f4te d\u2019Azur airport (which is the second airport in France, with a hourly connection to PARIS with Air-France).<\/em><br \/>\n<em>As the keiko are on friday and saturday, you could enjoy the area on sunday&#8230; or follow Sensei who is directing a&nbsp;\u00a0seminar on Sunday in Paris area.<br \/>\n<\/em><br \/>\n<em>If you are coming by train or by plane, <strong>we will take care of you<\/strong>.<\/em>\u00a0<strong><em>No need to worry about transportation&#8230;<\/em><\/strong><br \/>\n<em>Its is not possible to sleep on the mats, at the dojo.<\/em><br \/>\n<em>If you would like to be hosted in a trainee\u2019s home, we will be pleased to do so.<\/em><br \/>\n<em>Please, let us know asap by email (english spoken).<\/em><br \/>\n<em>&#8230; please contact us asap.<\/em><\/td>\n<\/tr>\n<\/tbody>\n<\/table>\n<hr style=\"height: 1px; width: 100%;\" size=\"1\" width=\"80%\" \/>\n<p><span style=\"text-align: left;\">Comme chaque ann\u00e9e et pour la 10\u00e8me saison cons\u00e9cutive, <\/span><a style=\"text-align: left;\" title=\"Aiki Dojo\" href=\"https:\/\/equilibreazur.fr\/azur\/\">Aiki Dojo Azur<\/a><span style=\"text-align: left;\"> organise un stage exceptionnel de 3\u00a0jours d&rsquo;Aikido du\u00a0Vendredi\u00a025\u00a0\u00a0au\u00a0Dimanche\u00a027\u00a0 janvier\u00a02015, \u00e0 <\/span><strong style=\"text-align: left;\">Chateauneuf de Grasse<\/strong><span style=\"text-align: left;\"> (06-Alpes Maritimes &#8211; R\u00e9gion de Nice) avec <\/span><strong style=\"text-align: left;\"><a title=\"Daniel Toutain Sensei\" href=\"http:\/\/aikidoblog.net\/fr\/aikido\/sensei\/daniel-toutain\/\">Daniel\u00a0TOUTAIN Sensei<\/a>, 6eme Dan d&rsquo;Aikido (Aikikai de Japon et Saito Sensei)<\/strong><span style=\"text-align: left;\">.<\/span><\/p>\n<p style=\"text-align: left;\">Daniel TOUTAIN, expert en Aikido avec plus de 40 ans de pratique et d&rsquo;enseignement, fut \u00e9l\u00e8ve direct de feu SAITO\u00a0Morihei\u00a0Sensei et son repr\u00e9sentant en France. Avant lui, Daniel\u00a0TOUTAIN \u00e9tait assistant de Ma\u00eetre\u00a0NORO puis de Ma\u00eetre\u00a0TAMURA.\u00a0Il dirige depuis longue date des stages \u00e0 travers toute l&rsquo;Europe et au del\u00e0. Il est le responsable technique et fondateur de la&nbsp;\u00ab\u00a0Fundamental Aikido Association\u00a0\u00bb &#8211; FAA.<br \/>\n<strong>Ce stage exceptionnel est ouvert \u00e0 tous les pratiquants d&rsquo;Aikido, y compris les d\u00e9butants.<\/strong><\/p>\n<p><img loading=\"lazy\" decoding=\"async\" class=\"alignnone size-full wp-image-2750\" title=\"Aikido Iwama Ryu - Auray Summer Camp - 08\/2009\" src=\"http:\/\/aikidoblog.net\/wp-content\/uploads\/2011\/07\/2009-08-DToutain-Auray-portrait.jpg\" alt=\"Daniel Toutain - Stage Aikido\" width=\"478\" height=\"478\" srcset=\"https:\/\/equilibreazur.fr\/azur\/wp-content\/uploads\/2011\/07\/2009-08-DToutain-Auray-portrait.jpg 478w, https:\/\/equilibreazur.fr\/azur\/wp-content\/uploads\/2011\/07\/2009-08-DToutain-Auray-portrait-200x200.jpg 200w, https:\/\/equilibreazur.fr\/azur\/wp-content\/uploads\/2011\/07\/2009-08-DToutain-Auray-portrait-370x370.jpg 370w, https:\/\/equilibreazur.fr\/azur\/wp-content\/uploads\/2011\/07\/2009-08-DToutain-Auray-portrait-300x300.jpg 300w\" sizes=\"auto, (max-width: 478px) 100vw, 478px\" \/><br \/>\n<span style=\"color: #888888;\">Daniel TOUTAIN &#8211; Auray 2009 &#8211; photo&nbsp;\u00a9 2oo9 esavalli<\/span><\/p>\n<p><iframe loading=\"lazy\" width=\"1200\" height=\"675\" src=\"https:\/\/www.youtube.com\/embed\/W4fLGVjyAE8?feature=oembed\" frameborder=\"0\" allow=\"autoplay; encrypted-media\" allowfullscreen><\/iframe><br \/>\n(voir d&rsquo;<a title=\"Vid\u00e9os Daniel TOUTAIN\" href=\"http:\/\/aikidoblog.net\/fr\/videos\/extraits-14dvd-toutain\/\" target=\"_blank\">autres vid\u00e9os<\/a> de Daniel TOUTAIN sur AikidoBlog.net)<\/p>\n<p><strong>A retenir&#8230;<\/strong><\/p>\n<p style=\"padding-left: 30px;\"><strong>Stage annuel \u00e0 Chateauneuf de Grasse 06-PACA<br \/>\n<\/strong>dirig\u00e9 par <strong>Daniel TOUTAIN Sensei<\/strong><\/p>\n<p style=\"padding-left: 30px;\">le VENDREDI<strong>\u00a023 JANVIER<\/strong>\u00a0(Coll\u00e8ge)<br \/>\net <strong>SAMEDI 24\u00a0JANVIER<\/strong> (MASET et Coll\u00e8ge)<strong>,<br \/>\n<\/strong><strong>DIMANCHE 25\u00a0JANVIER<\/strong>\u00a0(Coll\u00e8ge)<\/p>\n<p><img loading=\"lazy\" decoding=\"async\" class=\"alignnone size-medium wp-image-5584\" src=\"https:\/\/equilibreazur.fr\/azur\/wp-content\/uploads\/2014\/10\/131130-stage-nice-toutain-478x318.jpg\" alt=\"Stage Aikido - Daniel Toutain - Cheateauneuf de Grasse 06\" width=\"478\" height=\"318\" \/><\/p>\n<p><strong>Programme et Horaire<\/strong><\/p>\n<p style=\"padding-left: 30px;\"><strong>Vendredi<\/strong><br \/>\n<span style=\"color: #3366ff;\"><strong>Coll\u00e8ge<\/strong><\/span> Le Rouret \/ Chateauneuf<br \/>\n19:30 \u2013 20:30 &#8211; Cours 1 &#8211;\u00a0<strong>Buki dori \/ Jo dori<\/strong>&#8211;<\/p>\n<p style=\"padding-left: 30px;\"><strong>Samedi\u00a0matin<\/strong><br \/>\n<span style=\"color: #3366ff;\"><strong>Salle MASET<\/strong><\/span>\u00a0Chateauneuf<br \/>\n09:30 \u2013 10:30 &#8211; Cours 2 &#8211;<br \/>\n10:30 \u2013 11:30 &#8211; Cours 3\u00a0&#8211;<br \/>\n11:30 \u2013\u00a012:30 &#8211; Cours 4 &#8211;<\/p>\n<p style=\"padding-left: 30px;\">(pique-nique sur place)<\/p>\n<p style=\"padding-left: 30px;\"><strong>Samedi apr\u00e8s-midi<\/strong><br \/>\n<span style=\"color: #3366ff;\"><strong>Coll\u00e8ge<\/strong><\/span>\u00a0Le Rouret \/ Chateauneuf<br \/>\n13:30 \u2013 14:30 &#8211; Cours 5\u00a0&#8211;<br \/>\n14:30 \u2013 15:30 &#8211;\u00a0Cours 6\u00a0&#8211;<br \/>\n15:30 \u2013 16:30 &#8211;\u00a0Cours 7\u00a0&#8211;<br \/>\n<strong><br \/>\nDimanche 01\/12<br \/>\n<\/strong><span style=\"color: #3366ff;\"><strong>Coll\u00e8ge<\/strong><\/span>\u00a0Le Rouret \/ Chateauneuf<br \/>\n09:00 \u2013 10:00 &#8211; Cours 8\u00a0&#8211;<br \/>\n10:00 \u2013 11:00 &#8211; Cours 9\u00a0&#8211;<br \/>\n11:00 \u2013\u00a012:00 &#8211; Cours 10\u00a0&#8211;<\/p>\n<p style=\"padding-left: 30px;\"><strong>5 \u00e0 10 minutes de pause<\/strong> sont pr\u00e9vues entre chaque cours.<\/p>\n<p><strong>H\u00e9bergement<\/strong><\/p>\n<p style=\"padding-left: 30px;\"><strong>Chez l&rsquo;habitant<br \/>\n<\/strong>Il peut \u00eatre possible d&rsquo;\u00eatre <span style=\"color: #993300;\">h\u00e9berg\u00e9 par des adh\u00e9rents du dojo<\/span>.<br \/>\nPour cela, veuillez nous envoyer un <a href=\"mailto:azur@aikidojo.fr\" target=\"_blank\">courriel<\/a> au plus vite car les places sont limit\u00e9es.<\/p>\n<p style=\"padding-left: 30px;\"><strong>H\u00f4tel<\/strong><br \/>\nH\u00f4tel Campagnile &#8211; Chateauneuf de Grasse<br \/>\n<span style=\"color: #993300;\">Mentionnez \u00e0 votre r\u00e9servation que vous venez pour un stage sportif pour b\u00e9n\u00e9ficier d&rsquo;une r\u00e9duction<\/span>.<br \/>\n<a title=\"H\u00f4tel pour le stage d'aikido\" href=\"http:\/\/www.campanile-grasse-chateauneuf.fr\/fr\/index.aspx\" target=\"_blank\">http:\/\/www.campanile-grasse-chateauneuf.fr\/<\/a><\/p>\n<p style=\"padding-left: 30px;\"><strong>Camping<\/strong><br \/>\nCamping L&rsquo;Or\u00e9e d&rsquo;Azur<br \/>\n<a title=\"Camping pour le stage d'Aikido\" href=\"http:\/\/www.camping-loreedazur.fr\" target=\"_blank\">http:\/\/www.camping-loreedazur.fr<\/a><\/p>\n<p><strong>Participation<\/strong><\/p>\n<ul>\n<ul>\n<li>Cours du <strong>Vendredi<\/strong>\u00a0&nbsp;: \u20ac15<\/li>\n<li>Cours de <strong>une\u00a01\/2 journ\u00e9e<\/strong>\u00a0: \u20ac40<\/li>\n<li>Cours de <strong>deux\u00a01\/2 journ\u00e9es\u00a0<\/strong>: \u20ac55<\/li>\n<li>Vendredi + Samedi + Dimanche\u00a0: <strong>seulement \u20ac70<\/strong><\/li>\n<\/ul>\n<\/ul>\n<p><strong>Vid\u00e9o et Photographie du stage<\/strong><\/p>\n<div style=\"padding-left: 30px;\">\ud83d\ude2f Enregistrement vid\u00e9os et photographiques ne sont pas autoris\u00e9s\u00a0durant les cours.<\/div>\n<p><strong>T\u00e9l\u00e9charger l&rsquo;affiche&#8230;<\/strong><\/p>\n<p style=\"padding-left: 30px;\"><a href=\"https:\/\/equilibreazur.fr\/azur\/wp-content\/uploads\/2014\/10\/2015-01-StageDT.pdf\"><img loading=\"lazy\" decoding=\"async\" class=\"alignnone size-full wp-image-5487\" src=\"https:\/\/equilibreazur.fr\/azur\/wp-content\/uploads\/2014\/10\/2015-01-StageDT-vignette.jpg\" alt=\"2015-01-StageDT-vignette\" width=\"350\" height=\"249\" srcset=\"https:\/\/equilibreazur.fr\/azur\/wp-content\/uploads\/2014\/10\/2015-01-StageDT-vignette.jpg 350w, https:\/\/equilibreazur.fr\/azur\/wp-content\/uploads\/2014\/10\/2015-01-StageDT-vignette-150x106.jpg 150w\" sizes=\"auto, (max-width: 350px) 100vw, 350px\" \/><br \/>\n2015-01-Stage-DToutain<\/a><a href=\"https:\/\/equilibreazur.fr\/azur\/wp-content\/uploads\/2013\/10\/2013-11-StageDT.pdf\"><br \/>\n<\/a><\/p>\n<p><strong>Lieu du stage&#8230;<\/strong><\/p>\n<div title=\"Page 2\">\n<p style=\"padding-left: 30px;\"><strong>Plans d&rsquo;acc\u00e8s<\/strong>&nbsp;:<br \/>\n<a href=\"https:\/\/www.google.com\/maps\/d\/viewer?mid=z88ZSxIt-y98.k-zSPYmtTrv4\" target=\"_blank\">https:\/\/www.google.com\/maps\/d\/viewer?mid=z88ZSxIt-y98.k-zSPYmtTrv4<\/a><\/p>\n<p style=\"padding-left: 30px;\"><strong>1\/\u00a0Salle MASET &#8211;\u00a0CHATEAUNEUF\u00a0de GRASSE<\/strong><\/p>\n<\/div>\n<p style=\"padding-left: 30px;\">Le Samedi matin seulement, le stage aura lieu \u00e0 la Salle MASET.<br \/>\nUn parking permet de garer les voitures.<\/p>\n<div style=\"padding-left: 30px;\"><strong>349 Route d&rsquo;Opio<\/strong><\/div>\n<div style=\"padding-left: 30px;\"><strong>06740 Ch\u00e2teauneuf-Grasse<\/strong><\/div>\n<p style=\"padding-left: 30px;\"><a href=\"https:\/\/goo.gl\/maps\/xPL8j\" target=\"_blank\">https:\/\/goo.gl\/maps\/xPL8j<\/a><\/p>\n<p style=\"padding-left: 30px;\"><iframe loading=\"lazy\" style=\"border: 0;\" src=\"https:\/\/www.google.com\/maps\/embed?pb=!1m0!3m2!1sfr!2sfr!4v1421428079476!6m8!1m7!1s-fc6uQlRd4W5cQEcMNwHoQ!2m2!1d43.676219!2d6.975628!3f74.82151752093483!4f-19.888957037017875!5f0.7820865974627469\" width=\"600\" height=\"450\" frameborder=\"0\"><\/iframe><\/p>\n<p style=\"padding-left: 30px;\"><strong>2\/\u00a0Coll\u00e8ge de Le ROURET \/ CHATEAUNEUF\u00a0de GRASSE<\/strong><\/p>\n<p style=\"padding-left: 30px;\">En dehors du samedi matin, le stage aura lieu \u00e0 la salle du Gymnase du Coll\u00e8ge de Chateauneuf de Grasse \/ Le Rouret.<br \/>\nCette salle porte le nom&nbsp;\u00ab\u00a0Salle du Bois de Saint Jeaume\u00a0\u00bb.<br \/>\nLe gymnase en situ\u00e9 en face du coll\u00e8ge, il est quelque peu cach\u00e9 par les arbres mais tr\u00e8s facile \u00e0 trouver.<br \/>\nLes installations sont comme neuves, avec vestiaires et douches. Un parking permet de garer les voitures.<\/p>\n<p style=\"padding-left: 30px;\"><strong>Salle du Bois de Saint Jeaume<\/strong><br \/>\n<strong>Gymnase du coll\u00e8ge<\/strong><br \/>\n<strong>Chemin de Barnarac<\/strong><br \/>\n<strong>06650 LE ROURET<\/strong><\/p>\n<p style=\"padding-left: 30px;\">La\u00a0salle du gymnase\u00a0avec GoogleMaps (La salle se situe chemin de Barnarac)\u00a0:<br \/>\n<a href=\"https:\/\/goo.gl\/maps\/TV4tq\" target=\"_blank\">https:\/\/goo.gl\/maps\/TV4tq<br \/>\n<\/a><br \/>\n<iframe loading=\"lazy\" src=\"https:\/\/www.google.com\/maps\/embed?pb=!1m0!3m2!1sfr!2sfr!4v1421426502993!6m8!1m7!1s1hWCe0i-wG2T90yWH5lrUg!2m2!1d43.673431!2d6.993002!3f327.7626653423456!4f-13.717081908514118!5f0.7820865974627469\" width=\"600\" height=\"450\" frameborder=\"0\"><\/iframe><small><br \/>\n<\/small><\/p>\n<p style=\"padding-left: 30px;\"><strong>3\/ Entra\u00eenement aux armes en plein-air&nbsp;!<\/strong><\/p>\n<p style=\"padding-left: 30px;\">Pr\u00e9voyez des chaussures de sport pour une pratique des armes en ext\u00e9rieur, sous les oliviers, si le temps le permet.<\/p>\n<p style=\"padding-left: 30px;\">GRASSE est situ\u00e9e au Sud Est de la FRANCE dans la r\u00e9gion Provence\u2013Alpes C\u00f4te d\u2019Azur (PACA) et \u00e0 40mn de l\u2019a\u00e9roport de Nice C\u00f4te d\u2019Azur (2eme a\u00e9roport de France, Navette NICE\/PARIS toutes les heures avec Air-France).<\/p>\n<p style=\"padding-left: 30px;\"><img loading=\"lazy\" decoding=\"async\" class=\"size-full wp-image-4446 alignnone\" title=\"pic\" src=\"https:\/\/equilibreazur.fr\/azur\/wp-content\/uploads\/2012\/09\/pic.jpg\" alt=\"French Riviera\" width=\"449\" height=\"312\" srcset=\"https:\/\/equilibreazur.fr\/azur\/wp-content\/uploads\/2012\/09\/pic.jpg 449w, https:\/\/equilibreazur.fr\/azur\/wp-content\/uploads\/2012\/09\/pic-150x104.jpg 150w, https:\/\/equilibreazur.fr\/azur\/wp-content\/uploads\/2012\/09\/pic-400x277.jpg 400w, https:\/\/equilibreazur.fr\/azur\/wp-content\/uploads\/2012\/09\/pic-370x257.jpg 370w\" sizes=\"auto, (max-width: 449px) 100vw, 449px\" \/><br \/>\n<span style=\"color: #808080;\">Photo: Manfred Steinbach\/shutterstock<\/span><\/p>\n<p><strong>Plus d&rsquo;information&#8230;<\/strong><\/p>\n<p style=\"padding-left: 30px;\">Attention, <strong>ces informations peuvent \u00e9voluer<\/strong>&nbsp;!<br \/>\nMerci de revenir consulter cette page, ou mieux, de vous <a title=\"newsletter aikido\" href=\"http:\/\/aikidoblog.net\/fr\/news\/lettre-information\/\" target=\"_blank\">inscrire \u00e0 notre lettre d&rsquo;information<\/a>.<\/p>\n<p style=\"padding-left: 30px;\">Pr\u00e9voir des <strong>chaussures de sport en cas de pratique \u00e0 l&rsquo;ext\u00e9rieur<\/strong>&#8230;<br \/>\nce sera le cas <strong>si le soleil est au rendez-vous le samedi<\/strong>.<br \/>\nNotez le num\u00e9ro de l&rsquo;organisateur \u00e0 cet effet&#8230;\u00a0+33 (0)6 60 42 26 32<\/p>\n<p style=\"padding-left: 30px;\"><a href=\"mailto:azur@aikidojo.fr\" target=\"_blank\">azur@aikidojo.fr<\/a><br \/>\nAiki Dojo Azur<br \/>\n+33 (0)6 60 42 26 32<\/p>\n<p><strong>Quelques photos de\u00a0stages des saisons pass\u00e9es&nbsp;!<\/strong><\/p>\n<div id='gallery-1' class='gallery galleryid-5483 gallery-columns-3 gallery-size-thumbnail'><figure class='gallery-item'>\n\t\t\t<div class='gallery-icon landscape'>\n\t\t\t\t<a href='https:\/\/equilibreazur.fr\/azur\/stages-calendrier\/2013-stage-aikido-toutain-nice\/attachment\/stage-aikido-daniel-toutain-cheateauneuf-de-grasse-06\/#main'><img loading=\"lazy\" decoding=\"async\" width=\"200\" height=\"200\" src=\"https:\/\/equilibreazur.fr\/azur\/wp-content\/uploads\/2013\/10\/2013-12-01-12-54-20-IMG_2746-200x200.jpg\" class=\"attachment-thumbnail size-thumbnail\" alt=\"\" aria-describedby=\"gallery-1-5155\" \/><\/a>\n\t\t\t<\/div>\n\t\t\t\t<figcaption class='wp-caption-text gallery-caption' id='gallery-1-5155'>\n\t\t\t\t12\/2013\n\t\t\t\t<\/figcaption><\/figure><figure class='gallery-item'>\n\t\t\t<div class='gallery-icon landscape'>\n\t\t\t\t<a href='https:\/\/equilibreazur.fr\/azur\/stages-calendrier\/2013-stage-aikido-toutain-nice\/attachment\/stage-aikido-daniel-toutain-cheateauneuf-de-grasse-06-3\/#main'><img loading=\"lazy\" decoding=\"async\" width=\"200\" height=\"200\" src=\"https:\/\/equilibreazur.fr\/azur\/wp-content\/uploads\/2013\/10\/2013-11-30-12-15-01-IMG_2594-200x200.jpg\" class=\"attachment-thumbnail size-thumbnail\" alt=\"\" aria-describedby=\"gallery-1-5157\" \/><\/a>\n\t\t\t<\/div>\n\t\t\t\t<figcaption class='wp-caption-text gallery-caption' id='gallery-1-5157'>\n\t\t\t\t12\/2013\n\t\t\t\t<\/figcaption><\/figure><figure class='gallery-item'>\n\t\t\t<div class='gallery-icon landscape'>\n\t\t\t\t<a href='https:\/\/equilibreazur.fr\/azur\/stages-calendrier\/2013-stage-aikido-toutain-nice\/attachment\/stage-aikido-daniel-toutain-cheateauneuf-de-grasse-06-5\/#main'><img loading=\"lazy\" decoding=\"async\" width=\"200\" height=\"200\" src=\"https:\/\/equilibreazur.fr\/azur\/wp-content\/uploads\/2013\/10\/2013-11-30-12-26-14-IMG_2626-200x200.jpg\" class=\"attachment-thumbnail size-thumbnail\" alt=\"\" aria-describedby=\"gallery-1-5159\" \/><\/a>\n\t\t\t<\/div>\n\t\t\t\t<figcaption class='wp-caption-text gallery-caption' id='gallery-1-5159'>\n\t\t\t\t12\/2013\n\t\t\t\t<\/figcaption><\/figure><figure class='gallery-item'>\n\t\t\t<div class='gallery-icon landscape'>\n\t\t\t\t<a href='https:\/\/equilibreazur.fr\/azur\/stages-calendrier\/2013-stage-aikido-toutain-nice\/attachment\/stage-aikido-daniel-toutain-cheateauneuf-de-grasse-06-9\/#main'><img loading=\"lazy\" decoding=\"async\" width=\"200\" height=\"200\" src=\"https:\/\/equilibreazur.fr\/azur\/wp-content\/uploads\/2013\/10\/2013-12-01-12-01-53-IMG_2730-200x200.jpg\" class=\"attachment-thumbnail size-thumbnail\" alt=\"\" aria-describedby=\"gallery-1-5163\" \/><\/a>\n\t\t\t<\/div>\n\t\t\t\t<figcaption class='wp-caption-text gallery-caption' id='gallery-1-5163'>\n\t\t\t\tD.Toutain &#038; S.Bravin (Ajaccio) 12\/2013 \n\t\t\t\t<\/figcaption><\/figure><figure class='gallery-item'>\n\t\t\t<div class='gallery-icon landscape'>\n\t\t\t\t<a href='https:\/\/equilibreazur.fr\/azur\/stages-calendrier\/2013-stage-aikido-toutain-nice\/attachment\/stage-aikido-daniel-toutain-cheateauneuf-de-grasse-06-10\/#main'><img loading=\"lazy\" decoding=\"async\" width=\"200\" height=\"200\" src=\"https:\/\/equilibreazur.fr\/azur\/wp-content\/uploads\/2013\/10\/2013-12-01-12-52-40-IMG_2742-200x200.jpg\" class=\"attachment-thumbnail size-thumbnail\" alt=\"\" \/><\/a>\n\t\t\t<\/div><\/figure><figure class='gallery-item'>\n\t\t\t<div class='gallery-icon landscape'>\n\t\t\t\t<a href='https:\/\/equilibreazur.fr\/azur\/stages-calendrier\/2013-stage-aikido-toutain-nice\/attachment\/stage-aikido-daniel-toutain-cheateauneuf-de-grasse-06-13\/#main'><img loading=\"lazy\" decoding=\"async\" width=\"200\" height=\"200\" src=\"https:\/\/equilibreazur.fr\/azur\/wp-content\/uploads\/2013\/10\/2013-11-30-11-08-40-IMG_2424-200x200.jpg\" class=\"attachment-thumbnail size-thumbnail\" alt=\"\" \/><\/a>\n\t\t\t<\/div><\/figure><figure class='gallery-item'>\n\t\t\t<div class='gallery-icon landscape'>\n\t\t\t\t<a href='https:\/\/equilibreazur.fr\/azur\/stages-calendrier\/2013-stage-aikido-toutain-nice\/attachment\/stage-aikido-daniel-toutain-cheateauneuf-de-grasse-06-15\/#main'><img loading=\"lazy\" decoding=\"async\" width=\"200\" height=\"200\" src=\"https:\/\/equilibreazur.fr\/azur\/wp-content\/uploads\/2013\/10\/2013-11-30-11-38-04-IMG_2498-200x200.jpg\" class=\"attachment-thumbnail size-thumbnail\" alt=\"\" \/><\/a>\n\t\t\t<\/div><\/figure><figure class='gallery-item'>\n\t\t\t<div class='gallery-icon landscape'>\n\t\t\t\t<a href='https:\/\/equilibreazur.fr\/azur\/stages-calendrier\/2013-stage-aikido-toutain-nice\/attachment\/stage-aikido-daniel-toutain-cheateauneuf-de-grasse-06-16\/#main'><img loading=\"lazy\" decoding=\"async\" width=\"200\" height=\"200\" src=\"https:\/\/equilibreazur.fr\/azur\/wp-content\/uploads\/2013\/10\/2013-11-30-12-01-00-IMG_2551-200x200.jpg\" class=\"attachment-thumbnail size-thumbnail\" alt=\"\" aria-describedby=\"gallery-1-5170\" \/><\/a>\n\t\t\t<\/div>\n\t\t\t\t<figcaption class='wp-caption-text gallery-caption' id='gallery-1-5170'>\n\t\t\t\tD.Toutain &#038; E.Savalli (Nice) 12\/2013\n\t\t\t\t<\/figcaption><\/figure><figure class='gallery-item'>\n\t\t\t<div class='gallery-icon landscape'>\n\t\t\t\t<a href='https:\/\/equilibreazur.fr\/azur\/stages-calendrier\/2013-stage-aikido-toutain-nice\/attachment\/stage-aikido-daniel-toutain-cheateauneuf-de-grasse-06-17\/#main'><img loading=\"lazy\" decoding=\"async\" width=\"200\" height=\"200\" src=\"https:\/\/equilibreazur.fr\/azur\/wp-content\/uploads\/2013\/10\/2013-11-30-12-13-10-IMG_2588-200x200.jpg\" class=\"attachment-thumbnail size-thumbnail\" alt=\"\" aria-describedby=\"gallery-1-5171\" \/><\/a>\n\t\t\t<\/div>\n\t\t\t\t<figcaption class='wp-caption-text gallery-caption' id='gallery-1-5171'>\n\t\t\t\tD.Toutain &#038; S.Long (Marseille) 12\/2013\n\t\t\t\t<\/figcaption><\/figure><figure class='gallery-item'>\n\t\t\t<div class='gallery-icon landscape'>\n\t\t\t\t<a href='https:\/\/equilibreazur.fr\/azur\/news\/2015-stage-toutain-nice-chateauneuf-grasse\/attachment\/2004-toutain-nice\/#main'><img loading=\"lazy\" decoding=\"async\" width=\"200\" height=\"200\" src=\"https:\/\/equilibreazur.fr\/azur\/wp-content\/uploads\/2014\/10\/2004-toutain-nice-200x200.jpg\" class=\"attachment-thumbnail size-thumbnail\" alt=\"\" aria-describedby=\"gallery-1-5495\" \/><\/a>\n\t\t\t<\/div>\n\t\t\t\t<figcaption class='wp-caption-text gallery-caption' id='gallery-1-5495'>\n\t\t\t\t1er Stage &#8211; 09\/2004\n\t\t\t\t<\/figcaption><\/figure><figure class='gallery-item'>\n\t\t\t<div class='gallery-icon landscape'>\n\t\t\t\t<a href='https:\/\/equilibreazur.fr\/azur\/news\/2015-stage-toutain-nice-chateauneuf-grasse\/attachment\/2005-10-toutain-nice-grasse\/#main'><img loading=\"lazy\" decoding=\"async\" width=\"200\" height=\"200\" src=\"https:\/\/equilibreazur.fr\/azur\/wp-content\/uploads\/2014\/10\/2005-10-toutain-nice-grasse-200x200.jpg\" class=\"attachment-thumbnail size-thumbnail\" alt=\"\" aria-describedby=\"gallery-1-5496\" \/><\/a>\n\t\t\t<\/div>\n\t\t\t\t<figcaption class='wp-caption-text gallery-caption' id='gallery-1-5496'>\n\t\t\t\t10\/2005 Grasse\n\t\t\t\t<\/figcaption><\/figure><figure class='gallery-item'>\n\t\t\t<div class='gallery-icon landscape'>\n\t\t\t\t<a href='https:\/\/equilibreazur.fr\/azur\/news\/2015-stage-toutain-nice-chateauneuf-grasse\/attachment\/2011-10-toutain-chateauneuf-dame-brusc-2\/#main'><img loading=\"lazy\" decoding=\"async\" width=\"200\" height=\"200\" src=\"https:\/\/equilibreazur.fr\/azur\/wp-content\/uploads\/2014\/10\/2011-10-toutain-chateauneuf-dame-brusc-2-200x200.jpg\" class=\"attachment-thumbnail size-thumbnail\" alt=\"\" aria-describedby=\"gallery-1-5497\" \/><\/a>\n\t\t\t<\/div>\n\t\t\t\t<figcaption class='wp-caption-text gallery-caption' id='gallery-1-5497'>\n\t\t\t\t10\/2011 Notre Dame du Brusc\n\t\t\t\t<\/figcaption><\/figure><figure class='gallery-item'>\n\t\t\t<div class='gallery-icon landscape'>\n\t\t\t\t<a href='https:\/\/equilibreazur.fr\/azur\/news\/2015-stage-toutain-nice-chateauneuf-grasse\/attachment\/stage-aikido-102011-draguignan\/#main'><img loading=\"lazy\" decoding=\"async\" width=\"200\" height=\"200\" src=\"https:\/\/equilibreazur.fr\/azur\/wp-content\/uploads\/2014\/10\/2011-10-toutain-chateauneuf-dame-brusc-200x200.jpg\" class=\"attachment-thumbnail size-thumbnail\" alt=\"\" aria-describedby=\"gallery-1-5498\" \/><\/a>\n\t\t\t<\/div>\n\t\t\t\t<figcaption class='wp-caption-text gallery-caption' id='gallery-1-5498'>\n\t\t\t\t10\/2011 Notre Dame du Brusc\n\t\t\t\t<\/figcaption><\/figure><figure class='gallery-item'>\n\t\t\t<div class='gallery-icon landscape'>\n\t\t\t\t<a href='https:\/\/equilibreazur.fr\/azur\/news\/2015-stage-toutain-nice-chateauneuf-grasse\/attachment\/2006-10-toutain-stage-grasse\/#main'><img loading=\"lazy\" decoding=\"async\" width=\"200\" height=\"200\" src=\"https:\/\/equilibreazur.fr\/azur\/wp-content\/uploads\/2014\/10\/2006-10-toutain-stage-grasse-200x200.jpg\" class=\"attachment-thumbnail size-thumbnail\" alt=\"\" aria-describedby=\"gallery-1-5499\" \/><\/a>\n\t\t\t<\/div>\n\t\t\t\t<figcaption class='wp-caption-text gallery-caption' id='gallery-1-5499'>\n\t\t\t\t10\/2006 D.Toutain &#038; Y.Besan\u00e7on\n\t\t\t\t<\/figcaption><\/figure><figure class='gallery-item'>\n\t\t\t<div class='gallery-icon landscape'>\n\t\t\t\t<a href='https:\/\/equilibreazur.fr\/azur\/news\/2015-stage-toutain-nice-chateauneuf-grasse\/attachment\/2007-10-stage-grassedraguignan\/#main'><img loading=\"lazy\" decoding=\"async\" width=\"200\" height=\"200\" src=\"https:\/\/equilibreazur.fr\/azur\/wp-content\/uploads\/2014\/10\/2007-10-toutain-stage-nice-200x200.jpg\" class=\"attachment-thumbnail size-thumbnail\" alt=\"\" aria-describedby=\"gallery-1-5500\" \/><\/a>\n\t\t\t<\/div>\n\t\t\t\t<figcaption class='wp-caption-text gallery-caption' id='gallery-1-5500'>\n\t\t\t\t10\/2007 A\u00e9roport de Nice\n\t\t\t\t<\/figcaption><\/figure><figure class='gallery-item'>\n\t\t\t<div class='gallery-icon landscape'>\n\t\t\t\t<a href='https:\/\/equilibreazur.fr\/azur\/news\/2015-stage-toutain-nice-chateauneuf-grasse\/attachment\/stage-daniel-toutain-chateauneuf-06-14112009\/#main'><img loading=\"lazy\" decoding=\"async\" width=\"200\" height=\"200\" src=\"https:\/\/equilibreazur.fr\/azur\/wp-content\/uploads\/2014\/10\/2009-11-toutain-college-le-rouret-200x200.jpg\" class=\"attachment-thumbnail size-thumbnail\" alt=\"\" aria-describedby=\"gallery-1-5501\" \/><\/a>\n\t\t\t<\/div>\n\t\t\t\t<figcaption class='wp-caption-text gallery-caption' id='gallery-1-5501'>\n\t\t\t\t11\/2009 College du Rouret\n\t\t\t\t<\/figcaption><\/figure><figure class='gallery-item'>\n\t\t\t<div class='gallery-icon landscape'>\n\t\t\t\t<a href='https:\/\/equilibreazur.fr\/azur\/news\/2015-stage-toutain-nice-chateauneuf-grasse\/attachment\/stage-chateauneuf-daniel-toutain\/#main'><img loading=\"lazy\" decoding=\"async\" width=\"200\" height=\"200\" src=\"https:\/\/equilibreazur.fr\/azur\/wp-content\/uploads\/2014\/10\/2010-10-toutain-masset-2-200x200.jpg\" class=\"attachment-thumbnail size-thumbnail\" alt=\"\" aria-describedby=\"gallery-1-5502\" \/><\/a>\n\t\t\t<\/div>\n\t\t\t\t<figcaption class='wp-caption-text gallery-caption' id='gallery-1-5502'>\n\t\t\t\t10\/2010 Salle MASET\n\t\t\t\t<\/figcaption><\/figure><figure class='gallery-item'>\n\t\t\t<div class='gallery-icon landscape'>\n\t\t\t\t<a href='https:\/\/equilibreazur.fr\/azur\/news\/2015-stage-toutain-nice-chateauneuf-grasse\/attachment\/stage-chateauneuf-daniel-toutain-2\/#main'><img loading=\"lazy\" decoding=\"async\" width=\"200\" height=\"200\" src=\"https:\/\/equilibreazur.fr\/azur\/wp-content\/uploads\/2014\/10\/2010-10-toutain-masset-200x200.jpg\" class=\"attachment-thumbnail size-thumbnail\" alt=\"\" aria-describedby=\"gallery-1-5503\" \/><\/a>\n\t\t\t<\/div>\n\t\t\t\t<figcaption class='wp-caption-text gallery-caption' id='gallery-1-5503'>\n\t\t\t\t10\/2010 Salle MASET\n\t\t\t\t<\/figcaption><\/figure>\n\t\t<\/div>\n\n<p>Attention,\u00a0<strong>ces informations peuvent \u00e9voluer<\/strong>\u00a0!<br \/>\nMerci de revenir consulter cette page, ou mieux, de vous inscrire \u00e0 notre lettre d&rsquo;information\u00a0:<\/p>\n[wysija_form id=1]\n","protected":false},"excerpt":{"rendered":"<p>Comme chaque ann\u00e9e et pour la 10\u00e8me saison cons\u00e9cutive, stage annuel en r\u00e9gion PACA avec Daniel TOUTAIN Sensei et organis\u00e9 par Eric SAVALLI &#8211; Aiki Dojo Azur. janvier 2015.<\/p>\n","protected":false},"author":2,"featured_media":5488,"comment_status":"open","ping_status":"open","sticky":false,"template":"","format":"standard","meta":{"_acf_changed":false,"_seopress_robots_primary_cat":"","_seopress_titles_title":"","_seopress_titles_desc":"Stage annuel avec Daniel TOUTAIN Sensei et organis\u00e9 par Eric SAVALLI (le Samedi \u00e0 Cheateauneuf) et Jean-Luc BOISSEAU (le Dimanche \u00e0 Draguignan). Octobre 2011.","_seopress_robots_index":"","generate_page_header":"","footnotes":""},"categories":[142,197],"tags":[248,39,95,204],"class_list":["post-5483","post","type-post","status-publish","format-standard","has-post-thumbnail","hentry","category-news","category-stages-calendrier","tag-aikido","tag-dtoutain","tag-nice-grasse","tag-stage","infinite-scroll-item","masonry-post","generate-columns","tablet-grid-50","mobile-grid-100","grid-parent","grid-50"],"acf":[],"_links":{"self":[{"href":"https:\/\/equilibreazur.fr\/azur\/wp-json\/wp\/v2\/posts\/5483","targetHints":{"allow":["GET"]}}],"collection":[{"href":"https:\/\/equilibreazur.fr\/azur\/wp-json\/wp\/v2\/posts"}],"about":[{"href":"https:\/\/equilibreazur.fr\/azur\/wp-json\/wp\/v2\/types\/post"}],"author":[{"embeddable":true,"href":"https:\/\/equilibreazur.fr\/azur\/wp-json\/wp\/v2\/users\/2"}],"replies":[{"embeddable":true,"href":"https:\/\/equilibreazur.fr\/azur\/wp-json\/wp\/v2\/comments?post=5483"}],"version-history":[{"count":6,"href":"https:\/\/equilibreazur.fr\/azur\/wp-json\/wp\/v2\/posts\/5483\/revisions"}],"predecessor-version":[{"id":5619,"href":"https:\/\/equilibreazur.fr\/azur\/wp-json\/wp\/v2\/posts\/5483\/revisions\/5619"}],"wp:featuredmedia":[{"embeddable":true,"href":"https:\/\/equilibreazur.fr\/azur\/wp-json\/wp\/v2\/media\/5488"}],"wp:attachment":[{"href":"https:\/\/equilibreazur.fr\/azur\/wp-json\/wp\/v2\/media?parent=5483"}],"wp:term":[{"taxonomy":"category","embeddable":true,"href":"https:\/\/equilibreazur.fr\/azur\/wp-json\/wp\/v2\/categories?post=5483"},{"taxonomy":"post_tag","embeddable":true,"href":"https:\/\/equilibreazur.fr\/azur\/wp-json\/wp\/v2\/tags?post=5483"}],"curies":[{"name":"wp","href":"https:\/\/api.w.org\/{rel}","templated":true}]}}