{"id":545,"date":"2010-01-25T08:56:39","date_gmt":"2010-01-25T08:56:39","guid":{"rendered":"https:\/\/equilibreazur.fr\/azur\/non-classe\/nouveau-cours-du-vendredi-soir"},"modified":"2013-10-12T15:21:49","modified_gmt":"2013-10-12T15:21:49","slug":"2012-01-nouveau-cours-vendredi-soir","status":"publish","type":"post","link":"https:\/\/equilibreazur.fr\/azur\/news\/2012-01-nouveau-cours-vendredi-soir\/","title":{"rendered":"Nouveau: Cours du Vendredi soir&nbsp;!"},"content":{"rendered":"<p><img loading=\"lazy\" decoding=\"async\" style=\"margin-right: 10px; float: left;\" src=\"https:\/\/equilibreazur.fr\/azur\/images\/stories\/blog\/club.jpg\" alt=\"club\" width=\"56\" height=\"56\" \/>Nous avons <strong>le plaisir de proposer \u00e0 pr\u00e9sent 2 cours par semaine en soir\u00e9e<\/strong> sur la commune de Chateauneuf&nbsp;!<\/p>\n<p><!--more--><br \/>\nNous avons <strong>le plaisir de proposer \u00e0 pr\u00e9sent 2 cours par semaine en soir\u00e9e<\/strong> sur la commune de Chateauneuf&nbsp;!<\/p>\n<p>En effet, nous allons pouvoir acceder \u00e0 la salle du gymnase les Vendredis soirs en plus des Jeudis soirs (jusqu&rsquo;en D\u00e9cembre 2010). La salle nous sera disponible \u00e0 partir de 19h30. Le cours sera d\u00e9di\u00e9 aux Ados et Adultes (pas d&rsquo;enfants).<\/p>\n<p><strong>Premier&nbsp;\u00ab\u00a0NOUVEAU\u00a0\u00bb COURS, VENDREDI 29 JANVIER.<\/strong><\/p>\n<p><strong><img loading=\"lazy\" decoding=\"async\" src=\"https:\/\/equilibreazur.fr\/azur\/images\/stories\/articles\/club\/200906-flyerA5.jpg\" alt=\"200906-flyerA5\" width=\"478\" height=\"269\" \/><br \/>\n<\/strong><\/p>\n<p>Les jours de nos cours\/stages mensuels du samedi matin (1ers samedi du mois), cela fera plus de 7 heures d&rsquo;entrainement en 3 jours&nbsp;!<\/p>\n<p>Sur notre site internet, les d\u00e9pliants t\u00e9l\u00e9chargeables doivent etre remis \u00e0 jour, mais la pages des horaires a \u00e9t\u00e9 actualis\u00e9e.<\/p>\n<p><strong>N&rsquo;h\u00e9sitez pas \u00e0 nous contacter au 06 60 42 26 32 <\/strong>pour toutes questions ou compl\u00e9ment d&rsquo;information ou \u00e0 <strong>passer directement nous voir aux lieux et heures des cours.<\/strong><\/p>\n<p>Sur internet: voir tous <a href=\"https:\/\/equilibreazur.fr\/azur\/cours-aikido-horaires\/\">les horaires des cours <\/a>du dojo.<\/p>\n<p>&nbsp;<\/p>\n","protected":false},"excerpt":{"rendered":"<p>Nous avons le plaisir de proposer \u00e0 pr\u00e9sent 2 cours par semaine en soir\u00e9e sur la commune de Chateauneuf&nbsp;!<\/p>\n","protected":false},"author":2,"featured_media":0,"comment_status":"open","ping_status":"open","sticky":false,"template":"","format":"standard","meta":{"_acf_changed":false,"_seopress_robots_primary_cat":"","_seopress_titles_title":"","_seopress_titles_desc":"","_seopress_robots_index":"","generate_page_header":"","footnotes":""},"categories":[142],"tags":[163],"class_list":["post-545","post","type-post","status-publish","format-standard","hentry","category-news","tag-aikido3f","infinite-scroll-item","masonry-post","generate-columns","tablet-grid-50","mobile-grid-100","grid-parent","grid-50"],"acf":[],"_links":{"self":[{"href":"https:\/\/equilibreazur.fr\/azur\/wp-json\/wp\/v2\/posts\/545","targetHints":{"allow":["GET"]}}],"collection":[{"href":"https:\/\/equilibreazur.fr\/azur\/wp-json\/wp\/v2\/posts"}],"about":[{"href":"https:\/\/equilibreazur.fr\/azur\/wp-json\/wp\/v2\/types\/post"}],"author":[{"embeddable":true,"href":"https:\/\/equilibreazur.fr\/azur\/wp-json\/wp\/v2\/users\/2"}],"replies":[{"embeddable":true,"href":"https:\/\/equilibreazur.fr\/azur\/wp-json\/wp\/v2\/comments?post=545"}],"version-history":[{"count":4,"href":"https:\/\/equilibreazur.fr\/azur\/wp-json\/wp\/v2\/posts\/545\/revisions"}],"predecessor-version":[{"id":5091,"href":"https:\/\/equilibreazur.fr\/azur\/wp-json\/wp\/v2\/posts\/545\/revisions\/5091"}],"wp:attachment":[{"href":"https:\/\/equilibreazur.fr\/azur\/wp-json\/wp\/v2\/media?parent=545"}],"wp:term":[{"taxonomy":"category","embeddable":true,"href":"https:\/\/equilibreazur.fr\/azur\/wp-json\/wp\/v2\/categories?post=545"},{"taxonomy":"post_tag","embeddable":true,"href":"https:\/\/equilibreazur.fr\/azur\/wp-json\/wp\/v2\/tags?post=545"}],"curies":[{"name":"wp","href":"https:\/\/api.w.org\/{rel}","templated":true}]}}