{"id":537,"date":"2009-11-15T10:15:32","date_gmt":"2009-11-15T10:15:32","guid":{"rendered":"https:\/\/equilibreazur.fr\/azur\/non-classe\/special-keiko-shuriken-jutsu"},"modified":"2013-10-12T15:21:49","modified_gmt":"2013-10-12T15:21:49","slug":"special-keiko-shuriken-jutsu","status":"publish","type":"post","link":"https:\/\/equilibreazur.fr\/azur\/news\/special-keiko-shuriken-jutsu\/","title":{"rendered":"Nouveau cours du Vendredi&nbsp;!"},"content":{"rendered":"<p><img loading=\"lazy\" decoding=\"async\" style=\"margin-right: 10px; float: left;\" src=\"https:\/\/equilibreazur.fr\/azur\/images\/stories\/blog\/aikidojoazur.jpg\" alt=\"aikidojoazur\" width=\"56\" height=\"56\" \/><\/p>\n<p>Des cours le <strong>Vendredi midi<\/strong> sont ajout\u00e9s&nbsp;!<\/p>\n<p>Cours sp\u00e9cialement adress\u00e9s aux <strong>\u00e9l\u00e8ves avanc\u00e9s<\/strong>, l&rsquo;entra\u00eenement mettra en avant\u00a0les techniques aux armes que l&rsquo;on a moins souvent le temps de travailler telles que les encha\u00eenements \u00e0 deux ou plus, variantes et le maniement du shuriken.<!--more--><\/p>\n<p>Ces cours ne sont pas accessibles \u00e0 tous. Se renseigner aupr\u00e8s de l&rsquo;enseignant.<\/p>\n<p>Ils ont lieu les 1<sup>er<\/sup> et 3<sup>\u00e8me<\/sup> Vendredi du mois, \u00e0 la Valmasque (sous les arbres).<\/p>\n<p><img loading=\"lazy\" decoding=\"async\" src=\"https:\/\/equilibreazur.fr\/azur\/images\/stories\/articles\/materiel\/090723_shuriken.jpg\" alt=\"090723_shuriken\" width=\"478\" height=\"269\" \/><\/p>\n<p>Sur le site aikidojo.fr, voir le <a title=\"Tous les cours d&#039;Aikido\" href=\"https:\/\/equilibreazur.fr\/azur\/cours-aikido-horaires\/\">panel des cours<\/a>.<\/p>\n","protected":false},"excerpt":{"rendered":"<p>Cours sp\u00e9cialement adress\u00e9s aux \u00e9l\u00e8ves avanc\u00e9s, l&rsquo;entra\u00eenement mettra en avant les techniques aux armes que l&rsquo;on a moins souvent le temps de travailler telles que les encha\u00eenements \u00e0 deux ou plus, variantes et le maniement du shuriken.<\/p>\n","protected":false},"author":2,"featured_media":0,"comment_status":"open","ping_status":"open","sticky":false,"template":"","format":"standard","meta":{"_acf_changed":false,"_seopress_robots_primary_cat":"","_seopress_titles_title":"","_seopress_titles_desc":"","_seopress_robots_index":"","generate_page_header":"","footnotes":""},"categories":[142],"tags":[],"class_list":["post-537","post","type-post","status-publish","format-standard","hentry","category-news","infinite-scroll-item","masonry-post","generate-columns","tablet-grid-50","mobile-grid-100","grid-parent","grid-50"],"acf":[],"_links":{"self":[{"href":"https:\/\/equilibreazur.fr\/azur\/wp-json\/wp\/v2\/posts\/537","targetHints":{"allow":["GET"]}}],"collection":[{"href":"https:\/\/equilibreazur.fr\/azur\/wp-json\/wp\/v2\/posts"}],"about":[{"href":"https:\/\/equilibreazur.fr\/azur\/wp-json\/wp\/v2\/types\/post"}],"author":[{"embeddable":true,"href":"https:\/\/equilibreazur.fr\/azur\/wp-json\/wp\/v2\/users\/2"}],"replies":[{"embeddable":true,"href":"https:\/\/equilibreazur.fr\/azur\/wp-json\/wp\/v2\/comments?post=537"}],"version-history":[{"count":2,"href":"https:\/\/equilibreazur.fr\/azur\/wp-json\/wp\/v2\/posts\/537\/revisions"}],"predecessor-version":[{"id":5088,"href":"https:\/\/equilibreazur.fr\/azur\/wp-json\/wp\/v2\/posts\/537\/revisions\/5088"}],"wp:attachment":[{"href":"https:\/\/equilibreazur.fr\/azur\/wp-json\/wp\/v2\/media?parent=537"}],"wp:term":[{"taxonomy":"category","embeddable":true,"href":"https:\/\/equilibreazur.fr\/azur\/wp-json\/wp\/v2\/categories?post=537"},{"taxonomy":"post_tag","embeddable":true,"href":"https:\/\/equilibreazur.fr\/azur\/wp-json\/wp\/v2\/tags?post=537"}],"curies":[{"name":"wp","href":"https:\/\/api.w.org\/{rel}","templated":true}]}}